{"id":67572,"date":"2013-01-14T10:51:30","date_gmt":"2013-01-14T09:51:30","guid":{"rendered":"http:\/\/www.visit-ulcinj.com\/blog\/?p=67572"},"modified":"2013-01-15T09:08:17","modified_gmt":"2013-01-15T08:08:17","slug":"zeri-i-dinos-terhoqi-vemendjen-e-alma-bektashit","status":"publish","type":"post","link":"https:\/\/www.visit-ulcinj.com\/blog\/2013\/01\/14\/zeri-i-dinos-terhoqi-vemendjen-e-alma-bektashit\/","title":{"rendered":"Z\u00ebri i Dinos t\u00ebrhoqi v\u00ebmendjen e Alma Bektashit"},"content":{"rendered":"<p><strong><a href=\"http:\/\/www.visit-ulcinj.com\/blog\/wp-content\/uploads\/2013\/01\/Dino-Zhygjeli-terhoqi-vemendjen-e-Alma-Bektashit.jpg\"><img loading=\"lazy\" class=\"alignleft  wp-image-67573\" alt=\"Dino Zhygjeli terhoqi vemendjen e Alma Bektashit\" src=\"http:\/\/www.visit-ulcinj.com\/blog\/wp-content\/uploads\/2013\/01\/Dino-Zhygjeli-terhoqi-vemendjen-e-Alma-Bektashit.jpg\" width=\"508\" height=\"360\" \/><\/a>Dino Zhygjeli esht\u00eb nj\u00ebri nga pes\u00eb t\u00eb p\u00ebrzgjedhurit e Alma Bektashit q\u00eb do ta p\u00ebrfaq\u00ebsojn\u00eb n\u00eb \u201cNet\u00ebt live\u201d. T\u00eb gjith\u00eb kan\u00eb nj\u00eb pasion t\u00eb madh p\u00ebr muzik\u00ebn dhe nj\u00eb sfid\u00eb me veten. Fitorja \u00ebsht\u00eb e d\u00ebshiruar nga t\u00eb gjith\u00eb, por deri at\u00ebher\u00eb, ata duan t\u00eb tregojn\u00eb se jan\u00eb k\u00ebng\u00ebtar\u00eb n\u00eb sken\u00eb.<\/strong><\/p>\n<p>N\u00eb emisionin\u00a0 Voice of Albania\u00a0 para ca dit\u00ebsh u b\u00eb e ditur se Aleksandri, Matej, Jozefina, Dino, Mjellma, Keleri, Venera dhe Lindi jane gjysmefinalistet e Voice of Albania 2!<br \/>\nP\u00ebr Dinon, pjes\u00ebmarrja n\u00eb \u201cThe Voice of Albania\u201d ka qen\u00eb nj\u00eb \u00ebnd\u00ebrr q\u00eb tashm\u00eb e ka realizuar. Dino Zhygjeli vjen nga Ulqini. Pas \u201cAudicioneve t\u00eb fshehura\u201d, ku zgjodhi t\u00eb b\u00ebj\u00eb pjes\u00eb n\u00eb skuadr\u00ebn e Alm\u00ebs, \u201cBetejat\u201d ishin nj\u00eb sfid\u00eb e fort\u00eb p\u00ebr t\u00eb.<\/p>\n<p><strong>Dino Zhygjelit i p\u00eblqejn\u00eb shum\u00eb sfidat<\/strong><\/p>\n<p>\u201cThe Voice of Albania 2\u201d ka b\u00ebr\u00eb bashk\u00eb shqiptar\u00eb nga t\u00eb gjitha trevat. Nj\u00eb prej tyre ishte Dino Zhygjeli, nj\u00eb z\u00eb q\u00eb t\u00ebrhoqi v\u00ebmendjen e Alm\u00ebs q\u00eb n\u00eb \u201cAudicionet e fshehura\u201d e q\u00eb vendosi ta \u00e7oj\u00eb edhe n\u00eb \u201cNet\u00ebt live\u201d duke fituar k\u00ebshtu p\u00ebrballjen me Orlandon.<\/p>\n<p>Dino vjen prej nj\u00eb formimi muzikor dhe pasioni p\u00ebr muzik\u00ebn \u00ebsht\u00eb shum\u00eb i madh. \u201cMe muzik\u00ebn kam nisur t\u00eb merrem q\u00eb kur nisa vitin e par\u00eb t\u00eb shkoll\u00ebs s\u00eb muzik\u00ebs, q\u00eb n\u00eb mosh\u00ebn 7-vje\u00e7are, kur fillova or\u00ebt e m\u00ebsimit t\u00eb kitar\u00ebs dhe solfezhit. Q\u00eb at\u00ebher\u00eb isha i angazhuar n\u00eb disa konkurrime n\u00eb Shqip\u00ebri, Mal t\u00eb Zi, Serbi dhe Austri. Me p\u00ebrfundimin e shkoll\u00ebs s\u00eb mesme u b\u00ebra k\u00ebng\u00ebtar dhe kitarist i grupit \u2018Sexy Very Much\u2019 t\u00eb Malit t\u00eb Zi. Pastaj vjen dhe pjes\u00ebmarrja n\u00eb \u2018Top Fest\u2019, ku u nominova p\u00ebr \u2018Best New Artist\u2019\u201d, tregon Dino. Ndryshe nga disa konkurrent\u00eb t\u00eb tjer\u00eb, Dino \u00ebsht\u00eb i ambientuar me sken\u00ebn dhe s\u00eb fundmi publiku e njeh si vokalistin e ri t\u00eb grupit \u201cBurn\u201d.<\/p>\n<p><a href=\"http:\/\/www.visit-ulcinj.com\/blog\/wp-content\/uploads\/2013\/01\/Dino-Zhygjeli-Voice-of-Albania2.jpg\"><img loading=\"lazy\" class=\"alignleft  wp-image-67574\" alt=\"Dino Zhygjeli Voice of Albania2\" src=\"http:\/\/www.visit-ulcinj.com\/blog\/wp-content\/uploads\/2013\/01\/Dino-Zhygjeli-Voice-of-Albania2.jpg\" width=\"508\" height=\"600\" \/><\/a><\/p>\n<p><strong>Dino n\u00eb pes\u00ebshen finaliste t\u00eb skuadr\u00ebs s\u00eb Alm\u00ebs? <\/strong><\/p>\n<p>\u201cPo, e prisja edhe pse konkurrenca \u00ebsht\u00eb e madhe. \u00cbsht\u00eb normale q\u00eb pritshm\u00ebrit\u00eb deri diku jan\u00eb t\u00eb m\u00ebdha q\u00eb nga momenti q\u00eb vendosa t\u00eb jem pjes\u00ebmarr\u00ebs i k\u00ebtij spektakli muzikor. Gjithmon\u00eb pretendojm\u00eb p\u00ebr m\u00eb shum\u00eb, p\u00ebr m\u00eb lart\u00eb, p\u00ebr m\u00eb mir\u00eb\u201d.<\/p>\n<p><strong>N\u00eb rastin e tij, \u00ebsht\u00eb e natyrshme t\u00eb pyes\u00ebsh: Cila ishte shtysa q\u00eb e \u00e7oi n\u00eb \u201cThe Voice\u201d? <\/strong><\/p>\n<p>\u201cSi karakter, jam person q\u00eb m\u00eb p\u00eblqejn\u00eb shum\u00eb sfidat. K\u00ebt\u00eb e shoh si shtys\u00ebn kryesore p\u00ebr pjes\u00ebmarrjen time tek \u2018The Voice\u2019\u201d, thot\u00eb Dino. Tani p\u00ebr tani mendon t\u00eb paraqitet sa m\u00eb mir\u00eb n\u00eb \u201cNet\u00ebt live\u201d, nj\u00eb faz\u00eb shum\u00eb e r\u00ebnd\u00ebsishme e k\u00ebtij spektakli. Por edhe n\u00ebse rrug\u00ebtimi i tij n\u00eb \u201cThe Voice\u201d nuk do t\u00eb shkoj\u00eb m\u00eb tej, ai nj\u00eb gj\u00eb e ka t\u00eb sigurt, do t\u00eb vazhdoj\u00eb t\u00eb jetoj\u00eb me muzik\u00ebn, ashtu si\u00e7 ka b\u00ebr\u00eb dhe do t\u00eb vazhdoj\u00eb ta b\u00ebj\u00eb n\u00eb vazhdim. \u201cKjo \u00ebsht\u00eb ajo q\u00eb b\u00ebj, sepse e dua\u201d, thot\u00eb Dino.<\/p>\n<p><iframe loading=\"lazy\" src=\"http:\/\/www.youtube.com\/embed\/ASwthlU1v2A\" height=\"360\" width=\"508\" allowfullscreen=\"\" frameborder=\"0\"><\/iframe><\/p>\n<p>&nbsp;<\/p>\n","protected":false},"excerpt":{"rendered":"<p>Dino Zhygjeli esht\u00eb nj\u00ebri nga pes\u00eb t\u00eb p\u00ebrzgjedhurit e Alma Bektashit q\u00eb do ta p\u00ebrfaq\u00ebsojn\u00eb n\u00eb \u201cNet\u00ebt live\u201d. T\u00eb gjith\u00eb kan\u00eb nj\u00eb pasion t\u00eb madh p\u00ebr muzik\u00ebn dhe nj\u00eb sfid\u00eb me veten. Fitorja \u00ebsht\u00eb e d\u00ebshiruar nga t\u00eb gjith\u00eb, por deri at\u00ebher\u00eb, ata duan t\u00eb tregojn\u00eb se jan\u00eb k\u00ebng\u00ebtar\u00eb n\u00eb sken\u00eb. N\u00eb emisionin\u00a0 Voice of [&hellip;]<\/p>\n","protected":false},"author":1,"featured_media":0,"comment_status":"open","ping_status":"closed","sticky":false,"template":"","format":"standard","meta":{"spay_email":"","jetpack_publicize_message":"","jetpack_is_tweetstorm":false,"jetpack_publicize_feature_enabled":true},"categories":[1],"tags":[5057,6506,19677,19806,16036,8966,19514,19511,19459,19513,21683,19679,4684,21460,19460],"jetpack_publicize_connections":[],"yoast_head":"<!-- This site is optimized with the Yoast SEO plugin v19.1 - https:\/\/yoast.com\/wordpress\/plugins\/seo\/ -->\n<title>Z\u00ebri i Dinos t\u00ebrhoqi v\u00ebmendjen e Alma Bektashit - Lajme nga Ulqini<\/title>\n<meta name=\"description\" content=\"Dino Zhygjeli esht\u00eb nj\u00ebri nga pes\u00eb t\u00eb p\u00ebrzgjedhurit e Alma Bektashit q\u00eb do ta p\u00ebrfaq\u00ebsojn\u00eb n\u00eb \u201cNet\u00ebt live\u201d. T\u00eb gjith\u00eb kan\u00eb nj\u00eb pasion t\u00eb madh p\u00ebr muzik\u00ebn\" \/>\n<meta name=\"robots\" content=\"index, follow, max-snippet:-1, max-image-preview:large, max-video-preview:-1\" \/>\n<link rel=\"canonical\" href=\"https:\/\/www.visit-ulcinj.com\/blog\/2013\/01\/14\/zeri-i-dinos-terhoqi-vemendjen-e-alma-bektashit\/\" \/>\n<meta property=\"og:locale\" content=\"en_US\" \/>\n<meta property=\"og:type\" content=\"article\" \/>\n<meta property=\"og:title\" content=\"Z\u00ebri i Dinos t\u00ebrhoqi v\u00ebmendjen e Alma Bektashit - Lajme nga Ulqini\" \/>\n<meta property=\"og:description\" content=\"Dino Zhygjeli esht\u00eb nj\u00ebri nga pes\u00eb t\u00eb p\u00ebrzgjedhurit e Alma Bektashit q\u00eb do ta p\u00ebrfaq\u00ebsojn\u00eb n\u00eb \u201cNet\u00ebt live\u201d. T\u00eb gjith\u00eb kan\u00eb nj\u00eb pasion t\u00eb madh p\u00ebr muzik\u00ebn\" \/>\n<meta property=\"og:url\" content=\"https:\/\/www.visit-ulcinj.com\/blog\/2013\/01\/14\/zeri-i-dinos-terhoqi-vemendjen-e-alma-bektashit\/\" \/>\n<meta property=\"og:site_name\" content=\"Lajme nga Ulqini\" \/>\n<meta property=\"article:published_time\" content=\"2013-01-14T09:51:30+00:00\" \/>\n<meta property=\"article:modified_time\" content=\"2013-01-15T08:08:17+00:00\" \/>\n<meta property=\"og:image\" content=\"http:\/\/www.visit-ulcinj.com\/blog\/wp-content\/uploads\/2013\/01\/Dino-Zhygjeli-terhoqi-vemendjen-e-Alma-Bektashit.jpg\" \/>\n<meta name=\"twitter:label1\" content=\"Written by\" \/>\n\t<meta name=\"twitter:data1\" content=\"ulqini\" \/>\n\t<meta name=\"twitter:label2\" content=\"Est. reading time\" \/>\n\t<meta name=\"twitter:data2\" content=\"3 minutes\" \/>\n<script type=\"application\/ld+json\" class=\"yoast-schema-graph\">{\"@context\":\"https:\/\/schema.org\",\"@graph\":[{\"@type\":\"WebSite\",\"@id\":\"https:\/\/www.visit-ulcinj.com\/blog\/#website\",\"url\":\"https:\/\/www.visit-ulcinj.com\/blog\/\",\"name\":\"Lajme nga Ulqini\",\"description\":\"Lajme,Vijesti,Ulqini,Ulqin,Crna Gora,Mali i Zi\",\"potentialAction\":[{\"@type\":\"SearchAction\",\"target\":{\"@type\":\"EntryPoint\",\"urlTemplate\":\"https:\/\/www.visit-ulcinj.com\/blog\/?s={search_term_string}\"},\"query-input\":\"required name=search_term_string\"}],\"inLanguage\":\"en-US\"},{\"@type\":\"ImageObject\",\"inLanguage\":\"en-US\",\"@id\":\"https:\/\/www.visit-ulcinj.com\/blog\/2013\/01\/14\/zeri-i-dinos-terhoqi-vemendjen-e-alma-bektashit\/#primaryimage\",\"url\":\"https:\/\/www.visit-ulcinj.com\/blog\/wp-content\/uploads\/2013\/01\/Dino-Zhygjeli-terhoqi-vemendjen-e-Alma-Bektashit.jpg\",\"contentUrl\":\"https:\/\/www.visit-ulcinj.com\/blog\/wp-content\/uploads\/2013\/01\/Dino-Zhygjeli-terhoqi-vemendjen-e-Alma-Bektashit.jpg\",\"width\":960,\"height\":640},{\"@type\":\"WebPage\",\"@id\":\"https:\/\/www.visit-ulcinj.com\/blog\/2013\/01\/14\/zeri-i-dinos-terhoqi-vemendjen-e-alma-bektashit\/#webpage\",\"url\":\"https:\/\/www.visit-ulcinj.com\/blog\/2013\/01\/14\/zeri-i-dinos-terhoqi-vemendjen-e-alma-bektashit\/\",\"name\":\"Z\u00ebri i Dinos t\u00ebrhoqi v\u00ebmendjen e Alma Bektashit - Lajme nga Ulqini\",\"isPartOf\":{\"@id\":\"https:\/\/www.visit-ulcinj.com\/blog\/#website\"},\"primaryImageOfPage\":{\"@id\":\"https:\/\/www.visit-ulcinj.com\/blog\/2013\/01\/14\/zeri-i-dinos-terhoqi-vemendjen-e-alma-bektashit\/#primaryimage\"},\"datePublished\":\"2013-01-14T09:51:30+00:00\",\"dateModified\":\"2013-01-15T08:08:17+00:00\",\"author\":{\"@id\":\"https:\/\/www.visit-ulcinj.com\/blog\/#\/schema\/person\/dcab619c614d3038751c63bc2aadc06d\"},\"description\":\"Dino Zhygjeli esht\u00eb nj\u00ebri nga pes\u00eb t\u00eb p\u00ebrzgjedhurit e Alma Bektashit q\u00eb do ta p\u00ebrfaq\u00ebsojn\u00eb n\u00eb \u201cNet\u00ebt live\u201d. T\u00eb gjith\u00eb kan\u00eb nj\u00eb pasion t\u00eb madh p\u00ebr muzik\u00ebn\",\"breadcrumb\":{\"@id\":\"https:\/\/www.visit-ulcinj.com\/blog\/2013\/01\/14\/zeri-i-dinos-terhoqi-vemendjen-e-alma-bektashit\/#breadcrumb\"},\"inLanguage\":\"en-US\",\"potentialAction\":[{\"@type\":\"ReadAction\",\"target\":[\"https:\/\/www.visit-ulcinj.com\/blog\/2013\/01\/14\/zeri-i-dinos-terhoqi-vemendjen-e-alma-bektashit\/\"]}]},{\"@type\":\"BreadcrumbList\",\"@id\":\"https:\/\/www.visit-ulcinj.com\/blog\/2013\/01\/14\/zeri-i-dinos-terhoqi-vemendjen-e-alma-bektashit\/#breadcrumb\",\"itemListElement\":[{\"@type\":\"ListItem\",\"position\":1,\"name\":\"Z\u00ebri i Dinos t\u00ebrhoqi v\u00ebmendjen e Alma Bektashit\"}]},{\"@type\":\"Person\",\"@id\":\"https:\/\/www.visit-ulcinj.com\/blog\/#\/schema\/person\/dcab619c614d3038751c63bc2aadc06d\",\"name\":\"ulqini\",\"sameAs\":[\"http:\/\/www.visit-ulcinj.com\"],\"url\":\"https:\/\/www.visit-ulcinj.com\/blog\/author\/admin\/\"}]}<\/script>\n<!-- \/ Yoast SEO plugin. -->","yoast_head_json":{"title":"Z\u00ebri i Dinos t\u00ebrhoqi v\u00ebmendjen e Alma Bektashit - Lajme nga Ulqini","description":"Dino Zhygjeli esht\u00eb nj\u00ebri nga pes\u00eb t\u00eb p\u00ebrzgjedhurit e Alma Bektashit q\u00eb do ta p\u00ebrfaq\u00ebsojn\u00eb n\u00eb \u201cNet\u00ebt live\u201d. T\u00eb gjith\u00eb kan\u00eb nj\u00eb pasion t\u00eb madh p\u00ebr muzik\u00ebn","robots":{"index":"index","follow":"follow","max-snippet":"max-snippet:-1","max-image-preview":"max-image-preview:large","max-video-preview":"max-video-preview:-1"},"canonical":"https:\/\/www.visit-ulcinj.com\/blog\/2013\/01\/14\/zeri-i-dinos-terhoqi-vemendjen-e-alma-bektashit\/","og_locale":"en_US","og_type":"article","og_title":"Z\u00ebri i Dinos t\u00ebrhoqi v\u00ebmendjen e Alma Bektashit - Lajme nga Ulqini","og_description":"Dino Zhygjeli esht\u00eb nj\u00ebri nga pes\u00eb t\u00eb p\u00ebrzgjedhurit e Alma Bektashit q\u00eb do ta p\u00ebrfaq\u00ebsojn\u00eb n\u00eb \u201cNet\u00ebt live\u201d. T\u00eb gjith\u00eb kan\u00eb nj\u00eb pasion t\u00eb madh p\u00ebr muzik\u00ebn","og_url":"https:\/\/www.visit-ulcinj.com\/blog\/2013\/01\/14\/zeri-i-dinos-terhoqi-vemendjen-e-alma-bektashit\/","og_site_name":"Lajme nga Ulqini","article_published_time":"2013-01-14T09:51:30+00:00","article_modified_time":"2013-01-15T08:08:17+00:00","og_image":[{"url":"http:\/\/www.visit-ulcinj.com\/blog\/wp-content\/uploads\/2013\/01\/Dino-Zhygjeli-terhoqi-vemendjen-e-Alma-Bektashit.jpg"}],"twitter_misc":{"Written by":"ulqini","Est. reading time":"3 minutes"},"schema":{"@context":"https:\/\/schema.org","@graph":[{"@type":"WebSite","@id":"https:\/\/www.visit-ulcinj.com\/blog\/#website","url":"https:\/\/www.visit-ulcinj.com\/blog\/","name":"Lajme nga Ulqini","description":"Lajme,Vijesti,Ulqini,Ulqin,Crna Gora,Mali i Zi","potentialAction":[{"@type":"SearchAction","target":{"@type":"EntryPoint","urlTemplate":"https:\/\/www.visit-ulcinj.com\/blog\/?s={search_term_string}"},"query-input":"required name=search_term_string"}],"inLanguage":"en-US"},{"@type":"ImageObject","inLanguage":"en-US","@id":"https:\/\/www.visit-ulcinj.com\/blog\/2013\/01\/14\/zeri-i-dinos-terhoqi-vemendjen-e-alma-bektashit\/#primaryimage","url":"https:\/\/www.visit-ulcinj.com\/blog\/wp-content\/uploads\/2013\/01\/Dino-Zhygjeli-terhoqi-vemendjen-e-Alma-Bektashit.jpg","contentUrl":"https:\/\/www.visit-ulcinj.com\/blog\/wp-content\/uploads\/2013\/01\/Dino-Zhygjeli-terhoqi-vemendjen-e-Alma-Bektashit.jpg","width":960,"height":640},{"@type":"WebPage","@id":"https:\/\/www.visit-ulcinj.com\/blog\/2013\/01\/14\/zeri-i-dinos-terhoqi-vemendjen-e-alma-bektashit\/#webpage","url":"https:\/\/www.visit-ulcinj.com\/blog\/2013\/01\/14\/zeri-i-dinos-terhoqi-vemendjen-e-alma-bektashit\/","name":"Z\u00ebri i Dinos t\u00ebrhoqi v\u00ebmendjen e Alma Bektashit - Lajme nga Ulqini","isPartOf":{"@id":"https:\/\/www.visit-ulcinj.com\/blog\/#website"},"primaryImageOfPage":{"@id":"https:\/\/www.visit-ulcinj.com\/blog\/2013\/01\/14\/zeri-i-dinos-terhoqi-vemendjen-e-alma-bektashit\/#primaryimage"},"datePublished":"2013-01-14T09:51:30+00:00","dateModified":"2013-01-15T08:08:17+00:00","author":{"@id":"https:\/\/www.visit-ulcinj.com\/blog\/#\/schema\/person\/dcab619c614d3038751c63bc2aadc06d"},"description":"Dino Zhygjeli esht\u00eb nj\u00ebri nga pes\u00eb t\u00eb p\u00ebrzgjedhurit e Alma Bektashit q\u00eb do ta p\u00ebrfaq\u00ebsojn\u00eb n\u00eb \u201cNet\u00ebt live\u201d. T\u00eb gjith\u00eb kan\u00eb nj\u00eb pasion t\u00eb madh p\u00ebr muzik\u00ebn","breadcrumb":{"@id":"https:\/\/www.visit-ulcinj.com\/blog\/2013\/01\/14\/zeri-i-dinos-terhoqi-vemendjen-e-alma-bektashit\/#breadcrumb"},"inLanguage":"en-US","potentialAction":[{"@type":"ReadAction","target":["https:\/\/www.visit-ulcinj.com\/blog\/2013\/01\/14\/zeri-i-dinos-terhoqi-vemendjen-e-alma-bektashit\/"]}]},{"@type":"BreadcrumbList","@id":"https:\/\/www.visit-ulcinj.com\/blog\/2013\/01\/14\/zeri-i-dinos-terhoqi-vemendjen-e-alma-bektashit\/#breadcrumb","itemListElement":[{"@type":"ListItem","position":1,"name":"Z\u00ebri i Dinos t\u00ebrhoqi v\u00ebmendjen e Alma Bektashit"}]},{"@type":"Person","@id":"https:\/\/www.visit-ulcinj.com\/blog\/#\/schema\/person\/dcab619c614d3038751c63bc2aadc06d","name":"ulqini","sameAs":["http:\/\/www.visit-ulcinj.com"],"url":"https:\/\/www.visit-ulcinj.com\/blog\/author\/admin\/"}]}},"jetpack_featured_media_url":"","jetpack_sharing_enabled":true,"jetpack_shortlink":"https:\/\/wp.me\/pe6lTn-hzS","_links":{"self":[{"href":"https:\/\/www.visit-ulcinj.com\/blog\/wp-json\/wp\/v2\/posts\/67572"}],"collection":[{"href":"https:\/\/www.visit-ulcinj.com\/blog\/wp-json\/wp\/v2\/posts"}],"about":[{"href":"https:\/\/www.visit-ulcinj.com\/blog\/wp-json\/wp\/v2\/types\/post"}],"author":[{"embeddable":true,"href":"https:\/\/www.visit-ulcinj.com\/blog\/wp-json\/wp\/v2\/users\/1"}],"replies":[{"embeddable":true,"href":"https:\/\/www.visit-ulcinj.com\/blog\/wp-json\/wp\/v2\/comments?post=67572"}],"version-history":[{"count":2,"href":"https:\/\/www.visit-ulcinj.com\/blog\/wp-json\/wp\/v2\/posts\/67572\/revisions"}],"predecessor-version":[{"id":67625,"href":"https:\/\/www.visit-ulcinj.com\/blog\/wp-json\/wp\/v2\/posts\/67572\/revisions\/67625"}],"wp:attachment":[{"href":"https:\/\/www.visit-ulcinj.com\/blog\/wp-json\/wp\/v2\/media?parent=67572"}],"wp:term":[{"taxonomy":"category","embeddable":true,"href":"https:\/\/www.visit-ulcinj.com\/blog\/wp-json\/wp\/v2\/categories?post=67572"},{"taxonomy":"post_tag","embeddable":true,"href":"https:\/\/www.visit-ulcinj.com\/blog\/wp-json\/wp\/v2\/tags?post=67572"}],"curies":[{"name":"wp","href":"https:\/\/api.w.org\/{rel}","templated":true}]}}