{"id":6759,"date":"2008-12-04T13:55:47","date_gmt":"2008-12-04T12:55:47","guid":{"rendered":"http:\/\/www.visit-ulcinj.com\/blog\/?p=6759"},"modified":"2008-12-04T13:55:47","modified_gmt":"2008-12-04T12:55:47","slug":"teska-nesreca-izmedu-bara-i-ulcinja","status":"publish","type":"post","link":"https:\/\/www.visit-ulcinj.com\/blog\/2008\/12\/04\/teska-nesreca-izmedu-bara-i-ulcinja\/","title":{"rendered":"Te\u0161ka nesre?a izme?u bara i ulcinja"},"content":{"rendered":"<p><a href=\"http:\/\/www.visit-ulcinj.com\/blog\/wp-content\/uploads\/2008\/12\/udes-bar-ulcinj.jpg\"><img loading=\"lazy\" class=\"alignleft size-medium wp-image-6760\" title=\"udes-bar-ulcinj\" src=\"http:\/\/www.visit-ulcinj.com\/blog\/wp-content\/uploads\/2008\/12\/udes-bar-ulcinj.jpg\" alt=\"\" width=\"347\" height=\"230\" \/><\/a>Samir ?obi? (27) iz Ulcinja poginuo je u te\u0161koj saobra?ajnoj nesre?i koja se dogodila ju?e oko 15 ?asova na magistralnom putu Ulcinj-Bar u mjestu Bratica. Njegovi saputnici u &#8220;opel vektri&#8221;, majka Vasmije (52) i brat ?amil (25), te\u0161ko su povrije?eni i nakon ukazane pomo?i u ulcinjskom domu zdravlja hospitalizovani u Podgorici, odnosno Baru.<br \/>\n&#8220;Brat poginulog mladi?a smje\u0161ten je u Baru i njegovo zdravstveno stanje je stabilno. Njegova majka je sa te\u0161kim povredama glave hitno preba?ena u KC u Podgorica&#8221; \u2013 kazao je &#8220;Vijestima&#8221; direktor ulcinjskog Doma zdravlja Gani Karamanaga.<br \/>\nVoza? kamiona MAN, Adnan Salihovi? (28) pro\u0161ao je bez ozljeda. Prizor na licu mjesta bio je stravi?an, a smrskani automobil zgnje?en u stijenu i okrenut nasuprot smjera kojim se kretao, nije davao utisak da je u njemu bilo pre\u017eivjelih. Nesre?ni ?obi? kretao se iz pravca Bara ka Ulcinju, a Salihovi? iz suprotnog smjera. Prema nezvani?nim informacijama, do kontakta je do\u0161lo usljed neprilago?ene brzine i klizavog kolovoza, ali ?e istraga koju je sa slu\u017ebenicima ulcinjske policije obavio de\u017eurni istra\u017eni sudija Dragoje Jovi? ta?no utvrditi kako je do\u0161lo do sudara. Nakon nesre?e, Salihovi? je zadr\u017ean u ulcinjskoj policiji, a zbog uvi?aja saobra?aj izme?u Ulcinja i Bara bio je u prekidu tri sata.<br \/>\n<strong>Izvor \/ Vijesti<\/strong><\/p>\n","protected":false},"excerpt":{"rendered":"<p>Samir ?obi? (27) iz Ulcinja poginuo je u te\u0161koj saobra?ajnoj nesre?i koja se dogodila ju?e oko 15 ?asova na magistralnom putu Ulcinj-Bar u mjestu Bratica. Njegovi saputnici u &#8220;opel vektri&#8221;, majka Vasmije (52) i brat ?amil (25), te\u0161ko su povrije?eni i nakon ukazane pomo?i u ulcinjskom domu zdravlja hospitalizovani u Podgorici, odnosno Baru. &#8220;Brat poginulog [&hellip;]<\/p>\n","protected":false},"author":1,"featured_media":0,"comment_status":"open","ping_status":"closed","sticky":false,"template":"","format":"standard","meta":{"spay_email":"","jetpack_publicize_message":"","jetpack_is_tweetstorm":false,"jetpack_publicize_feature_enabled":true},"categories":[12],"tags":[714,5146,19],"jetpack_publicize_connections":[],"yoast_head":"<!-- This site is optimized with the Yoast SEO plugin v19.1 - https:\/\/yoast.com\/wordpress\/plugins\/seo\/ -->\n<title>Te\u0161ka nesre?a izme?u bara i ulcinja - Lajme nga Ulqini<\/title>\n<meta name=\"description\" content=\"Samir ?obi? (27) iz Ulcinja poginuo je u te\u0161koj saobra?ajnoj nesre?i koja se dogodila ju?e oko 15 ?asova na magistralnom putu Ulcinj-Bar u mjestu Bratica.\" \/>\n<meta name=\"robots\" content=\"index, follow, max-snippet:-1, max-image-preview:large, max-video-preview:-1\" \/>\n<link rel=\"canonical\" href=\"https:\/\/www.visit-ulcinj.com\/blog\/2008\/12\/04\/teska-nesreca-izmedu-bara-i-ulcinja\/\" \/>\n<meta property=\"og:locale\" content=\"en_US\" \/>\n<meta property=\"og:type\" content=\"article\" \/>\n<meta property=\"og:title\" content=\"Te\u0161ka nesre?a izme?u bara i ulcinja - Lajme nga Ulqini\" \/>\n<meta property=\"og:description\" content=\"Samir ?obi? (27) iz Ulcinja poginuo je u te\u0161koj saobra?ajnoj nesre?i koja se dogodila ju?e oko 15 ?asova na magistralnom putu Ulcinj-Bar u mjestu Bratica.\" \/>\n<meta property=\"og:url\" content=\"https:\/\/www.visit-ulcinj.com\/blog\/2008\/12\/04\/teska-nesreca-izmedu-bara-i-ulcinja\/\" \/>\n<meta property=\"og:site_name\" content=\"Lajme nga Ulqini\" \/>\n<meta property=\"article:published_time\" content=\"2008-12-04T12:55:47+00:00\" \/>\n<meta property=\"og:image\" content=\"http:\/\/www.visit-ulcinj.com\/blog\/wp-content\/uploads\/2008\/12\/udes-bar-ulcinj.jpg\" \/>\n<meta name=\"twitter:label1\" content=\"Written by\" \/>\n\t<meta name=\"twitter:data1\" content=\"ulqini\" \/>\n\t<meta name=\"twitter:label2\" content=\"Est. reading time\" \/>\n\t<meta name=\"twitter:data2\" content=\"1 minute\" \/>\n<script type=\"application\/ld+json\" class=\"yoast-schema-graph\">{\"@context\":\"https:\/\/schema.org\",\"@graph\":[{\"@type\":\"WebSite\",\"@id\":\"https:\/\/www.visit-ulcinj.com\/blog\/#website\",\"url\":\"https:\/\/www.visit-ulcinj.com\/blog\/\",\"name\":\"Lajme nga Ulqini\",\"description\":\"Lajme,Vijesti,Ulqini,Ulqin,Crna Gora,Mali i Zi\",\"potentialAction\":[{\"@type\":\"SearchAction\",\"target\":{\"@type\":\"EntryPoint\",\"urlTemplate\":\"https:\/\/www.visit-ulcinj.com\/blog\/?s={search_term_string}\"},\"query-input\":\"required name=search_term_string\"}],\"inLanguage\":\"en-US\"},{\"@type\":\"ImageObject\",\"inLanguage\":\"en-US\",\"@id\":\"https:\/\/www.visit-ulcinj.com\/blog\/2008\/12\/04\/teska-nesreca-izmedu-bara-i-ulcinja\/#primaryimage\",\"url\":\"http:\/\/www.visit-ulcinj.com\/blog\/wp-content\/uploads\/2008\/12\/udes-bar-ulcinj.jpg\",\"contentUrl\":\"http:\/\/www.visit-ulcinj.com\/blog\/wp-content\/uploads\/2008\/12\/udes-bar-ulcinj.jpg\"},{\"@type\":\"WebPage\",\"@id\":\"https:\/\/www.visit-ulcinj.com\/blog\/2008\/12\/04\/teska-nesreca-izmedu-bara-i-ulcinja\/#webpage\",\"url\":\"https:\/\/www.visit-ulcinj.com\/blog\/2008\/12\/04\/teska-nesreca-izmedu-bara-i-ulcinja\/\",\"name\":\"Te\u0161ka nesre?a izme?u bara i ulcinja - Lajme nga Ulqini\",\"isPartOf\":{\"@id\":\"https:\/\/www.visit-ulcinj.com\/blog\/#website\"},\"primaryImageOfPage\":{\"@id\":\"https:\/\/www.visit-ulcinj.com\/blog\/2008\/12\/04\/teska-nesreca-izmedu-bara-i-ulcinja\/#primaryimage\"},\"datePublished\":\"2008-12-04T12:55:47+00:00\",\"dateModified\":\"2008-12-04T12:55:47+00:00\",\"author\":{\"@id\":\"https:\/\/www.visit-ulcinj.com\/blog\/#\/schema\/person\/dcab619c614d3038751c63bc2aadc06d\"},\"description\":\"Samir ?obi? (27) iz Ulcinja poginuo je u te\u0161koj saobra?ajnoj nesre?i koja se dogodila ju?e oko 15 ?asova na magistralnom putu Ulcinj-Bar u mjestu Bratica.\",\"breadcrumb\":{\"@id\":\"https:\/\/www.visit-ulcinj.com\/blog\/2008\/12\/04\/teska-nesreca-izmedu-bara-i-ulcinja\/#breadcrumb\"},\"inLanguage\":\"en-US\",\"potentialAction\":[{\"@type\":\"ReadAction\",\"target\":[\"https:\/\/www.visit-ulcinj.com\/blog\/2008\/12\/04\/teska-nesreca-izmedu-bara-i-ulcinja\/\"]}]},{\"@type\":\"BreadcrumbList\",\"@id\":\"https:\/\/www.visit-ulcinj.com\/blog\/2008\/12\/04\/teska-nesreca-izmedu-bara-i-ulcinja\/#breadcrumb\",\"itemListElement\":[{\"@type\":\"ListItem\",\"position\":1,\"name\":\"Te\u0161ka nesre?a izme?u bara i ulcinja\"}]},{\"@type\":\"Person\",\"@id\":\"https:\/\/www.visit-ulcinj.com\/blog\/#\/schema\/person\/dcab619c614d3038751c63bc2aadc06d\",\"name\":\"ulqini\",\"sameAs\":[\"http:\/\/www.visit-ulcinj.com\"],\"url\":\"https:\/\/www.visit-ulcinj.com\/blog\/author\/admin\/\"}]}<\/script>\n<!-- \/ Yoast SEO plugin. -->","yoast_head_json":{"title":"Te\u0161ka nesre?a izme?u bara i ulcinja - Lajme nga Ulqini","description":"Samir ?obi? (27) iz Ulcinja poginuo je u te\u0161koj saobra?ajnoj nesre?i koja se dogodila ju?e oko 15 ?asova na magistralnom putu Ulcinj-Bar u mjestu Bratica.","robots":{"index":"index","follow":"follow","max-snippet":"max-snippet:-1","max-image-preview":"max-image-preview:large","max-video-preview":"max-video-preview:-1"},"canonical":"https:\/\/www.visit-ulcinj.com\/blog\/2008\/12\/04\/teska-nesreca-izmedu-bara-i-ulcinja\/","og_locale":"en_US","og_type":"article","og_title":"Te\u0161ka nesre?a izme?u bara i ulcinja - Lajme nga Ulqini","og_description":"Samir ?obi? (27) iz Ulcinja poginuo je u te\u0161koj saobra?ajnoj nesre?i koja se dogodila ju?e oko 15 ?asova na magistralnom putu Ulcinj-Bar u mjestu Bratica.","og_url":"https:\/\/www.visit-ulcinj.com\/blog\/2008\/12\/04\/teska-nesreca-izmedu-bara-i-ulcinja\/","og_site_name":"Lajme nga Ulqini","article_published_time":"2008-12-04T12:55:47+00:00","og_image":[{"url":"http:\/\/www.visit-ulcinj.com\/blog\/wp-content\/uploads\/2008\/12\/udes-bar-ulcinj.jpg"}],"twitter_misc":{"Written by":"ulqini","Est. reading time":"1 minute"},"schema":{"@context":"https:\/\/schema.org","@graph":[{"@type":"WebSite","@id":"https:\/\/www.visit-ulcinj.com\/blog\/#website","url":"https:\/\/www.visit-ulcinj.com\/blog\/","name":"Lajme nga Ulqini","description":"Lajme,Vijesti,Ulqini,Ulqin,Crna Gora,Mali i Zi","potentialAction":[{"@type":"SearchAction","target":{"@type":"EntryPoint","urlTemplate":"https:\/\/www.visit-ulcinj.com\/blog\/?s={search_term_string}"},"query-input":"required name=search_term_string"}],"inLanguage":"en-US"},{"@type":"ImageObject","inLanguage":"en-US","@id":"https:\/\/www.visit-ulcinj.com\/blog\/2008\/12\/04\/teska-nesreca-izmedu-bara-i-ulcinja\/#primaryimage","url":"http:\/\/www.visit-ulcinj.com\/blog\/wp-content\/uploads\/2008\/12\/udes-bar-ulcinj.jpg","contentUrl":"http:\/\/www.visit-ulcinj.com\/blog\/wp-content\/uploads\/2008\/12\/udes-bar-ulcinj.jpg"},{"@type":"WebPage","@id":"https:\/\/www.visit-ulcinj.com\/blog\/2008\/12\/04\/teska-nesreca-izmedu-bara-i-ulcinja\/#webpage","url":"https:\/\/www.visit-ulcinj.com\/blog\/2008\/12\/04\/teska-nesreca-izmedu-bara-i-ulcinja\/","name":"Te\u0161ka nesre?a izme?u bara i ulcinja - Lajme nga Ulqini","isPartOf":{"@id":"https:\/\/www.visit-ulcinj.com\/blog\/#website"},"primaryImageOfPage":{"@id":"https:\/\/www.visit-ulcinj.com\/blog\/2008\/12\/04\/teska-nesreca-izmedu-bara-i-ulcinja\/#primaryimage"},"datePublished":"2008-12-04T12:55:47+00:00","dateModified":"2008-12-04T12:55:47+00:00","author":{"@id":"https:\/\/www.visit-ulcinj.com\/blog\/#\/schema\/person\/dcab619c614d3038751c63bc2aadc06d"},"description":"Samir ?obi? (27) iz Ulcinja poginuo je u te\u0161koj saobra?ajnoj nesre?i koja se dogodila ju?e oko 15 ?asova na magistralnom putu Ulcinj-Bar u mjestu Bratica.","breadcrumb":{"@id":"https:\/\/www.visit-ulcinj.com\/blog\/2008\/12\/04\/teska-nesreca-izmedu-bara-i-ulcinja\/#breadcrumb"},"inLanguage":"en-US","potentialAction":[{"@type":"ReadAction","target":["https:\/\/www.visit-ulcinj.com\/blog\/2008\/12\/04\/teska-nesreca-izmedu-bara-i-ulcinja\/"]}]},{"@type":"BreadcrumbList","@id":"https:\/\/www.visit-ulcinj.com\/blog\/2008\/12\/04\/teska-nesreca-izmedu-bara-i-ulcinja\/#breadcrumb","itemListElement":[{"@type":"ListItem","position":1,"name":"Te\u0161ka nesre?a izme?u bara i ulcinja"}]},{"@type":"Person","@id":"https:\/\/www.visit-ulcinj.com\/blog\/#\/schema\/person\/dcab619c614d3038751c63bc2aadc06d","name":"ulqini","sameAs":["http:\/\/www.visit-ulcinj.com"],"url":"https:\/\/www.visit-ulcinj.com\/blog\/author\/admin\/"}]}},"jetpack_featured_media_url":"","jetpack_sharing_enabled":true,"jetpack_shortlink":"https:\/\/wp.me\/pe6lTn-1L1","_links":{"self":[{"href":"https:\/\/www.visit-ulcinj.com\/blog\/wp-json\/wp\/v2\/posts\/6759"}],"collection":[{"href":"https:\/\/www.visit-ulcinj.com\/blog\/wp-json\/wp\/v2\/posts"}],"about":[{"href":"https:\/\/www.visit-ulcinj.com\/blog\/wp-json\/wp\/v2\/types\/post"}],"author":[{"embeddable":true,"href":"https:\/\/www.visit-ulcinj.com\/blog\/wp-json\/wp\/v2\/users\/1"}],"replies":[{"embeddable":true,"href":"https:\/\/www.visit-ulcinj.com\/blog\/wp-json\/wp\/v2\/comments?post=6759"}],"version-history":[{"count":0,"href":"https:\/\/www.visit-ulcinj.com\/blog\/wp-json\/wp\/v2\/posts\/6759\/revisions"}],"wp:attachment":[{"href":"https:\/\/www.visit-ulcinj.com\/blog\/wp-json\/wp\/v2\/media?parent=6759"}],"wp:term":[{"taxonomy":"category","embeddable":true,"href":"https:\/\/www.visit-ulcinj.com\/blog\/wp-json\/wp\/v2\/categories?post=6759"},{"taxonomy":"post_tag","embeddable":true,"href":"https:\/\/www.visit-ulcinj.com\/blog\/wp-json\/wp\/v2\/tags?post=6759"}],"curies":[{"name":"wp","href":"https:\/\/api.w.org\/{rel}","templated":true}]}}