{"id":67591,"date":"2013-01-14T14:21:51","date_gmt":"2013-01-14T13:21:51","guid":{"rendered":"http:\/\/www.visit-ulcinj.com\/blog\/?p=67591"},"modified":"2013-01-14T14:21:51","modified_gmt":"2013-01-14T13:21:51","slug":"pirro-cako-me-inven-tani-jemi-miq","status":"publish","type":"post","link":"https:\/\/www.visit-ulcinj.com\/blog\/2013\/01\/14\/pirro-cako-me-inven-tani-jemi-miq\/","title":{"rendered":"Pirro \u00c7ako: Me Inv\u00ebn tani jemi miq"},"content":{"rendered":"<p>Pirro \u00c7ako m\u00eb n\u00eb fund foli. Foli dhe foli gjat\u00eb, n\u00eb nj\u00eb bised\u00eb t\u00eb \u00e7lir\u00ebt me prezantuesin Adi Krasta. Duke filluar nga raporti i shum\u00ebp\u00ebrfolur me Sisin, 23-vje\u00e7aren q\u00eb prej m\u00eb shum\u00eb se nj\u00eb viti bashk\u00ebjeton me kantautorin, e deri tek marr\u00ebdh\u00ebnia q\u00eb ka sot me ish-gruan, sopranon e famshme Inva Mula. I biri Anthony dhe \u201cAshensori\u201d, albumi i ri q\u00eb e kthehu \u00c7akon n\u00eb tregun diskografik\u2026<br \/>\n<a href=\"http:\/\/www.visit-ulcinj.com\/blog\/wp-content\/uploads\/2013\/01\/invamula_pirrocako.jpg\"><img loading=\"lazy\" class=\"alignleft  wp-image-67592\" alt=\"invamula_pirrocako\" src=\"http:\/\/www.visit-ulcinj.com\/blog\/wp-content\/uploads\/2013\/01\/invamula_pirrocako.jpg\" width=\"508\" height=\"315\" \/><\/a><\/p>\n<p><strong>Me k\u00ebt\u00eb vajz\u00ebn e re, a je ti i k\u00ebnaqur, a je i qet\u00eb? A \u00ebsht\u00eb kjo nj\u00eb bashk\u00ebjetes\u00eb simpatike?<\/strong><br \/>\nPo, un\u00eb jam shum\u00eb i qet\u00eb. Ndihem shum\u00eb mir\u00eb.<br \/>\n<strong>A ke ti nj\u00eb marr\u00ebdh\u00ebnie miq\u00ebsore me Inva Mul\u00ebn?<\/strong><br \/>\nPo, kam nj\u00eb marr\u00ebdh\u00ebnie miq\u00ebsore me t\u00eb. Pse mos ta kem k\u00ebt\u00eb marr\u00ebdh\u00ebnie?! Kam nj\u00eb djal\u00eb dhe kam shum\u00eb nevoj\u00eb t\u00eb komunikoj me maman\u00eb e djalit, sepse \u00ebsht\u00eb p\u00ebr t\u00eb mir\u00ebn e tij. Ti je vet\u00eb prind, nuk je n\u00eb pozitat e mia dhe nuk mund ta kuptosh, por jam shum\u00eb i sigurt q\u00eb po t\u00eb ishe n\u00eb pozitat e mia, do kishe reaguar nj\u00ebjt\u00eb. Sigurisht, fillimi ishte i v\u00ebshtir\u00eb; njer\u00ebzit ashp\u00ebrsohen, acarohen\u2026<br \/>\n<strong>Sepse \u00ebsht\u00eb traumatik divorci n\u00eb nj\u00eb kuptim?<\/strong><br \/>\nPo, \u00ebsht\u00eb n\u00eb t\u00eb dyja pal\u00ebt, por me kalimin e koh\u00ebs gj\u00ebrat qet\u00ebsohen. Sot po falin njer\u00ebzit gjakun; shum\u00eb familje jan\u00eb vrar\u00eb dhe vjen nj\u00eb moment q\u00eb falin, e jo m\u00eb nj\u00eb \u00e7ift q\u00eb u nda e q\u00eb nga martesa kan\u00eb lindur edhe nj\u00eb f\u00ebmij\u00eb. Un\u00eb kam nj\u00eb marr\u00ebdh\u00ebnie normale me Inv\u00ebn dhe sa her\u00eb q\u00eb kemi nevoj\u00eb t\u00eb diskutojm\u00eb rreth djalit, q\u00eb ai t\u00eb ket\u00eb nj\u00eb ecuri t\u00eb mir\u00eb, q\u00eb t\u00eb jet\u00eb n\u00ebn kujdes, komunikojm\u00eb. Kjo \u00ebsht\u00eb marr\u00ebdh\u00ebnia jon\u00eb, q\u00eb ua sugjeroj t\u00eb gjith\u00eb prind\u00ebrve q\u00eb jan\u00eb n\u00eb kushtet e mia.<br \/>\nSecili nga prind\u00ebrit n\u00eb k\u00ebt\u00eb familje ka nj\u00eb jet\u00eb t\u00eb caktuar dhe nd\u00ebrkoh\u00eb, djaloshi \u00c7ako i ri \u00ebsht\u00eb 18 vje\u00e7, \u00ebsht\u00eb i rritur, \u00ebsht\u00eb indipendent dhe jeton n\u00eb Paris\u2026<br \/>\nPas disa muajsh do t\u00eb jet\u00eb 18 vje\u00e7.<br \/>\n<strong>Ti ke ndenjur shum\u00eb me t\u00eb\u2026 Di q\u00eb keni qen\u00eb miq t\u00eb mir\u00eb, p\u00ebrve\u00e7se bab\u00eb e bir. A vazhdoni ju t\u00eb jeni k\u00ebshtu?<\/strong><br \/>\nMe djalin kam nj\u00eb adrenalin\u00eb t\u00eb \u00e7uditshme, \u00ebsht\u00eb pik\u00ebrisht ajo adrenalina q\u00eb ka prindi me f\u00ebmij\u00ebn. Un\u00eb jam shum\u00eb mir\u00eb me Anthonyn, kemi nj\u00eb marr\u00ebdh\u00ebnie shum\u00eb t\u00eb fort\u00eb bashk\u00eb. Ishte p\u00ebr pushime k\u00ebtu dhe kaluam shum\u00eb mir\u00eb. Ai tashm\u00eb \u00ebsht\u00eb i madh dhe \u00ebsht\u00eb krenar p\u00ebr ne.<br \/>\n<strong>Ka shprehur ai nj\u00eb lloj shqet\u00ebsimi p\u00ebr k\u00ebt\u00eb histori?<\/strong><br \/>\nJo, absolutisht. P\u00ebr mendimin tim, at\u00eb e m\u00ebsoi jeta dhe \u00ebsht\u00eb shum\u00eb i qart\u00eb p\u00ebr situat\u00ebn q\u00eb ka kaluar dhe do t\u00eb kaloj\u00eb ndoshta edhe p\u00ebr pak koh\u00eb, sepse edhe ai nj\u00eb dit\u00eb do t\u00eb krijoj\u00eb familjen e tij dhe gj\u00ebrat pastaj do t\u00eb kalojn\u00eb n\u00eb nj\u00eb tjet\u00ebr stad, por p\u00ebr momentin \u00ebsht\u00eb i vet\u00ebdijsh\u00ebm. Nuk i mungon asgj\u00eb. \u00cbsht\u00eb i rrethuar nga plot gj\u00ebra t\u00eb mira. E mira dhe e keqja thuhet q\u00eb nuk kan\u00eb fund, por un\u00eb jam shum\u00eb i k\u00ebnaqur p\u00ebr at\u00eb \u00e7far\u00eb atij i ka ofruar jeta. P\u00ebrpiqemi t\u00eb dyja pal\u00ebt t\u2019i q\u00ebndrojm\u00eb sa m\u00eb af\u00ebr, aq sa \u00ebsht\u00eb mund\u00ebsia, sepse tashm\u00eb \u00ebsht\u00eb normale q\u00eb un\u00eb kam jet\u00ebn time. Ai nes\u00ebr pasnes\u00ebr, ndoshta do t\u00eb jet\u00eb n\u00eb pozitat e mia dhe do t\u00eb m\u00eb kuptoj\u00eb sa her\u00eb jam dhe nuk jam pran\u00eb, qoft\u00eb edhe nga ana e mamas\u00eb s\u00eb tij. Mendoj se ai ka raporte shum\u00eb t\u00eb mira me prind\u00ebrit.<br \/>\nNga ajo q\u00eb kam kuptuar un\u00eb, ti je nj\u00eb nd\u00ebr k\u00ebng\u00ebtar\u00ebt, artist\u00ebt m\u00eb t\u00eb k\u00ebrkuar, jo vet\u00ebm si k\u00ebng\u00ebtar\u2026 Fjala vjen, un\u00eb kam qen\u00eb n\u00eb sall\u00eb kur ti ke drejtuar festivalin me Elsa Lil\u00ebn. Nd\u00ebrkoh\u00eb, kan\u00eb qen\u00eb shum\u00eb simpatike fitoret e r\u00ebnd\u00ebsishme n\u00eb \u201cK\u00ebnga Magjike\u201d. Si me th\u00ebn\u00eb, je rikthyer n\u00eb Pirro \u00c7akon e p\u00ebrhersh\u00ebm, at\u00eb q\u00eb kemi njohur ne\u2026<br \/>\nE viteve kur ishim t\u00eb rinj akoma.<br \/>\n<strong>M\u00eb lejo t\u00eb t\u00eb komplimentoj p\u00ebr \u201cAshensorin\u201d, me k\u00ebt\u00eb titullin interesant. Nj\u00eb set i ri k\u00ebng\u00ebsh q\u00eb fillon me \u201cNusepashka ime\u201d, \u201cNuk jam superman\u201d, q\u00eb m\u00eb duket shum\u00eb e drejt\u00eb p\u00ebr t\u00eb gjith\u00eb ne\u2026 Shum\u00eb k\u00ebng\u00eb interesante. \u00cbsht\u00eb nj\u00eb tjet\u00ebr tregim, Pirro?<br \/>\n<\/strong>\u00cbsht\u00eb nj\u00eb rrug\u00ebtim i k\u00ebtyre pes\u00eb viteve t\u00eb fundit do t\u00eb thoja. Un\u00eb nuk kam pasur shum\u00eb-shum\u00eb koh\u00eb t\u00eb punoj p\u00ebr vete. Q\u00eb nga rikthimi im n\u00eb vitet 2007-2008, fillova t\u00eb kompozoja p\u00ebr shum\u00eb k\u00ebng\u00ebtar\u00eb. Me ikjen time nga Shqip\u00ebria u nd\u00ebrpre edhe karriera si kantautor, ndaj n\u00eb rikthimin tim b\u00ebra k\u00ebng\u00eb p\u00ebr shum\u00eb artist\u00eb. Nuk jam fare pishman p\u00ebr k\u00ebt\u00eb. Shum\u00eb prej tyre u kam dhuruar k\u00ebng\u00eb shum\u00eb t\u00eb bukura me shum\u00eb dashuri dhe n\u00eb nj\u00eb far\u00eb m\u00ebnyre kjo sh\u00ebrbente edhe si mjet p\u00ebr t\u00eb fituar jetes\u00ebn. Mir\u00ebpo duke kompozuar p\u00ebr k\u00ebng\u00ebtar\u00ebt e tjer\u00eb, rifitova nj\u00eb status, por humba nj\u00eb tjet\u00ebr q\u00eb e kisha fituar vite m\u00eb von\u00eb. Isha i dyzuar n\u00eb duhej t\u00eb vazhdoja apo jo, por n\u00eb fund vendosa q\u00eb t\u00eb sillja k\u00ebt\u00eb album, i cili ka edhe shtat\u00eb kompozime t\u00eb reja, ve\u00e7 atyre q\u00eb jan\u00eb kthyer n\u00eb hite k\u00ebto pes\u00eb vitet e fundit. Ky mbetet nj\u00eb nd\u00ebr albumet e mia, q\u00eb vlejn\u00eb shum\u00eb p\u00ebr t\u00eb medituar, p\u00ebr t\u00eb kuptuar t\u00eb mir\u00ebn dhe t\u00eb keqen, t\u00eb bukur\u00ebn dhe t\u00eb sh\u00ebmtuar\u00ebn. Ka shum\u00eb gj\u00ebra aty\u2026<\/p>\n<p>Vipat.info<br \/>\n<iframe loading=\"lazy\" width=\"508\" height=\"380\" src=\"http:\/\/www.youtube.com\/embed\/j6H3kNxMFAc\" frameborder=\"0\" allowfullscreen><\/iframe><\/p>\n<p>&nbsp;<\/p>\n","protected":false},"excerpt":{"rendered":"<p>Pirro \u00c7ako m\u00eb n\u00eb fund foli. Foli dhe foli gjat\u00eb, n\u00eb nj\u00eb bised\u00eb t\u00eb \u00e7lir\u00ebt me prezantuesin Adi Krasta. Duke filluar nga raporti i shum\u00ebp\u00ebrfolur me Sisin, 23-vje\u00e7aren q\u00eb prej m\u00eb shum\u00eb se nj\u00eb viti bashk\u00ebjeton me kantautorin, e deri tek marr\u00ebdh\u00ebnia q\u00eb ka sot me ish-gruan, sopranon e famshme Inva Mula. I biri Anthony [&hellip;]<\/p>\n","protected":false},"author":1,"featured_media":0,"comment_status":"open","ping_status":"closed","sticky":false,"template":"","format":"standard","meta":{"spay_email":"","jetpack_publicize_message":"","jetpack_is_tweetstorm":false,"jetpack_publicize_feature_enabled":true},"categories":[1],"tags":[19677,19806,16036,8966,7415,19514,19511,15915,19459,4684,19460],"jetpack_publicize_connections":[],"yoast_head":"<!-- This site is optimized with the Yoast SEO plugin v19.1 - https:\/\/yoast.com\/wordpress\/plugins\/seo\/ -->\n<title>Pirro \u00c7ako: Me Inv\u00ebn tani jemi miq - Lajme nga Ulqini<\/title>\n<meta name=\"description\" content=\"Pirro \u00c7ako m\u00eb n\u00eb fund foli. Foli dhe foli gjat\u00eb, n\u00eb nj\u00eb bised\u00eb t\u00eb \u00e7lir\u00ebt me prezantuesin Adi Krasta. Duke filluar nga raporti i shum\u00ebp\u00ebrfolur me Sisin,\" \/>\n<meta name=\"robots\" content=\"index, follow, max-snippet:-1, max-image-preview:large, max-video-preview:-1\" \/>\n<link rel=\"canonical\" href=\"https:\/\/www.visit-ulcinj.com\/blog\/2013\/01\/14\/pirro-cako-me-inven-tani-jemi-miq\/\" \/>\n<meta property=\"og:locale\" content=\"en_US\" \/>\n<meta property=\"og:type\" content=\"article\" \/>\n<meta property=\"og:title\" content=\"Pirro \u00c7ako: Me Inv\u00ebn tani jemi miq - Lajme nga Ulqini\" \/>\n<meta property=\"og:description\" content=\"Pirro \u00c7ako m\u00eb n\u00eb fund foli. Foli dhe foli gjat\u00eb, n\u00eb nj\u00eb bised\u00eb t\u00eb \u00e7lir\u00ebt me prezantuesin Adi Krasta. Duke filluar nga raporti i shum\u00ebp\u00ebrfolur me Sisin,\" \/>\n<meta property=\"og:url\" content=\"https:\/\/www.visit-ulcinj.com\/blog\/2013\/01\/14\/pirro-cako-me-inven-tani-jemi-miq\/\" \/>\n<meta property=\"og:site_name\" content=\"Lajme nga Ulqini\" \/>\n<meta property=\"article:published_time\" content=\"2013-01-14T13:21:51+00:00\" \/>\n<meta property=\"og:image\" content=\"http:\/\/www.visit-ulcinj.com\/blog\/wp-content\/uploads\/2013\/01\/invamula_pirrocako.jpg\" \/>\n<meta name=\"twitter:label1\" content=\"Written by\" \/>\n\t<meta name=\"twitter:data1\" content=\"ulqini\" \/>\n\t<meta name=\"twitter:label2\" content=\"Est. reading time\" \/>\n\t<meta name=\"twitter:data2\" content=\"5 minutes\" \/>\n<script type=\"application\/ld+json\" class=\"yoast-schema-graph\">{\"@context\":\"https:\/\/schema.org\",\"@graph\":[{\"@type\":\"WebSite\",\"@id\":\"https:\/\/www.visit-ulcinj.com\/blog\/#website\",\"url\":\"https:\/\/www.visit-ulcinj.com\/blog\/\",\"name\":\"Lajme nga Ulqini\",\"description\":\"Lajme,Vijesti,Ulqini,Ulqin,Crna Gora,Mali i Zi\",\"potentialAction\":[{\"@type\":\"SearchAction\",\"target\":{\"@type\":\"EntryPoint\",\"urlTemplate\":\"https:\/\/www.visit-ulcinj.com\/blog\/?s={search_term_string}\"},\"query-input\":\"required name=search_term_string\"}],\"inLanguage\":\"en-US\"},{\"@type\":\"ImageObject\",\"inLanguage\":\"en-US\",\"@id\":\"https:\/\/www.visit-ulcinj.com\/blog\/2013\/01\/14\/pirro-cako-me-inven-tani-jemi-miq\/#primaryimage\",\"url\":\"http:\/\/www.visit-ulcinj.com\/blog\/wp-content\/uploads\/2013\/01\/invamula_pirrocako.jpg\",\"contentUrl\":\"http:\/\/www.visit-ulcinj.com\/blog\/wp-content\/uploads\/2013\/01\/invamula_pirrocako.jpg\"},{\"@type\":\"WebPage\",\"@id\":\"https:\/\/www.visit-ulcinj.com\/blog\/2013\/01\/14\/pirro-cako-me-inven-tani-jemi-miq\/#webpage\",\"url\":\"https:\/\/www.visit-ulcinj.com\/blog\/2013\/01\/14\/pirro-cako-me-inven-tani-jemi-miq\/\",\"name\":\"Pirro \u00c7ako: Me Inv\u00ebn tani jemi miq - Lajme nga Ulqini\",\"isPartOf\":{\"@id\":\"https:\/\/www.visit-ulcinj.com\/blog\/#website\"},\"primaryImageOfPage\":{\"@id\":\"https:\/\/www.visit-ulcinj.com\/blog\/2013\/01\/14\/pirro-cako-me-inven-tani-jemi-miq\/#primaryimage\"},\"datePublished\":\"2013-01-14T13:21:51+00:00\",\"dateModified\":\"2013-01-14T13:21:51+00:00\",\"author\":{\"@id\":\"https:\/\/www.visit-ulcinj.com\/blog\/#\/schema\/person\/dcab619c614d3038751c63bc2aadc06d\"},\"description\":\"Pirro \u00c7ako m\u00eb n\u00eb fund foli. Foli dhe foli gjat\u00eb, n\u00eb nj\u00eb bised\u00eb t\u00eb \u00e7lir\u00ebt me prezantuesin Adi Krasta. Duke filluar nga raporti i shum\u00ebp\u00ebrfolur me Sisin,\",\"breadcrumb\":{\"@id\":\"https:\/\/www.visit-ulcinj.com\/blog\/2013\/01\/14\/pirro-cako-me-inven-tani-jemi-miq\/#breadcrumb\"},\"inLanguage\":\"en-US\",\"potentialAction\":[{\"@type\":\"ReadAction\",\"target\":[\"https:\/\/www.visit-ulcinj.com\/blog\/2013\/01\/14\/pirro-cako-me-inven-tani-jemi-miq\/\"]}]},{\"@type\":\"BreadcrumbList\",\"@id\":\"https:\/\/www.visit-ulcinj.com\/blog\/2013\/01\/14\/pirro-cako-me-inven-tani-jemi-miq\/#breadcrumb\",\"itemListElement\":[{\"@type\":\"ListItem\",\"position\":1,\"name\":\"Pirro \u00c7ako: Me Inv\u00ebn tani jemi miq\"}]},{\"@type\":\"Person\",\"@id\":\"https:\/\/www.visit-ulcinj.com\/blog\/#\/schema\/person\/dcab619c614d3038751c63bc2aadc06d\",\"name\":\"ulqini\",\"sameAs\":[\"http:\/\/www.visit-ulcinj.com\"],\"url\":\"https:\/\/www.visit-ulcinj.com\/blog\/author\/admin\/\"}]}<\/script>\n<!-- \/ Yoast SEO plugin. -->","yoast_head_json":{"title":"Pirro \u00c7ako: Me Inv\u00ebn tani jemi miq - Lajme nga Ulqini","description":"Pirro \u00c7ako m\u00eb n\u00eb fund foli. Foli dhe foli gjat\u00eb, n\u00eb nj\u00eb bised\u00eb t\u00eb \u00e7lir\u00ebt me prezantuesin Adi Krasta. Duke filluar nga raporti i shum\u00ebp\u00ebrfolur me Sisin,","robots":{"index":"index","follow":"follow","max-snippet":"max-snippet:-1","max-image-preview":"max-image-preview:large","max-video-preview":"max-video-preview:-1"},"canonical":"https:\/\/www.visit-ulcinj.com\/blog\/2013\/01\/14\/pirro-cako-me-inven-tani-jemi-miq\/","og_locale":"en_US","og_type":"article","og_title":"Pirro \u00c7ako: Me Inv\u00ebn tani jemi miq - Lajme nga Ulqini","og_description":"Pirro \u00c7ako m\u00eb n\u00eb fund foli. Foli dhe foli gjat\u00eb, n\u00eb nj\u00eb bised\u00eb t\u00eb \u00e7lir\u00ebt me prezantuesin Adi Krasta. Duke filluar nga raporti i shum\u00ebp\u00ebrfolur me Sisin,","og_url":"https:\/\/www.visit-ulcinj.com\/blog\/2013\/01\/14\/pirro-cako-me-inven-tani-jemi-miq\/","og_site_name":"Lajme nga Ulqini","article_published_time":"2013-01-14T13:21:51+00:00","og_image":[{"url":"http:\/\/www.visit-ulcinj.com\/blog\/wp-content\/uploads\/2013\/01\/invamula_pirrocako.jpg"}],"twitter_misc":{"Written by":"ulqini","Est. reading time":"5 minutes"},"schema":{"@context":"https:\/\/schema.org","@graph":[{"@type":"WebSite","@id":"https:\/\/www.visit-ulcinj.com\/blog\/#website","url":"https:\/\/www.visit-ulcinj.com\/blog\/","name":"Lajme nga Ulqini","description":"Lajme,Vijesti,Ulqini,Ulqin,Crna Gora,Mali i Zi","potentialAction":[{"@type":"SearchAction","target":{"@type":"EntryPoint","urlTemplate":"https:\/\/www.visit-ulcinj.com\/blog\/?s={search_term_string}"},"query-input":"required name=search_term_string"}],"inLanguage":"en-US"},{"@type":"ImageObject","inLanguage":"en-US","@id":"https:\/\/www.visit-ulcinj.com\/blog\/2013\/01\/14\/pirro-cako-me-inven-tani-jemi-miq\/#primaryimage","url":"http:\/\/www.visit-ulcinj.com\/blog\/wp-content\/uploads\/2013\/01\/invamula_pirrocako.jpg","contentUrl":"http:\/\/www.visit-ulcinj.com\/blog\/wp-content\/uploads\/2013\/01\/invamula_pirrocako.jpg"},{"@type":"WebPage","@id":"https:\/\/www.visit-ulcinj.com\/blog\/2013\/01\/14\/pirro-cako-me-inven-tani-jemi-miq\/#webpage","url":"https:\/\/www.visit-ulcinj.com\/blog\/2013\/01\/14\/pirro-cako-me-inven-tani-jemi-miq\/","name":"Pirro \u00c7ako: Me Inv\u00ebn tani jemi miq - Lajme nga Ulqini","isPartOf":{"@id":"https:\/\/www.visit-ulcinj.com\/blog\/#website"},"primaryImageOfPage":{"@id":"https:\/\/www.visit-ulcinj.com\/blog\/2013\/01\/14\/pirro-cako-me-inven-tani-jemi-miq\/#primaryimage"},"datePublished":"2013-01-14T13:21:51+00:00","dateModified":"2013-01-14T13:21:51+00:00","author":{"@id":"https:\/\/www.visit-ulcinj.com\/blog\/#\/schema\/person\/dcab619c614d3038751c63bc2aadc06d"},"description":"Pirro \u00c7ako m\u00eb n\u00eb fund foli. Foli dhe foli gjat\u00eb, n\u00eb nj\u00eb bised\u00eb t\u00eb \u00e7lir\u00ebt me prezantuesin Adi Krasta. Duke filluar nga raporti i shum\u00ebp\u00ebrfolur me Sisin,","breadcrumb":{"@id":"https:\/\/www.visit-ulcinj.com\/blog\/2013\/01\/14\/pirro-cako-me-inven-tani-jemi-miq\/#breadcrumb"},"inLanguage":"en-US","potentialAction":[{"@type":"ReadAction","target":["https:\/\/www.visit-ulcinj.com\/blog\/2013\/01\/14\/pirro-cako-me-inven-tani-jemi-miq\/"]}]},{"@type":"BreadcrumbList","@id":"https:\/\/www.visit-ulcinj.com\/blog\/2013\/01\/14\/pirro-cako-me-inven-tani-jemi-miq\/#breadcrumb","itemListElement":[{"@type":"ListItem","position":1,"name":"Pirro \u00c7ako: Me Inv\u00ebn tani jemi miq"}]},{"@type":"Person","@id":"https:\/\/www.visit-ulcinj.com\/blog\/#\/schema\/person\/dcab619c614d3038751c63bc2aadc06d","name":"ulqini","sameAs":["http:\/\/www.visit-ulcinj.com"],"url":"https:\/\/www.visit-ulcinj.com\/blog\/author\/admin\/"}]}},"jetpack_featured_media_url":"","jetpack_sharing_enabled":true,"jetpack_shortlink":"https:\/\/wp.me\/pe6lTn-hAb","_links":{"self":[{"href":"https:\/\/www.visit-ulcinj.com\/blog\/wp-json\/wp\/v2\/posts\/67591"}],"collection":[{"href":"https:\/\/www.visit-ulcinj.com\/blog\/wp-json\/wp\/v2\/posts"}],"about":[{"href":"https:\/\/www.visit-ulcinj.com\/blog\/wp-json\/wp\/v2\/types\/post"}],"author":[{"embeddable":true,"href":"https:\/\/www.visit-ulcinj.com\/blog\/wp-json\/wp\/v2\/users\/1"}],"replies":[{"embeddable":true,"href":"https:\/\/www.visit-ulcinj.com\/blog\/wp-json\/wp\/v2\/comments?post=67591"}],"version-history":[{"count":1,"href":"https:\/\/www.visit-ulcinj.com\/blog\/wp-json\/wp\/v2\/posts\/67591\/revisions"}],"predecessor-version":[{"id":67593,"href":"https:\/\/www.visit-ulcinj.com\/blog\/wp-json\/wp\/v2\/posts\/67591\/revisions\/67593"}],"wp:attachment":[{"href":"https:\/\/www.visit-ulcinj.com\/blog\/wp-json\/wp\/v2\/media?parent=67591"}],"wp:term":[{"taxonomy":"category","embeddable":true,"href":"https:\/\/www.visit-ulcinj.com\/blog\/wp-json\/wp\/v2\/categories?post=67591"},{"taxonomy":"post_tag","embeddable":true,"href":"https:\/\/www.visit-ulcinj.com\/blog\/wp-json\/wp\/v2\/tags?post=67591"}],"curies":[{"name":"wp","href":"https:\/\/api.w.org\/{rel}","templated":true}]}}