{"id":67597,"date":"2013-01-14T15:22:24","date_gmt":"2013-01-14T14:22:24","guid":{"rendered":"http:\/\/www.visit-ulcinj.com\/blog\/?p=67597"},"modified":"2013-01-14T20:40:38","modified_gmt":"2013-01-14T19:40:38","slug":"vjedhet-flamuri-i-ambasades-se-shqiperise-ne-podgorice","status":"publish","type":"post","link":"https:\/\/www.visit-ulcinj.com\/blog\/2013\/01\/14\/vjedhet-flamuri-i-ambasades-se-shqiperise-ne-podgorice\/","title":{"rendered":"Vjedhet flamuri i ambasad\u00ebs s\u00eb Shqip\u00ebris\u00eb n\u00eb Podgoric\u00eb"},"content":{"rendered":"<div id=\"attachment_67599\" style=\"width: 518px\" class=\"wp-caption alignleft\"><a href=\"http:\/\/www.visit-ulcinj.com\/blog\/wp-content\/uploads\/2013\/01\/Ambasada-e-Shqiperise-ne-Podgoric.jpg\"><img aria-describedby=\"caption-attachment-67599\" loading=\"lazy\" class=\" wp-image-67599\" alt=\"Ambasada e Shqiperise ne Podgoric\" src=\"http:\/\/www.visit-ulcinj.com\/blog\/wp-content\/uploads\/2013\/01\/Ambasada-e-Shqiperise-ne-Podgoric.jpg\" width=\"508\" height=\"380\" \/><\/a><p id=\"caption-attachment-67599\" class=\"wp-caption-text\">Foto: Malsia.org<\/p><\/div>\n<p>Policia e Malit t\u00eb Zi ka arrestuar Enver Shabotiqin p\u00ebr shkak t\u00eb dyshimit se ka thyer nd\u00ebrtes\u00ebn e Ambasad\u00ebs s\u00eb Shqip\u00ebris\u00eb n\u00eb Podgoric\u00eb, dhe nga shtiza ka vjedhur flamurin shqiptar, citojn\u00eb mediat e Podgoric\u00ebs drejtorin e policis\u00eb s\u00eb Mal t\u00eb Zi. Si\u00e7 raportojn\u00eb ato, gj\u00ebsendet brenda Ambasad\u00ebs jan\u00eb shp\u00ebrndar\u00eb n\u00ebp\u00ebr zyra.<\/p>\n<p>Ambasada e Shqip\u00ebris\u00eb ndodhet n\u00eb qend\u00ebr t\u00eb kryeqytetit t\u00eb Malit t\u00eb Zi.<\/p>\n<p>Nuk jepen holl\u00ebsi p\u00ebr motivin,as p\u00ebr p\u00ebrkat\u00ebsin\u00eb komb\u00ebtare t\u00eb autorit t\u00eb k\u00ebtij akti.<\/p>\n<p><strong>Koha Net<\/strong><\/p>\n","protected":false},"excerpt":{"rendered":"<p>Policia e Malit t\u00eb Zi ka arrestuar Enver Shabotiqin p\u00ebr shkak t\u00eb dyshimit se ka thyer nd\u00ebrtes\u00ebn e Ambasad\u00ebs s\u00eb Shqip\u00ebris\u00eb n\u00eb Podgoric\u00eb, dhe nga shtiza ka vjedhur flamurin shqiptar, citojn\u00eb mediat e Podgoric\u00ebs drejtorin e policis\u00eb s\u00eb Mal t\u00eb Zi. Si\u00e7 raportojn\u00eb ato, gj\u00ebsendet brenda Ambasad\u00ebs jan\u00eb shp\u00ebrndar\u00eb n\u00ebp\u00ebr zyra. Ambasada e Shqip\u00ebris\u00eb ndodhet [&hellip;]<\/p>\n","protected":false},"author":1,"featured_media":0,"comment_status":"open","ping_status":"closed","sticky":false,"template":"","format":"standard","meta":{"spay_email":"","jetpack_publicize_message":"","jetpack_is_tweetstorm":false,"jetpack_publicize_feature_enabled":true},"categories":[14],"tags":[21685],"jetpack_publicize_connections":[],"yoast_head":"<!-- This site is optimized with the Yoast SEO plugin v19.1 - https:\/\/yoast.com\/wordpress\/plugins\/seo\/ -->\n<title>Vjedhet flamuri i ambasad\u00ebs s\u00eb Shqip\u00ebris\u00eb n\u00eb Podgoric\u00eb - Lajme nga Ulqini<\/title>\n<meta name=\"description\" content=\"Policia e Malit t\u00eb Zi ka arrestuar Enver Shabotiqin p\u00ebr shkak t\u00eb dyshimit se ka thyer nd\u00ebrtes\u00ebn e Ambasad\u00ebs s\u00eb Shqip\u00ebris\u00eb n\u00eb Podgoric\u00eb, dhe nga shtiza ka\" \/>\n<meta name=\"robots\" content=\"index, follow, max-snippet:-1, max-image-preview:large, max-video-preview:-1\" \/>\n<link rel=\"canonical\" href=\"https:\/\/www.visit-ulcinj.com\/blog\/2013\/01\/14\/vjedhet-flamuri-i-ambasades-se-shqiperise-ne-podgorice\/\" \/>\n<meta property=\"og:locale\" content=\"en_US\" \/>\n<meta property=\"og:type\" content=\"article\" \/>\n<meta property=\"og:title\" content=\"Vjedhet flamuri i ambasad\u00ebs s\u00eb Shqip\u00ebris\u00eb n\u00eb Podgoric\u00eb - Lajme nga Ulqini\" \/>\n<meta property=\"og:description\" content=\"Policia e Malit t\u00eb Zi ka arrestuar Enver Shabotiqin p\u00ebr shkak t\u00eb dyshimit se ka thyer nd\u00ebrtes\u00ebn e Ambasad\u00ebs s\u00eb Shqip\u00ebris\u00eb n\u00eb Podgoric\u00eb, dhe nga shtiza ka\" \/>\n<meta property=\"og:url\" content=\"https:\/\/www.visit-ulcinj.com\/blog\/2013\/01\/14\/vjedhet-flamuri-i-ambasades-se-shqiperise-ne-podgorice\/\" \/>\n<meta property=\"og:site_name\" content=\"Lajme nga Ulqini\" \/>\n<meta property=\"article:published_time\" content=\"2013-01-14T14:22:24+00:00\" \/>\n<meta property=\"article:modified_time\" content=\"2013-01-14T19:40:38+00:00\" \/>\n<meta property=\"og:image\" content=\"http:\/\/www.visit-ulcinj.com\/blog\/wp-content\/uploads\/2013\/01\/Ambasada-e-Shqiperise-ne-Podgoric.jpg\" \/>\n<meta name=\"twitter:label1\" content=\"Written by\" \/>\n\t<meta name=\"twitter:data1\" content=\"ulqini\" \/>\n\t<meta name=\"twitter:label2\" content=\"Est. reading time\" \/>\n\t<meta name=\"twitter:data2\" content=\"1 minute\" \/>\n<script type=\"application\/ld+json\" class=\"yoast-schema-graph\">{\"@context\":\"https:\/\/schema.org\",\"@graph\":[{\"@type\":\"WebSite\",\"@id\":\"https:\/\/www.visit-ulcinj.com\/blog\/#website\",\"url\":\"https:\/\/www.visit-ulcinj.com\/blog\/\",\"name\":\"Lajme nga Ulqini\",\"description\":\"Lajme,Vijesti,Ulqini,Ulqin,Crna Gora,Mali i Zi\",\"potentialAction\":[{\"@type\":\"SearchAction\",\"target\":{\"@type\":\"EntryPoint\",\"urlTemplate\":\"https:\/\/www.visit-ulcinj.com\/blog\/?s={search_term_string}\"},\"query-input\":\"required name=search_term_string\"}],\"inLanguage\":\"en-US\"},{\"@type\":\"ImageObject\",\"inLanguage\":\"en-US\",\"@id\":\"https:\/\/www.visit-ulcinj.com\/blog\/2013\/01\/14\/vjedhet-flamuri-i-ambasades-se-shqiperise-ne-podgorice\/#primaryimage\",\"url\":\"https:\/\/www.visit-ulcinj.com\/blog\/wp-content\/uploads\/2013\/01\/Ambasada-e-Shqiperise-ne-Podgoric.jpg\",\"contentUrl\":\"https:\/\/www.visit-ulcinj.com\/blog\/wp-content\/uploads\/2013\/01\/Ambasada-e-Shqiperise-ne-Podgoric.jpg\",\"width\":916,\"height\":878},{\"@type\":\"WebPage\",\"@id\":\"https:\/\/www.visit-ulcinj.com\/blog\/2013\/01\/14\/vjedhet-flamuri-i-ambasades-se-shqiperise-ne-podgorice\/#webpage\",\"url\":\"https:\/\/www.visit-ulcinj.com\/blog\/2013\/01\/14\/vjedhet-flamuri-i-ambasades-se-shqiperise-ne-podgorice\/\",\"name\":\"Vjedhet flamuri i ambasad\u00ebs s\u00eb Shqip\u00ebris\u00eb n\u00eb Podgoric\u00eb - Lajme nga Ulqini\",\"isPartOf\":{\"@id\":\"https:\/\/www.visit-ulcinj.com\/blog\/#website\"},\"primaryImageOfPage\":{\"@id\":\"https:\/\/www.visit-ulcinj.com\/blog\/2013\/01\/14\/vjedhet-flamuri-i-ambasades-se-shqiperise-ne-podgorice\/#primaryimage\"},\"datePublished\":\"2013-01-14T14:22:24+00:00\",\"dateModified\":\"2013-01-14T19:40:38+00:00\",\"author\":{\"@id\":\"https:\/\/www.visit-ulcinj.com\/blog\/#\/schema\/person\/dcab619c614d3038751c63bc2aadc06d\"},\"description\":\"Policia e Malit t\u00eb Zi ka arrestuar Enver Shabotiqin p\u00ebr shkak t\u00eb dyshimit se ka thyer nd\u00ebrtes\u00ebn e Ambasad\u00ebs s\u00eb Shqip\u00ebris\u00eb n\u00eb Podgoric\u00eb, dhe nga shtiza ka\",\"breadcrumb\":{\"@id\":\"https:\/\/www.visit-ulcinj.com\/blog\/2013\/01\/14\/vjedhet-flamuri-i-ambasades-se-shqiperise-ne-podgorice\/#breadcrumb\"},\"inLanguage\":\"en-US\",\"potentialAction\":[{\"@type\":\"ReadAction\",\"target\":[\"https:\/\/www.visit-ulcinj.com\/blog\/2013\/01\/14\/vjedhet-flamuri-i-ambasades-se-shqiperise-ne-podgorice\/\"]}]},{\"@type\":\"BreadcrumbList\",\"@id\":\"https:\/\/www.visit-ulcinj.com\/blog\/2013\/01\/14\/vjedhet-flamuri-i-ambasades-se-shqiperise-ne-podgorice\/#breadcrumb\",\"itemListElement\":[{\"@type\":\"ListItem\",\"position\":1,\"name\":\"Vjedhet flamuri i ambasad\u00ebs s\u00eb Shqip\u00ebris\u00eb n\u00eb Podgoric\u00eb\"}]},{\"@type\":\"Person\",\"@id\":\"https:\/\/www.visit-ulcinj.com\/blog\/#\/schema\/person\/dcab619c614d3038751c63bc2aadc06d\",\"name\":\"ulqini\",\"sameAs\":[\"http:\/\/www.visit-ulcinj.com\"],\"url\":\"https:\/\/www.visit-ulcinj.com\/blog\/author\/admin\/\"}]}<\/script>\n<!-- \/ Yoast SEO plugin. -->","yoast_head_json":{"title":"Vjedhet flamuri i ambasad\u00ebs s\u00eb Shqip\u00ebris\u00eb n\u00eb Podgoric\u00eb - Lajme nga Ulqini","description":"Policia e Malit t\u00eb Zi ka arrestuar Enver Shabotiqin p\u00ebr shkak t\u00eb dyshimit se ka thyer nd\u00ebrtes\u00ebn e Ambasad\u00ebs s\u00eb Shqip\u00ebris\u00eb n\u00eb Podgoric\u00eb, dhe nga shtiza ka","robots":{"index":"index","follow":"follow","max-snippet":"max-snippet:-1","max-image-preview":"max-image-preview:large","max-video-preview":"max-video-preview:-1"},"canonical":"https:\/\/www.visit-ulcinj.com\/blog\/2013\/01\/14\/vjedhet-flamuri-i-ambasades-se-shqiperise-ne-podgorice\/","og_locale":"en_US","og_type":"article","og_title":"Vjedhet flamuri i ambasad\u00ebs s\u00eb Shqip\u00ebris\u00eb n\u00eb Podgoric\u00eb - Lajme nga Ulqini","og_description":"Policia e Malit t\u00eb Zi ka arrestuar Enver Shabotiqin p\u00ebr shkak t\u00eb dyshimit se ka thyer nd\u00ebrtes\u00ebn e Ambasad\u00ebs s\u00eb Shqip\u00ebris\u00eb n\u00eb Podgoric\u00eb, dhe nga shtiza ka","og_url":"https:\/\/www.visit-ulcinj.com\/blog\/2013\/01\/14\/vjedhet-flamuri-i-ambasades-se-shqiperise-ne-podgorice\/","og_site_name":"Lajme nga Ulqini","article_published_time":"2013-01-14T14:22:24+00:00","article_modified_time":"2013-01-14T19:40:38+00:00","og_image":[{"url":"http:\/\/www.visit-ulcinj.com\/blog\/wp-content\/uploads\/2013\/01\/Ambasada-e-Shqiperise-ne-Podgoric.jpg"}],"twitter_misc":{"Written by":"ulqini","Est. reading time":"1 minute"},"schema":{"@context":"https:\/\/schema.org","@graph":[{"@type":"WebSite","@id":"https:\/\/www.visit-ulcinj.com\/blog\/#website","url":"https:\/\/www.visit-ulcinj.com\/blog\/","name":"Lajme nga Ulqini","description":"Lajme,Vijesti,Ulqini,Ulqin,Crna Gora,Mali i Zi","potentialAction":[{"@type":"SearchAction","target":{"@type":"EntryPoint","urlTemplate":"https:\/\/www.visit-ulcinj.com\/blog\/?s={search_term_string}"},"query-input":"required name=search_term_string"}],"inLanguage":"en-US"},{"@type":"ImageObject","inLanguage":"en-US","@id":"https:\/\/www.visit-ulcinj.com\/blog\/2013\/01\/14\/vjedhet-flamuri-i-ambasades-se-shqiperise-ne-podgorice\/#primaryimage","url":"https:\/\/www.visit-ulcinj.com\/blog\/wp-content\/uploads\/2013\/01\/Ambasada-e-Shqiperise-ne-Podgoric.jpg","contentUrl":"https:\/\/www.visit-ulcinj.com\/blog\/wp-content\/uploads\/2013\/01\/Ambasada-e-Shqiperise-ne-Podgoric.jpg","width":916,"height":878},{"@type":"WebPage","@id":"https:\/\/www.visit-ulcinj.com\/blog\/2013\/01\/14\/vjedhet-flamuri-i-ambasades-se-shqiperise-ne-podgorice\/#webpage","url":"https:\/\/www.visit-ulcinj.com\/blog\/2013\/01\/14\/vjedhet-flamuri-i-ambasades-se-shqiperise-ne-podgorice\/","name":"Vjedhet flamuri i ambasad\u00ebs s\u00eb Shqip\u00ebris\u00eb n\u00eb Podgoric\u00eb - Lajme nga Ulqini","isPartOf":{"@id":"https:\/\/www.visit-ulcinj.com\/blog\/#website"},"primaryImageOfPage":{"@id":"https:\/\/www.visit-ulcinj.com\/blog\/2013\/01\/14\/vjedhet-flamuri-i-ambasades-se-shqiperise-ne-podgorice\/#primaryimage"},"datePublished":"2013-01-14T14:22:24+00:00","dateModified":"2013-01-14T19:40:38+00:00","author":{"@id":"https:\/\/www.visit-ulcinj.com\/blog\/#\/schema\/person\/dcab619c614d3038751c63bc2aadc06d"},"description":"Policia e Malit t\u00eb Zi ka arrestuar Enver Shabotiqin p\u00ebr shkak t\u00eb dyshimit se ka thyer nd\u00ebrtes\u00ebn e Ambasad\u00ebs s\u00eb Shqip\u00ebris\u00eb n\u00eb Podgoric\u00eb, dhe nga shtiza ka","breadcrumb":{"@id":"https:\/\/www.visit-ulcinj.com\/blog\/2013\/01\/14\/vjedhet-flamuri-i-ambasades-se-shqiperise-ne-podgorice\/#breadcrumb"},"inLanguage":"en-US","potentialAction":[{"@type":"ReadAction","target":["https:\/\/www.visit-ulcinj.com\/blog\/2013\/01\/14\/vjedhet-flamuri-i-ambasades-se-shqiperise-ne-podgorice\/"]}]},{"@type":"BreadcrumbList","@id":"https:\/\/www.visit-ulcinj.com\/blog\/2013\/01\/14\/vjedhet-flamuri-i-ambasades-se-shqiperise-ne-podgorice\/#breadcrumb","itemListElement":[{"@type":"ListItem","position":1,"name":"Vjedhet flamuri i ambasad\u00ebs s\u00eb Shqip\u00ebris\u00eb n\u00eb Podgoric\u00eb"}]},{"@type":"Person","@id":"https:\/\/www.visit-ulcinj.com\/blog\/#\/schema\/person\/dcab619c614d3038751c63bc2aadc06d","name":"ulqini","sameAs":["http:\/\/www.visit-ulcinj.com"],"url":"https:\/\/www.visit-ulcinj.com\/blog\/author\/admin\/"}]}},"jetpack_featured_media_url":"","jetpack_sharing_enabled":true,"jetpack_shortlink":"https:\/\/wp.me\/pe6lTn-hAh","_links":{"self":[{"href":"https:\/\/www.visit-ulcinj.com\/blog\/wp-json\/wp\/v2\/posts\/67597"}],"collection":[{"href":"https:\/\/www.visit-ulcinj.com\/blog\/wp-json\/wp\/v2\/posts"}],"about":[{"href":"https:\/\/www.visit-ulcinj.com\/blog\/wp-json\/wp\/v2\/types\/post"}],"author":[{"embeddable":true,"href":"https:\/\/www.visit-ulcinj.com\/blog\/wp-json\/wp\/v2\/users\/1"}],"replies":[{"embeddable":true,"href":"https:\/\/www.visit-ulcinj.com\/blog\/wp-json\/wp\/v2\/comments?post=67597"}],"version-history":[{"count":2,"href":"https:\/\/www.visit-ulcinj.com\/blog\/wp-json\/wp\/v2\/posts\/67597\/revisions"}],"predecessor-version":[{"id":67607,"href":"https:\/\/www.visit-ulcinj.com\/blog\/wp-json\/wp\/v2\/posts\/67597\/revisions\/67607"}],"wp:attachment":[{"href":"https:\/\/www.visit-ulcinj.com\/blog\/wp-json\/wp\/v2\/media?parent=67597"}],"wp:term":[{"taxonomy":"category","embeddable":true,"href":"https:\/\/www.visit-ulcinj.com\/blog\/wp-json\/wp\/v2\/categories?post=67597"},{"taxonomy":"post_tag","embeddable":true,"href":"https:\/\/www.visit-ulcinj.com\/blog\/wp-json\/wp\/v2\/tags?post=67597"}],"curies":[{"name":"wp","href":"https:\/\/api.w.org\/{rel}","templated":true}]}}