{"id":67601,"date":"2013-01-14T18:18:37","date_gmt":"2013-01-14T17:18:37","guid":{"rendered":"http:\/\/www.visit-ulcinj.com\/blog\/?p=67601"},"modified":"2013-01-14T18:18:37","modified_gmt":"2013-01-14T17:18:37","slug":"abazovic-pozitivna-spremna-na-razgovore-sa-df","status":"publish","type":"post","link":"https:\/\/www.visit-ulcinj.com\/blog\/2013\/01\/14\/abazovic-pozitivna-spremna-na-razgovore-sa-df\/","title":{"rendered":"Abazovic: Pozitivna spremna na razgovore sa DF"},"content":{"rendered":"<p><a href=\"http:\/\/www.visit-ulcinj.com\/blog\/wp-content\/uploads\/2013\/01\/Dritan-Abazovic_Pozitivna-Crna-Gora.jpg\"><img loading=\"lazy\" class=\"alignleft  wp-image-67602\" alt=\"Dritan Abazovic_Pozitivna Crna Gora\" src=\"http:\/\/www.visit-ulcinj.com\/blog\/wp-content\/uploads\/2013\/01\/Dritan-Abazovic_Pozitivna-Crna-Gora.jpg\" width=\"508\" height=\"380\" \/><\/a>Pozitivna Crna Gora prihvati\u0107e inicijativu Demokratskog fronta za poku\u0161aj dogovora opozicije o predstoje\u0107im predsjedni\u010dkim i lokalnim izborima, dok \u0107e stav Socijalisti\u010dke narodne partije odrediti njen Glavni odbor. Iz Demokratskog fronta najavljeno je da \u0107e ponuditi svim opozicionim partijama inicijativu za dogovor o predsjedni\u010dkim i lokalnim izborima i promjenama Ustava. Poslanik Pozitivne Dritan Abazovi\u0107 rekao je da ta partja ba\u0161tini takav princip i da nema ni\u0161ta lo\u0161e u tome da se razgovara.<\/p>\n<p>&#8220;Ta\u010dno je da postije razli\u010diti partijski interedsi i gledanja na opozicionu politi\u010dku scenu, ali razgovor ne \u0161kodi, naprotiv mo\u017ee da proizvede ne\u0161to dobro i pozitivno a da li \u0107e biti dogovora, vidje\u0107emo&#8221;, kazao je on Danu, navode\u0107i da o\u010dekuje da \u0107e strana\u010dka tijela Pozitivne ove sedmice razgovarati o predsjedni\u010dkim izborima.<\/p>\n<p>Funkcioner SNP-a Aleksa Be\u010di\u0107 kazao je da \u0107e sve inicijative koje se direktno upute toj partiji biti razmotrene, navode\u0107i da \u0107e kona\u010dnu odluku o svemu donijeti Glavni odbor, prenijela je Mina.<\/p>\n<p><strong>RTCG<\/strong><\/p>\n","protected":false},"excerpt":{"rendered":"<p>Pozitivna Crna Gora prihvati\u0107e inicijativu Demokratskog fronta za poku\u0161aj dogovora opozicije o predstoje\u0107im predsjedni\u010dkim i lokalnim izborima, dok \u0107e stav Socijalisti\u010dke narodne partije odrediti njen Glavni odbor. Iz Demokratskog fronta najavljeno je da \u0107e ponuditi svim opozicionim partijama inicijativu za dogovor o predsjedni\u010dkim i lokalnim izborima i promjenama Ustava. Poslanik Pozitivne Dritan Abazovi\u0107 rekao je [&hellip;]<\/p>\n","protected":false},"author":1,"featured_media":0,"comment_status":"open","ping_status":"closed","sticky":false,"template":"","format":"standard","meta":{"spay_email":"","jetpack_publicize_message":"","jetpack_is_tweetstorm":false,"jetpack_publicize_feature_enabled":true},"categories":[8337],"tags":[13706,20973,19],"jetpack_publicize_connections":[],"yoast_head":"<!-- This site is optimized with the Yoast SEO plugin v19.1 - https:\/\/yoast.com\/wordpress\/plugins\/seo\/ -->\n<title>Abazovic: Pozitivna spremna na razgovore sa DF - Lajme nga Ulqini<\/title>\n<meta name=\"description\" content=\"Pozitivna Crna Gora prihvati\u0107e inicijativu Demokratskog fronta za poku\u0161aj dogovora opozicije o predstoje\u0107im predsjedni\u010dkim i lokalnim izborima, dok \u0107e\" \/>\n<meta name=\"robots\" content=\"index, follow, max-snippet:-1, max-image-preview:large, max-video-preview:-1\" \/>\n<link rel=\"canonical\" href=\"https:\/\/www.visit-ulcinj.com\/blog\/2013\/01\/14\/abazovic-pozitivna-spremna-na-razgovore-sa-df\/\" \/>\n<meta property=\"og:locale\" content=\"en_US\" \/>\n<meta property=\"og:type\" content=\"article\" \/>\n<meta property=\"og:title\" content=\"Abazovic: Pozitivna spremna na razgovore sa DF - Lajme nga Ulqini\" \/>\n<meta property=\"og:description\" content=\"Pozitivna Crna Gora prihvati\u0107e inicijativu Demokratskog fronta za poku\u0161aj dogovora opozicije o predstoje\u0107im predsjedni\u010dkim i lokalnim izborima, dok \u0107e\" \/>\n<meta property=\"og:url\" content=\"https:\/\/www.visit-ulcinj.com\/blog\/2013\/01\/14\/abazovic-pozitivna-spremna-na-razgovore-sa-df\/\" \/>\n<meta property=\"og:site_name\" content=\"Lajme nga Ulqini\" \/>\n<meta property=\"article:published_time\" content=\"2013-01-14T17:18:37+00:00\" \/>\n<meta property=\"og:image\" content=\"http:\/\/www.visit-ulcinj.com\/blog\/wp-content\/uploads\/2013\/01\/Dritan-Abazovic_Pozitivna-Crna-Gora.jpg\" \/>\n<meta name=\"twitter:label1\" content=\"Written by\" \/>\n\t<meta name=\"twitter:data1\" content=\"ulqini\" \/>\n\t<meta name=\"twitter:label2\" content=\"Est. reading time\" \/>\n\t<meta name=\"twitter:data2\" content=\"1 minute\" \/>\n<script type=\"application\/ld+json\" class=\"yoast-schema-graph\">{\"@context\":\"https:\/\/schema.org\",\"@graph\":[{\"@type\":\"WebSite\",\"@id\":\"https:\/\/www.visit-ulcinj.com\/blog\/#website\",\"url\":\"https:\/\/www.visit-ulcinj.com\/blog\/\",\"name\":\"Lajme nga Ulqini\",\"description\":\"Lajme,Vijesti,Ulqini,Ulqin,Crna Gora,Mali i Zi\",\"potentialAction\":[{\"@type\":\"SearchAction\",\"target\":{\"@type\":\"EntryPoint\",\"urlTemplate\":\"https:\/\/www.visit-ulcinj.com\/blog\/?s={search_term_string}\"},\"query-input\":\"required name=search_term_string\"}],\"inLanguage\":\"en-US\"},{\"@type\":\"ImageObject\",\"inLanguage\":\"en-US\",\"@id\":\"https:\/\/www.visit-ulcinj.com\/blog\/2013\/01\/14\/abazovic-pozitivna-spremna-na-razgovore-sa-df\/#primaryimage\",\"url\":\"https:\/\/www.visit-ulcinj.com\/blog\/wp-content\/uploads\/2013\/01\/Dritan-Abazovic_Pozitivna-Crna-Gora.jpg\",\"contentUrl\":\"https:\/\/www.visit-ulcinj.com\/blog\/wp-content\/uploads\/2013\/01\/Dritan-Abazovic_Pozitivna-Crna-Gora.jpg\",\"width\":825,\"height\":638},{\"@type\":\"WebPage\",\"@id\":\"https:\/\/www.visit-ulcinj.com\/blog\/2013\/01\/14\/abazovic-pozitivna-spremna-na-razgovore-sa-df\/#webpage\",\"url\":\"https:\/\/www.visit-ulcinj.com\/blog\/2013\/01\/14\/abazovic-pozitivna-spremna-na-razgovore-sa-df\/\",\"name\":\"Abazovic: Pozitivna spremna na razgovore sa DF - Lajme nga Ulqini\",\"isPartOf\":{\"@id\":\"https:\/\/www.visit-ulcinj.com\/blog\/#website\"},\"primaryImageOfPage\":{\"@id\":\"https:\/\/www.visit-ulcinj.com\/blog\/2013\/01\/14\/abazovic-pozitivna-spremna-na-razgovore-sa-df\/#primaryimage\"},\"datePublished\":\"2013-01-14T17:18:37+00:00\",\"dateModified\":\"2013-01-14T17:18:37+00:00\",\"author\":{\"@id\":\"https:\/\/www.visit-ulcinj.com\/blog\/#\/schema\/person\/dcab619c614d3038751c63bc2aadc06d\"},\"description\":\"Pozitivna Crna Gora prihvati\u0107e inicijativu Demokratskog fronta za poku\u0161aj dogovora opozicije o predstoje\u0107im predsjedni\u010dkim i lokalnim izborima, dok \u0107e\",\"breadcrumb\":{\"@id\":\"https:\/\/www.visit-ulcinj.com\/blog\/2013\/01\/14\/abazovic-pozitivna-spremna-na-razgovore-sa-df\/#breadcrumb\"},\"inLanguage\":\"en-US\",\"potentialAction\":[{\"@type\":\"ReadAction\",\"target\":[\"https:\/\/www.visit-ulcinj.com\/blog\/2013\/01\/14\/abazovic-pozitivna-spremna-na-razgovore-sa-df\/\"]}]},{\"@type\":\"BreadcrumbList\",\"@id\":\"https:\/\/www.visit-ulcinj.com\/blog\/2013\/01\/14\/abazovic-pozitivna-spremna-na-razgovore-sa-df\/#breadcrumb\",\"itemListElement\":[{\"@type\":\"ListItem\",\"position\":1,\"name\":\"Abazovic: Pozitivna spremna na razgovore sa DF\"}]},{\"@type\":\"Person\",\"@id\":\"https:\/\/www.visit-ulcinj.com\/blog\/#\/schema\/person\/dcab619c614d3038751c63bc2aadc06d\",\"name\":\"ulqini\",\"sameAs\":[\"http:\/\/www.visit-ulcinj.com\"],\"url\":\"https:\/\/www.visit-ulcinj.com\/blog\/author\/admin\/\"}]}<\/script>\n<!-- \/ Yoast SEO plugin. -->","yoast_head_json":{"title":"Abazovic: Pozitivna spremna na razgovore sa DF - Lajme nga Ulqini","description":"Pozitivna Crna Gora prihvati\u0107e inicijativu Demokratskog fronta za poku\u0161aj dogovora opozicije o predstoje\u0107im predsjedni\u010dkim i lokalnim izborima, dok \u0107e","robots":{"index":"index","follow":"follow","max-snippet":"max-snippet:-1","max-image-preview":"max-image-preview:large","max-video-preview":"max-video-preview:-1"},"canonical":"https:\/\/www.visit-ulcinj.com\/blog\/2013\/01\/14\/abazovic-pozitivna-spremna-na-razgovore-sa-df\/","og_locale":"en_US","og_type":"article","og_title":"Abazovic: Pozitivna spremna na razgovore sa DF - Lajme nga Ulqini","og_description":"Pozitivna Crna Gora prihvati\u0107e inicijativu Demokratskog fronta za poku\u0161aj dogovora opozicije o predstoje\u0107im predsjedni\u010dkim i lokalnim izborima, dok \u0107e","og_url":"https:\/\/www.visit-ulcinj.com\/blog\/2013\/01\/14\/abazovic-pozitivna-spremna-na-razgovore-sa-df\/","og_site_name":"Lajme nga Ulqini","article_published_time":"2013-01-14T17:18:37+00:00","og_image":[{"url":"http:\/\/www.visit-ulcinj.com\/blog\/wp-content\/uploads\/2013\/01\/Dritan-Abazovic_Pozitivna-Crna-Gora.jpg"}],"twitter_misc":{"Written by":"ulqini","Est. reading time":"1 minute"},"schema":{"@context":"https:\/\/schema.org","@graph":[{"@type":"WebSite","@id":"https:\/\/www.visit-ulcinj.com\/blog\/#website","url":"https:\/\/www.visit-ulcinj.com\/blog\/","name":"Lajme nga Ulqini","description":"Lajme,Vijesti,Ulqini,Ulqin,Crna Gora,Mali i Zi","potentialAction":[{"@type":"SearchAction","target":{"@type":"EntryPoint","urlTemplate":"https:\/\/www.visit-ulcinj.com\/blog\/?s={search_term_string}"},"query-input":"required name=search_term_string"}],"inLanguage":"en-US"},{"@type":"ImageObject","inLanguage":"en-US","@id":"https:\/\/www.visit-ulcinj.com\/blog\/2013\/01\/14\/abazovic-pozitivna-spremna-na-razgovore-sa-df\/#primaryimage","url":"https:\/\/www.visit-ulcinj.com\/blog\/wp-content\/uploads\/2013\/01\/Dritan-Abazovic_Pozitivna-Crna-Gora.jpg","contentUrl":"https:\/\/www.visit-ulcinj.com\/blog\/wp-content\/uploads\/2013\/01\/Dritan-Abazovic_Pozitivna-Crna-Gora.jpg","width":825,"height":638},{"@type":"WebPage","@id":"https:\/\/www.visit-ulcinj.com\/blog\/2013\/01\/14\/abazovic-pozitivna-spremna-na-razgovore-sa-df\/#webpage","url":"https:\/\/www.visit-ulcinj.com\/blog\/2013\/01\/14\/abazovic-pozitivna-spremna-na-razgovore-sa-df\/","name":"Abazovic: Pozitivna spremna na razgovore sa DF - Lajme nga Ulqini","isPartOf":{"@id":"https:\/\/www.visit-ulcinj.com\/blog\/#website"},"primaryImageOfPage":{"@id":"https:\/\/www.visit-ulcinj.com\/blog\/2013\/01\/14\/abazovic-pozitivna-spremna-na-razgovore-sa-df\/#primaryimage"},"datePublished":"2013-01-14T17:18:37+00:00","dateModified":"2013-01-14T17:18:37+00:00","author":{"@id":"https:\/\/www.visit-ulcinj.com\/blog\/#\/schema\/person\/dcab619c614d3038751c63bc2aadc06d"},"description":"Pozitivna Crna Gora prihvati\u0107e inicijativu Demokratskog fronta za poku\u0161aj dogovora opozicije o predstoje\u0107im predsjedni\u010dkim i lokalnim izborima, dok \u0107e","breadcrumb":{"@id":"https:\/\/www.visit-ulcinj.com\/blog\/2013\/01\/14\/abazovic-pozitivna-spremna-na-razgovore-sa-df\/#breadcrumb"},"inLanguage":"en-US","potentialAction":[{"@type":"ReadAction","target":["https:\/\/www.visit-ulcinj.com\/blog\/2013\/01\/14\/abazovic-pozitivna-spremna-na-razgovore-sa-df\/"]}]},{"@type":"BreadcrumbList","@id":"https:\/\/www.visit-ulcinj.com\/blog\/2013\/01\/14\/abazovic-pozitivna-spremna-na-razgovore-sa-df\/#breadcrumb","itemListElement":[{"@type":"ListItem","position":1,"name":"Abazovic: Pozitivna spremna na razgovore sa DF"}]},{"@type":"Person","@id":"https:\/\/www.visit-ulcinj.com\/blog\/#\/schema\/person\/dcab619c614d3038751c63bc2aadc06d","name":"ulqini","sameAs":["http:\/\/www.visit-ulcinj.com"],"url":"https:\/\/www.visit-ulcinj.com\/blog\/author\/admin\/"}]}},"jetpack_featured_media_url":"","jetpack_sharing_enabled":true,"jetpack_shortlink":"https:\/\/wp.me\/pe6lTn-hAl","_links":{"self":[{"href":"https:\/\/www.visit-ulcinj.com\/blog\/wp-json\/wp\/v2\/posts\/67601"}],"collection":[{"href":"https:\/\/www.visit-ulcinj.com\/blog\/wp-json\/wp\/v2\/posts"}],"about":[{"href":"https:\/\/www.visit-ulcinj.com\/blog\/wp-json\/wp\/v2\/types\/post"}],"author":[{"embeddable":true,"href":"https:\/\/www.visit-ulcinj.com\/blog\/wp-json\/wp\/v2\/users\/1"}],"replies":[{"embeddable":true,"href":"https:\/\/www.visit-ulcinj.com\/blog\/wp-json\/wp\/v2\/comments?post=67601"}],"version-history":[{"count":1,"href":"https:\/\/www.visit-ulcinj.com\/blog\/wp-json\/wp\/v2\/posts\/67601\/revisions"}],"predecessor-version":[{"id":67603,"href":"https:\/\/www.visit-ulcinj.com\/blog\/wp-json\/wp\/v2\/posts\/67601\/revisions\/67603"}],"wp:attachment":[{"href":"https:\/\/www.visit-ulcinj.com\/blog\/wp-json\/wp\/v2\/media?parent=67601"}],"wp:term":[{"taxonomy":"category","embeddable":true,"href":"https:\/\/www.visit-ulcinj.com\/blog\/wp-json\/wp\/v2\/categories?post=67601"},{"taxonomy":"post_tag","embeddable":true,"href":"https:\/\/www.visit-ulcinj.com\/blog\/wp-json\/wp\/v2\/tags?post=67601"}],"curies":[{"name":"wp","href":"https:\/\/api.w.org\/{rel}","templated":true}]}}