{"id":67608,"date":"2013-01-15T09:00:16","date_gmt":"2013-01-15T08:00:16","guid":{"rendered":"http:\/\/www.visit-ulcinj.com\/blog\/?p=67608"},"modified":"2013-01-24T16:00:32","modified_gmt":"2013-01-24T15:00:32","slug":"mbahet-kuvendi-vi-zgjedhor-te-udsh-se-ne-ulqin","status":"publish","type":"post","link":"https:\/\/www.visit-ulcinj.com\/blog\/2013\/01\/15\/mbahet-kuvendi-vi-zgjedhor-te-udsh-se-ne-ulqin\/","title":{"rendered":"Mbahet Kuvendi VI Zgjedhor t\u00eb UDSH-s\u00eb n\u00eb Ulqin"},"content":{"rendered":"<p><a href=\"http:\/\/www.visit-ulcinj.com\/blog\/wp-content\/uploads\/2013\/01\/Kuvendi-VI-Zgjedhor-t\u00eb-UDSH-se_Ulqin_Mali-i-Zi.jpg\"><img loading=\"lazy\" class=\"alignleft  wp-image-67609\" alt=\"Kuvendi VI Zgjedhor t\u00eb UDSH-se_Ulqin_Mali i Zi\" src=\"http:\/\/www.visit-ulcinj.com\/blog\/wp-content\/uploads\/2013\/01\/Kuvendi-VI-Zgjedhor-t\u00eb-UDSH-se_Ulqin_Mali-i-Zi.jpg\" width=\"508\" height=\"360\" \/><\/a>N\u00eb Kuvendin e gjasht\u00eb Zgjedhor\u00a0 t\u00eb Unionit Demokratik t\u00eb Shqiptar\u00ebve, t\u00eb mbajtur n\u00eb Ulqin, m\u00eb 23.12.2012 vit, prej 102 delegat\u00ebve t\u00eb ftuar nga Ulqini,Tuzi,Rozhaja,Plava dhe Gucia marr\u00ebn pjes\u00eb 90 delegat\u00a0 dhe e zgjodh\u00ebn kryesin e re t\u00eb K\u00ebshillit Qendror (organit ma t\u00eb lart t\u00eb partis\u00eb) prej 25 an\u00ebtar dhe kryetarin e partis\u00eb s\u00eb UDSH-s\u00eb.<\/p>\n<p><b><i>Kryesia e pun\u00ebs s\u00eb Kuvendit t\u00eb VI Zgjedhor<\/i><\/b><\/p>\n<ol>\n<li>Mehmed Zenka<\/li>\n<li>Hadixhe Gjoni<\/li>\n<li>Enver Dedushaj<\/li>\n<li>Fadil Kajoshaj<\/li>\n<li>Jasmina Hasa<\/li>\n<\/ol>\n<p><b><i>P\u00ebr an\u00ebtar\u00eb t\u00eb K\u00ebshillit Qendror \u00a0u zgjodh\u00ebn :<\/i><\/b><\/p>\n<p><b><i>\u00a0Dega e \u00a0Ulqinit <\/i><\/b><\/p>\n<ol>\n<li>Hadixhe Gjoni<\/li>\n<li>Jasmina Hasa<\/li>\n<li>Beqir Zati<\/li>\n<li>Gzim Hajdinaga<\/li>\n<li>dr.Xhelal Myrtja<\/li>\n<li>Hysein Ceno Dervishi<\/li>\n<li>Nexhat Hasanaga<\/li>\n<li>Nuro Shata<\/li>\n<li>Gazmond Kaleziq<\/li>\n<li>Enver Sefa<\/li>\n<li>Skender Kaleziqi<\/li>\n<li>Dritan Allaj<\/li>\n<\/ol>\n<p><b><i>Dega e Tuzit<\/i><\/b><\/p>\n<ol>\n<li>Hamdi Hasani<\/li>\n<li>Enis Gjokaj<\/li>\n<li>Xhevdet Gjokaj<\/li>\n<li>Allmir Lulanaj<\/li>\n<li>Admir Nikaj<\/li>\n<li>Anita Nikaj<\/li>\n<li>Rrustem Dinosha<\/li>\n<li>Sulejman Beqaj<\/li>\n<\/ol>\n<p><b><i>Dega e Plav\u00eb dhe Guci<\/i><\/b><\/p>\n<ol>\n<li>Enver dedushaj<\/li>\n<li>Selim prelvukaj<\/li>\n<li>Musa Go\u00e7aj<\/li>\n<li>Syl\u00eb Rugova<\/li>\n<\/ol>\n<p><b><i>Dega e Rozhaj\u00ebs<\/i><\/b><\/p>\n<ol>\n<li>Zeq Daci<\/li>\n<\/ol>\n<p>P\u00ebr kryetar t\u00eb UDSH-s\u00eb nj\u00eb z\u00ebri u zgjodh Mehmed Zenka.\u00a0 Z..Zenka deri tani ka mbuluar postin e n\u00ebnkryetarit t\u00eb partis\u00eb n\u00eb fjal\u00eb.<\/p>\n<p>Kurse z.Ferhat Dinosha ,lideri i deri tash\u00ebm i UDSH-s\u00eb u zgjodh kryetari nderi i UDSH-s\u00eb.<\/p>\n\n\t\t<style type=\"text\/css\">\n\t\t\t#gallery-1 {\n\t\t\t\tmargin: auto;\n\t\t\t}\n\t\t\t#gallery-1 .gallery-item {\n\t\t\t\tfloat: left;\n\t\t\t\tmargin-top: 10px;\n\t\t\t\ttext-align: center;\n\t\t\t\twidth: 33%;\n\t\t\t}\n\t\t\t#gallery-1 img {\n\t\t\t\tborder: 2px solid #cfcfcf;\n\t\t\t}\n\t\t\t#gallery-1 .gallery-caption {\n\t\t\t\tmargin-left: 0;\n\t\t\t}\n\t\t\t\/* see gallery_shortcode() in wp-includes\/media.php *\/\n\t\t<\/style>\n\t\t<div id='gallery-1' class='gallery galleryid-67608 gallery-columns-3 gallery-size-thumbnail'><dl class='gallery-item'>\n\t\t\t<dt class='gallery-icon portrait'>\n\t\t\t\t<a href='https:\/\/www.visit-ulcinj.com\/blog\/2013\/01\/15\/mbahet-kuvendi-vi-zgjedhor-te-udsh-se-ne-ulqin\/unioni-demokratik-te-shqiptareve_ulqin-7\/'><img width=\"150\" height=\"150\" src=\"https:\/\/www.visit-ulcinj.com\/blog\/wp-content\/uploads\/2013\/01\/Unioni-Demokratik-t\u00eb-Shqiptar\u00ebve_Ulqin.7-150x150.jpg\" class=\"attachment-thumbnail size-thumbnail\" alt=\"\" loading=\"lazy\" srcset=\"https:\/\/www.visit-ulcinj.com\/blog\/wp-content\/uploads\/2013\/01\/Unioni-Demokratik-t\u00eb-Shqiptar\u00ebve_Ulqin.7-150x150.jpg 150w, https:\/\/www.visit-ulcinj.com\/blog\/wp-content\/uploads\/2013\/01\/Unioni-Demokratik-t\u00eb-Shqiptar\u00ebve_Ulqin.7.jpg 951w\" sizes=\"(max-width: 150px) 100vw, 150px\" \/><\/a>\n\t\t\t<\/dt><\/dl><dl class='gallery-item'>\n\t\t\t<dt class='gallery-icon landscape'>\n\t\t\t\t<a href='https:\/\/www.visit-ulcinj.com\/blog\/2013\/01\/15\/mbahet-kuvendi-vi-zgjedhor-te-udsh-se-ne-ulqin\/unioni-demokratik-te-shqiptareve_ulqin-6\/'><img width=\"150\" height=\"150\" src=\"https:\/\/www.visit-ulcinj.com\/blog\/wp-content\/uploads\/2013\/01\/Unioni-Demokratik-t\u00eb-Shqiptar\u00ebve_Ulqin.6-150x150.jpg\" class=\"attachment-thumbnail size-thumbnail\" alt=\"\" loading=\"lazy\" \/><\/a>\n\t\t\t<\/dt><\/dl><dl class='gallery-item'>\n\t\t\t<dt class='gallery-icon landscape'>\n\t\t\t\t<a href='https:\/\/www.visit-ulcinj.com\/blog\/2013\/01\/15\/mbahet-kuvendi-vi-zgjedhor-te-udsh-se-ne-ulqin\/unioni-demokratik-te-shqiptareve_ulqin-5\/'><img width=\"150\" height=\"150\" src=\"https:\/\/www.visit-ulcinj.com\/blog\/wp-content\/uploads\/2013\/01\/Unioni-Demokratik-t\u00eb-Shqiptar\u00ebve_Ulqin.5-150x150.jpg\" class=\"attachment-thumbnail size-thumbnail\" alt=\"\" loading=\"lazy\" \/><\/a>\n\t\t\t<\/dt><\/dl><br style=\"clear: both\" \/><dl class='gallery-item'>\n\t\t\t<dt class='gallery-icon landscape'>\n\t\t\t\t<a href='https:\/\/www.visit-ulcinj.com\/blog\/2013\/01\/15\/mbahet-kuvendi-vi-zgjedhor-te-udsh-se-ne-ulqin\/unioni-demokratik-te-shqiptareve_ulqin-4\/'><img width=\"150\" height=\"150\" src=\"https:\/\/www.visit-ulcinj.com\/blog\/wp-content\/uploads\/2013\/01\/Unioni-Demokratik-t\u00eb-Shqiptar\u00ebve_Ulqin.4-150x150.jpg\" class=\"attachment-thumbnail size-thumbnail\" alt=\"\" loading=\"lazy\" \/><\/a>\n\t\t\t<\/dt><\/dl><dl class='gallery-item'>\n\t\t\t<dt class='gallery-icon landscape'>\n\t\t\t\t<a href='https:\/\/www.visit-ulcinj.com\/blog\/2013\/01\/15\/mbahet-kuvendi-vi-zgjedhor-te-udsh-se-ne-ulqin\/unioni-demokratik-te-shqiptareve_ulqin-3\/'><img width=\"150\" height=\"150\" src=\"https:\/\/www.visit-ulcinj.com\/blog\/wp-content\/uploads\/2013\/01\/Unioni-Demokratik-t\u00eb-Shqiptar\u00ebve_Ulqin.3-150x150.jpg\" class=\"attachment-thumbnail size-thumbnail\" alt=\"\" loading=\"lazy\" \/><\/a>\n\t\t\t<\/dt><\/dl><dl class='gallery-item'>\n\t\t\t<dt class='gallery-icon landscape'>\n\t\t\t\t<a href='https:\/\/www.visit-ulcinj.com\/blog\/2013\/01\/15\/mbahet-kuvendi-vi-zgjedhor-te-udsh-se-ne-ulqin\/unioni-demokratik-te-shqiptareve_ulqin-2\/'><img width=\"150\" height=\"150\" src=\"https:\/\/www.visit-ulcinj.com\/blog\/wp-content\/uploads\/2013\/01\/Unioni-Demokratik-t\u00eb-Shqiptar\u00ebve_Ulqin.2-150x150.jpg\" class=\"attachment-thumbnail size-thumbnail\" alt=\"\" loading=\"lazy\" \/><\/a>\n\t\t\t<\/dt><\/dl><br style=\"clear: both\" \/><dl class='gallery-item'>\n\t\t\t<dt class='gallery-icon landscape'>\n\t\t\t\t<a href='https:\/\/www.visit-ulcinj.com\/blog\/2013\/01\/15\/mbahet-kuvendi-vi-zgjedhor-te-udsh-se-ne-ulqin\/unioni-demokratik-te-shqiptareve_ulqin\/'><img width=\"150\" height=\"150\" src=\"https:\/\/www.visit-ulcinj.com\/blog\/wp-content\/uploads\/2013\/01\/Unioni-Demokratik-t\u00eb-Shqiptar\u00ebve_Ulqin-150x150.jpg\" class=\"attachment-thumbnail size-thumbnail\" alt=\"\" loading=\"lazy\" \/><\/a>\n\t\t\t<\/dt><\/dl><dl class='gallery-item'>\n\t\t\t<dt class='gallery-icon landscape'>\n\t\t\t\t<a href='https:\/\/www.visit-ulcinj.com\/blog\/2013\/01\/15\/mbahet-kuvendi-vi-zgjedhor-te-udsh-se-ne-ulqin\/unioni-demokratik-te-shqiptareve_ulqin-1\/'><img width=\"150\" height=\"150\" src=\"https:\/\/www.visit-ulcinj.com\/blog\/wp-content\/uploads\/2013\/01\/Unioni-Demokratik-t\u00eb-Shqiptar\u00ebve_Ulqin.1-150x150.jpg\" class=\"attachment-thumbnail size-thumbnail\" alt=\"\" loading=\"lazy\" \/><\/a>\n\t\t\t<\/dt><\/dl><dl class='gallery-item'>\n\t\t\t<dt class='gallery-icon landscape'>\n\t\t\t\t<a href='https:\/\/www.visit-ulcinj.com\/blog\/2013\/01\/15\/mbahet-kuvendi-vi-zgjedhor-te-udsh-se-ne-ulqin\/gezim-hajdinaga_unioni-demokratik-te-shqiptareve\/'><img width=\"150\" height=\"150\" src=\"https:\/\/www.visit-ulcinj.com\/blog\/wp-content\/uploads\/2013\/01\/Gezim-Hajdinaga_Unioni-Demokratik-t\u00eb-Shqiptar\u00ebve-150x150.jpg\" class=\"attachment-thumbnail size-thumbnail\" alt=\"\" loading=\"lazy\" \/><\/a>\n\t\t\t<\/dt><\/dl><br style=\"clear: both\" \/><dl class='gallery-item'>\n\t\t\t<dt class='gallery-icon landscape'>\n\t\t\t\t<a href='https:\/\/www.visit-ulcinj.com\/blog\/2013\/01\/15\/mbahet-kuvendi-vi-zgjedhor-te-udsh-se-ne-ulqin\/ferhat-dinosha_unioni-demokratik-te-shqiptareve\/'><img width=\"150\" height=\"150\" src=\"https:\/\/www.visit-ulcinj.com\/blog\/wp-content\/uploads\/2013\/01\/Ferhat-Dinosha_Unioni-Demokratik-t\u00eb-Shqiptar\u00ebve-150x150.jpg\" class=\"attachment-thumbnail size-thumbnail\" alt=\"\" loading=\"lazy\" \/><\/a>\n\t\t\t<\/dt><\/dl><dl class='gallery-item'>\n\t\t\t<dt class='gallery-icon landscape'>\n\t\t\t\t<a href='https:\/\/www.visit-ulcinj.com\/blog\/2013\/01\/15\/mbahet-kuvendi-vi-zgjedhor-te-udsh-se-ne-ulqin\/beqir-zati_unionit-demokratik-te-shqiptareve\/'><img width=\"150\" height=\"150\" src=\"https:\/\/www.visit-ulcinj.com\/blog\/wp-content\/uploads\/2013\/01\/Beqir-Zati_Unionit-Demokratik-t\u00eb-Shqiptar\u00ebve-150x150.jpg\" class=\"attachment-thumbnail size-thumbnail\" alt=\"\" loading=\"lazy\" \/><\/a>\n\t\t\t<\/dt><\/dl><dl class='gallery-item'>\n\t\t\t<dt class='gallery-icon landscape'>\n\t\t\t\t<a href='https:\/\/www.visit-ulcinj.com\/blog\/2013\/01\/15\/mbahet-kuvendi-vi-zgjedhor-te-udsh-se-ne-ulqin\/mehmet-zenka_unionit-demokratik-te-shqiptareve\/'><img width=\"150\" height=\"150\" src=\"https:\/\/www.visit-ulcinj.com\/blog\/wp-content\/uploads\/2013\/01\/Mehmet-Zenka_Unionit-Demokratik-t\u00eb-Shqiptar\u00ebve-150x150.jpg\" class=\"attachment-thumbnail size-thumbnail\" alt=\"\" loading=\"lazy\" \/><\/a>\n\t\t\t<\/dt><\/dl><br style=\"clear: both\" \/>\n\t\t<\/div>\n\n<p align=\"center\"><b>UNIONI\u00a0 DEMOKRATIK\u00a0 I\u00a0 SHQIPTAR\u00cbVE<\/b><\/p>\n<p align=\"center\"><b>PROGRAMI \u00a0POLITIK<\/b><\/p>\n<p>&nbsp;<\/p>\n<p><b>Ulqin, m\u00eb 23.12.2012<\/b><\/p>\n<p><b>UNIONI DEMOKRATIK I SHQIPTAR\u00cbVE (UDSH),<\/b> i formuar ne n\u00ebntor t\u00eb vitit 1993, \u00ebsht\u00eb parti nacionale e shqiptar\u00ebve n\u00eb Mal t\u00eb Zi me tradit\u00eb tashm\u00eb \u00a0\u00a0\u00a0\u00a0\u00a0\u00a0\u00a0\u00a0\u00a0\u00a016-vje\u00e7are parlamentare, q\u00eb, mbi bazat e standardeve demokratike evropiane dhe Institutit t\u00eb <i><span style=\"text-decoration: underline;\">Aksionit Afirmativ,<\/span><\/i>angazhohet p\u00ebr t\u00eb p\u00ebrmir\u00ebsuar pozit\u00ebn dhe p\u00ebr t\u00eb definuar statusin e shqiptar\u00ebve, si <i><span style=\"text-decoration: underline;\">pakic\u00eb nacionale<\/span><\/i> n\u00eb Mal t\u00eb Zi.<\/p>\n<p>Referendumi i 21 Majit t\u00eb vitit 2006 ka sjell\u00eb pavar\u00ebsin\u00eb e Malit t\u00eb Zi, q\u00eb UDSH e ka ndihmuar ne m\u00ebnyr\u00eb aktive e transparente, duke n\u00ebnshkruar (e vetmja parti shqiptare) Marr\u00ebveshjen p\u00ebr veprim t\u00eb p\u00ebrbashk\u00ebt me forcat e pavar\u00ebsis\u00eb. \u00a0\u00a0\u00a0\u00a0\u00a0\u00a0\u00a0\u00a0Ky pozicion i drejt\u00eb i UDSH \u00ebsht\u00eb verifikuar me p\u00ebrkrahjen pothuaj plebishitare q\u00eb shqiptaret ia kan\u00eb dh\u00ebn\u00eb pavar\u00ebsis\u00eb s\u00eb Malit t\u00eb Zi. Natyrisht se pavar\u00ebsia sh\u00ebnon fillimin e marr\u00ebdh\u00ebnieve t\u00eb reja n\u00eb sken\u00ebn shoq\u00ebrore e politike t\u00eb Malit t\u00eb Zi.<\/p>\n<p>Unioni Demokratik i Shqiptar\u00ebve, n\u00eb <i><span style=\"text-decoration: underline;\">Programin Politik<\/span>,<\/i> patjet\u00ebr do t\u00eb inkorporojn\u00eb momente e projekte q\u00eb do t\u00eb dalin para Malit t\u00eb Zi n\u00eb rrug\u00ebn e tij t\u00eb integrimeve evropiane e euroatlantike, duke definuar qart\u00eb edhe k\u00ebrkesat e shqiptar\u00ebve p\u00ebr nj\u00eb status t\u00eb ve\u00e7ant\u00eb q\u00eb do t\u00eb p\u00ebrkonte me standardet demokratike evropiane q\u00eb kan\u00eb t\u00eb b\u00ebjn\u00eb me t\u00eb drejtat e pakicave nacionale n\u00eb demokracit\u00eb\u00a0 shum\u00ebnacionale evropiane. Pra, UDSH do t\u00eb vazhdoj partnerizmin me pushtetet demokratike ne \u00a0\u00a0\u00a0\u00a0\u00a0Mal t\u00eb Zi dhe veprimin politik institucional, me moton <i><span style=\"text-decoration: underline;\">Integrime me Identitet.<\/span><\/i><\/p>\n<p>N\u00eb planin e jasht\u00ebm UDSH do t\u00eb p\u00ebrkrah\u00eb:<\/p>\n<ul>\n<li>Intergrimin e Malit t\u00eb Zi n\u00eb NATO;<\/li>\n<li>Intergrimin e Malit t\u00eb Zi n\u00eb BE;<\/li>\n<li>Intergrimin e Malit t\u00eb Zi n\u00eb t\u00eb gjitha organizatat dhe institucionet relevante politike e ekonomike nd\u00ebrkomb\u00ebtare;<\/li>\n<li>Vendosjen e raporteve t\u00eb mira t\u00eb Malit t\u00eb Zi me shtetet ky\u00e7e t\u00eb Bashk\u00ebsis\u00eb Nd\u00ebrkomb\u00ebtare, sidomos me BE dhe me SHBA;<\/li>\n<li>P\u00ebrmir\u00ebsimin e marr\u00ebdh\u00ebnieve t\u00eb mira t\u00eb Malit t\u00eb Zi me fqinj\u00ebt, sidomos me Republik\u00ebn e Shqip\u00ebris\u00eb dhe me Kosov\u00ebn.<\/li>\n<\/ul>\n<p>N\u00eb planin e brendsh\u00ebm, duke vazhduar partnerizmin institucional me pushtetet demokratike n\u00eb Mal t\u00eb Zi, UDSH do t\u00eb angazhohet ve\u00e7mas p\u00ebr jet\u00ebsimin e plot\u00eb t\u00eb Platform\u00ebs Politike t\u00eb Vitit 2000, n\u00eb t\u00eb gjitha elementet e saj q\u00eb prodhojn\u00eb nj\u00eb <i><span style=\"text-decoration: underline;\">autonomi personale<\/span><\/i> me elemente t\u00eb autonomis\u00eb politike, asaj kulturore dhe t\u00eb autonomis\u00eb territoriale p\u00ebr shqiptar\u00ebt.<\/p>\n<p>Platforma Politike e vitit 2000 (q\u00eb \u00ebsht\u00eb e hapur edhe p\u00ebr pakicat tjera nacionale) mbetet pjes\u00eb e programit ton\u00eb politik.<\/p>\n<p>-P\u00ebrfaq\u00ebsimi proporcional n\u00eb organet dhe n\u00eb administrat\u00ebn e shtetit<\/p>\n<p>-Decentralizimi i qeverisjes lokale n\u00eb pajtim me Kart\u00ebn Evropiane p\u00ebr<\/p>\n<p>Qeverisjen lokale<\/p>\n<p>-P\u00ebrdorimi i simboleve komb\u00ebtare<\/p>\n<p>-Sh\u00ebnim i festave komb\u00ebtare<\/p>\n<p>-Shkollimi superior n\u00eb gjuhem shqipe<\/p>\n<p>-P\u00ebrmir\u00ebsimi i plan programeve m\u00ebsimore<\/p>\n<p>-Gjuha shqipe dhe alfabeti i saj n\u00eb p\u00ebrdorimi zyrtar, n\u00eb pajtim me<\/p>\n<p>standardet evropiane<\/p>\n<p>-Kultivimi dhe p\u00ebrparimi i ve\u00e7orive kulturore e shpirt\u00ebrore t\u00eb shqiptar\u00ebve<\/p>\n<p>-P\u00ebrmir\u00ebsimi i informimit shqip<\/p>\n<p>-Bashk\u00ebpunimi demokratik me shqiptar\u00ebt jasht\u00eb Malit t\u00eb Zi, n\u00eb t\u00eb gjitha<\/p>\n<p>fushat<\/p>\n<p>-Ngritja e Institucionit t\u00eb Ombudsmanit p\u00ebr t\u00eb drejtat e pakicave<\/p>\n<p>nacionale<\/p>\n<p>-Formimi i <i><span style=\"text-decoration: underline;\">K\u00ebshillit Nacional t\u00eb Shqiptar\u00ebve<\/span><\/i><\/p>\n<p>-Themelimi i Fondit t\u00eb Pakicave Nacionale etj.<\/p>\n<p>Tashm\u00eb jan\u00eb sanksionuar me Kushtetut\u00ebn e re t\u00eb Malit t\u00eb Zi dhe me ligjin p\u00ebr t\u00eb Drejtat edhe Lirit\u00eb e Pakicave, ne mendojm\u00eb se Instituti i aksionit afirmativ p\u00ebr p\u00ebrfaq\u00ebsimin\u00a0 politik t\u00eb pakicave nacionale, q\u00eb Kushtetuta e re supozon brenda nj\u00eb dhome t\u00eb Kuvendit t\u00eb Malit t\u00eb Zi, do t\u00eb merrte shprehjen m\u00eb t\u00eb plot\u00eb e m\u00eb efikase n\u00eb dhom\u00ebn e dyt\u00eb t\u00eb Kuvendit, n\u00eb form\u00eb t\u00eb <i><span style=\"text-decoration: underline;\">Dhom\u00ebs s\u00eb Pakicave Nacionale.<\/span><\/i><\/p>\n<p>N\u00eb k\u00ebt\u00eb dhom\u00eb do t\u00eb ishin p\u00ebrfaq\u00ebsuesit autentik t\u00eb t\u00eb gjitha pakicave nacionale dhe pa p\u00eblqimin e 2\/3 t\u00eb grupit parlamentar t\u00eb pakic\u00ebs p\u00ebrkat\u00ebse ( n\u00eb rastin ton\u00eb t\u00eb shqiptar\u00ebve, dhoma tjet\u00ebr nuk do t\u00eb mund t\u00eb adoptonte ligje q\u00eb kan\u00eb t\u00eb b\u00ebjn\u00eb me \u00e7\u00ebshtjen fundamentale t\u00eb identitetit t\u00eb pakic\u00ebs. K\u00ebshtu do t\u00eb evitohej <i><span style=\"text-decoration: underline;\">mbivotimi i pakic\u00ebs.<\/span><\/i><\/p>\n<p>Pra, e ashtuquajtura <i><span style=\"text-decoration: underline;\">Veto e Pakic\u00ebs<\/span> <\/i>do t\u00eb p\u00ebrdorej vet\u00ebm n\u00eb raste t\u00eb rralla, n\u00eb partit\u00eb me standardet nd\u00ebrkomb\u00ebtare, por ky do t\u00eb ishte mekanizmi m\u00eb i mir\u00eb p\u00ebr mbrojtjen e t\u00eb <span style=\"text-decoration: underline;\">drejtave kolektive<\/span> t\u00eb pakicave nacionale, pra edhe t\u00eb shqiptar\u00ebve, pa penguar aspak proceset demokratike n\u00eb Mal t\u00eb Zi. P\u00ebrkundrazi.<\/p>\n<p>P\u00ebr t\u00eb p\u00ebrmir\u00ebsuar pozit\u00ebn e shqiptar\u00ebve n\u00eb Mal t\u00eb Zi, Unioni Demokratik i Shqiptar\u00ebve do t\u00eb jet\u00eb i hapur p\u00ebr bashk\u00ebpunim me:<\/p>\n<p>-Partit\u00eb simotra shqiptare n\u00eb Mal t\u00eb Zi;<\/p>\n<p>-Partit\u00eb tjera demokratike n\u00eb Mal t\u00eb Zi;<\/p>\n<p>-Partit\u00eb t\u00eb shqiptar\u00ebve jasht\u00eb Malit t\u00eb Zi;<\/p>\n<p>-Subjekte t\u00eb shoq\u00ebris\u00eb civile;<\/p>\n<p>-Subjekte relevante dhe qendra t\u00eb politik\u00ebs nd\u00ebrkomb\u00ebtare<\/p>\n<p>Kujdes t\u00eb duhur Unioni Demokratik i Shqiptar\u00ebve do ti kushtoj\u00eb bashk\u00ebpunimit dhe kontakteve t\u00eb rregullta e frytdh\u00ebn\u00ebse m\u00eb:<\/p>\n<p>-Republik\u00ebn e Shqip\u00ebris\u00eb<\/p>\n<p>-Shtetin e ri t\u00eb Kosov\u00ebs<\/p>\n<p>-Qendrat e tjera shqiptare<\/p>\n<p>-Diaspor\u00ebn shqiptare<\/p>\n<p>Unioni Demokratik i Shqiptar\u00ebve \u00ebsht\u00eb i vet\u00ebdijsh\u00ebm se Mali i Zi i pavarur do \u00a0t\u00eb ket\u00eb sfida t\u00eb reja dhe n\u00eb fush\u00ebn e ekonomis\u00eb. S\u00eb k\u00ebndejmi do t\u00eb p\u00ebrkrahim:<\/p>\n<ul>\n<li>ky\u00e7jen e Malit t\u00eb Zi n\u00eb t\u00eb gjitha institucionet dhe organizmat nd\u00ebrkomb\u00ebtar\u00eb t\u00eb ekonomis\u00eb<\/li>\n<li>bashk\u00ebpunimin ekonomik t\u00eb Malit t\u00eb Zi me Shqip\u00ebrin\u00eb, me Kosov\u00ebn dhe me fqinj\u00ebt tjer\u00eb<\/li>\n<li>Realizimi i marr\u00ebveshjes UDSH \u2013 PDS p\u00ebr formimin e Komun\u00ebs s\u00eb plot t\u00eb Tuzit<\/li>\n<li>krijimin e kushteve p\u00ebr investime t\u00eb huaja<\/li>\n<li>privatizimin e drejt\u00eb e sa m\u00eb t\u00eb gjer\u00eb t\u00eb pasuris\u00eb shoq\u00ebrore e shtet\u00ebrore, si n\u00eb demokracit\u00eb evropiane, n\u00eb pajtim me rregullat e ekonomis\u00eb s\u00eb tregut<\/li>\n<li>p\u00ebrmir\u00ebsimin e defekteve t\u00eb deritanishme dhe krijimin e kushteve q\u00eb trevat shqiptare t\u00eb shfryt\u00ebzojn\u00eb m\u00eb tep\u00ebr resurset e veta natyrore (Ulqin, Plav\u00eb, Guci, Tuz, Rozhaj\u00eb)<\/li>\n<li>kthimin e tokave q\u00eb shqiptar\u00ebve u jan\u00eb marr\u00eb gjat\u00eb komunizmit, n\u00eb pajtim me Ligjin ( Rozhaj\u00eb, Plav\u00eb, Guci, Mal\u00ebsi, Ulqin )<\/li>\n<li>jet\u00ebsimin e Konkluzionit t\u00eb Kuvendit t\u00eb Malit t\u00eb Zi q\u00eb sip\u00ebrfaqja e \u201cT\u00eb Mirave Detare\u201d, n\u00eb Komun\u00ebn e Ulqinit t\u00eb kthehet n\u00eb kufij ligjor\u00eb dhe q\u00eb sip\u00ebrfaqet e liruara t\u00eb funksionalizohet dhe n\u00eb dobi t\u00eb buxhetit lokal dhe t\u00eb qytetar\u00ebve t\u00eb Komun\u00ebs s\u00eb Ulqinit<\/li>\n<li>kthimin e pasuris\u00eb s\u00eb Valdanosit ish pronar\u00ebve n\u00eb m\u00ebnyr\u00eb q\u00eb sip\u00ebrfaqet e marra gjat\u00eb komunizmit t\u2019i kthehen destinimit t\u00eb vjet\u00ebr<\/li>\n<li>valorizimin e Plazhit t\u00eb Madh, t\u00eb Ad\u00ebs, t\u00eb Bun\u00ebs, t\u00eb Shasit etj. p\u00ebr q\u00ebllime turistike<\/li>\n<li>zgjerimin e hap\u00ebsir\u00ebs jet\u00ebsore n\u00eb rrafshin e Mal\u00ebsis\u00eb, ku Agrokombinati 13 Korriku gjat\u00eb komunizmit ka z\u00ebn\u00eb sip\u00ebrfaqe t\u00eb m\u00ebdha etj.<\/li>\n<\/ul>\n<p>N\u00eb pajtim me Ligjin p\u00ebr Kryeqytetin UDSH do t\u00eb angazhohet q\u00eb revidimi i statusit t\u00eb komun\u00ebs urbane t\u00eb Tuzit, t\u00eb avancohet nga niveli i t\u00eb drejt\u00ebs s\u00eb k\u00ebshilltar\u00ebve t\u00eb Komun\u00ebs urbane n\u00eb nivelin e t\u00eb drejt\u00ebs s\u00eb Referendumit t\u00eb qytetar\u00ebve t\u00eb k\u00ebsaj komune, p\u00ebr komun\u00eb t\u00eb plot\u00eb t\u00eb Tuzit, posa parametrat ekonomik\u00eb t\u00eb tregojn\u00eb se kjo do t\u00eb ishte e leverdishme p\u00ebr qytetar\u00ebt e Mal\u00ebsis\u00eb.<\/p>\n<p>UDSH do t\u00eb vazhdoj t\u00eb angazhohet p\u00ebr pjes\u00ebmarrje sa m\u00eb t\u00eb lart\u00eb t\u00eb femr\u00ebs shqiptar\u00eb n\u00eb organet e partis\u00eb, n\u00eb pajtim me standardet evropiane. P\u00ebr k\u00ebt\u00eb do t\u00eb kujdeset ve\u00e7mas Forumi i Gruas i UDSH.<\/p>\n<p>UDSH do t\u00eb vazhdoj t\u00eb ky\u00e7 sa m\u00eb shum\u00eb t\u00eb rinj n\u00eb radh\u00ebt e veta. Pas an\u00ebtar\u00ebsimit masiv t\u00eb t\u00eb rinjve n\u00eb partin\u00eb ton\u00eb, n\u00eb t\u00eb gjith\u00eb Deg\u00ebt e saj duhet t\u00eb pasoj\u00eb formimi i Forumit Rinor t\u00eb UDSH.<\/p>\n","protected":false},"excerpt":{"rendered":"<p>N\u00eb Kuvendin e gjasht\u00eb Zgjedhor\u00a0 t\u00eb Unionit Demokratik t\u00eb Shqiptar\u00ebve, t\u00eb mbajtur n\u00eb Ulqin, m\u00eb 23.12.2012 vit, prej 102 delegat\u00ebve t\u00eb ftuar nga Ulqini,Tuzi,Rozhaja,Plava dhe Gucia marr\u00ebn pjes\u00eb 90 delegat\u00a0 dhe e zgjodh\u00ebn kryesin e re t\u00eb K\u00ebshillit Qendror (organit ma t\u00eb lart t\u00eb partis\u00eb) prej 25 an\u00ebtar dhe kryetarin e partis\u00eb s\u00eb UDSH-s\u00eb. Kryesia [&hellip;]<\/p>\n","protected":false},"author":1,"featured_media":0,"comment_status":"open","ping_status":"closed","sticky":false,"template":"","format":"standard","meta":{"spay_email":"","jetpack_publicize_message":"","jetpack_is_tweetstorm":false,"jetpack_publicize_feature_enabled":true},"categories":[5,1,6],"tags":[11609,21509,21512,17977,212,17828,21239,17834,21237,18370,17811,4031,21242,20884,7930,17831,21652,18362,14353,17808,14354,12340,17840,17839,18363,21221,21222,18532,19677,17835,21240,17814,17810,17816,17071,2319,21246,17807,21253,21468,21469,19517,3516,14652,17837,17827,21219,21416,8470,21244,21654,4607,21494,2338,21653,21238,21248,14358,19806,222,2321,17802,17812,17803,2323,3584,17820,16036,1499,21236,21250,17825,17817,17805,21252,3169,8966,305,21251,840,17823,17832,3506,17818,214,21231,3993,5913,17680,14362,14363,18371,21493,21230,21241,21513,3507,730,21471,21249,17800,498,3500,21421,21228,21255,19514,115,14364,21234,18694,21254,21223,21418,17799,3327,21226,17841,3944,17826,15213,18236,3512,17806,18399,11648,18289,21233,17838,95,2348,21427,17813,17804,15141,347,19495,17836,14366,21510,3875,79,17073,18294,318,118,18368,18369,21417,21662,21661,19511,21257,21258,1653,21420,21426,21419,11584,2304,21261,21232,1909,21243,21224,14367,21235,2354,5380,17801,2306,2334,2335,21470,18360,21227,3577,17822,14368,14369,21225,21492,17824,14370,21247,18291,16228,21259,2083,3231,14371,21220,41,3617,5040,3582,2350,21684,3722,21260,14372,17844,17821,18372,21256,17830,17077,18295,14375,17833,17829,899,21245,20894,21682,21683,3797,21229,4684,19,200,18,6531,17819,19460,4243,16445,17809,2340,14376],"jetpack_publicize_connections":[],"yoast_head":"<!-- This site is optimized with the Yoast SEO plugin v19.1 - https:\/\/yoast.com\/wordpress\/plugins\/seo\/ -->\n<title>Mbahet Kuvendi VI Zgjedhor t\u00eb UDSH-s\u00eb n\u00eb Ulqin - Lajme nga Ulqini<\/title>\n<meta name=\"description\" content=\"N\u00eb Kuvendin e gjasht\u00eb Zgjedhor\u00a0 t\u00eb Unionit Demokratik t\u00eb Shqiptar\u00ebve, t\u00eb mbajtur n\u00eb Ulqin, m\u00eb 23.12.2012 vit, prej 102 delegat\u00ebve t\u00eb ftuar nga\" \/>\n<meta name=\"robots\" content=\"index, follow, max-snippet:-1, max-image-preview:large, max-video-preview:-1\" \/>\n<link rel=\"canonical\" href=\"https:\/\/www.visit-ulcinj.com\/blog\/2013\/01\/15\/mbahet-kuvendi-vi-zgjedhor-te-udsh-se-ne-ulqin\/\" \/>\n<meta property=\"og:locale\" content=\"en_US\" \/>\n<meta property=\"og:type\" content=\"article\" \/>\n<meta property=\"og:title\" content=\"Mbahet Kuvendi VI Zgjedhor t\u00eb UDSH-s\u00eb n\u00eb Ulqin - Lajme nga Ulqini\" \/>\n<meta property=\"og:description\" content=\"N\u00eb Kuvendin e gjasht\u00eb Zgjedhor\u00a0 t\u00eb Unionit Demokratik t\u00eb Shqiptar\u00ebve, t\u00eb mbajtur n\u00eb Ulqin, m\u00eb 23.12.2012 vit, prej 102 delegat\u00ebve t\u00eb ftuar nga\" \/>\n<meta property=\"og:url\" content=\"https:\/\/www.visit-ulcinj.com\/blog\/2013\/01\/15\/mbahet-kuvendi-vi-zgjedhor-te-udsh-se-ne-ulqin\/\" \/>\n<meta property=\"og:site_name\" content=\"Lajme nga Ulqini\" \/>\n<meta property=\"article:published_time\" content=\"2013-01-15T08:00:16+00:00\" \/>\n<meta property=\"article:modified_time\" content=\"2013-01-24T15:00:32+00:00\" \/>\n<meta property=\"og:image\" content=\"https:\/\/www.visit-ulcinj.com\/blog\/wp-content\/uploads\/2013\/01\/Unioni-Demokratik-t\u00eb-Shqiptar\u00ebve_Ulqin.7-150x150.jpg\" \/>\n<meta name=\"twitter:label1\" content=\"Written by\" \/>\n\t<meta name=\"twitter:data1\" content=\"ulqini\" \/>\n\t<meta name=\"twitter:label2\" content=\"Est. reading time\" \/>\n\t<meta name=\"twitter:data2\" content=\"8 minutes\" \/>\n<script type=\"application\/ld+json\" class=\"yoast-schema-graph\">{\"@context\":\"https:\/\/schema.org\",\"@graph\":[{\"@type\":\"WebSite\",\"@id\":\"https:\/\/www.visit-ulcinj.com\/blog\/#website\",\"url\":\"https:\/\/www.visit-ulcinj.com\/blog\/\",\"name\":\"Lajme nga Ulqini\",\"description\":\"Lajme,Vijesti,Ulqini,Ulqin,Crna Gora,Mali i Zi\",\"potentialAction\":[{\"@type\":\"SearchAction\",\"target\":{\"@type\":\"EntryPoint\",\"urlTemplate\":\"https:\/\/www.visit-ulcinj.com\/blog\/?s={search_term_string}\"},\"query-input\":\"required name=search_term_string\"}],\"inLanguage\":\"en-US\"},{\"@type\":\"WebPage\",\"@id\":\"https:\/\/www.visit-ulcinj.com\/blog\/2013\/01\/15\/mbahet-kuvendi-vi-zgjedhor-te-udsh-se-ne-ulqin\/#webpage\",\"url\":\"https:\/\/www.visit-ulcinj.com\/blog\/2013\/01\/15\/mbahet-kuvendi-vi-zgjedhor-te-udsh-se-ne-ulqin\/\",\"name\":\"Mbahet Kuvendi VI Zgjedhor t\u00eb UDSH-s\u00eb n\u00eb Ulqin - Lajme nga Ulqini\",\"isPartOf\":{\"@id\":\"https:\/\/www.visit-ulcinj.com\/blog\/#website\"},\"datePublished\":\"2013-01-15T08:00:16+00:00\",\"dateModified\":\"2013-01-24T15:00:32+00:00\",\"author\":{\"@id\":\"https:\/\/www.visit-ulcinj.com\/blog\/#\/schema\/person\/dcab619c614d3038751c63bc2aadc06d\"},\"description\":\"N\u00eb Kuvendin e gjasht\u00eb Zgjedhor\u00a0 t\u00eb Unionit Demokratik t\u00eb Shqiptar\u00ebve, t\u00eb mbajtur n\u00eb Ulqin, m\u00eb 23.12.2012 vit, prej 102 delegat\u00ebve t\u00eb ftuar nga\",\"breadcrumb\":{\"@id\":\"https:\/\/www.visit-ulcinj.com\/blog\/2013\/01\/15\/mbahet-kuvendi-vi-zgjedhor-te-udsh-se-ne-ulqin\/#breadcrumb\"},\"inLanguage\":\"en-US\",\"potentialAction\":[{\"@type\":\"ReadAction\",\"target\":[\"https:\/\/www.visit-ulcinj.com\/blog\/2013\/01\/15\/mbahet-kuvendi-vi-zgjedhor-te-udsh-se-ne-ulqin\/\"]}]},{\"@type\":\"BreadcrumbList\",\"@id\":\"https:\/\/www.visit-ulcinj.com\/blog\/2013\/01\/15\/mbahet-kuvendi-vi-zgjedhor-te-udsh-se-ne-ulqin\/#breadcrumb\",\"itemListElement\":[{\"@type\":\"ListItem\",\"position\":1,\"name\":\"Mbahet Kuvendi VI Zgjedhor t\u00eb UDSH-s\u00eb n\u00eb Ulqin\"}]},{\"@type\":\"Person\",\"@id\":\"https:\/\/www.visit-ulcinj.com\/blog\/#\/schema\/person\/dcab619c614d3038751c63bc2aadc06d\",\"name\":\"ulqini\",\"sameAs\":[\"http:\/\/www.visit-ulcinj.com\"],\"url\":\"https:\/\/www.visit-ulcinj.com\/blog\/author\/admin\/\"}]}<\/script>\n<!-- \/ Yoast SEO plugin. -->","yoast_head_json":{"title":"Mbahet Kuvendi VI Zgjedhor t\u00eb UDSH-s\u00eb n\u00eb Ulqin - Lajme nga Ulqini","description":"N\u00eb Kuvendin e gjasht\u00eb Zgjedhor\u00a0 t\u00eb Unionit Demokratik t\u00eb Shqiptar\u00ebve, t\u00eb mbajtur n\u00eb Ulqin, m\u00eb 23.12.2012 vit, prej 102 delegat\u00ebve t\u00eb ftuar nga","robots":{"index":"index","follow":"follow","max-snippet":"max-snippet:-1","max-image-preview":"max-image-preview:large","max-video-preview":"max-video-preview:-1"},"canonical":"https:\/\/www.visit-ulcinj.com\/blog\/2013\/01\/15\/mbahet-kuvendi-vi-zgjedhor-te-udsh-se-ne-ulqin\/","og_locale":"en_US","og_type":"article","og_title":"Mbahet Kuvendi VI Zgjedhor t\u00eb UDSH-s\u00eb n\u00eb Ulqin - Lajme nga Ulqini","og_description":"N\u00eb Kuvendin e gjasht\u00eb Zgjedhor\u00a0 t\u00eb Unionit Demokratik t\u00eb Shqiptar\u00ebve, t\u00eb mbajtur n\u00eb Ulqin, m\u00eb 23.12.2012 vit, prej 102 delegat\u00ebve t\u00eb ftuar nga","og_url":"https:\/\/www.visit-ulcinj.com\/blog\/2013\/01\/15\/mbahet-kuvendi-vi-zgjedhor-te-udsh-se-ne-ulqin\/","og_site_name":"Lajme nga Ulqini","article_published_time":"2013-01-15T08:00:16+00:00","article_modified_time":"2013-01-24T15:00:32+00:00","og_image":[{"url":"https:\/\/www.visit-ulcinj.com\/blog\/wp-content\/uploads\/2013\/01\/Unioni-Demokratik-t\u00eb-Shqiptar\u00ebve_Ulqin.7-150x150.jpg"}],"twitter_misc":{"Written by":"ulqini","Est. reading time":"8 minutes"},"schema":{"@context":"https:\/\/schema.org","@graph":[{"@type":"WebSite","@id":"https:\/\/www.visit-ulcinj.com\/blog\/#website","url":"https:\/\/www.visit-ulcinj.com\/blog\/","name":"Lajme nga Ulqini","description":"Lajme,Vijesti,Ulqini,Ulqin,Crna Gora,Mali i Zi","potentialAction":[{"@type":"SearchAction","target":{"@type":"EntryPoint","urlTemplate":"https:\/\/www.visit-ulcinj.com\/blog\/?s={search_term_string}"},"query-input":"required name=search_term_string"}],"inLanguage":"en-US"},{"@type":"WebPage","@id":"https:\/\/www.visit-ulcinj.com\/blog\/2013\/01\/15\/mbahet-kuvendi-vi-zgjedhor-te-udsh-se-ne-ulqin\/#webpage","url":"https:\/\/www.visit-ulcinj.com\/blog\/2013\/01\/15\/mbahet-kuvendi-vi-zgjedhor-te-udsh-se-ne-ulqin\/","name":"Mbahet Kuvendi VI Zgjedhor t\u00eb UDSH-s\u00eb n\u00eb Ulqin - Lajme nga Ulqini","isPartOf":{"@id":"https:\/\/www.visit-ulcinj.com\/blog\/#website"},"datePublished":"2013-01-15T08:00:16+00:00","dateModified":"2013-01-24T15:00:32+00:00","author":{"@id":"https:\/\/www.visit-ulcinj.com\/blog\/#\/schema\/person\/dcab619c614d3038751c63bc2aadc06d"},"description":"N\u00eb Kuvendin e gjasht\u00eb Zgjedhor\u00a0 t\u00eb Unionit Demokratik t\u00eb Shqiptar\u00ebve, t\u00eb mbajtur n\u00eb Ulqin, m\u00eb 23.12.2012 vit, prej 102 delegat\u00ebve t\u00eb ftuar nga","breadcrumb":{"@id":"https:\/\/www.visit-ulcinj.com\/blog\/2013\/01\/15\/mbahet-kuvendi-vi-zgjedhor-te-udsh-se-ne-ulqin\/#breadcrumb"},"inLanguage":"en-US","potentialAction":[{"@type":"ReadAction","target":["https:\/\/www.visit-ulcinj.com\/blog\/2013\/01\/15\/mbahet-kuvendi-vi-zgjedhor-te-udsh-se-ne-ulqin\/"]}]},{"@type":"BreadcrumbList","@id":"https:\/\/www.visit-ulcinj.com\/blog\/2013\/01\/15\/mbahet-kuvendi-vi-zgjedhor-te-udsh-se-ne-ulqin\/#breadcrumb","itemListElement":[{"@type":"ListItem","position":1,"name":"Mbahet Kuvendi VI Zgjedhor t\u00eb UDSH-s\u00eb n\u00eb Ulqin"}]},{"@type":"Person","@id":"https:\/\/www.visit-ulcinj.com\/blog\/#\/schema\/person\/dcab619c614d3038751c63bc2aadc06d","name":"ulqini","sameAs":["http:\/\/www.visit-ulcinj.com"],"url":"https:\/\/www.visit-ulcinj.com\/blog\/author\/admin\/"}]}},"jetpack_featured_media_url":"","jetpack_sharing_enabled":true,"jetpack_shortlink":"https:\/\/wp.me\/pe6lTn-hAs","_links":{"self":[{"href":"https:\/\/www.visit-ulcinj.com\/blog\/wp-json\/wp\/v2\/posts\/67608"}],"collection":[{"href":"https:\/\/www.visit-ulcinj.com\/blog\/wp-json\/wp\/v2\/posts"}],"about":[{"href":"https:\/\/www.visit-ulcinj.com\/blog\/wp-json\/wp\/v2\/types\/post"}],"author":[{"embeddable":true,"href":"https:\/\/www.visit-ulcinj.com\/blog\/wp-json\/wp\/v2\/users\/1"}],"replies":[{"embeddable":true,"href":"https:\/\/www.visit-ulcinj.com\/blog\/wp-json\/wp\/v2\/comments?post=67608"}],"version-history":[{"count":7,"href":"https:\/\/www.visit-ulcinj.com\/blog\/wp-json\/wp\/v2\/posts\/67608\/revisions"}],"predecessor-version":[{"id":67623,"href":"https:\/\/www.visit-ulcinj.com\/blog\/wp-json\/wp\/v2\/posts\/67608\/revisions\/67623"}],"wp:attachment":[{"href":"https:\/\/www.visit-ulcinj.com\/blog\/wp-json\/wp\/v2\/media?parent=67608"}],"wp:term":[{"taxonomy":"category","embeddable":true,"href":"https:\/\/www.visit-ulcinj.com\/blog\/wp-json\/wp\/v2\/categories?post=67608"},{"taxonomy":"post_tag","embeddable":true,"href":"https:\/\/www.visit-ulcinj.com\/blog\/wp-json\/wp\/v2\/tags?post=67608"}],"curies":[{"name":"wp","href":"https:\/\/api.w.org\/{rel}","templated":true}]}}