{"id":67629,"date":"2013-01-15T09:20:06","date_gmt":"2013-01-15T08:20:06","guid":{"rendered":"http:\/\/www.visit-ulcinj.com\/blog\/?p=67629"},"modified":"2013-01-15T09:20:06","modified_gmt":"2013-01-15T08:20:06","slug":"shoqata-ana-e-malit-ne-staten-islandny-me-kryesi-te-re","status":"publish","type":"post","link":"https:\/\/www.visit-ulcinj.com\/blog\/2013\/01\/15\/shoqata-ana-e-malit-ne-staten-islandny-me-kryesi-te-re\/","title":{"rendered":"Shoqata Ana e Malit n\u00eb Staten Island,(NY), me kryesi t\u00eb re"},"content":{"rendered":"<p><a href=\"http:\/\/www.visit-ulcinj.com\/blog\/wp-content\/uploads\/2013\/01\/Shoqata-Ana-e-Malit-n\u00eb-Staten-IslandNY_kryesia-e-re.jpg\"><img loading=\"lazy\" class=\"alignleft  wp-image-67630\" alt=\"Shoqata Ana e Malit n\u00eb Staten Island,(NY)_kryesia e re\" src=\"http:\/\/www.visit-ulcinj.com\/blog\/wp-content\/uploads\/2013\/01\/Shoqata-Ana-e-Malit-n\u00eb-Staten-IslandNY_kryesia-e-re.jpg\" width=\"508\" height=\"360\" \/><\/a>Me 13 Janar 2013 u mbajt Kuvendi Zgjedhor i Shoqat\u00ebs Shqiptaro-Amerikane \u201cAna e Malit\u201d, n\u00eb Staten Island,(NY), ku muar\u00ebn pjes\u00eb nj\u00eb num\u00ebr i konsideruesh\u00ebm i pjes\u00ebtar\u00ebve t\u00eb diaspor\u00ebs s\u00eb An\u00ebs Malit q\u00eb jetojn\u00eb n\u00eb New York dhe rrethin\u00eb.<br \/>\nP\u00ebr pun\u00ebn dhe aktivitetin e Shoqat\u00ebs n\u00eb tre vitet e kaluara foli kryetari i deritash\u00ebm, z. Naser \u00c7obaj.I ftuar special nga vendlindja ishte mr. Sabri Salaj, kryetar i Bashk\u00ebsis\u00eb Lokale n\u00eb Kat\u00ebrkoll\u00eb \u00a0(n\u00eb An\u00eb t\u00eb Malit), i cili foli p\u00ebr mund\u00ebsit\u00eb e bashk\u00ebpunimit n\u00eb mes vendlindjes dhe t\u00eb diaspor\u00ebs.<br \/>\nN\u00eb diskutime u inkuadruan edhe shum\u00eb pjes\u00ebmarr\u00ebs t\u00eb tjer\u00eb n\u00eb mes t\u00eb cil\u00ebve edhe mr. Flamur Anamali,pedagog n\u00eb Shkoll\u00ebn Fillore \u201cBedri Elezaga \u201d n\u00eb Kat\u00ebrkoll\u00eb, \u00a0poashtu i ardhur nga vendlindja i cili njoftoi t\u00eb pranishmit \u00a0p\u00ebr gjendjen e mjerueshme n\u00eb shkollat n\u00eb gjuh\u00ebn shqipe,si dhe k\u00ebrcnimim eminent t\u00eb asimilimit t\u00eb shqiptar\u00ebve n\u00eb p\u00ebrgjith\u00ebsi n\u00eb Mal t\u00eb Zi.<br \/>\nT\u00eb pranishmit n\u00eb kuvend, p\u00ebrmes fjalimeve t\u00eb tyre,gjithashtu p\u00ebrsh\u00ebndeten z. Esat Aloshi dhe Mustaf\u00eb B\u00ebrkani,dy pjes\u00ebmarr\u00ebsit e maraton\u00ebs Ulqin -Shkod\u00ebr q\u00eb ata realizuan me rastin e 100-vjetorit t\u00eb Pavar\u00ebsis\u00eb s\u00eb Shqip\u00ebris\u00eb.<br \/>\nM\u00eb n\u00eb fund,n\u00eb baza vullnetare \u00a0u b\u00eb prezentimi i an\u00ebtar\u00ebve t\u00eb rinj t\u00eb Kryesis\u00eb s\u00eb Shoqat\u00ebs dhe u zgjodh Bordi (K\u00ebshilli Drejtues) i saj n\u00eb p\u00ebrb\u00ebrje prej 24 an\u00ebtar\u00ebsh.<br \/>\nPasi q\u00eb numri i an\u00ebtar\u00ebve t\u00eb Bordit drejtues ,sipas statutit, mund\u00eb t\u00eb arrij\u00eb deri n\u00eb 33, at\u00ebher\u00eb plot\u00ebsimi i tij do t\u00eb b\u00ebhet n\u00eb t\u00eb ardhmen me disa an\u00ebtar\u00eb t\u00eb tjer\u00eb me prejardhje nga ato katunde t\u00eb An\u00ebs s\u00eb Malit,t\u00eb cil\u00ebt nuk jan\u00eb t\u00eb p\u00ebrfaq\u00ebsuar n\u00eb Kryesin\u00eb e re si dhe me disa an\u00ebtar\u00eb t\u00eb gjinis\u00eb femrore.<br \/>\nKandidat p\u00ebr \u00a0kryetar t\u00eb Shoqat\u00ebs ishin z. Ismet Kurti dhe z. Fatmir Kallaba. Me shumic\u00eb t\u00eb votave \u00a0t\u00eb fshehta t\u00eb an\u00ebtar\u00ebve t\u00eb Bordit drejtues, p\u00ebr kryetar u zgjodh z. Ismet Kurti, kurse z.Fatmir Kallaba u zgjodh n\u00ebnkryetar. Bordi drejtues, me aklamacion zgjodhi edhe nj\u00eb n\u00ebnkryetar tjet\u00ebr, sekretarin dhe arkatarin.<\/p>\n<p><strong>\u00a0P\u00ebrb\u00ebrja e Kryesis\u00eb s\u00eb re t\u00eb Shoqat\u00ebs \u00ebsht\u00eb sa vijon:<\/strong><\/p>\n<p>1. Ismet Kurti, Kryetar<br \/>\n2. Fatmir Kallaba, N\u00ebnkryetar<br \/>\n3. Xheladin Zeneli , N\u00ebnkryetar<br \/>\n4. Selatin Tula, Sekretar<br \/>\n5. G\u00ebzim Taipi, Arkatar<\/p>\n<p><strong>\u00a0An\u00ebtar\u00eb t\u00eb Kryesis\u00eb:<\/strong><\/p>\n<p>6. \u00a0Albert Salaj<br \/>\n7. \u00a0Esat Aloshi<br \/>\n8. \u00a0Zaim Halili<br \/>\n9. \u00a0Zija Kraja<br \/>\n10. Nail Llolla<br \/>\n11. Nail \u00c7apriqi<br \/>\n12. Suad Gjeka<br \/>\n13. Agim Ceka<br \/>\n14. Suad Kurti<br \/>\n15. Mirsad \u00c7apriqi<br \/>\n16. \u00a0Safet Llolla<br \/>\n17. Nasmi Salaj<br \/>\n18. Ramo Dabi<br \/>\n19. Edin Shaba<br \/>\n20. Fuad Alaj<br \/>\n21. Agim Llunja<br \/>\n22. Fatmir Sella<br \/>\n23. Mustaf\u00eb B\u00ebrkani<br \/>\n24. G\u00ebzim Kurti<\/p>\n<p>Sh\u00ebrbimi p\u00ebr Informim i Shoqat\u00ebs \u201cAna e Malit\u201d<\/p>\n<p>14 Janar 2013<br \/>\nNew York<\/p>\n","protected":false},"excerpt":{"rendered":"<p>Me 13 Janar 2013 u mbajt Kuvendi Zgjedhor i Shoqat\u00ebs Shqiptaro-Amerikane \u201cAna e Malit\u201d, n\u00eb Staten Island,(NY), ku muar\u00ebn pjes\u00eb nj\u00eb num\u00ebr i konsideruesh\u00ebm i pjes\u00ebtar\u00ebve t\u00eb diaspor\u00ebs s\u00eb An\u00ebs Malit q\u00eb jetojn\u00eb n\u00eb New York dhe rrethin\u00eb. P\u00ebr pun\u00ebn dhe aktivitetin e Shoqat\u00ebs n\u00eb tre vitet e kaluara foli kryetari i deritash\u00ebm, z. Naser [&hellip;]<\/p>\n","protected":false},"author":1,"featured_media":0,"comment_status":"open","ping_status":"closed","sticky":false,"template":"","format":"standard","meta":{"spay_email":"","jetpack_publicize_message":"","jetpack_is_tweetstorm":false,"jetpack_publicize_feature_enabled":true},"categories":[7],"tags":[11609,21509,21512,17977,212,17828,21239,17834,21237,18370,17811,4031,21242,20884,7930,17831,21652,18362,14353,17808,14354,12340,17840,17839,18363,21221,21222,18532,19677,17835,21240,17814,17810,17816,17071,2319,21246,17807,21253,21468,21469,19517,3516,14652,17837,17827,21219,21416,8470,21244,21654,4607,21494,2338,21653,21238,21248,14358,19806,222,2321,17802,17812,17803,2323,3584,17820,16036,1499,21236,21250,17825,17817,17805,21252,3169,8966,305,21251,840,17823,17832,3506,17818,214,21231,3993,5913,17680,14362,14363,18371,21493,21230,21241,21513,3507,730,21471,21249,17800,498,3500,21421,21228,21255,19514,115,14364,21234,18694,21254,21223,21418,17799,3327,21226,17841,3944,17826,15213,18236,3512,17806,18399,11648,18289,21233,17838,95,2348,21427,17813,17804,15141,347,19495,17836,14366,21510,3875,79,17073,18294,318,118,18368,18369,21417,21662,21661,19511,21257,21258,1653,21420,21426,21419,11584,2304,21261,21232,1909,21243,21224,14367,21235,2354,5380,17801,2306,2334,2335,21470,18360,21227,3577,17822,14368,14369,21225,21492,17824,14370,21247,18291,16228,21259,2083,3231,14371,21220,41,3617,5040,3582,2350,21687,21684,3722,21260,14372,17844,17821,18372,21256,17830,17077,18295,14375,17833,17829,899,21245,20894,21682,21683,3797,21229,4684,19,200,18,6531,17819,19460,4243,16445,17809,2340,14376],"jetpack_publicize_connections":[],"yoast_head":"<!-- This site is optimized with the Yoast SEO plugin v19.1 - https:\/\/yoast.com\/wordpress\/plugins\/seo\/ -->\n<title>Shoqata Ana e Malit n\u00eb Staten Island,(NY), me kryesi t\u00eb re - Lajme nga Ulqini<\/title>\n<meta name=\"description\" content=\"Me 13 Janar 2013 u mbajt Kuvendi Zgjedhor i Shoqat\u00ebs Shqiptaro-Amerikane \u201cAna e Malit\u201d, n\u00eb Staten Island,(NY), ku muar\u00ebn pjes\u00eb nj\u00eb num\u00ebr i konsideruesh\u00ebm\" \/>\n<meta name=\"robots\" content=\"index, follow, max-snippet:-1, max-image-preview:large, max-video-preview:-1\" \/>\n<link rel=\"canonical\" href=\"https:\/\/www.visit-ulcinj.com\/blog\/2013\/01\/15\/shoqata-ana-e-malit-ne-staten-islandny-me-kryesi-te-re\/\" \/>\n<meta property=\"og:locale\" content=\"en_US\" \/>\n<meta property=\"og:type\" content=\"article\" \/>\n<meta property=\"og:title\" content=\"Shoqata Ana e Malit n\u00eb Staten Island,(NY), me kryesi t\u00eb re - Lajme nga Ulqini\" \/>\n<meta property=\"og:description\" content=\"Me 13 Janar 2013 u mbajt Kuvendi Zgjedhor i Shoqat\u00ebs Shqiptaro-Amerikane \u201cAna e Malit\u201d, n\u00eb Staten Island,(NY), ku muar\u00ebn pjes\u00eb nj\u00eb num\u00ebr i konsideruesh\u00ebm\" \/>\n<meta property=\"og:url\" content=\"https:\/\/www.visit-ulcinj.com\/blog\/2013\/01\/15\/shoqata-ana-e-malit-ne-staten-islandny-me-kryesi-te-re\/\" \/>\n<meta property=\"og:site_name\" content=\"Lajme nga Ulqini\" \/>\n<meta property=\"article:published_time\" content=\"2013-01-15T08:20:06+00:00\" \/>\n<meta name=\"twitter:label1\" content=\"Written by\" \/>\n\t<meta name=\"twitter:data1\" content=\"ulqini\" \/>\n\t<meta name=\"twitter:label2\" content=\"Est. reading time\" \/>\n\t<meta name=\"twitter:data2\" content=\"2 minutes\" \/>\n<script type=\"application\/ld+json\" class=\"yoast-schema-graph\">{\"@context\":\"https:\/\/schema.org\",\"@graph\":[{\"@type\":\"WebSite\",\"@id\":\"https:\/\/www.visit-ulcinj.com\/blog\/#website\",\"url\":\"https:\/\/www.visit-ulcinj.com\/blog\/\",\"name\":\"Lajme nga Ulqini\",\"description\":\"Lajme,Vijesti,Ulqini,Ulqin,Crna Gora,Mali i Zi\",\"potentialAction\":[{\"@type\":\"SearchAction\",\"target\":{\"@type\":\"EntryPoint\",\"urlTemplate\":\"https:\/\/www.visit-ulcinj.com\/blog\/?s={search_term_string}\"},\"query-input\":\"required name=search_term_string\"}],\"inLanguage\":\"en-US\"},{\"@type\":\"WebPage\",\"@id\":\"https:\/\/www.visit-ulcinj.com\/blog\/2013\/01\/15\/shoqata-ana-e-malit-ne-staten-islandny-me-kryesi-te-re\/#webpage\",\"url\":\"https:\/\/www.visit-ulcinj.com\/blog\/2013\/01\/15\/shoqata-ana-e-malit-ne-staten-islandny-me-kryesi-te-re\/\",\"name\":\"Shoqata Ana e Malit n\u00eb Staten Island,(NY), me kryesi t\u00eb re - Lajme nga Ulqini\",\"isPartOf\":{\"@id\":\"https:\/\/www.visit-ulcinj.com\/blog\/#website\"},\"datePublished\":\"2013-01-15T08:20:06+00:00\",\"dateModified\":\"2013-01-15T08:20:06+00:00\",\"author\":{\"@id\":\"https:\/\/www.visit-ulcinj.com\/blog\/#\/schema\/person\/dcab619c614d3038751c63bc2aadc06d\"},\"description\":\"Me 13 Janar 2013 u mbajt Kuvendi Zgjedhor i Shoqat\u00ebs Shqiptaro-Amerikane \u201cAna e Malit\u201d, n\u00eb Staten Island,(NY), ku muar\u00ebn pjes\u00eb nj\u00eb num\u00ebr i konsideruesh\u00ebm\",\"breadcrumb\":{\"@id\":\"https:\/\/www.visit-ulcinj.com\/blog\/2013\/01\/15\/shoqata-ana-e-malit-ne-staten-islandny-me-kryesi-te-re\/#breadcrumb\"},\"inLanguage\":\"en-US\",\"potentialAction\":[{\"@type\":\"ReadAction\",\"target\":[\"https:\/\/www.visit-ulcinj.com\/blog\/2013\/01\/15\/shoqata-ana-e-malit-ne-staten-islandny-me-kryesi-te-re\/\"]}]},{\"@type\":\"BreadcrumbList\",\"@id\":\"https:\/\/www.visit-ulcinj.com\/blog\/2013\/01\/15\/shoqata-ana-e-malit-ne-staten-islandny-me-kryesi-te-re\/#breadcrumb\",\"itemListElement\":[{\"@type\":\"ListItem\",\"position\":1,\"name\":\"Shoqata Ana e Malit n\u00eb Staten Island,(NY), me kryesi t\u00eb re\"}]},{\"@type\":\"Person\",\"@id\":\"https:\/\/www.visit-ulcinj.com\/blog\/#\/schema\/person\/dcab619c614d3038751c63bc2aadc06d\",\"name\":\"ulqini\",\"sameAs\":[\"http:\/\/www.visit-ulcinj.com\"],\"url\":\"https:\/\/www.visit-ulcinj.com\/blog\/author\/admin\/\"}]}<\/script>\n<!-- \/ Yoast SEO plugin. -->","yoast_head_json":{"title":"Shoqata Ana e Malit n\u00eb Staten Island,(NY), me kryesi t\u00eb re - Lajme nga Ulqini","description":"Me 13 Janar 2013 u mbajt Kuvendi Zgjedhor i Shoqat\u00ebs Shqiptaro-Amerikane \u201cAna e Malit\u201d, n\u00eb Staten Island,(NY), ku muar\u00ebn pjes\u00eb nj\u00eb num\u00ebr i konsideruesh\u00ebm","robots":{"index":"index","follow":"follow","max-snippet":"max-snippet:-1","max-image-preview":"max-image-preview:large","max-video-preview":"max-video-preview:-1"},"canonical":"https:\/\/www.visit-ulcinj.com\/blog\/2013\/01\/15\/shoqata-ana-e-malit-ne-staten-islandny-me-kryesi-te-re\/","og_locale":"en_US","og_type":"article","og_title":"Shoqata Ana e Malit n\u00eb Staten Island,(NY), me kryesi t\u00eb re - Lajme nga Ulqini","og_description":"Me 13 Janar 2013 u mbajt Kuvendi Zgjedhor i Shoqat\u00ebs Shqiptaro-Amerikane \u201cAna e Malit\u201d, n\u00eb Staten Island,(NY), ku muar\u00ebn pjes\u00eb nj\u00eb num\u00ebr i konsideruesh\u00ebm","og_url":"https:\/\/www.visit-ulcinj.com\/blog\/2013\/01\/15\/shoqata-ana-e-malit-ne-staten-islandny-me-kryesi-te-re\/","og_site_name":"Lajme nga Ulqini","article_published_time":"2013-01-15T08:20:06+00:00","twitter_misc":{"Written by":"ulqini","Est. reading time":"2 minutes"},"schema":{"@context":"https:\/\/schema.org","@graph":[{"@type":"WebSite","@id":"https:\/\/www.visit-ulcinj.com\/blog\/#website","url":"https:\/\/www.visit-ulcinj.com\/blog\/","name":"Lajme nga Ulqini","description":"Lajme,Vijesti,Ulqini,Ulqin,Crna Gora,Mali i Zi","potentialAction":[{"@type":"SearchAction","target":{"@type":"EntryPoint","urlTemplate":"https:\/\/www.visit-ulcinj.com\/blog\/?s={search_term_string}"},"query-input":"required name=search_term_string"}],"inLanguage":"en-US"},{"@type":"WebPage","@id":"https:\/\/www.visit-ulcinj.com\/blog\/2013\/01\/15\/shoqata-ana-e-malit-ne-staten-islandny-me-kryesi-te-re\/#webpage","url":"https:\/\/www.visit-ulcinj.com\/blog\/2013\/01\/15\/shoqata-ana-e-malit-ne-staten-islandny-me-kryesi-te-re\/","name":"Shoqata Ana e Malit n\u00eb Staten Island,(NY), me kryesi t\u00eb re - Lajme nga Ulqini","isPartOf":{"@id":"https:\/\/www.visit-ulcinj.com\/blog\/#website"},"datePublished":"2013-01-15T08:20:06+00:00","dateModified":"2013-01-15T08:20:06+00:00","author":{"@id":"https:\/\/www.visit-ulcinj.com\/blog\/#\/schema\/person\/dcab619c614d3038751c63bc2aadc06d"},"description":"Me 13 Janar 2013 u mbajt Kuvendi Zgjedhor i Shoqat\u00ebs Shqiptaro-Amerikane \u201cAna e Malit\u201d, n\u00eb Staten Island,(NY), ku muar\u00ebn pjes\u00eb nj\u00eb num\u00ebr i konsideruesh\u00ebm","breadcrumb":{"@id":"https:\/\/www.visit-ulcinj.com\/blog\/2013\/01\/15\/shoqata-ana-e-malit-ne-staten-islandny-me-kryesi-te-re\/#breadcrumb"},"inLanguage":"en-US","potentialAction":[{"@type":"ReadAction","target":["https:\/\/www.visit-ulcinj.com\/blog\/2013\/01\/15\/shoqata-ana-e-malit-ne-staten-islandny-me-kryesi-te-re\/"]}]},{"@type":"BreadcrumbList","@id":"https:\/\/www.visit-ulcinj.com\/blog\/2013\/01\/15\/shoqata-ana-e-malit-ne-staten-islandny-me-kryesi-te-re\/#breadcrumb","itemListElement":[{"@type":"ListItem","position":1,"name":"Shoqata Ana e Malit n\u00eb Staten Island,(NY), me kryesi t\u00eb re"}]},{"@type":"Person","@id":"https:\/\/www.visit-ulcinj.com\/blog\/#\/schema\/person\/dcab619c614d3038751c63bc2aadc06d","name":"ulqini","sameAs":["http:\/\/www.visit-ulcinj.com"],"url":"https:\/\/www.visit-ulcinj.com\/blog\/author\/admin\/"}]}},"jetpack_featured_media_url":"","jetpack_sharing_enabled":true,"jetpack_shortlink":"https:\/\/wp.me\/pe6lTn-hAN","_links":{"self":[{"href":"https:\/\/www.visit-ulcinj.com\/blog\/wp-json\/wp\/v2\/posts\/67629"}],"collection":[{"href":"https:\/\/www.visit-ulcinj.com\/blog\/wp-json\/wp\/v2\/posts"}],"about":[{"href":"https:\/\/www.visit-ulcinj.com\/blog\/wp-json\/wp\/v2\/types\/post"}],"author":[{"embeddable":true,"href":"https:\/\/www.visit-ulcinj.com\/blog\/wp-json\/wp\/v2\/users\/1"}],"replies":[{"embeddable":true,"href":"https:\/\/www.visit-ulcinj.com\/blog\/wp-json\/wp\/v2\/comments?post=67629"}],"version-history":[{"count":1,"href":"https:\/\/www.visit-ulcinj.com\/blog\/wp-json\/wp\/v2\/posts\/67629\/revisions"}],"predecessor-version":[{"id":67631,"href":"https:\/\/www.visit-ulcinj.com\/blog\/wp-json\/wp\/v2\/posts\/67629\/revisions\/67631"}],"wp:attachment":[{"href":"https:\/\/www.visit-ulcinj.com\/blog\/wp-json\/wp\/v2\/media?parent=67629"}],"wp:term":[{"taxonomy":"category","embeddable":true,"href":"https:\/\/www.visit-ulcinj.com\/blog\/wp-json\/wp\/v2\/categories?post=67629"},{"taxonomy":"post_tag","embeddable":true,"href":"https:\/\/www.visit-ulcinj.com\/blog\/wp-json\/wp\/v2\/tags?post=67629"}],"curies":[{"name":"wp","href":"https:\/\/api.w.org\/{rel}","templated":true}]}}