{"id":67633,"date":"2013-01-15T19:27:44","date_gmt":"2013-01-15T18:27:44","guid":{"rendered":"http:\/\/www.visit-ulcinj.com\/blog\/?p=67633"},"modified":"2013-01-30T21:58:56","modified_gmt":"2013-01-30T20:58:56","slug":"ulqini-kercenohet-nga-permbytjet-nga-reshjet-e-dendura-shiu-video","status":"publish","type":"post","link":"https:\/\/www.visit-ulcinj.com\/blog\/2013\/01\/15\/ulqini-kercenohet-nga-permbytjet-nga-reshjet-e-dendura-shiu-video\/","title":{"rendered":"Ulqini k\u00ebrc\u00ebnohet nga p\u00ebrmbytjet nga reshjet e dendura shiu"},"content":{"rendered":"<p><a href=\"http:\/\/www.visit-ulcinj.com\/blog\/wp-content\/uploads\/2013\/01\/Perbytjet-n\u00eb-Ulqin.jpg\"><img loading=\"lazy\" class=\"alignleft  wp-image-67634\" alt=\"Perbytjet n\u00eb Ulqin\" src=\"http:\/\/www.visit-ulcinj.com\/blog\/wp-content\/uploads\/2013\/01\/Perbytjet-n\u00eb-Ulqin.jpg\" width=\"508\" height=\"360\" \/><\/a>Situate hidroologjike n\u00eb komun\u00ebn e Ulqinit ka dalur nga kontrolla, madje n\u00eb 3 muajt\u00eb e fundit nuk kishte p\u00ebrmbytje t\u00eb k\u00ebsaj p\u00ebrmase n\u00eb rrug\u00ebt e Ulqinit.Kan\u00eb mjaftuar vet\u00ebm disa or\u00eb shi, q\u00eb n\u00eb rrug\u00ebt e Ulqinit t\u00eb v\u00ebrshoj\u00eb uji. Gjat\u00eb mesdites s\u00eb sotme, rrug\u00ebt e Ulqinit jan\u00eb p\u00ebrmbytur nga uj\u00ebrat e shiut, duke e v\u00ebshtir\u00ebsuar s\u00eb tep\u00ebrmi kalimin e qytetar\u00ebve dhe t\u00eb automjeteve.<br \/>\nNdersa bllokimi i kanalit t\u00eb Bratices ka sjell edhe permbytjen e te dyja kraheve te rruges,ku pastrimi i ketyre te fundit duket se ka koh qe nuk eshte bere.<\/p>\n<div id=\"attachment_67649\" style=\"width: 518px\" class=\"wp-caption alignleft\"><a href=\"http:\/\/www.visit-ulcinj.com\/blog\/wp-content\/uploads\/2013\/01\/Permbytjet-ne-Ulqin.jpg\"><img aria-describedby=\"caption-attachment-67649\" loading=\"lazy\" class=\" wp-image-67649\" alt=\"Permbytjet ne Ulqin\" src=\"http:\/\/www.visit-ulcinj.com\/blog\/wp-content\/uploads\/2013\/01\/Permbytjet-ne-Ulqin.jpg\" width=\"508\" height=\"300\" \/><\/a><p id=\"caption-attachment-67649\" class=\"wp-caption-text\">Foto: Vijesti &#8211; Samir Adrovic<\/p><\/div>\n<p>Nga t\u00eb dh\u00ebnat q\u00eb i kemi nga terreni situate sa vjen e v\u00ebshtirsohet,dhe niveli i ujit \u00e7do or\u00eb \u00ebsht\u00eb n\u00eb rritje.<\/p>\n<p>Fshatrat m\u00eb t\u00eb rrezikuar n\u00eb rast\u00eb t\u00eb p\u00ebrmbytjes s\u00eb lumit Buna jan\u00eb : \u00a0Fraskanjeli, Lisna Bore, \u00a0Shtore, Re\u00e7i, Sh\u00ebn Gjergji, Sh\u00ebnkotolli, Shtoji \u00a0dhe pjes\u00eb s\u00eb poshtme t\u00eb Sukobin\u00ebs. Ekipet e sherbimit t\u00eb brojtjes dhe shpetimit kan intervenu ne disa shtepija dhe jan\u00eb n\u00eb gjendje gatishm\u00ebrie \u00a0dhe n\u00eb kontakt t\u00eb vazhduesh\u00ebm n\u00eb banor\u00ebt e fshatrave n\u00eb fjal\u00eb..<\/p>\n<p>Nd\u00ebrkoh\u00eb organet kompetente shtet\u00ebrore dhe komunale kan\u00eb nd\u00ebrmarr\u00eb t\u00eb gjitha masat e duhura p\u00ebr zvog\u00eblimin e pasojave nga p\u00ebrmbytjet n\u00eb komun\u00ebn e Ulqinit.<\/p>\n<p><strong>\u00a0<\/strong><\/p>\n<p>&nbsp;<\/p>\n","protected":false},"excerpt":{"rendered":"<p>Situate hidroologjike n\u00eb komun\u00ebn e Ulqinit ka dalur nga kontrolla, madje n\u00eb 3 muajt\u00eb e fundit nuk kishte p\u00ebrmbytje t\u00eb k\u00ebsaj p\u00ebrmase n\u00eb rrug\u00ebt e Ulqinit.Kan\u00eb mjaftuar vet\u00ebm disa or\u00eb shi, q\u00eb n\u00eb rrug\u00ebt e Ulqinit t\u00eb v\u00ebrshoj\u00eb uji. Gjat\u00eb mesdites s\u00eb sotme, rrug\u00ebt e Ulqinit jan\u00eb p\u00ebrmbytur nga uj\u00ebrat e shiut, duke e v\u00ebshtir\u00ebsuar [&hellip;]<\/p>\n","protected":false},"author":1,"featured_media":0,"comment_status":"open","ping_status":"closed","sticky":false,"template":"","format":"standard","meta":{"spay_email":"","jetpack_publicize_message":"","jetpack_is_tweetstorm":false,"jetpack_publicize_feature_enabled":true},"categories":[13],"tags":[16430,18],"jetpack_publicize_connections":[],"yoast_head":"<!-- This site is optimized with the Yoast SEO plugin v19.1 - https:\/\/yoast.com\/wordpress\/plugins\/seo\/ -->\n<title>Ulqini k\u00ebrc\u00ebnohet nga p\u00ebrmbytjet nga reshjet e dendura shiu - Lajme nga Ulqini<\/title>\n<meta name=\"description\" content=\"Situate hidroologjike n\u00eb komun\u00ebn e Ulqinit ka dalur nga kontrolla, madje n\u00eb 3 muajt\u00eb e fundit nuk kishte p\u00ebrmbytje t\u00eb k\u00ebsaj p\u00ebrmase n\u00eb rrug\u00ebt e\" \/>\n<meta name=\"robots\" content=\"index, follow, max-snippet:-1, max-image-preview:large, max-video-preview:-1\" \/>\n<link rel=\"canonical\" href=\"https:\/\/www.visit-ulcinj.com\/blog\/2013\/01\/15\/ulqini-kercenohet-nga-permbytjet-nga-reshjet-e-dendura-shiu-video\/\" \/>\n<meta property=\"og:locale\" content=\"en_US\" \/>\n<meta property=\"og:type\" content=\"article\" \/>\n<meta property=\"og:title\" content=\"Ulqini k\u00ebrc\u00ebnohet nga p\u00ebrmbytjet nga reshjet e dendura shiu - Lajme nga Ulqini\" \/>\n<meta property=\"og:description\" content=\"Situate hidroologjike n\u00eb komun\u00ebn e Ulqinit ka dalur nga kontrolla, madje n\u00eb 3 muajt\u00eb e fundit nuk kishte p\u00ebrmbytje t\u00eb k\u00ebsaj p\u00ebrmase n\u00eb rrug\u00ebt e\" \/>\n<meta property=\"og:url\" content=\"https:\/\/www.visit-ulcinj.com\/blog\/2013\/01\/15\/ulqini-kercenohet-nga-permbytjet-nga-reshjet-e-dendura-shiu-video\/\" \/>\n<meta property=\"og:site_name\" content=\"Lajme nga Ulqini\" \/>\n<meta property=\"article:published_time\" content=\"2013-01-15T18:27:44+00:00\" \/>\n<meta property=\"article:modified_time\" content=\"2013-01-30T20:58:56+00:00\" \/>\n<meta property=\"og:image\" content=\"http:\/\/www.visit-ulcinj.com\/blog\/wp-content\/uploads\/2013\/01\/Permbytjet-ne-Ulqin.jpg\" \/>\n<meta name=\"twitter:label1\" content=\"Written by\" \/>\n\t<meta name=\"twitter:data1\" content=\"ulqini\" \/>\n\t<meta name=\"twitter:label2\" content=\"Est. reading time\" \/>\n\t<meta name=\"twitter:data2\" content=\"1 minute\" \/>\n<script type=\"application\/ld+json\" class=\"yoast-schema-graph\">{\"@context\":\"https:\/\/schema.org\",\"@graph\":[{\"@type\":\"WebSite\",\"@id\":\"https:\/\/www.visit-ulcinj.com\/blog\/#website\",\"url\":\"https:\/\/www.visit-ulcinj.com\/blog\/\",\"name\":\"Lajme nga Ulqini\",\"description\":\"Lajme,Vijesti,Ulqini,Ulqin,Crna Gora,Mali i Zi\",\"potentialAction\":[{\"@type\":\"SearchAction\",\"target\":{\"@type\":\"EntryPoint\",\"urlTemplate\":\"https:\/\/www.visit-ulcinj.com\/blog\/?s={search_term_string}\"},\"query-input\":\"required name=search_term_string\"}],\"inLanguage\":\"en-US\"},{\"@type\":\"ImageObject\",\"inLanguage\":\"en-US\",\"@id\":\"https:\/\/www.visit-ulcinj.com\/blog\/2013\/01\/15\/ulqini-kercenohet-nga-permbytjet-nga-reshjet-e-dendura-shiu-video\/#primaryimage\",\"url\":\"https:\/\/www.visit-ulcinj.com\/blog\/wp-content\/uploads\/2013\/01\/Permbytjet-ne-Ulqin.jpg\",\"contentUrl\":\"https:\/\/www.visit-ulcinj.com\/blog\/wp-content\/uploads\/2013\/01\/Permbytjet-ne-Ulqin.jpg\",\"width\":519,\"height\":316},{\"@type\":\"WebPage\",\"@id\":\"https:\/\/www.visit-ulcinj.com\/blog\/2013\/01\/15\/ulqini-kercenohet-nga-permbytjet-nga-reshjet-e-dendura-shiu-video\/#webpage\",\"url\":\"https:\/\/www.visit-ulcinj.com\/blog\/2013\/01\/15\/ulqini-kercenohet-nga-permbytjet-nga-reshjet-e-dendura-shiu-video\/\",\"name\":\"Ulqini k\u00ebrc\u00ebnohet nga p\u00ebrmbytjet nga reshjet e dendura shiu - Lajme nga Ulqini\",\"isPartOf\":{\"@id\":\"https:\/\/www.visit-ulcinj.com\/blog\/#website\"},\"primaryImageOfPage\":{\"@id\":\"https:\/\/www.visit-ulcinj.com\/blog\/2013\/01\/15\/ulqini-kercenohet-nga-permbytjet-nga-reshjet-e-dendura-shiu-video\/#primaryimage\"},\"datePublished\":\"2013-01-15T18:27:44+00:00\",\"dateModified\":\"2013-01-30T20:58:56+00:00\",\"author\":{\"@id\":\"https:\/\/www.visit-ulcinj.com\/blog\/#\/schema\/person\/dcab619c614d3038751c63bc2aadc06d\"},\"description\":\"Situate hidroologjike n\u00eb komun\u00ebn e Ulqinit ka dalur nga kontrolla, madje n\u00eb 3 muajt\u00eb e fundit nuk kishte p\u00ebrmbytje t\u00eb k\u00ebsaj p\u00ebrmase n\u00eb rrug\u00ebt e\",\"breadcrumb\":{\"@id\":\"https:\/\/www.visit-ulcinj.com\/blog\/2013\/01\/15\/ulqini-kercenohet-nga-permbytjet-nga-reshjet-e-dendura-shiu-video\/#breadcrumb\"},\"inLanguage\":\"en-US\",\"potentialAction\":[{\"@type\":\"ReadAction\",\"target\":[\"https:\/\/www.visit-ulcinj.com\/blog\/2013\/01\/15\/ulqini-kercenohet-nga-permbytjet-nga-reshjet-e-dendura-shiu-video\/\"]}]},{\"@type\":\"BreadcrumbList\",\"@id\":\"https:\/\/www.visit-ulcinj.com\/blog\/2013\/01\/15\/ulqini-kercenohet-nga-permbytjet-nga-reshjet-e-dendura-shiu-video\/#breadcrumb\",\"itemListElement\":[{\"@type\":\"ListItem\",\"position\":1,\"name\":\"Ulqini k\u00ebrc\u00ebnohet nga p\u00ebrmbytjet nga reshjet e dendura shiu\"}]},{\"@type\":\"Person\",\"@id\":\"https:\/\/www.visit-ulcinj.com\/blog\/#\/schema\/person\/dcab619c614d3038751c63bc2aadc06d\",\"name\":\"ulqini\",\"sameAs\":[\"http:\/\/www.visit-ulcinj.com\"],\"url\":\"https:\/\/www.visit-ulcinj.com\/blog\/author\/admin\/\"}]}<\/script>\n<!-- \/ Yoast SEO plugin. -->","yoast_head_json":{"title":"Ulqini k\u00ebrc\u00ebnohet nga p\u00ebrmbytjet nga reshjet e dendura shiu - Lajme nga Ulqini","description":"Situate hidroologjike n\u00eb komun\u00ebn e Ulqinit ka dalur nga kontrolla, madje n\u00eb 3 muajt\u00eb e fundit nuk kishte p\u00ebrmbytje t\u00eb k\u00ebsaj p\u00ebrmase n\u00eb rrug\u00ebt e","robots":{"index":"index","follow":"follow","max-snippet":"max-snippet:-1","max-image-preview":"max-image-preview:large","max-video-preview":"max-video-preview:-1"},"canonical":"https:\/\/www.visit-ulcinj.com\/blog\/2013\/01\/15\/ulqini-kercenohet-nga-permbytjet-nga-reshjet-e-dendura-shiu-video\/","og_locale":"en_US","og_type":"article","og_title":"Ulqini k\u00ebrc\u00ebnohet nga p\u00ebrmbytjet nga reshjet e dendura shiu - Lajme nga Ulqini","og_description":"Situate hidroologjike n\u00eb komun\u00ebn e Ulqinit ka dalur nga kontrolla, madje n\u00eb 3 muajt\u00eb e fundit nuk kishte p\u00ebrmbytje t\u00eb k\u00ebsaj p\u00ebrmase n\u00eb rrug\u00ebt e","og_url":"https:\/\/www.visit-ulcinj.com\/blog\/2013\/01\/15\/ulqini-kercenohet-nga-permbytjet-nga-reshjet-e-dendura-shiu-video\/","og_site_name":"Lajme nga Ulqini","article_published_time":"2013-01-15T18:27:44+00:00","article_modified_time":"2013-01-30T20:58:56+00:00","og_image":[{"url":"http:\/\/www.visit-ulcinj.com\/blog\/wp-content\/uploads\/2013\/01\/Permbytjet-ne-Ulqin.jpg"}],"twitter_misc":{"Written by":"ulqini","Est. reading time":"1 minute"},"schema":{"@context":"https:\/\/schema.org","@graph":[{"@type":"WebSite","@id":"https:\/\/www.visit-ulcinj.com\/blog\/#website","url":"https:\/\/www.visit-ulcinj.com\/blog\/","name":"Lajme nga Ulqini","description":"Lajme,Vijesti,Ulqini,Ulqin,Crna Gora,Mali i Zi","potentialAction":[{"@type":"SearchAction","target":{"@type":"EntryPoint","urlTemplate":"https:\/\/www.visit-ulcinj.com\/blog\/?s={search_term_string}"},"query-input":"required name=search_term_string"}],"inLanguage":"en-US"},{"@type":"ImageObject","inLanguage":"en-US","@id":"https:\/\/www.visit-ulcinj.com\/blog\/2013\/01\/15\/ulqini-kercenohet-nga-permbytjet-nga-reshjet-e-dendura-shiu-video\/#primaryimage","url":"https:\/\/www.visit-ulcinj.com\/blog\/wp-content\/uploads\/2013\/01\/Permbytjet-ne-Ulqin.jpg","contentUrl":"https:\/\/www.visit-ulcinj.com\/blog\/wp-content\/uploads\/2013\/01\/Permbytjet-ne-Ulqin.jpg","width":519,"height":316},{"@type":"WebPage","@id":"https:\/\/www.visit-ulcinj.com\/blog\/2013\/01\/15\/ulqini-kercenohet-nga-permbytjet-nga-reshjet-e-dendura-shiu-video\/#webpage","url":"https:\/\/www.visit-ulcinj.com\/blog\/2013\/01\/15\/ulqini-kercenohet-nga-permbytjet-nga-reshjet-e-dendura-shiu-video\/","name":"Ulqini k\u00ebrc\u00ebnohet nga p\u00ebrmbytjet nga reshjet e dendura shiu - Lajme nga Ulqini","isPartOf":{"@id":"https:\/\/www.visit-ulcinj.com\/blog\/#website"},"primaryImageOfPage":{"@id":"https:\/\/www.visit-ulcinj.com\/blog\/2013\/01\/15\/ulqini-kercenohet-nga-permbytjet-nga-reshjet-e-dendura-shiu-video\/#primaryimage"},"datePublished":"2013-01-15T18:27:44+00:00","dateModified":"2013-01-30T20:58:56+00:00","author":{"@id":"https:\/\/www.visit-ulcinj.com\/blog\/#\/schema\/person\/dcab619c614d3038751c63bc2aadc06d"},"description":"Situate hidroologjike n\u00eb komun\u00ebn e Ulqinit ka dalur nga kontrolla, madje n\u00eb 3 muajt\u00eb e fundit nuk kishte p\u00ebrmbytje t\u00eb k\u00ebsaj p\u00ebrmase n\u00eb rrug\u00ebt e","breadcrumb":{"@id":"https:\/\/www.visit-ulcinj.com\/blog\/2013\/01\/15\/ulqini-kercenohet-nga-permbytjet-nga-reshjet-e-dendura-shiu-video\/#breadcrumb"},"inLanguage":"en-US","potentialAction":[{"@type":"ReadAction","target":["https:\/\/www.visit-ulcinj.com\/blog\/2013\/01\/15\/ulqini-kercenohet-nga-permbytjet-nga-reshjet-e-dendura-shiu-video\/"]}]},{"@type":"BreadcrumbList","@id":"https:\/\/www.visit-ulcinj.com\/blog\/2013\/01\/15\/ulqini-kercenohet-nga-permbytjet-nga-reshjet-e-dendura-shiu-video\/#breadcrumb","itemListElement":[{"@type":"ListItem","position":1,"name":"Ulqini k\u00ebrc\u00ebnohet nga p\u00ebrmbytjet nga reshjet e dendura shiu"}]},{"@type":"Person","@id":"https:\/\/www.visit-ulcinj.com\/blog\/#\/schema\/person\/dcab619c614d3038751c63bc2aadc06d","name":"ulqini","sameAs":["http:\/\/www.visit-ulcinj.com"],"url":"https:\/\/www.visit-ulcinj.com\/blog\/author\/admin\/"}]}},"jetpack_featured_media_url":"","jetpack_sharing_enabled":true,"jetpack_shortlink":"https:\/\/wp.me\/pe6lTn-hAR","_links":{"self":[{"href":"https:\/\/www.visit-ulcinj.com\/blog\/wp-json\/wp\/v2\/posts\/67633"}],"collection":[{"href":"https:\/\/www.visit-ulcinj.com\/blog\/wp-json\/wp\/v2\/posts"}],"about":[{"href":"https:\/\/www.visit-ulcinj.com\/blog\/wp-json\/wp\/v2\/types\/post"}],"author":[{"embeddable":true,"href":"https:\/\/www.visit-ulcinj.com\/blog\/wp-json\/wp\/v2\/users\/1"}],"replies":[{"embeddable":true,"href":"https:\/\/www.visit-ulcinj.com\/blog\/wp-json\/wp\/v2\/comments?post=67633"}],"version-history":[{"count":8,"href":"https:\/\/www.visit-ulcinj.com\/blog\/wp-json\/wp\/v2\/posts\/67633\/revisions"}],"predecessor-version":[{"id":68166,"href":"https:\/\/www.visit-ulcinj.com\/blog\/wp-json\/wp\/v2\/posts\/67633\/revisions\/68166"}],"wp:attachment":[{"href":"https:\/\/www.visit-ulcinj.com\/blog\/wp-json\/wp\/v2\/media?parent=67633"}],"wp:term":[{"taxonomy":"category","embeddable":true,"href":"https:\/\/www.visit-ulcinj.com\/blog\/wp-json\/wp\/v2\/categories?post=67633"},{"taxonomy":"post_tag","embeddable":true,"href":"https:\/\/www.visit-ulcinj.com\/blog\/wp-json\/wp\/v2\/tags?post=67633"}],"curies":[{"name":"wp","href":"https:\/\/api.w.org\/{rel}","templated":true}]}}