{"id":67636,"date":"2013-01-15T19:48:01","date_gmt":"2013-01-15T18:48:01","guid":{"rendered":"http:\/\/www.visit-ulcinj.com\/blog\/?p=67636"},"modified":"2013-01-15T19:48:01","modified_gmt":"2013-01-15T18:48:01","slug":"fillon-rikonstruksioni-i-rruges-katerkolle-krythe","status":"publish","type":"post","link":"https:\/\/www.visit-ulcinj.com\/blog\/2013\/01\/15\/fillon-rikonstruksioni-i-rruges-katerkolle-krythe\/","title":{"rendered":"Fillon rikonstruksioni i rruges Kat\u00ebrkoll\u00eb &#8211; Kryth\u00eb"},"content":{"rendered":"<p><a href=\"http:\/\/www.visit-ulcinj.com\/blog\/wp-content\/uploads\/2013\/01\/Ruga-Ulqin-Sukobine.jpg\"><img loading=\"lazy\" class=\"alignleft  wp-image-67637\" alt=\"Ruga Ulqin-Sukobine\" src=\"http:\/\/www.visit-ulcinj.com\/blog\/wp-content\/uploads\/2013\/01\/Ruga-Ulqin-Sukobine.jpg\" width=\"508\" height=\"360\" \/><\/a>Drejtorija p\u00ebr Komunikacion n\u00eb bashk\u00ebpunim me Komun\u00ebn e Ulqinit n\u00ebp\u00ebrmjet kontraktuesit Bemax d.o.o. Podgoric\u00eb, do t\u00eb fillojn\u00eb rikonstruktimin e rrug\u00ebs magjistrale M-2.4 Ulqin \u2013 Sukobin\u00eb, aksin rrugor Udh\u00ebkryqi Ostros \u2013 Kryth\u00eb.<\/p>\n<p>Kjo \u00ebsht\u00eb faza e dyt\u00eb e rikonstruktimit t\u00eb rrug\u00ebs Ulqin-Sukobin\u00eb, q\u00eb p\u00ebrb\u00ebn nj\u00ebren nga arteriet kryesore rrugore jo ve\u00e7 p\u00ebr qytetin e Ulqinit, por p\u00ebr t\u00eb gjith\u00eb Malin e Zi. Kjo faz\u00eb parashihet t\u00eb p\u00ebrfundoj\u00eb para k\u00ebsaj sezone turistike.<\/p>\n<p>Faza e tret\u00eb e rikonstruktimit t\u00eb k\u00ebsaj rruge q\u00eb p\u00ebrfshin aksin rrugor Kryth\u00eb-Ulqin planifikohet t\u00eb filloj n\u00eb vitin 2014,p\u00ebr t\u00eb cilen aktualisht \u00ebsht\u00eb duke u punuar dokumentacioni projektues.<\/p>\n<p><strong>Op\u0161tina Ulcinj \/ Komuna e Ulqinit<\/strong><br \/>\nTel: +382 30 412 050<br \/>\nFax: +382 30 412 413<br \/>\nAdresa: Bul. Skenderbeu bb, 85360 Ulcinj, MNE<\/p>\n","protected":false},"excerpt":{"rendered":"<p>Drejtorija p\u00ebr Komunikacion n\u00eb bashk\u00ebpunim me Komun\u00ebn e Ulqinit n\u00ebp\u00ebrmjet kontraktuesit Bemax d.o.o. Podgoric\u00eb, do t\u00eb fillojn\u00eb rikonstruktimin e rrug\u00ebs magjistrale M-2.4 Ulqin \u2013 Sukobin\u00eb, aksin rrugor Udh\u00ebkryqi Ostros \u2013 Kryth\u00eb. Kjo \u00ebsht\u00eb faza e dyt\u00eb e rikonstruktimit t\u00eb rrug\u00ebs Ulqin-Sukobin\u00eb, q\u00eb p\u00ebrb\u00ebn nj\u00ebren nga arteriet kryesore rrugore jo ve\u00e7 p\u00ebr qytetin e Ulqinit, por [&hellip;]<\/p>\n","protected":false},"author":1,"featured_media":0,"comment_status":"open","ping_status":"closed","sticky":false,"template":"","format":"standard","meta":{"spay_email":"","jetpack_publicize_message":"","jetpack_is_tweetstorm":false,"jetpack_publicize_feature_enabled":true},"categories":[6950],"tags":[21688,297,200],"jetpack_publicize_connections":[],"yoast_head":"<!-- This site is optimized with the Yoast SEO plugin v19.1 - https:\/\/yoast.com\/wordpress\/plugins\/seo\/ -->\n<title>Fillon rikonstruksioni i rruges Kat\u00ebrkoll\u00eb - Kryth\u00eb - Lajme nga Ulqini<\/title>\n<meta name=\"description\" content=\"Drejtorija p\u00ebr Komunikacion n\u00eb bashk\u00ebpunim me Komun\u00ebn e Ulqinit n\u00ebp\u00ebrmjet kontraktuesit Bemax d.o.o. Podgoric\u00eb, do t\u00eb fillojn\u00eb rikonstruktimin e rrug\u00ebs\" \/>\n<meta name=\"robots\" content=\"index, follow, max-snippet:-1, max-image-preview:large, max-video-preview:-1\" \/>\n<link rel=\"canonical\" href=\"https:\/\/www.visit-ulcinj.com\/blog\/2013\/01\/15\/fillon-rikonstruksioni-i-rruges-katerkolle-krythe\/\" \/>\n<meta property=\"og:locale\" content=\"en_US\" \/>\n<meta property=\"og:type\" content=\"article\" \/>\n<meta property=\"og:title\" content=\"Fillon rikonstruksioni i rruges Kat\u00ebrkoll\u00eb - Kryth\u00eb - Lajme nga Ulqini\" \/>\n<meta property=\"og:description\" content=\"Drejtorija p\u00ebr Komunikacion n\u00eb bashk\u00ebpunim me Komun\u00ebn e Ulqinit n\u00ebp\u00ebrmjet kontraktuesit Bemax d.o.o. Podgoric\u00eb, do t\u00eb fillojn\u00eb rikonstruktimin e rrug\u00ebs\" \/>\n<meta property=\"og:url\" content=\"https:\/\/www.visit-ulcinj.com\/blog\/2013\/01\/15\/fillon-rikonstruksioni-i-rruges-katerkolle-krythe\/\" \/>\n<meta property=\"og:site_name\" content=\"Lajme nga Ulqini\" \/>\n<meta property=\"article:published_time\" content=\"2013-01-15T18:48:01+00:00\" \/>\n<meta property=\"og:image\" content=\"http:\/\/www.visit-ulcinj.com\/blog\/wp-content\/uploads\/2013\/01\/Ruga-Ulqin-Sukobine.jpg\" \/>\n<meta name=\"twitter:label1\" content=\"Written by\" \/>\n\t<meta name=\"twitter:data1\" content=\"ulqini\" \/>\n\t<meta name=\"twitter:label2\" content=\"Est. reading time\" \/>\n\t<meta name=\"twitter:data2\" content=\"1 minute\" \/>\n<script type=\"application\/ld+json\" class=\"yoast-schema-graph\">{\"@context\":\"https:\/\/schema.org\",\"@graph\":[{\"@type\":\"WebSite\",\"@id\":\"https:\/\/www.visit-ulcinj.com\/blog\/#website\",\"url\":\"https:\/\/www.visit-ulcinj.com\/blog\/\",\"name\":\"Lajme nga Ulqini\",\"description\":\"Lajme,Vijesti,Ulqini,Ulqin,Crna Gora,Mali i Zi\",\"potentialAction\":[{\"@type\":\"SearchAction\",\"target\":{\"@type\":\"EntryPoint\",\"urlTemplate\":\"https:\/\/www.visit-ulcinj.com\/blog\/?s={search_term_string}\"},\"query-input\":\"required name=search_term_string\"}],\"inLanguage\":\"en-US\"},{\"@type\":\"ImageObject\",\"inLanguage\":\"en-US\",\"@id\":\"https:\/\/www.visit-ulcinj.com\/blog\/2013\/01\/15\/fillon-rikonstruksioni-i-rruges-katerkolle-krythe\/#primaryimage\",\"url\":\"https:\/\/www.visit-ulcinj.com\/blog\/wp-content\/uploads\/2013\/01\/Ruga-Ulqin-Sukobine.jpg\",\"contentUrl\":\"https:\/\/www.visit-ulcinj.com\/blog\/wp-content\/uploads\/2013\/01\/Ruga-Ulqin-Sukobine.jpg\",\"width\":960,\"height\":701},{\"@type\":\"WebPage\",\"@id\":\"https:\/\/www.visit-ulcinj.com\/blog\/2013\/01\/15\/fillon-rikonstruksioni-i-rruges-katerkolle-krythe\/#webpage\",\"url\":\"https:\/\/www.visit-ulcinj.com\/blog\/2013\/01\/15\/fillon-rikonstruksioni-i-rruges-katerkolle-krythe\/\",\"name\":\"Fillon rikonstruksioni i rruges Kat\u00ebrkoll\u00eb - Kryth\u00eb - Lajme nga Ulqini\",\"isPartOf\":{\"@id\":\"https:\/\/www.visit-ulcinj.com\/blog\/#website\"},\"primaryImageOfPage\":{\"@id\":\"https:\/\/www.visit-ulcinj.com\/blog\/2013\/01\/15\/fillon-rikonstruksioni-i-rruges-katerkolle-krythe\/#primaryimage\"},\"datePublished\":\"2013-01-15T18:48:01+00:00\",\"dateModified\":\"2013-01-15T18:48:01+00:00\",\"author\":{\"@id\":\"https:\/\/www.visit-ulcinj.com\/blog\/#\/schema\/person\/dcab619c614d3038751c63bc2aadc06d\"},\"description\":\"Drejtorija p\u00ebr Komunikacion n\u00eb bashk\u00ebpunim me Komun\u00ebn e Ulqinit n\u00ebp\u00ebrmjet kontraktuesit Bemax d.o.o. Podgoric\u00eb, do t\u00eb fillojn\u00eb rikonstruktimin e rrug\u00ebs\",\"breadcrumb\":{\"@id\":\"https:\/\/www.visit-ulcinj.com\/blog\/2013\/01\/15\/fillon-rikonstruksioni-i-rruges-katerkolle-krythe\/#breadcrumb\"},\"inLanguage\":\"en-US\",\"potentialAction\":[{\"@type\":\"ReadAction\",\"target\":[\"https:\/\/www.visit-ulcinj.com\/blog\/2013\/01\/15\/fillon-rikonstruksioni-i-rruges-katerkolle-krythe\/\"]}]},{\"@type\":\"BreadcrumbList\",\"@id\":\"https:\/\/www.visit-ulcinj.com\/blog\/2013\/01\/15\/fillon-rikonstruksioni-i-rruges-katerkolle-krythe\/#breadcrumb\",\"itemListElement\":[{\"@type\":\"ListItem\",\"position\":1,\"name\":\"Fillon rikonstruksioni i rruges Kat\u00ebrkoll\u00eb &#8211; Kryth\u00eb\"}]},{\"@type\":\"Person\",\"@id\":\"https:\/\/www.visit-ulcinj.com\/blog\/#\/schema\/person\/dcab619c614d3038751c63bc2aadc06d\",\"name\":\"ulqini\",\"sameAs\":[\"http:\/\/www.visit-ulcinj.com\"],\"url\":\"https:\/\/www.visit-ulcinj.com\/blog\/author\/admin\/\"}]}<\/script>\n<!-- \/ Yoast SEO plugin. -->","yoast_head_json":{"title":"Fillon rikonstruksioni i rruges Kat\u00ebrkoll\u00eb - Kryth\u00eb - Lajme nga Ulqini","description":"Drejtorija p\u00ebr Komunikacion n\u00eb bashk\u00ebpunim me Komun\u00ebn e Ulqinit n\u00ebp\u00ebrmjet kontraktuesit Bemax d.o.o. Podgoric\u00eb, do t\u00eb fillojn\u00eb rikonstruktimin e rrug\u00ebs","robots":{"index":"index","follow":"follow","max-snippet":"max-snippet:-1","max-image-preview":"max-image-preview:large","max-video-preview":"max-video-preview:-1"},"canonical":"https:\/\/www.visit-ulcinj.com\/blog\/2013\/01\/15\/fillon-rikonstruksioni-i-rruges-katerkolle-krythe\/","og_locale":"en_US","og_type":"article","og_title":"Fillon rikonstruksioni i rruges Kat\u00ebrkoll\u00eb - Kryth\u00eb - Lajme nga Ulqini","og_description":"Drejtorija p\u00ebr Komunikacion n\u00eb bashk\u00ebpunim me Komun\u00ebn e Ulqinit n\u00ebp\u00ebrmjet kontraktuesit Bemax d.o.o. Podgoric\u00eb, do t\u00eb fillojn\u00eb rikonstruktimin e rrug\u00ebs","og_url":"https:\/\/www.visit-ulcinj.com\/blog\/2013\/01\/15\/fillon-rikonstruksioni-i-rruges-katerkolle-krythe\/","og_site_name":"Lajme nga Ulqini","article_published_time":"2013-01-15T18:48:01+00:00","og_image":[{"url":"http:\/\/www.visit-ulcinj.com\/blog\/wp-content\/uploads\/2013\/01\/Ruga-Ulqin-Sukobine.jpg"}],"twitter_misc":{"Written by":"ulqini","Est. reading time":"1 minute"},"schema":{"@context":"https:\/\/schema.org","@graph":[{"@type":"WebSite","@id":"https:\/\/www.visit-ulcinj.com\/blog\/#website","url":"https:\/\/www.visit-ulcinj.com\/blog\/","name":"Lajme nga Ulqini","description":"Lajme,Vijesti,Ulqini,Ulqin,Crna Gora,Mali i Zi","potentialAction":[{"@type":"SearchAction","target":{"@type":"EntryPoint","urlTemplate":"https:\/\/www.visit-ulcinj.com\/blog\/?s={search_term_string}"},"query-input":"required name=search_term_string"}],"inLanguage":"en-US"},{"@type":"ImageObject","inLanguage":"en-US","@id":"https:\/\/www.visit-ulcinj.com\/blog\/2013\/01\/15\/fillon-rikonstruksioni-i-rruges-katerkolle-krythe\/#primaryimage","url":"https:\/\/www.visit-ulcinj.com\/blog\/wp-content\/uploads\/2013\/01\/Ruga-Ulqin-Sukobine.jpg","contentUrl":"https:\/\/www.visit-ulcinj.com\/blog\/wp-content\/uploads\/2013\/01\/Ruga-Ulqin-Sukobine.jpg","width":960,"height":701},{"@type":"WebPage","@id":"https:\/\/www.visit-ulcinj.com\/blog\/2013\/01\/15\/fillon-rikonstruksioni-i-rruges-katerkolle-krythe\/#webpage","url":"https:\/\/www.visit-ulcinj.com\/blog\/2013\/01\/15\/fillon-rikonstruksioni-i-rruges-katerkolle-krythe\/","name":"Fillon rikonstruksioni i rruges Kat\u00ebrkoll\u00eb - Kryth\u00eb - Lajme nga Ulqini","isPartOf":{"@id":"https:\/\/www.visit-ulcinj.com\/blog\/#website"},"primaryImageOfPage":{"@id":"https:\/\/www.visit-ulcinj.com\/blog\/2013\/01\/15\/fillon-rikonstruksioni-i-rruges-katerkolle-krythe\/#primaryimage"},"datePublished":"2013-01-15T18:48:01+00:00","dateModified":"2013-01-15T18:48:01+00:00","author":{"@id":"https:\/\/www.visit-ulcinj.com\/blog\/#\/schema\/person\/dcab619c614d3038751c63bc2aadc06d"},"description":"Drejtorija p\u00ebr Komunikacion n\u00eb bashk\u00ebpunim me Komun\u00ebn e Ulqinit n\u00ebp\u00ebrmjet kontraktuesit Bemax d.o.o. Podgoric\u00eb, do t\u00eb fillojn\u00eb rikonstruktimin e rrug\u00ebs","breadcrumb":{"@id":"https:\/\/www.visit-ulcinj.com\/blog\/2013\/01\/15\/fillon-rikonstruksioni-i-rruges-katerkolle-krythe\/#breadcrumb"},"inLanguage":"en-US","potentialAction":[{"@type":"ReadAction","target":["https:\/\/www.visit-ulcinj.com\/blog\/2013\/01\/15\/fillon-rikonstruksioni-i-rruges-katerkolle-krythe\/"]}]},{"@type":"BreadcrumbList","@id":"https:\/\/www.visit-ulcinj.com\/blog\/2013\/01\/15\/fillon-rikonstruksioni-i-rruges-katerkolle-krythe\/#breadcrumb","itemListElement":[{"@type":"ListItem","position":1,"name":"Fillon rikonstruksioni i rruges Kat\u00ebrkoll\u00eb &#8211; Kryth\u00eb"}]},{"@type":"Person","@id":"https:\/\/www.visit-ulcinj.com\/blog\/#\/schema\/person\/dcab619c614d3038751c63bc2aadc06d","name":"ulqini","sameAs":["http:\/\/www.visit-ulcinj.com"],"url":"https:\/\/www.visit-ulcinj.com\/blog\/author\/admin\/"}]}},"jetpack_featured_media_url":"","jetpack_sharing_enabled":true,"jetpack_shortlink":"https:\/\/wp.me\/pe6lTn-hAU","_links":{"self":[{"href":"https:\/\/www.visit-ulcinj.com\/blog\/wp-json\/wp\/v2\/posts\/67636"}],"collection":[{"href":"https:\/\/www.visit-ulcinj.com\/blog\/wp-json\/wp\/v2\/posts"}],"about":[{"href":"https:\/\/www.visit-ulcinj.com\/blog\/wp-json\/wp\/v2\/types\/post"}],"author":[{"embeddable":true,"href":"https:\/\/www.visit-ulcinj.com\/blog\/wp-json\/wp\/v2\/users\/1"}],"replies":[{"embeddable":true,"href":"https:\/\/www.visit-ulcinj.com\/blog\/wp-json\/wp\/v2\/comments?post=67636"}],"version-history":[{"count":2,"href":"https:\/\/www.visit-ulcinj.com\/blog\/wp-json\/wp\/v2\/posts\/67636\/revisions"}],"predecessor-version":[{"id":67639,"href":"https:\/\/www.visit-ulcinj.com\/blog\/wp-json\/wp\/v2\/posts\/67636\/revisions\/67639"}],"wp:attachment":[{"href":"https:\/\/www.visit-ulcinj.com\/blog\/wp-json\/wp\/v2\/media?parent=67636"}],"wp:term":[{"taxonomy":"category","embeddable":true,"href":"https:\/\/www.visit-ulcinj.com\/blog\/wp-json\/wp\/v2\/categories?post=67636"},{"taxonomy":"post_tag","embeddable":true,"href":"https:\/\/www.visit-ulcinj.com\/blog\/wp-json\/wp\/v2\/tags?post=67636"}],"curies":[{"name":"wp","href":"https:\/\/api.w.org\/{rel}","templated":true}]}}