{"id":67640,"date":"2013-01-15T20:01:16","date_gmt":"2013-01-15T19:01:16","guid":{"rendered":"http:\/\/www.visit-ulcinj.com\/blog\/?p=67640"},"modified":"2013-01-15T20:01:16","modified_gmt":"2013-01-15T19:01:16","slug":"anetaret-e-klubit-te-karatese-ulqini-te-suksesshem-edhe-ne-vrapim","status":"publish","type":"post","link":"https:\/\/www.visit-ulcinj.com\/blog\/2013\/01\/15\/anetaret-e-klubit-te-karatese-ulqini-te-suksesshem-edhe-ne-vrapim\/","title":{"rendered":"An\u00ebtar\u00ebt e klubit t\u00eb karates\u00eb &#8220;Ulqini&#8221; t\u00eb suksessh\u00ebm edhe n\u00eb vrapim"},"content":{"rendered":"<p><a href=\"http:\/\/www.visit-ulcinj.com\/blog\/wp-content\/uploads\/2013\/01\/Klubi-Karates-Ulqini-edhe-ne-vrapim.jpg\"><img loading=\"lazy\" class=\"alignleft  wp-image-67641\" alt=\"Klubi Karates Ulqini edhe ne vrapim\" src=\"http:\/\/www.visit-ulcinj.com\/blog\/wp-content\/uploads\/2013\/01\/Klubi-Karates-Ulqini-edhe-ne-vrapim.jpg\" width=\"508\" height=\"360\" \/><\/a>N\u00eb Ulqin, t\u00eb enjten, m\u00eb 10 janar 2013, u mbajt vrapimi i dyt\u00eb nd\u00ebrkomb\u00ebtar rrugor \u201cUlqini 2013\u201d, n\u00eb organizimin e Komun\u00ebs s\u00eb Ulqinit, Federat\u00ebs s\u00eb Atletik\u00ebs t\u00eb Malit t\u00eb Zi, SHRS \u201cBelvi\u201d dhe t\u00eb OJQ \u201cUlqini Sport\u201d. N\u00eb k\u00ebt\u00eb manifestim mor\u00ebn pjes\u00eb p\u00ebrfaq\u00ebsues t\u00eb atletik\u00ebs nga Bosna, Kosova dhe Serbia dhe sportist\u00eb nga klube t\u00eb sporteve t\u00eb ndryshme nga Ulqini.<br \/>\n<a href=\"http:\/\/www.visit-ulcinj.com\/blog\/wp-content\/uploads\/2013\/01\/Maratoni-ne-ulqin.jpg\"><img loading=\"lazy\" class=\"alignleft  wp-image-67642\" alt=\"Maratoni ne ulqin\" src=\"http:\/\/www.visit-ulcinj.com\/blog\/wp-content\/uploads\/2013\/01\/Maratoni-ne-ulqin.jpg\" width=\"508\" height=\"300\" \/><\/a><br \/>\nN\u00eb mesin e pjes\u00ebmarr\u00ebsve ishin edhe an\u00ebtar\u00ebt e Klubit t\u00eb Karates\u00eb \u201cUlqini\u201d. Djemt\u00eb dhe vajzat garuan n\u00eb dhjet\u00eb disiplina nga 12 t\u00eb cilat ishin t\u00eb parapara, t\u00eb ndar\u00eb sipas grupmoshave. Garuesit e KK \u201cUlqini\u201d arrit\u00ebn t\u00eb fitojn\u00eb 12 medalje: 5 medalje t\u00eb arta, 4 t\u00eb argjendta dhe 3 t\u00eb bronzta. Me medaljen e art\u00eb u kuror\u00ebzuan: Ibrahim Zogaj (1998\/99), Antigona Rama (1997\/96), Hantije Ibro\u00e7i (1995\/94), Radica Dashiq (seniore) dhe Behlul Peri (senior\u00eb). Me medaljen e argjendt\u00eb u kuror\u00ebzuan: Emro Bajrami (2002\/03), Edin Kraja (1997\/96), Gentiana Rama (1995\/94) dhe Dragoljub Dashiq (1995\/94). Me medaljen e bronzt\u00eb u kuror\u00ebzuan: Adnan Kuqi (2001\/200), Nderim Cuca (1998\/99) dhe Albion Duraku (1995\/94).<\/p>\n<p>Ky \u00ebsht\u00eb edhe nj\u00eb sukses i an\u00ebtar\u00ebve t\u00eb Klubit t\u00eb karates\u00eb \u201cUlqini\u201d, sepse nga 12 medalje t\u00eb arta t\u00eb mundshme, pes\u00eb i mor\u00ebn an\u00ebtar\u00ebt e k\u00ebtij klubi, \u00e7ka do t\u00eb thot\u00eb se ishin m\u00eb t\u00eb sukseshmit nga klubet e tjer\u00eb sportive nga Ulqini. Kjo edhe nj\u00ebher\u00eb d\u00ebshmon p\u00ebr p\u00ebrgatitjen e mir\u00eb sportive t\u00eb tyre, jo vet\u00ebm n\u00eb sportin e karates\u00eb. P\u00ebr organizimin e k\u00ebtij manifestimi meritat i takojn\u00eb pun\u00ebtorit sportiv Misho Causheviq.<\/p>\n<p><strong>S\u00ebrbimi p\u00ebr marr\u00ebdh\u00ebnie me publikun i KK &#8220;Ulqini&#8221;<\/strong><\/p>\n","protected":false},"excerpt":{"rendered":"<p>N\u00eb Ulqin, t\u00eb enjten, m\u00eb 10 janar 2013, u mbajt vrapimi i dyt\u00eb nd\u00ebrkomb\u00ebtar rrugor \u201cUlqini 2013\u201d, n\u00eb organizimin e Komun\u00ebs s\u00eb Ulqinit, Federat\u00ebs s\u00eb Atletik\u00ebs t\u00eb Malit t\u00eb Zi, SHRS \u201cBelvi\u201d dhe t\u00eb OJQ \u201cUlqini Sport\u201d. N\u00eb k\u00ebt\u00eb manifestim mor\u00ebn pjes\u00eb p\u00ebrfaq\u00ebsues t\u00eb atletik\u00ebs nga Bosna, Kosova dhe Serbia dhe sportist\u00eb nga klube t\u00eb [&hellip;]<\/p>\n","protected":false},"author":1,"featured_media":0,"comment_status":"open","ping_status":"closed","sticky":false,"template":"","format":"standard","meta":{"spay_email":"","jetpack_publicize_message":"","jetpack_is_tweetstorm":false,"jetpack_publicize_feature_enabled":true},"categories":[3],"tags":[13164],"jetpack_publicize_connections":[],"yoast_head":"<!-- This site is optimized with the Yoast SEO plugin v19.1 - https:\/\/yoast.com\/wordpress\/plugins\/seo\/ -->\n<title>An\u00ebtar\u00ebt e klubit t\u00eb karates\u00eb &quot;Ulqini&quot; t\u00eb suksessh\u00ebm edhe n\u00eb vrapim - Lajme nga Ulqini<\/title>\n<meta name=\"description\" content=\"N\u00eb Ulqin, t\u00eb enjten, m\u00eb 10 janar 2013, u mbajt vrapimi i dyt\u00eb nd\u00ebrkomb\u00ebtar rrugor \u201cUlqini 2013\u201d, n\u00eb organizimin e Komun\u00ebs s\u00eb Ulqinit, Federat\u00ebs s\u00eb\" \/>\n<meta name=\"robots\" content=\"index, follow, max-snippet:-1, max-image-preview:large, max-video-preview:-1\" \/>\n<link rel=\"canonical\" href=\"https:\/\/www.visit-ulcinj.com\/blog\/2013\/01\/15\/anetaret-e-klubit-te-karatese-ulqini-te-suksesshem-edhe-ne-vrapim\/\" \/>\n<meta property=\"og:locale\" content=\"en_US\" \/>\n<meta property=\"og:type\" content=\"article\" \/>\n<meta property=\"og:title\" content=\"An\u00ebtar\u00ebt e klubit t\u00eb karates\u00eb &quot;Ulqini&quot; t\u00eb suksessh\u00ebm edhe n\u00eb vrapim - Lajme nga Ulqini\" \/>\n<meta property=\"og:description\" content=\"N\u00eb Ulqin, t\u00eb enjten, m\u00eb 10 janar 2013, u mbajt vrapimi i dyt\u00eb nd\u00ebrkomb\u00ebtar rrugor \u201cUlqini 2013\u201d, n\u00eb organizimin e Komun\u00ebs s\u00eb Ulqinit, Federat\u00ebs s\u00eb\" \/>\n<meta property=\"og:url\" content=\"https:\/\/www.visit-ulcinj.com\/blog\/2013\/01\/15\/anetaret-e-klubit-te-karatese-ulqini-te-suksesshem-edhe-ne-vrapim\/\" \/>\n<meta property=\"og:site_name\" content=\"Lajme nga Ulqini\" \/>\n<meta property=\"article:published_time\" content=\"2013-01-15T19:01:16+00:00\" \/>\n<meta property=\"og:image\" content=\"http:\/\/www.visit-ulcinj.com\/blog\/wp-content\/uploads\/2013\/01\/Klubi-Karates-Ulqini-edhe-ne-vrapim.jpg\" \/>\n<meta name=\"twitter:label1\" content=\"Written by\" \/>\n\t<meta name=\"twitter:data1\" content=\"ulqini\" \/>\n\t<meta name=\"twitter:label2\" content=\"Est. reading time\" \/>\n\t<meta name=\"twitter:data2\" content=\"1 minute\" \/>\n<script type=\"application\/ld+json\" class=\"yoast-schema-graph\">{\"@context\":\"https:\/\/schema.org\",\"@graph\":[{\"@type\":\"WebSite\",\"@id\":\"https:\/\/www.visit-ulcinj.com\/blog\/#website\",\"url\":\"https:\/\/www.visit-ulcinj.com\/blog\/\",\"name\":\"Lajme nga Ulqini\",\"description\":\"Lajme,Vijesti,Ulqini,Ulqin,Crna Gora,Mali i Zi\",\"potentialAction\":[{\"@type\":\"SearchAction\",\"target\":{\"@type\":\"EntryPoint\",\"urlTemplate\":\"https:\/\/www.visit-ulcinj.com\/blog\/?s={search_term_string}\"},\"query-input\":\"required name=search_term_string\"}],\"inLanguage\":\"en-US\"},{\"@type\":\"ImageObject\",\"inLanguage\":\"en-US\",\"@id\":\"https:\/\/www.visit-ulcinj.com\/blog\/2013\/01\/15\/anetaret-e-klubit-te-karatese-ulqini-te-suksesshem-edhe-ne-vrapim\/#primaryimage\",\"url\":\"https:\/\/www.visit-ulcinj.com\/blog\/wp-content\/uploads\/2013\/01\/Klubi-Karates-Ulqini-edhe-ne-vrapim.jpg\",\"contentUrl\":\"https:\/\/www.visit-ulcinj.com\/blog\/wp-content\/uploads\/2013\/01\/Klubi-Karates-Ulqini-edhe-ne-vrapim.jpg\",\"width\":960,\"height\":720},{\"@type\":\"WebPage\",\"@id\":\"https:\/\/www.visit-ulcinj.com\/blog\/2013\/01\/15\/anetaret-e-klubit-te-karatese-ulqini-te-suksesshem-edhe-ne-vrapim\/#webpage\",\"url\":\"https:\/\/www.visit-ulcinj.com\/blog\/2013\/01\/15\/anetaret-e-klubit-te-karatese-ulqini-te-suksesshem-edhe-ne-vrapim\/\",\"name\":\"An\u00ebtar\u00ebt e klubit t\u00eb karates\u00eb \\\"Ulqini\\\" t\u00eb suksessh\u00ebm edhe n\u00eb vrapim - Lajme nga Ulqini\",\"isPartOf\":{\"@id\":\"https:\/\/www.visit-ulcinj.com\/blog\/#website\"},\"primaryImageOfPage\":{\"@id\":\"https:\/\/www.visit-ulcinj.com\/blog\/2013\/01\/15\/anetaret-e-klubit-te-karatese-ulqini-te-suksesshem-edhe-ne-vrapim\/#primaryimage\"},\"datePublished\":\"2013-01-15T19:01:16+00:00\",\"dateModified\":\"2013-01-15T19:01:16+00:00\",\"author\":{\"@id\":\"https:\/\/www.visit-ulcinj.com\/blog\/#\/schema\/person\/dcab619c614d3038751c63bc2aadc06d\"},\"description\":\"N\u00eb Ulqin, t\u00eb enjten, m\u00eb 10 janar 2013, u mbajt vrapimi i dyt\u00eb nd\u00ebrkomb\u00ebtar rrugor \u201cUlqini 2013\u201d, n\u00eb organizimin e Komun\u00ebs s\u00eb Ulqinit, Federat\u00ebs s\u00eb\",\"breadcrumb\":{\"@id\":\"https:\/\/www.visit-ulcinj.com\/blog\/2013\/01\/15\/anetaret-e-klubit-te-karatese-ulqini-te-suksesshem-edhe-ne-vrapim\/#breadcrumb\"},\"inLanguage\":\"en-US\",\"potentialAction\":[{\"@type\":\"ReadAction\",\"target\":[\"https:\/\/www.visit-ulcinj.com\/blog\/2013\/01\/15\/anetaret-e-klubit-te-karatese-ulqini-te-suksesshem-edhe-ne-vrapim\/\"]}]},{\"@type\":\"BreadcrumbList\",\"@id\":\"https:\/\/www.visit-ulcinj.com\/blog\/2013\/01\/15\/anetaret-e-klubit-te-karatese-ulqini-te-suksesshem-edhe-ne-vrapim\/#breadcrumb\",\"itemListElement\":[{\"@type\":\"ListItem\",\"position\":1,\"name\":\"An\u00ebtar\u00ebt e klubit t\u00eb karates\u00eb &#8220;Ulqini&#8221; t\u00eb suksessh\u00ebm edhe n\u00eb vrapim\"}]},{\"@type\":\"Person\",\"@id\":\"https:\/\/www.visit-ulcinj.com\/blog\/#\/schema\/person\/dcab619c614d3038751c63bc2aadc06d\",\"name\":\"ulqini\",\"sameAs\":[\"http:\/\/www.visit-ulcinj.com\"],\"url\":\"https:\/\/www.visit-ulcinj.com\/blog\/author\/admin\/\"}]}<\/script>\n<!-- \/ Yoast SEO plugin. -->","yoast_head_json":{"title":"An\u00ebtar\u00ebt e klubit t\u00eb karates\u00eb \"Ulqini\" t\u00eb suksessh\u00ebm edhe n\u00eb vrapim - Lajme nga Ulqini","description":"N\u00eb Ulqin, t\u00eb enjten, m\u00eb 10 janar 2013, u mbajt vrapimi i dyt\u00eb nd\u00ebrkomb\u00ebtar rrugor \u201cUlqini 2013\u201d, n\u00eb organizimin e Komun\u00ebs s\u00eb Ulqinit, Federat\u00ebs s\u00eb","robots":{"index":"index","follow":"follow","max-snippet":"max-snippet:-1","max-image-preview":"max-image-preview:large","max-video-preview":"max-video-preview:-1"},"canonical":"https:\/\/www.visit-ulcinj.com\/blog\/2013\/01\/15\/anetaret-e-klubit-te-karatese-ulqini-te-suksesshem-edhe-ne-vrapim\/","og_locale":"en_US","og_type":"article","og_title":"An\u00ebtar\u00ebt e klubit t\u00eb karates\u00eb \"Ulqini\" t\u00eb suksessh\u00ebm edhe n\u00eb vrapim - Lajme nga Ulqini","og_description":"N\u00eb Ulqin, t\u00eb enjten, m\u00eb 10 janar 2013, u mbajt vrapimi i dyt\u00eb nd\u00ebrkomb\u00ebtar rrugor \u201cUlqini 2013\u201d, n\u00eb organizimin e Komun\u00ebs s\u00eb Ulqinit, Federat\u00ebs s\u00eb","og_url":"https:\/\/www.visit-ulcinj.com\/blog\/2013\/01\/15\/anetaret-e-klubit-te-karatese-ulqini-te-suksesshem-edhe-ne-vrapim\/","og_site_name":"Lajme nga Ulqini","article_published_time":"2013-01-15T19:01:16+00:00","og_image":[{"url":"http:\/\/www.visit-ulcinj.com\/blog\/wp-content\/uploads\/2013\/01\/Klubi-Karates-Ulqini-edhe-ne-vrapim.jpg"}],"twitter_misc":{"Written by":"ulqini","Est. reading time":"1 minute"},"schema":{"@context":"https:\/\/schema.org","@graph":[{"@type":"WebSite","@id":"https:\/\/www.visit-ulcinj.com\/blog\/#website","url":"https:\/\/www.visit-ulcinj.com\/blog\/","name":"Lajme nga Ulqini","description":"Lajme,Vijesti,Ulqini,Ulqin,Crna Gora,Mali i Zi","potentialAction":[{"@type":"SearchAction","target":{"@type":"EntryPoint","urlTemplate":"https:\/\/www.visit-ulcinj.com\/blog\/?s={search_term_string}"},"query-input":"required name=search_term_string"}],"inLanguage":"en-US"},{"@type":"ImageObject","inLanguage":"en-US","@id":"https:\/\/www.visit-ulcinj.com\/blog\/2013\/01\/15\/anetaret-e-klubit-te-karatese-ulqini-te-suksesshem-edhe-ne-vrapim\/#primaryimage","url":"https:\/\/www.visit-ulcinj.com\/blog\/wp-content\/uploads\/2013\/01\/Klubi-Karates-Ulqini-edhe-ne-vrapim.jpg","contentUrl":"https:\/\/www.visit-ulcinj.com\/blog\/wp-content\/uploads\/2013\/01\/Klubi-Karates-Ulqini-edhe-ne-vrapim.jpg","width":960,"height":720},{"@type":"WebPage","@id":"https:\/\/www.visit-ulcinj.com\/blog\/2013\/01\/15\/anetaret-e-klubit-te-karatese-ulqini-te-suksesshem-edhe-ne-vrapim\/#webpage","url":"https:\/\/www.visit-ulcinj.com\/blog\/2013\/01\/15\/anetaret-e-klubit-te-karatese-ulqini-te-suksesshem-edhe-ne-vrapim\/","name":"An\u00ebtar\u00ebt e klubit t\u00eb karates\u00eb \"Ulqini\" t\u00eb suksessh\u00ebm edhe n\u00eb vrapim - Lajme nga Ulqini","isPartOf":{"@id":"https:\/\/www.visit-ulcinj.com\/blog\/#website"},"primaryImageOfPage":{"@id":"https:\/\/www.visit-ulcinj.com\/blog\/2013\/01\/15\/anetaret-e-klubit-te-karatese-ulqini-te-suksesshem-edhe-ne-vrapim\/#primaryimage"},"datePublished":"2013-01-15T19:01:16+00:00","dateModified":"2013-01-15T19:01:16+00:00","author":{"@id":"https:\/\/www.visit-ulcinj.com\/blog\/#\/schema\/person\/dcab619c614d3038751c63bc2aadc06d"},"description":"N\u00eb Ulqin, t\u00eb enjten, m\u00eb 10 janar 2013, u mbajt vrapimi i dyt\u00eb nd\u00ebrkomb\u00ebtar rrugor \u201cUlqini 2013\u201d, n\u00eb organizimin e Komun\u00ebs s\u00eb Ulqinit, Federat\u00ebs s\u00eb","breadcrumb":{"@id":"https:\/\/www.visit-ulcinj.com\/blog\/2013\/01\/15\/anetaret-e-klubit-te-karatese-ulqini-te-suksesshem-edhe-ne-vrapim\/#breadcrumb"},"inLanguage":"en-US","potentialAction":[{"@type":"ReadAction","target":["https:\/\/www.visit-ulcinj.com\/blog\/2013\/01\/15\/anetaret-e-klubit-te-karatese-ulqini-te-suksesshem-edhe-ne-vrapim\/"]}]},{"@type":"BreadcrumbList","@id":"https:\/\/www.visit-ulcinj.com\/blog\/2013\/01\/15\/anetaret-e-klubit-te-karatese-ulqini-te-suksesshem-edhe-ne-vrapim\/#breadcrumb","itemListElement":[{"@type":"ListItem","position":1,"name":"An\u00ebtar\u00ebt e klubit t\u00eb karates\u00eb &#8220;Ulqini&#8221; t\u00eb suksessh\u00ebm edhe n\u00eb vrapim"}]},{"@type":"Person","@id":"https:\/\/www.visit-ulcinj.com\/blog\/#\/schema\/person\/dcab619c614d3038751c63bc2aadc06d","name":"ulqini","sameAs":["http:\/\/www.visit-ulcinj.com"],"url":"https:\/\/www.visit-ulcinj.com\/blog\/author\/admin\/"}]}},"jetpack_featured_media_url":"","jetpack_sharing_enabled":true,"jetpack_shortlink":"https:\/\/wp.me\/pe6lTn-hAY","_links":{"self":[{"href":"https:\/\/www.visit-ulcinj.com\/blog\/wp-json\/wp\/v2\/posts\/67640"}],"collection":[{"href":"https:\/\/www.visit-ulcinj.com\/blog\/wp-json\/wp\/v2\/posts"}],"about":[{"href":"https:\/\/www.visit-ulcinj.com\/blog\/wp-json\/wp\/v2\/types\/post"}],"author":[{"embeddable":true,"href":"https:\/\/www.visit-ulcinj.com\/blog\/wp-json\/wp\/v2\/users\/1"}],"replies":[{"embeddable":true,"href":"https:\/\/www.visit-ulcinj.com\/blog\/wp-json\/wp\/v2\/comments?post=67640"}],"version-history":[{"count":1,"href":"https:\/\/www.visit-ulcinj.com\/blog\/wp-json\/wp\/v2\/posts\/67640\/revisions"}],"predecessor-version":[{"id":67643,"href":"https:\/\/www.visit-ulcinj.com\/blog\/wp-json\/wp\/v2\/posts\/67640\/revisions\/67643"}],"wp:attachment":[{"href":"https:\/\/www.visit-ulcinj.com\/blog\/wp-json\/wp\/v2\/media?parent=67640"}],"wp:term":[{"taxonomy":"category","embeddable":true,"href":"https:\/\/www.visit-ulcinj.com\/blog\/wp-json\/wp\/v2\/categories?post=67640"},{"taxonomy":"post_tag","embeddable":true,"href":"https:\/\/www.visit-ulcinj.com\/blog\/wp-json\/wp\/v2\/tags?post=67640"}],"curies":[{"name":"wp","href":"https:\/\/api.w.org\/{rel}","templated":true}]}}