{"id":67651,"date":"2013-01-16T18:44:08","date_gmt":"2013-01-16T17:44:08","guid":{"rendered":"http:\/\/www.visit-ulcinj.com\/blog\/?p=67651"},"modified":"2013-01-16T18:44:08","modified_gmt":"2013-01-16T17:44:08","slug":"sinistaj-protiv-filipa-cakuli-za","status":"publish","type":"post","link":"https:\/\/www.visit-ulcinj.com\/blog\/2013\/01\/16\/sinistaj-protiv-filipa-cakuli-za\/","title":{"rendered":"Sini\u0161taj protiv Filipa, Cakuli za"},"content":{"rendered":"<p><strong><a href=\"http:\/\/www.visit-ulcinj.com\/blog\/wp-content\/uploads\/2013\/01\/sinistaj_cakuli_vujanovic.jpg\"><img loading=\"lazy\" class=\"alignleft  wp-image-67652\" alt=\"sinistaj_cakuli_vujanovic\" src=\"http:\/\/www.visit-ulcinj.com\/blog\/wp-content\/uploads\/2013\/01\/sinistaj_cakuli_vujanovic.jpg\" width=\"508\" height=\"360\" \/><\/a>Koalicioni partneri iz vlasti razli\u010dito o mogu\u0107oj Vujanovi\u0107evoj kandidaturi<\/strong><\/p>\n<p>Predstavnici koalicionih partnera, albanske Force i Gra\u0111anske inicijative, iskazali su razli\u010dite stavove po pitanju mogu\u0107e kandidature potpredsjednika DPS-a Filipa Vujanovi\u0107a za predsjednika Crne Gore. Ova dva albanska politi\u010dka subjekta sa DPS-om vr\u0161e vlast u Crnoj Gori, a dosad se nijesu eksplicitnije izja\u0161njavali o mogu\u0107em Vujanovi\u0107evom u\u010de\u0161\u0107u na predsjedni\u010dkim izborima.<br \/>\nPredstavnik Gra\u0111anske inicijative Vaselj Sini\u0161taj smatra da Vujanovi\u0107a ne treba podr\u017eati, dok funkcioner Force D\u017eavdet Cakuli smatra da je sada\u0161nji \u0161ef dr\u017eave prihvatljivo rje\u0161enje.<br \/>\nVaselj Sini\u0161taj kazao je u izjavi za \u201eDan\u201d da ne bi podr\u017eao novu Vujanovi\u0107evu kandidaturu.<br \/>\n\u2013 Ustav jasno ukazuje da se on ne mo\u017ee kandidovati po tre\u0107i put za \u0161efa dr\u017eave. Ustav upozorava da mogu postojati jedan mandat i jedan reizbor. Predsjednik koji je bio dosad to je i odradio. Ho\u0107e li DPS to po\u0161tovati ili ne, na njima je da odlu\u010de \u2013 istakao je Sini\u0161taj.<br \/>\nNagla\u0161ava da se u demokratskim zemljama ustav nikad ne tuma\u010di, ve\u0107 primjenjuje.<br \/>\nNjegov koalicioni partner, potpredsjednik Force D\u017eevdet Cakuli, podr\u017ea\u0107e kandidata kojeg predlo\u017ei DPS, pa makar to bio i Vujanovi\u0107.<br \/>\n\u2013 Jo\u0161 se ne zna ko \u0107e biti predsjedni\u010dki kandidat DPS-a, a stav \u0107emo zauzeti kada to bude zvani\u010dno saop\u0161teno. S obzirom na to da imamo sporazum sa njima, mi \u0107emo podr\u017eati pobjedni\u010dkog predsjedni\u010dkog kandidata. Ne mogu saop\u0161titi stav partijskih organa, ali li\u010dno nijesam protiv Vujanovi\u0107eve kandidature \u2013 naveo je Cakuli u izjavi za \u201eDan\u201d.<br \/>\nDPS je sa manjinskim partijama nakon izbora potpisao koalicioni sporazum prema kome su one saglasne da dogovorom podr\u017ee kandidata vladaju\u0107e partije za predsjednika.<br \/>\nPredsjednik Hrvatske gra\u0111anske inicijative Marija Vu\u010dinovi\u0107 isti\u010de da \u0107e ta partija ispo\u0161tovati koalicioni sporazum sa DPS-om.<br \/>\n\u2013 Jedna od ta\u010daka sporazuma je i podr\u0161ka kandidatu vladaju\u0107e partije za predsjednika za koga se procijeni da \u0107e pobijediti, a Hrvatska gra\u0111anska inicijativa \u0107e tu klauzulu ispo\u0161tovati \u2013 kazala je Vu\u010dinovi\u0107eva.<br \/>\nPrema tvrdnji lidera Demokratske partije Fatmira \u0110eke, ta stranka \u0107e podr\u017eati bilo kog kandidata koga predlo\u017ei DPS.<br \/>\nLiberalna partija tvrdi da ne\u0107e podr\u017eati Vujanovi\u0107evu kandidaturu, osim ako ne promijeni stavove o identitetskim pitanjima. SDP je protiv mogu\u0107nosti da Vujanovi\u0107 opet bude kandidovan.<\/p>\n<p><strong>Bo.M.\u2013Mi.N.<\/strong><br \/>\n<strong>Izvor: DAN<\/strong><\/p>\n","protected":false},"excerpt":{"rendered":"<p>Koalicioni partneri iz vlasti razli\u010dito o mogu\u0107oj Vujanovi\u0107evoj kandidaturi Predstavnici koalicionih partnera, albanske Force i Gra\u0111anske inicijative, iskazali su razli\u010dite stavove po pitanju mogu\u0107e kandidature potpredsjednika DPS-a Filipa Vujanovi\u0107a za predsjednika Crne Gore. Ova dva albanska politi\u010dka subjekta sa DPS-om vr\u0161e vlast u Crnoj Gori, a dosad se nijesu eksplicitnije izja\u0161njavali o mogu\u0107em Vujanovi\u0107evom u\u010de\u0161\u0107u [&hellip;]<\/p>\n","protected":false},"author":1,"featured_media":0,"comment_status":"open","ping_status":"closed","sticky":false,"template":"","format":"standard","meta":{"spay_email":"","jetpack_publicize_message":"","jetpack_is_tweetstorm":false,"jetpack_publicize_feature_enabled":true},"categories":[8337],"tags":[4602,4512,1855],"jetpack_publicize_connections":[],"yoast_head":"<!-- This site is optimized with the Yoast SEO plugin v19.1 - https:\/\/yoast.com\/wordpress\/plugins\/seo\/ -->\n<title>Sini\u0161taj protiv Filipa, Cakuli za - Lajme nga Ulqini<\/title>\n<meta name=\"description\" content=\"Koalicioni partneri iz vlasti razli\u010dito o mogu\u0107oj Vujanovi\u0107evoj kandidaturi Predstavnici koalicionih partnera, albanske Force i Gra\u0111anske inicijative,\" \/>\n<meta name=\"robots\" content=\"index, follow, max-snippet:-1, max-image-preview:large, max-video-preview:-1\" \/>\n<link rel=\"canonical\" href=\"https:\/\/www.visit-ulcinj.com\/blog\/2013\/01\/16\/sinistaj-protiv-filipa-cakuli-za\/\" \/>\n<meta property=\"og:locale\" content=\"en_US\" \/>\n<meta property=\"og:type\" content=\"article\" \/>\n<meta property=\"og:title\" content=\"Sini\u0161taj protiv Filipa, Cakuli za - Lajme nga Ulqini\" \/>\n<meta property=\"og:description\" content=\"Koalicioni partneri iz vlasti razli\u010dito o mogu\u0107oj Vujanovi\u0107evoj kandidaturi Predstavnici koalicionih partnera, albanske Force i Gra\u0111anske inicijative,\" \/>\n<meta property=\"og:url\" content=\"https:\/\/www.visit-ulcinj.com\/blog\/2013\/01\/16\/sinistaj-protiv-filipa-cakuli-za\/\" \/>\n<meta property=\"og:site_name\" content=\"Lajme nga Ulqini\" \/>\n<meta property=\"article:published_time\" content=\"2013-01-16T17:44:08+00:00\" \/>\n<meta property=\"og:image\" content=\"http:\/\/www.visit-ulcinj.com\/blog\/wp-content\/uploads\/2013\/01\/sinistaj_cakuli_vujanovic.jpg\" \/>\n<meta name=\"twitter:label1\" content=\"Written by\" \/>\n\t<meta name=\"twitter:data1\" content=\"ulqini\" \/>\n\t<meta name=\"twitter:label2\" content=\"Est. reading time\" \/>\n\t<meta name=\"twitter:data2\" content=\"2 minutes\" \/>\n<script type=\"application\/ld+json\" class=\"yoast-schema-graph\">{\"@context\":\"https:\/\/schema.org\",\"@graph\":[{\"@type\":\"WebSite\",\"@id\":\"https:\/\/www.visit-ulcinj.com\/blog\/#website\",\"url\":\"https:\/\/www.visit-ulcinj.com\/blog\/\",\"name\":\"Lajme nga Ulqini\",\"description\":\"Lajme,Vijesti,Ulqini,Ulqin,Crna Gora,Mali i Zi\",\"potentialAction\":[{\"@type\":\"SearchAction\",\"target\":{\"@type\":\"EntryPoint\",\"urlTemplate\":\"https:\/\/www.visit-ulcinj.com\/blog\/?s={search_term_string}\"},\"query-input\":\"required name=search_term_string\"}],\"inLanguage\":\"en-US\"},{\"@type\":\"ImageObject\",\"inLanguage\":\"en-US\",\"@id\":\"https:\/\/www.visit-ulcinj.com\/blog\/2013\/01\/16\/sinistaj-protiv-filipa-cakuli-za\/#primaryimage\",\"url\":\"https:\/\/www.visit-ulcinj.com\/blog\/wp-content\/uploads\/2013\/01\/sinistaj_cakuli_vujanovic.jpg\",\"contentUrl\":\"https:\/\/www.visit-ulcinj.com\/blog\/wp-content\/uploads\/2013\/01\/sinistaj_cakuli_vujanovic.jpg\",\"width\":1024,\"height\":1024},{\"@type\":\"WebPage\",\"@id\":\"https:\/\/www.visit-ulcinj.com\/blog\/2013\/01\/16\/sinistaj-protiv-filipa-cakuli-za\/#webpage\",\"url\":\"https:\/\/www.visit-ulcinj.com\/blog\/2013\/01\/16\/sinistaj-protiv-filipa-cakuli-za\/\",\"name\":\"Sini\u0161taj protiv Filipa, Cakuli za - Lajme nga Ulqini\",\"isPartOf\":{\"@id\":\"https:\/\/www.visit-ulcinj.com\/blog\/#website\"},\"primaryImageOfPage\":{\"@id\":\"https:\/\/www.visit-ulcinj.com\/blog\/2013\/01\/16\/sinistaj-protiv-filipa-cakuli-za\/#primaryimage\"},\"datePublished\":\"2013-01-16T17:44:08+00:00\",\"dateModified\":\"2013-01-16T17:44:08+00:00\",\"author\":{\"@id\":\"https:\/\/www.visit-ulcinj.com\/blog\/#\/schema\/person\/dcab619c614d3038751c63bc2aadc06d\"},\"description\":\"Koalicioni partneri iz vlasti razli\u010dito o mogu\u0107oj Vujanovi\u0107evoj kandidaturi Predstavnici koalicionih partnera, albanske Force i Gra\u0111anske inicijative,\",\"breadcrumb\":{\"@id\":\"https:\/\/www.visit-ulcinj.com\/blog\/2013\/01\/16\/sinistaj-protiv-filipa-cakuli-za\/#breadcrumb\"},\"inLanguage\":\"en-US\",\"potentialAction\":[{\"@type\":\"ReadAction\",\"target\":[\"https:\/\/www.visit-ulcinj.com\/blog\/2013\/01\/16\/sinistaj-protiv-filipa-cakuli-za\/\"]}]},{\"@type\":\"BreadcrumbList\",\"@id\":\"https:\/\/www.visit-ulcinj.com\/blog\/2013\/01\/16\/sinistaj-protiv-filipa-cakuli-za\/#breadcrumb\",\"itemListElement\":[{\"@type\":\"ListItem\",\"position\":1,\"name\":\"Sini\u0161taj protiv Filipa, Cakuli za\"}]},{\"@type\":\"Person\",\"@id\":\"https:\/\/www.visit-ulcinj.com\/blog\/#\/schema\/person\/dcab619c614d3038751c63bc2aadc06d\",\"name\":\"ulqini\",\"sameAs\":[\"http:\/\/www.visit-ulcinj.com\"],\"url\":\"https:\/\/www.visit-ulcinj.com\/blog\/author\/admin\/\"}]}<\/script>\n<!-- \/ Yoast SEO plugin. -->","yoast_head_json":{"title":"Sini\u0161taj protiv Filipa, Cakuli za - Lajme nga Ulqini","description":"Koalicioni partneri iz vlasti razli\u010dito o mogu\u0107oj Vujanovi\u0107evoj kandidaturi Predstavnici koalicionih partnera, albanske Force i Gra\u0111anske inicijative,","robots":{"index":"index","follow":"follow","max-snippet":"max-snippet:-1","max-image-preview":"max-image-preview:large","max-video-preview":"max-video-preview:-1"},"canonical":"https:\/\/www.visit-ulcinj.com\/blog\/2013\/01\/16\/sinistaj-protiv-filipa-cakuli-za\/","og_locale":"en_US","og_type":"article","og_title":"Sini\u0161taj protiv Filipa, Cakuli za - Lajme nga Ulqini","og_description":"Koalicioni partneri iz vlasti razli\u010dito o mogu\u0107oj Vujanovi\u0107evoj kandidaturi Predstavnici koalicionih partnera, albanske Force i Gra\u0111anske inicijative,","og_url":"https:\/\/www.visit-ulcinj.com\/blog\/2013\/01\/16\/sinistaj-protiv-filipa-cakuli-za\/","og_site_name":"Lajme nga Ulqini","article_published_time":"2013-01-16T17:44:08+00:00","og_image":[{"url":"http:\/\/www.visit-ulcinj.com\/blog\/wp-content\/uploads\/2013\/01\/sinistaj_cakuli_vujanovic.jpg"}],"twitter_misc":{"Written by":"ulqini","Est. reading time":"2 minutes"},"schema":{"@context":"https:\/\/schema.org","@graph":[{"@type":"WebSite","@id":"https:\/\/www.visit-ulcinj.com\/blog\/#website","url":"https:\/\/www.visit-ulcinj.com\/blog\/","name":"Lajme nga Ulqini","description":"Lajme,Vijesti,Ulqini,Ulqin,Crna Gora,Mali i Zi","potentialAction":[{"@type":"SearchAction","target":{"@type":"EntryPoint","urlTemplate":"https:\/\/www.visit-ulcinj.com\/blog\/?s={search_term_string}"},"query-input":"required name=search_term_string"}],"inLanguage":"en-US"},{"@type":"ImageObject","inLanguage":"en-US","@id":"https:\/\/www.visit-ulcinj.com\/blog\/2013\/01\/16\/sinistaj-protiv-filipa-cakuli-za\/#primaryimage","url":"https:\/\/www.visit-ulcinj.com\/blog\/wp-content\/uploads\/2013\/01\/sinistaj_cakuli_vujanovic.jpg","contentUrl":"https:\/\/www.visit-ulcinj.com\/blog\/wp-content\/uploads\/2013\/01\/sinistaj_cakuli_vujanovic.jpg","width":1024,"height":1024},{"@type":"WebPage","@id":"https:\/\/www.visit-ulcinj.com\/blog\/2013\/01\/16\/sinistaj-protiv-filipa-cakuli-za\/#webpage","url":"https:\/\/www.visit-ulcinj.com\/blog\/2013\/01\/16\/sinistaj-protiv-filipa-cakuli-za\/","name":"Sini\u0161taj protiv Filipa, Cakuli za - Lajme nga Ulqini","isPartOf":{"@id":"https:\/\/www.visit-ulcinj.com\/blog\/#website"},"primaryImageOfPage":{"@id":"https:\/\/www.visit-ulcinj.com\/blog\/2013\/01\/16\/sinistaj-protiv-filipa-cakuli-za\/#primaryimage"},"datePublished":"2013-01-16T17:44:08+00:00","dateModified":"2013-01-16T17:44:08+00:00","author":{"@id":"https:\/\/www.visit-ulcinj.com\/blog\/#\/schema\/person\/dcab619c614d3038751c63bc2aadc06d"},"description":"Koalicioni partneri iz vlasti razli\u010dito o mogu\u0107oj Vujanovi\u0107evoj kandidaturi Predstavnici koalicionih partnera, albanske Force i Gra\u0111anske inicijative,","breadcrumb":{"@id":"https:\/\/www.visit-ulcinj.com\/blog\/2013\/01\/16\/sinistaj-protiv-filipa-cakuli-za\/#breadcrumb"},"inLanguage":"en-US","potentialAction":[{"@type":"ReadAction","target":["https:\/\/www.visit-ulcinj.com\/blog\/2013\/01\/16\/sinistaj-protiv-filipa-cakuli-za\/"]}]},{"@type":"BreadcrumbList","@id":"https:\/\/www.visit-ulcinj.com\/blog\/2013\/01\/16\/sinistaj-protiv-filipa-cakuli-za\/#breadcrumb","itemListElement":[{"@type":"ListItem","position":1,"name":"Sini\u0161taj protiv Filipa, Cakuli za"}]},{"@type":"Person","@id":"https:\/\/www.visit-ulcinj.com\/blog\/#\/schema\/person\/dcab619c614d3038751c63bc2aadc06d","name":"ulqini","sameAs":["http:\/\/www.visit-ulcinj.com"],"url":"https:\/\/www.visit-ulcinj.com\/blog\/author\/admin\/"}]}},"jetpack_featured_media_url":"","jetpack_sharing_enabled":true,"jetpack_shortlink":"https:\/\/wp.me\/pe6lTn-hB9","_links":{"self":[{"href":"https:\/\/www.visit-ulcinj.com\/blog\/wp-json\/wp\/v2\/posts\/67651"}],"collection":[{"href":"https:\/\/www.visit-ulcinj.com\/blog\/wp-json\/wp\/v2\/posts"}],"about":[{"href":"https:\/\/www.visit-ulcinj.com\/blog\/wp-json\/wp\/v2\/types\/post"}],"author":[{"embeddable":true,"href":"https:\/\/www.visit-ulcinj.com\/blog\/wp-json\/wp\/v2\/users\/1"}],"replies":[{"embeddable":true,"href":"https:\/\/www.visit-ulcinj.com\/blog\/wp-json\/wp\/v2\/comments?post=67651"}],"version-history":[{"count":1,"href":"https:\/\/www.visit-ulcinj.com\/blog\/wp-json\/wp\/v2\/posts\/67651\/revisions"}],"predecessor-version":[{"id":67653,"href":"https:\/\/www.visit-ulcinj.com\/blog\/wp-json\/wp\/v2\/posts\/67651\/revisions\/67653"}],"wp:attachment":[{"href":"https:\/\/www.visit-ulcinj.com\/blog\/wp-json\/wp\/v2\/media?parent=67651"}],"wp:term":[{"taxonomy":"category","embeddable":true,"href":"https:\/\/www.visit-ulcinj.com\/blog\/wp-json\/wp\/v2\/categories?post=67651"},{"taxonomy":"post_tag","embeddable":true,"href":"https:\/\/www.visit-ulcinj.com\/blog\/wp-json\/wp\/v2\/tags?post=67651"}],"curies":[{"name":"wp","href":"https:\/\/api.w.org\/{rel}","templated":true}]}}