{"id":67657,"date":"2013-01-16T19:35:09","date_gmt":"2013-01-16T18:35:09","guid":{"rendered":"http:\/\/www.visit-ulcinj.com\/blog\/?p=67657"},"modified":"2013-01-24T16:01:05","modified_gmt":"2013-01-24T15:01:05","slug":"mark-gjonaj-shqiptaro-amerikani-i-pare-ne-post-te-larte-politik-nga-ulqini-video","status":"publish","type":"post","link":"https:\/\/www.visit-ulcinj.com\/blog\/2013\/01\/16\/mark-gjonaj-shqiptaro-amerikani-i-pare-ne-post-te-larte-politik-nga-ulqini-video\/","title":{"rendered":"Mark Gjonaj, shqiptaro-amerikani i par\u00eb n\u00eb post t\u00eb lart\u00eb politik nga Ulqini &#8211; Video"},"content":{"rendered":"<p>T\u00eb diel\u00ebn q\u00eb kaloi, n\u00eb Bronks t\u00eb Nju Jorkut u b\u00eb ceremonia e betimit t\u00eb shqiptaro-amerikanit Mark Gjonaj, i cili n\u00eb muajin n\u00ebntor u zgjodh an\u00ebtar i asambles\u00eb s\u00eb shtetit Nju Jork. Biznesmeni Mark Gjonaj \u00ebsht\u00eb shqiptari i par\u00eb q\u00eb zgjidhet n\u00eb nj\u00eb post politik t\u00eb k\u00ebtij niveli n\u00eb Shtetet e Bashkuara.<\/p>\n<p>Kur Mark Gjonaj bashk\u00eb me familjen hyri n\u00eb sall\u00ebn e ceremonis\u00eb t\u00eb mbushur plot me njer\u00ebz, duartrokitjet nuk p\u00ebrmbaheshin. Ishin brohoritje p\u00ebr nj\u00eb \u00ebnd\u00ebrr amerikane t\u00eb b\u00ebr\u00eb realitet.<br \/>\n<a href=\"http:\/\/www.visit-ulcinj.com\/blog\/wp-content\/uploads\/2013\/01\/Mark-Gjonaj_Betimi.jpg\"><img loading=\"lazy\" class=\"alignleft  wp-image-67658\" alt=\"Mark Gjonaj_Betimi\" src=\"http:\/\/www.visit-ulcinj.com\/blog\/wp-content\/uploads\/2013\/01\/Mark-Gjonaj_Betimi.jpg\" width=\"508\" height=\"360\" \/><\/a><\/p>\n<p>Mark Gjonaj \u00ebsht\u00eb lindur n\u00eb Bronks dhe ka jetuar k\u00ebtu gjith\u00eb jet\u00ebn, por familja e tij ka ardhur n\u00eb Amerik\u00eb nga Ulqini.<\/p>\n<p>Pas nj\u00eb beteje t\u00eb v\u00ebshtir\u00eb zgjedhore, s\u00eb cil\u00ebs zoti Gjonaj i hynte p\u00ebr her\u00eb t\u00eb par\u00eb, ai mundi t\u00eb zgjidhet n\u00eb Asamblen\u00eb e shtetit t\u00eb Nju Jorkut me 150 an\u00ebtar\u00eb. Mark Gjonaj p\u00ebrfaq\u00ebson n\u00eb asamble distriktin 80, ku jeton nj\u00eb num\u00ebr i madh shqiptar\u00ebsh. Ai i kupton \u00ebndrrat e imigrant\u00ebve dhe shpresat e tyre.<\/p>\n<p><em>\u201cAta duhet ta din\u00eb se un\u00eb do t\u00eb zgjohem \u00e7do m\u00ebngjes me ta n\u00eb mendje dhe do t\u00eb shkoj t\u00eb fle me mendimin se u kam sh\u00ebrbyer mir\u00eb. Kjo \u00ebsht\u00eb m\u00ebnyra se si do t\u00eb p\u00ebrfitojn\u00eb ata,\u201d<\/em> thot\u00eb zoti Gjonaj.<\/p>\n<p>Biznese t\u00eb vogla k\u00ebtu n\u00eb Bronks, si kjo piceri e menaxhuar nga Zef Vorfi, shpresojn\u00eb t\u00eb p\u00ebrfitojn\u00eb.<\/p>\n<p><em>\u201cKa r\u00ebnd\u00ebsi, p\u00ebr mendimin tim, q\u00eb, e para \u00ebsht\u00eb shqiptar, di traditat tona, dhe ne do ta kemi t\u00eb leht\u00eb t\u00eb shkojm\u00eb t\u00eb ankohemi te dikush. Besoj se ai do t\u00eb mund t\u00eb ndihmoj\u00eb njer\u00ebzit e zgjuar dhe me shkoll\u00eb\u201d,<\/em> thot\u00eb pronari i restorantit, i cili ka ardhur k\u00ebtu nga Mirdita.<\/p>\n<p><em>\u201c\u00cbsht\u00eb mir\u00eb sepse \u00ebsht\u00eb hera e par\u00eb q\u00eb nj\u00eb shqiptar arrin t\u00eb futet n\u00eb politik\u00eb k\u00ebtu n\u00eb Amerik\u00eb. Na vler\u00ebson neve si komb prandaj jemi shum\u00eb t\u00eb g\u00ebzuar q\u00eb Mark Gjonaj arrin k\u00ebt\u00eb.\u201d<\/em><\/p>\n<p>James Vacca an\u00ebtar i K\u00ebshillit t\u00eb qytetit t\u00eb Nju Jorkut, mendon se Mark Gjonaj nuk \u00ebsht\u00eb me r\u00ebnd\u00ebsi vet\u00ebm p\u00ebr shqiptar\u00ebt si komunitet:<\/p>\n<p><em>\u201cFitorja e tij flet jo vet\u00ebm p\u00ebr rritjen e komunitetit shqiptar si num\u00ebr, por edhe p\u00ebr faktin se si shqiptar, Marku u ka shtrir\u00eb dor\u00ebn edhe pjes\u00ebve t\u00eb tjera t\u00eb komunitetit: hispanik\u00ebve, afrikano-amerikan\u00ebve, italo-amerikan\u00ebve. P\u00ebr ta ai \u00ebsht\u00eb b\u00ebr\u00eb simbol i pavar\u00ebsis\u00eb politike. Prandaj fitorja e tij \u00ebsht\u00eb nj\u00eb pik\u00ebnisje e mir\u00eb p\u00ebr lajme t\u00eb mira n\u00eb t\u00eb ardhmen,\u201d<\/em> thot\u00eb zoti Vacca.<\/p>\n<p>Amerikan\u00ebt i marrin seriozisht ceremoni t\u00eb tilla ku komuniteti nderon njeriun q\u00eb do t\u2019a p\u00ebrfaq\u00ebsoj\u00eb n\u00eb kryeqytetin e shtetit Nju Jork, Albany. K\u00ebtu kan\u00eb ardhur thuajse t\u00eb gjith\u00eb p\u00ebrfaq\u00ebsuesit e zgjedhur t\u00eb Bronksit, n\u00eb t\u00eb gjitha nivelet. Fjalimet e tyre jan\u00eb t\u00eb gjata.<\/p>\n<p>Megjithat\u00eb, ato ndiqen me shum\u00eb vemendje nga njer\u00ebzit q\u00eb mbushin sall\u00ebn, mes t\u00eb cil\u00ebve nj\u00eb pjes\u00eb e mir\u00eb jan\u00eb shqiptar\u00eb. Njer\u00ebzit kan\u00eb sakrifikuar pasditen e s\u00eb diel\u00ebs p\u00ebr t\u00eb shprehur edhe nj\u00eb her\u00eb mb\u00ebshtetjen ndaj njeriut t\u00eb tyre, Mark Gjonaj.<\/p>\n<p>Nga Uashingtoni kan\u00eb ardhur ambasadori i Shqip\u00ebris\u00eb, Gilbert Galanxhi dhe ambasadori i Kosov\u00ebs, Akan Ismaili. Ata kan\u00eb sjell\u00eb p\u00ebr Mark Gjonajn mesazhe urimi nga qeverit\u00eb e tyre.<\/p>\n<p>Eliot Engel \u00ebsht\u00eb ligjv\u00ebn\u00ebs nga Nju Jorku n\u00eb Kongresin amerikan. Distrikti q\u00eb ai p\u00ebrfaq\u00ebson, p\u00ebrfshin pjes\u00eb t\u00eb Bronksit. Ai tha:<\/p>\n<p><em>\u201cKur zgjidhni dik\u00eb n\u00eb nj\u00eb post politik, ju duhet nj\u00eb njeri inteligjent. Marku \u00ebsht\u00eb inteligjent. Ju duhet nj\u00eb njeri q\u00eb i njeh mir\u00eb njer\u00ebzit dhe bashk\u00ebpunon mir\u00eb me ta. Marku \u00ebsht\u00eb i till\u00eb. Ju duhet nj\u00eb njeri q\u00eb nuk ia p\u00ebrton pun\u00ebs. Marku \u00ebsht\u00eb nga ata q\u00eb punojn\u00eb shum\u00eb.\u201d<\/em><\/p>\n<p>Charles Schumer, nj\u00ebri nd\u00ebr dy senator\u00ebt me t\u00eb cil\u00ebt p\u00ebrfaq\u00ebsohet shteti i Nju Jorkut n\u00eb Kongresin amerikan, ka njohje personale me zotin Gjonaj.<\/p>\n<p><em>\u201cKemi zgjedhur nj\u00ebrin nd\u00ebr m\u00eb t\u00eb mir\u00eb q\u00eb kemi, Mark Gjonajn. Zonja dhe zot\u00ebrinj, n\u00ebse Banjamin Franklini do t\u00eb shihte nga lart k\u00ebt\u00eb auditor sot pasdite, ai do t\u00eb buz\u00ebqeshte. Kjo \u00ebsht\u00eb pik\u00ebrisht demokracia q\u00eb ai d\u00ebshironte,\u201d<\/em> tha senatori i njohur.<\/p>\n<p>Kulmi i ceremonive arriti kur Mark Gjonaj, n\u00eb prani t\u00eb familjes b\u00ebri betimin.<br \/>\nHajdar Bajraktari, biznesmen n\u00eb Bronks, mik i hersh\u00ebm me Mark Gjonajn, ka shpres\u00eb se ky shembull do t\u00eb pasohet me t\u00eb tjer\u00eb n\u00eb komunitetin shqiptar.<\/p>\n<p><em>\u201cKa shum\u00eb shpresa q\u00eb njer\u00ebzit tan\u00eb do t\u00eb jen\u00eb n\u00eb qeverin\u00eb amerikane, edhe n\u00eb qeverin\u00eb lokale edhe n\u00eb at\u00eb federale. Nj\u00eb dit\u00eb do t\u00eb kemi nj\u00eb kongresmen, nj\u00eb senator dhe nj\u00eb president.\u201d<\/em><\/p>\n<p>Mark Gjonaj do t\u00eb shk\u00ebputet tani nga pun\u00ebt e biznesit privat, i cili gjithsesi do t\u00eb mbetet brenda familjes. Tani e presin detyra t\u00eb m\u00ebdha:<\/p>\n<p><em>\u201cDo t\u00eb p\u00ebrpiqem p\u00ebr gj\u00ebra t\u00eb tilla, si t\u00eb sjell vende pune t\u00eb paguara mir\u00eb n\u00eb k\u00ebt\u00eb komunitet, do t\u00eb p\u00ebrqendrohem te shkollat dhe tek edukimi, q\u00eb jan\u00eb aq t\u00eb nevojsh\u00ebm, do t\u00eb kujdesem p\u00ebr programet e t\u00eb moshuarve, pra gjith\u00e7ka i nevojitet ekzistenc\u00ebs s\u00eb komunitetit.\u201d<\/em><\/p>\n<p><strong>VAO &#8211; Zeriamerikes<\/strong><br \/>\n<iframe loading=\"lazy\" src=\"http:\/\/www.youtube.com\/embed\/V3BS85rE3_M\" height=\"360\" width=\"508\" allowfullscreen=\"\" frameborder=\"0\"><\/iframe><\/p>\n","protected":false},"excerpt":{"rendered":"<p>T\u00eb diel\u00ebn q\u00eb kaloi, n\u00eb Bronks t\u00eb Nju Jorkut u b\u00eb ceremonia e betimit t\u00eb shqiptaro-amerikanit Mark Gjonaj, i cili n\u00eb muajin n\u00ebntor u zgjodh an\u00ebtar i asambles\u00eb s\u00eb shtetit Nju Jork. Biznesmeni Mark Gjonaj \u00ebsht\u00eb shqiptari i par\u00eb q\u00eb zgjidhet n\u00eb nj\u00eb post politik t\u00eb k\u00ebtij niveli n\u00eb Shtetet e Bashkuara. Kur Mark Gjonaj [&hellip;]<\/p>\n","protected":false},"author":1,"featured_media":0,"comment_status":"open","ping_status":"closed","sticky":false,"template":"","format":"standard","meta":{"spay_email":"","jetpack_publicize_message":"","jetpack_is_tweetstorm":false,"jetpack_publicize_feature_enabled":true},"categories":[6950],"tags":[20331,200],"jetpack_publicize_connections":[],"yoast_head":"<!-- This site is optimized with the Yoast SEO plugin v19.1 - https:\/\/yoast.com\/wordpress\/plugins\/seo\/ -->\n<title>Mark Gjonaj, shqiptaro-amerikani i par\u00eb n\u00eb post t\u00eb lart\u00eb politik nga Ulqini - Video - Lajme nga Ulqini<\/title>\n<meta name=\"description\" content=\"T\u00eb diel\u00ebn q\u00eb kaloi, n\u00eb Bronks t\u00eb Nju Jorkut u b\u00eb ceremonia e betimit t\u00eb shqiptaro-amerikanit Mark Gjonaj, i cili n\u00eb muajin n\u00ebntor u zgjodh an\u00ebtar i\" \/>\n<meta name=\"robots\" content=\"index, follow, max-snippet:-1, max-image-preview:large, max-video-preview:-1\" \/>\n<link rel=\"canonical\" href=\"https:\/\/www.visit-ulcinj.com\/blog\/2013\/01\/16\/mark-gjonaj-shqiptaro-amerikani-i-pare-ne-post-te-larte-politik-nga-ulqini-video\/\" \/>\n<meta property=\"og:locale\" content=\"en_US\" \/>\n<meta property=\"og:type\" content=\"article\" \/>\n<meta property=\"og:title\" content=\"Mark Gjonaj, shqiptaro-amerikani i par\u00eb n\u00eb post t\u00eb lart\u00eb politik nga Ulqini - Video - Lajme nga Ulqini\" \/>\n<meta property=\"og:description\" content=\"T\u00eb diel\u00ebn q\u00eb kaloi, n\u00eb Bronks t\u00eb Nju Jorkut u b\u00eb ceremonia e betimit t\u00eb shqiptaro-amerikanit Mark Gjonaj, i cili n\u00eb muajin n\u00ebntor u zgjodh an\u00ebtar i\" \/>\n<meta property=\"og:url\" content=\"https:\/\/www.visit-ulcinj.com\/blog\/2013\/01\/16\/mark-gjonaj-shqiptaro-amerikani-i-pare-ne-post-te-larte-politik-nga-ulqini-video\/\" \/>\n<meta property=\"og:site_name\" content=\"Lajme nga Ulqini\" \/>\n<meta property=\"article:published_time\" content=\"2013-01-16T18:35:09+00:00\" \/>\n<meta property=\"article:modified_time\" content=\"2013-01-24T15:01:05+00:00\" \/>\n<meta property=\"og:image\" content=\"http:\/\/www.visit-ulcinj.com\/blog\/wp-content\/uploads\/2013\/01\/Mark-Gjonaj_Betimi.jpg\" \/>\n<meta name=\"twitter:label1\" content=\"Written by\" \/>\n\t<meta name=\"twitter:data1\" content=\"ulqini\" \/>\n\t<meta name=\"twitter:label2\" content=\"Est. reading time\" \/>\n\t<meta name=\"twitter:data2\" content=\"4 minutes\" \/>\n<script type=\"application\/ld+json\" class=\"yoast-schema-graph\">{\"@context\":\"https:\/\/schema.org\",\"@graph\":[{\"@type\":\"WebSite\",\"@id\":\"https:\/\/www.visit-ulcinj.com\/blog\/#website\",\"url\":\"https:\/\/www.visit-ulcinj.com\/blog\/\",\"name\":\"Lajme nga Ulqini\",\"description\":\"Lajme,Vijesti,Ulqini,Ulqin,Crna Gora,Mali i Zi\",\"potentialAction\":[{\"@type\":\"SearchAction\",\"target\":{\"@type\":\"EntryPoint\",\"urlTemplate\":\"https:\/\/www.visit-ulcinj.com\/blog\/?s={search_term_string}\"},\"query-input\":\"required name=search_term_string\"}],\"inLanguage\":\"en-US\"},{\"@type\":\"ImageObject\",\"inLanguage\":\"en-US\",\"@id\":\"https:\/\/www.visit-ulcinj.com\/blog\/2013\/01\/16\/mark-gjonaj-shqiptaro-amerikani-i-pare-ne-post-te-larte-politik-nga-ulqini-video\/#primaryimage\",\"url\":\"https:\/\/www.visit-ulcinj.com\/blog\/wp-content\/uploads\/2013\/01\/Mark-Gjonaj_Betimi.jpg\",\"contentUrl\":\"https:\/\/www.visit-ulcinj.com\/blog\/wp-content\/uploads\/2013\/01\/Mark-Gjonaj_Betimi.jpg\",\"width\":640,\"height\":360},{\"@type\":\"WebPage\",\"@id\":\"https:\/\/www.visit-ulcinj.com\/blog\/2013\/01\/16\/mark-gjonaj-shqiptaro-amerikani-i-pare-ne-post-te-larte-politik-nga-ulqini-video\/#webpage\",\"url\":\"https:\/\/www.visit-ulcinj.com\/blog\/2013\/01\/16\/mark-gjonaj-shqiptaro-amerikani-i-pare-ne-post-te-larte-politik-nga-ulqini-video\/\",\"name\":\"Mark Gjonaj, shqiptaro-amerikani i par\u00eb n\u00eb post t\u00eb lart\u00eb politik nga Ulqini - Video - Lajme nga Ulqini\",\"isPartOf\":{\"@id\":\"https:\/\/www.visit-ulcinj.com\/blog\/#website\"},\"primaryImageOfPage\":{\"@id\":\"https:\/\/www.visit-ulcinj.com\/blog\/2013\/01\/16\/mark-gjonaj-shqiptaro-amerikani-i-pare-ne-post-te-larte-politik-nga-ulqini-video\/#primaryimage\"},\"datePublished\":\"2013-01-16T18:35:09+00:00\",\"dateModified\":\"2013-01-24T15:01:05+00:00\",\"author\":{\"@id\":\"https:\/\/www.visit-ulcinj.com\/blog\/#\/schema\/person\/dcab619c614d3038751c63bc2aadc06d\"},\"description\":\"T\u00eb diel\u00ebn q\u00eb kaloi, n\u00eb Bronks t\u00eb Nju Jorkut u b\u00eb ceremonia e betimit t\u00eb shqiptaro-amerikanit Mark Gjonaj, i cili n\u00eb muajin n\u00ebntor u zgjodh an\u00ebtar i\",\"breadcrumb\":{\"@id\":\"https:\/\/www.visit-ulcinj.com\/blog\/2013\/01\/16\/mark-gjonaj-shqiptaro-amerikani-i-pare-ne-post-te-larte-politik-nga-ulqini-video\/#breadcrumb\"},\"inLanguage\":\"en-US\",\"potentialAction\":[{\"@type\":\"ReadAction\",\"target\":[\"https:\/\/www.visit-ulcinj.com\/blog\/2013\/01\/16\/mark-gjonaj-shqiptaro-amerikani-i-pare-ne-post-te-larte-politik-nga-ulqini-video\/\"]}]},{\"@type\":\"BreadcrumbList\",\"@id\":\"https:\/\/www.visit-ulcinj.com\/blog\/2013\/01\/16\/mark-gjonaj-shqiptaro-amerikani-i-pare-ne-post-te-larte-politik-nga-ulqini-video\/#breadcrumb\",\"itemListElement\":[{\"@type\":\"ListItem\",\"position\":1,\"name\":\"Mark Gjonaj, shqiptaro-amerikani i par\u00eb n\u00eb post t\u00eb lart\u00eb politik nga Ulqini &#8211; Video\"}]},{\"@type\":\"Person\",\"@id\":\"https:\/\/www.visit-ulcinj.com\/blog\/#\/schema\/person\/dcab619c614d3038751c63bc2aadc06d\",\"name\":\"ulqini\",\"sameAs\":[\"http:\/\/www.visit-ulcinj.com\"],\"url\":\"https:\/\/www.visit-ulcinj.com\/blog\/author\/admin\/\"}]}<\/script>\n<!-- \/ Yoast SEO plugin. -->","yoast_head_json":{"title":"Mark Gjonaj, shqiptaro-amerikani i par\u00eb n\u00eb post t\u00eb lart\u00eb politik nga Ulqini - Video - Lajme nga Ulqini","description":"T\u00eb diel\u00ebn q\u00eb kaloi, n\u00eb Bronks t\u00eb Nju Jorkut u b\u00eb ceremonia e betimit t\u00eb shqiptaro-amerikanit Mark Gjonaj, i cili n\u00eb muajin n\u00ebntor u zgjodh an\u00ebtar i","robots":{"index":"index","follow":"follow","max-snippet":"max-snippet:-1","max-image-preview":"max-image-preview:large","max-video-preview":"max-video-preview:-1"},"canonical":"https:\/\/www.visit-ulcinj.com\/blog\/2013\/01\/16\/mark-gjonaj-shqiptaro-amerikani-i-pare-ne-post-te-larte-politik-nga-ulqini-video\/","og_locale":"en_US","og_type":"article","og_title":"Mark Gjonaj, shqiptaro-amerikani i par\u00eb n\u00eb post t\u00eb lart\u00eb politik nga Ulqini - Video - Lajme nga Ulqini","og_description":"T\u00eb diel\u00ebn q\u00eb kaloi, n\u00eb Bronks t\u00eb Nju Jorkut u b\u00eb ceremonia e betimit t\u00eb shqiptaro-amerikanit Mark Gjonaj, i cili n\u00eb muajin n\u00ebntor u zgjodh an\u00ebtar i","og_url":"https:\/\/www.visit-ulcinj.com\/blog\/2013\/01\/16\/mark-gjonaj-shqiptaro-amerikani-i-pare-ne-post-te-larte-politik-nga-ulqini-video\/","og_site_name":"Lajme nga Ulqini","article_published_time":"2013-01-16T18:35:09+00:00","article_modified_time":"2013-01-24T15:01:05+00:00","og_image":[{"url":"http:\/\/www.visit-ulcinj.com\/blog\/wp-content\/uploads\/2013\/01\/Mark-Gjonaj_Betimi.jpg"}],"twitter_misc":{"Written by":"ulqini","Est. reading time":"4 minutes"},"schema":{"@context":"https:\/\/schema.org","@graph":[{"@type":"WebSite","@id":"https:\/\/www.visit-ulcinj.com\/blog\/#website","url":"https:\/\/www.visit-ulcinj.com\/blog\/","name":"Lajme nga Ulqini","description":"Lajme,Vijesti,Ulqini,Ulqin,Crna Gora,Mali i Zi","potentialAction":[{"@type":"SearchAction","target":{"@type":"EntryPoint","urlTemplate":"https:\/\/www.visit-ulcinj.com\/blog\/?s={search_term_string}"},"query-input":"required name=search_term_string"}],"inLanguage":"en-US"},{"@type":"ImageObject","inLanguage":"en-US","@id":"https:\/\/www.visit-ulcinj.com\/blog\/2013\/01\/16\/mark-gjonaj-shqiptaro-amerikani-i-pare-ne-post-te-larte-politik-nga-ulqini-video\/#primaryimage","url":"https:\/\/www.visit-ulcinj.com\/blog\/wp-content\/uploads\/2013\/01\/Mark-Gjonaj_Betimi.jpg","contentUrl":"https:\/\/www.visit-ulcinj.com\/blog\/wp-content\/uploads\/2013\/01\/Mark-Gjonaj_Betimi.jpg","width":640,"height":360},{"@type":"WebPage","@id":"https:\/\/www.visit-ulcinj.com\/blog\/2013\/01\/16\/mark-gjonaj-shqiptaro-amerikani-i-pare-ne-post-te-larte-politik-nga-ulqini-video\/#webpage","url":"https:\/\/www.visit-ulcinj.com\/blog\/2013\/01\/16\/mark-gjonaj-shqiptaro-amerikani-i-pare-ne-post-te-larte-politik-nga-ulqini-video\/","name":"Mark Gjonaj, shqiptaro-amerikani i par\u00eb n\u00eb post t\u00eb lart\u00eb politik nga Ulqini - Video - Lajme nga Ulqini","isPartOf":{"@id":"https:\/\/www.visit-ulcinj.com\/blog\/#website"},"primaryImageOfPage":{"@id":"https:\/\/www.visit-ulcinj.com\/blog\/2013\/01\/16\/mark-gjonaj-shqiptaro-amerikani-i-pare-ne-post-te-larte-politik-nga-ulqini-video\/#primaryimage"},"datePublished":"2013-01-16T18:35:09+00:00","dateModified":"2013-01-24T15:01:05+00:00","author":{"@id":"https:\/\/www.visit-ulcinj.com\/blog\/#\/schema\/person\/dcab619c614d3038751c63bc2aadc06d"},"description":"T\u00eb diel\u00ebn q\u00eb kaloi, n\u00eb Bronks t\u00eb Nju Jorkut u b\u00eb ceremonia e betimit t\u00eb shqiptaro-amerikanit Mark Gjonaj, i cili n\u00eb muajin n\u00ebntor u zgjodh an\u00ebtar i","breadcrumb":{"@id":"https:\/\/www.visit-ulcinj.com\/blog\/2013\/01\/16\/mark-gjonaj-shqiptaro-amerikani-i-pare-ne-post-te-larte-politik-nga-ulqini-video\/#breadcrumb"},"inLanguage":"en-US","potentialAction":[{"@type":"ReadAction","target":["https:\/\/www.visit-ulcinj.com\/blog\/2013\/01\/16\/mark-gjonaj-shqiptaro-amerikani-i-pare-ne-post-te-larte-politik-nga-ulqini-video\/"]}]},{"@type":"BreadcrumbList","@id":"https:\/\/www.visit-ulcinj.com\/blog\/2013\/01\/16\/mark-gjonaj-shqiptaro-amerikani-i-pare-ne-post-te-larte-politik-nga-ulqini-video\/#breadcrumb","itemListElement":[{"@type":"ListItem","position":1,"name":"Mark Gjonaj, shqiptaro-amerikani i par\u00eb n\u00eb post t\u00eb lart\u00eb politik nga Ulqini &#8211; Video"}]},{"@type":"Person","@id":"https:\/\/www.visit-ulcinj.com\/blog\/#\/schema\/person\/dcab619c614d3038751c63bc2aadc06d","name":"ulqini","sameAs":["http:\/\/www.visit-ulcinj.com"],"url":"https:\/\/www.visit-ulcinj.com\/blog\/author\/admin\/"}]}},"jetpack_featured_media_url":"","jetpack_sharing_enabled":true,"jetpack_shortlink":"https:\/\/wp.me\/pe6lTn-hBf","_links":{"self":[{"href":"https:\/\/www.visit-ulcinj.com\/blog\/wp-json\/wp\/v2\/posts\/67657"}],"collection":[{"href":"https:\/\/www.visit-ulcinj.com\/blog\/wp-json\/wp\/v2\/posts"}],"about":[{"href":"https:\/\/www.visit-ulcinj.com\/blog\/wp-json\/wp\/v2\/types\/post"}],"author":[{"embeddable":true,"href":"https:\/\/www.visit-ulcinj.com\/blog\/wp-json\/wp\/v2\/users\/1"}],"replies":[{"embeddable":true,"href":"https:\/\/www.visit-ulcinj.com\/blog\/wp-json\/wp\/v2\/comments?post=67657"}],"version-history":[{"count":4,"href":"https:\/\/www.visit-ulcinj.com\/blog\/wp-json\/wp\/v2\/posts\/67657\/revisions"}],"predecessor-version":[{"id":67973,"href":"https:\/\/www.visit-ulcinj.com\/blog\/wp-json\/wp\/v2\/posts\/67657\/revisions\/67973"}],"wp:attachment":[{"href":"https:\/\/www.visit-ulcinj.com\/blog\/wp-json\/wp\/v2\/media?parent=67657"}],"wp:term":[{"taxonomy":"category","embeddable":true,"href":"https:\/\/www.visit-ulcinj.com\/blog\/wp-json\/wp\/v2\/categories?post=67657"},{"taxonomy":"post_tag","embeddable":true,"href":"https:\/\/www.visit-ulcinj.com\/blog\/wp-json\/wp\/v2\/tags?post=67657"}],"curies":[{"name":"wp","href":"https:\/\/api.w.org\/{rel}","templated":true}]}}