{"id":67667,"date":"2013-01-17T15:07:04","date_gmt":"2013-01-17T14:07:04","guid":{"rendered":"http:\/\/www.visit-ulcinj.com\/blog\/?p=67667"},"modified":"2013-01-17T15:07:04","modified_gmt":"2013-01-17T14:07:04","slug":"dulcigno-il-covo-e-la-luna","status":"publish","type":"post","link":"https:\/\/www.visit-ulcinj.com\/blog\/2013\/01\/17\/dulcigno-il-covo-e-la-luna\/","title":{"rendered":"Dulcigno, il covo e la luna"},"content":{"rendered":"<p><a href=\"http:\/\/www.visit-ulcinj.com\/blog\/wp-content\/uploads\/2013\/01\/Dulcigno.jpg\"><img loading=\"lazy\" class=\"alignleft  wp-image-67668\" alt=\"Dulcigno\" src=\"http:\/\/www.visit-ulcinj.com\/blog\/wp-content\/uploads\/2013\/01\/Dulcigno.jpg\" width=\"508\" height=\"360\" \/><\/a>Con la conquista ottomana il porto montenegrino di Dulcigno-Ulcinj-Ulqin diventa una delle basi della pirateria &#8220;saracena&#8221; nel Mediterraneo. Tra le vittime dei dulcignesi, dediti alla cattura di navi cristiane, in cerca di tesori e schiavi, ci sarebbe anche\u00a0Miguel de Cervantes, autore del Don Chisciotte. Un&#8217;epopea sanguinosa, destinata a durare fino al Congresso di Vienna (1815).<\/p>\n<p><i>&#8220;Dopo la battaglia di Lepanto (1571),\u00a0Uluch Al\u00ec (o Uccial\u00ec, probabilmente nato\u00a0Giovanni Dionigi Galeni)\u00a0divenne kapudan-pasci\u00e0 della flotta ottomana. Conoscendo le qualit\u00e0 dei marinai dulcignesi, li aiut\u00f2 ad organizzarsi e ad ottenere le navi necessarie per darsi alla pirateria, rimpolpando le loro fila con alcune centinaia dei suoi armati. I dulcignesi all&#8217;inizio avevano a disposizione una flotta leggera, con la quale potevano correre l&#8217;Adriatico sfuggendo al tempo stesso alle navi pesanti degli stati avversari. Imitando i propri maestri berberi, i pirati dulcignesi di solito operavano in piccoli raggruppamenti, di tre o quattro agili &#8216;fuste&#8217;. Si avvicinavano alle proprie vittime sventolando la bandiera di paesi amici, per poi attaccare all&#8217;improvviso, quando per gli aggrediti non c&#8217;era pi\u00f9 tempo di reagire.&#8221;<\/i><\/p>\n<p><strong>&#8211; &#8220;Ulcinj nell&#8217;impero ottomano&#8221; (&#8220;Ulcinj u Osmanskoj Imperiji&#8221;) &#8211; <a href=\"http:\/\/www.balcanicaucaso.org\/Autori\/%28author%29\/Mustafa%20Canka\" target=\"_self\">Mustafa Canka<\/a> (2012)<\/strong><\/p>\n<p>&nbsp;<\/p>\n<p><i>&#8220;Dopo aver depredato la costa nemica, i dulcignesi rientrano carichi di ricchezze e schiavi. Una volta in porto, danno al sancak beyi (amministratore di provincia ottomana) un decimo del bottino. Mentre soggiornavo in questa citt\u00e0 (nel 1662), \u00e8 rientrata a Dulcigno una spedizione di sette fregate, di ritorno dalle terre infedeli di Puglia. A Jusuf-bey, sono toccati 91mila &#8216;grossi&#8217; di decima, pi\u00f9 17 schiavi&#8221;.<\/i><\/p>\n<p><strong>&#8211; &#8220;Libro di viaggi&#8221; (&#8220;Seyahatname&#8221;) &#8211;\u00a0Evliya \u00c7elebi<\/strong><\/p>\n<p><a href=\"http:\/\/www.balcanicaucaso.org\/aree\/Montenegro\/Dulcigno-il-covo-e-la-luna\" target=\"_blank\"><strong>www.balcanicaucaso.org<\/strong><\/p>\n<p><\/a><\/p>\n","protected":false},"excerpt":{"rendered":"<p>Con la conquista ottomana il porto montenegrino di Dulcigno-Ulcinj-Ulqin diventa una delle basi della pirateria &#8220;saracena&#8221; nel Mediterraneo. Tra le vittime dei dulcignesi, dediti alla cattura di navi cristiane, in cerca di tesori e schiavi, ci sarebbe anche\u00a0Miguel de Cervantes, autore del Don Chisciotte. Un&#8217;epopea sanguinosa, destinata a durare fino al Congresso di Vienna (1815). [&hellip;]<\/p>\n","protected":false},"author":1,"featured_media":0,"comment_status":"open","ping_status":"closed","sticky":false,"template":"","format":"standard","meta":{"spay_email":"","jetpack_publicize_message":"","jetpack_is_tweetstorm":false,"jetpack_publicize_feature_enabled":true},"categories":[4],"tags":[3642],"jetpack_publicize_connections":[],"yoast_head":"<!-- This site is optimized with the Yoast SEO plugin v19.1 - https:\/\/yoast.com\/wordpress\/plugins\/seo\/ -->\n<title>Dulcigno, il covo e la luna - Lajme nga Ulqini<\/title>\n<meta name=\"description\" content=\"Con la conquista ottomana il porto montenegrino di Dulcigno-Ulcinj-Ulqin diventa una delle basi della pirateria &quot;saracena&quot; nel Mediterraneo. Tra le\" \/>\n<meta name=\"robots\" content=\"index, follow, max-snippet:-1, max-image-preview:large, max-video-preview:-1\" \/>\n<link rel=\"canonical\" href=\"https:\/\/www.visit-ulcinj.com\/blog\/2013\/01\/17\/dulcigno-il-covo-e-la-luna\/\" \/>\n<meta property=\"og:locale\" content=\"en_US\" \/>\n<meta property=\"og:type\" content=\"article\" \/>\n<meta property=\"og:title\" content=\"Dulcigno, il covo e la luna - Lajme nga Ulqini\" \/>\n<meta property=\"og:description\" content=\"Con la conquista ottomana il porto montenegrino di Dulcigno-Ulcinj-Ulqin diventa una delle basi della pirateria &quot;saracena&quot; nel Mediterraneo. Tra le\" \/>\n<meta property=\"og:url\" content=\"https:\/\/www.visit-ulcinj.com\/blog\/2013\/01\/17\/dulcigno-il-covo-e-la-luna\/\" \/>\n<meta property=\"og:site_name\" content=\"Lajme nga Ulqini\" \/>\n<meta property=\"article:published_time\" content=\"2013-01-17T14:07:04+00:00\" \/>\n<meta property=\"og:image\" content=\"http:\/\/www.visit-ulcinj.com\/blog\/wp-content\/uploads\/2013\/01\/Dulcigno.jpg\" \/>\n<meta name=\"twitter:label1\" content=\"Written by\" \/>\n\t<meta name=\"twitter:data1\" content=\"ulqini\" \/>\n\t<meta name=\"twitter:label2\" content=\"Est. reading time\" \/>\n\t<meta name=\"twitter:data2\" content=\"1 minute\" \/>\n<script type=\"application\/ld+json\" class=\"yoast-schema-graph\">{\"@context\":\"https:\/\/schema.org\",\"@graph\":[{\"@type\":\"WebSite\",\"@id\":\"https:\/\/www.visit-ulcinj.com\/blog\/#website\",\"url\":\"https:\/\/www.visit-ulcinj.com\/blog\/\",\"name\":\"Lajme nga Ulqini\",\"description\":\"Lajme,Vijesti,Ulqini,Ulqin,Crna Gora,Mali i Zi\",\"potentialAction\":[{\"@type\":\"SearchAction\",\"target\":{\"@type\":\"EntryPoint\",\"urlTemplate\":\"https:\/\/www.visit-ulcinj.com\/blog\/?s={search_term_string}\"},\"query-input\":\"required name=search_term_string\"}],\"inLanguage\":\"en-US\"},{\"@type\":\"ImageObject\",\"inLanguage\":\"en-US\",\"@id\":\"https:\/\/www.visit-ulcinj.com\/blog\/2013\/01\/17\/dulcigno-il-covo-e-la-luna\/#primaryimage\",\"url\":\"https:\/\/www.visit-ulcinj.com\/blog\/wp-content\/uploads\/2013\/01\/Dulcigno.jpg\",\"contentUrl\":\"https:\/\/www.visit-ulcinj.com\/blog\/wp-content\/uploads\/2013\/01\/Dulcigno.jpg\",\"width\":1020,\"height\":698},{\"@type\":\"WebPage\",\"@id\":\"https:\/\/www.visit-ulcinj.com\/blog\/2013\/01\/17\/dulcigno-il-covo-e-la-luna\/#webpage\",\"url\":\"https:\/\/www.visit-ulcinj.com\/blog\/2013\/01\/17\/dulcigno-il-covo-e-la-luna\/\",\"name\":\"Dulcigno, il covo e la luna - Lajme nga Ulqini\",\"isPartOf\":{\"@id\":\"https:\/\/www.visit-ulcinj.com\/blog\/#website\"},\"primaryImageOfPage\":{\"@id\":\"https:\/\/www.visit-ulcinj.com\/blog\/2013\/01\/17\/dulcigno-il-covo-e-la-luna\/#primaryimage\"},\"datePublished\":\"2013-01-17T14:07:04+00:00\",\"dateModified\":\"2013-01-17T14:07:04+00:00\",\"author\":{\"@id\":\"https:\/\/www.visit-ulcinj.com\/blog\/#\/schema\/person\/dcab619c614d3038751c63bc2aadc06d\"},\"description\":\"Con la conquista ottomana il porto montenegrino di Dulcigno-Ulcinj-Ulqin diventa una delle basi della pirateria \\\"saracena\\\" nel Mediterraneo. Tra le\",\"breadcrumb\":{\"@id\":\"https:\/\/www.visit-ulcinj.com\/blog\/2013\/01\/17\/dulcigno-il-covo-e-la-luna\/#breadcrumb\"},\"inLanguage\":\"en-US\",\"potentialAction\":[{\"@type\":\"ReadAction\",\"target\":[\"https:\/\/www.visit-ulcinj.com\/blog\/2013\/01\/17\/dulcigno-il-covo-e-la-luna\/\"]}]},{\"@type\":\"BreadcrumbList\",\"@id\":\"https:\/\/www.visit-ulcinj.com\/blog\/2013\/01\/17\/dulcigno-il-covo-e-la-luna\/#breadcrumb\",\"itemListElement\":[{\"@type\":\"ListItem\",\"position\":1,\"name\":\"Dulcigno, il covo e la luna\"}]},{\"@type\":\"Person\",\"@id\":\"https:\/\/www.visit-ulcinj.com\/blog\/#\/schema\/person\/dcab619c614d3038751c63bc2aadc06d\",\"name\":\"ulqini\",\"sameAs\":[\"http:\/\/www.visit-ulcinj.com\"],\"url\":\"https:\/\/www.visit-ulcinj.com\/blog\/author\/admin\/\"}]}<\/script>\n<!-- \/ Yoast SEO plugin. -->","yoast_head_json":{"title":"Dulcigno, il covo e la luna - Lajme nga Ulqini","description":"Con la conquista ottomana il porto montenegrino di Dulcigno-Ulcinj-Ulqin diventa una delle basi della pirateria \"saracena\" nel Mediterraneo. Tra le","robots":{"index":"index","follow":"follow","max-snippet":"max-snippet:-1","max-image-preview":"max-image-preview:large","max-video-preview":"max-video-preview:-1"},"canonical":"https:\/\/www.visit-ulcinj.com\/blog\/2013\/01\/17\/dulcigno-il-covo-e-la-luna\/","og_locale":"en_US","og_type":"article","og_title":"Dulcigno, il covo e la luna - Lajme nga Ulqini","og_description":"Con la conquista ottomana il porto montenegrino di Dulcigno-Ulcinj-Ulqin diventa una delle basi della pirateria \"saracena\" nel Mediterraneo. Tra le","og_url":"https:\/\/www.visit-ulcinj.com\/blog\/2013\/01\/17\/dulcigno-il-covo-e-la-luna\/","og_site_name":"Lajme nga Ulqini","article_published_time":"2013-01-17T14:07:04+00:00","og_image":[{"url":"http:\/\/www.visit-ulcinj.com\/blog\/wp-content\/uploads\/2013\/01\/Dulcigno.jpg"}],"twitter_misc":{"Written by":"ulqini","Est. reading time":"1 minute"},"schema":{"@context":"https:\/\/schema.org","@graph":[{"@type":"WebSite","@id":"https:\/\/www.visit-ulcinj.com\/blog\/#website","url":"https:\/\/www.visit-ulcinj.com\/blog\/","name":"Lajme nga Ulqini","description":"Lajme,Vijesti,Ulqini,Ulqin,Crna Gora,Mali i Zi","potentialAction":[{"@type":"SearchAction","target":{"@type":"EntryPoint","urlTemplate":"https:\/\/www.visit-ulcinj.com\/blog\/?s={search_term_string}"},"query-input":"required name=search_term_string"}],"inLanguage":"en-US"},{"@type":"ImageObject","inLanguage":"en-US","@id":"https:\/\/www.visit-ulcinj.com\/blog\/2013\/01\/17\/dulcigno-il-covo-e-la-luna\/#primaryimage","url":"https:\/\/www.visit-ulcinj.com\/blog\/wp-content\/uploads\/2013\/01\/Dulcigno.jpg","contentUrl":"https:\/\/www.visit-ulcinj.com\/blog\/wp-content\/uploads\/2013\/01\/Dulcigno.jpg","width":1020,"height":698},{"@type":"WebPage","@id":"https:\/\/www.visit-ulcinj.com\/blog\/2013\/01\/17\/dulcigno-il-covo-e-la-luna\/#webpage","url":"https:\/\/www.visit-ulcinj.com\/blog\/2013\/01\/17\/dulcigno-il-covo-e-la-luna\/","name":"Dulcigno, il covo e la luna - Lajme nga Ulqini","isPartOf":{"@id":"https:\/\/www.visit-ulcinj.com\/blog\/#website"},"primaryImageOfPage":{"@id":"https:\/\/www.visit-ulcinj.com\/blog\/2013\/01\/17\/dulcigno-il-covo-e-la-luna\/#primaryimage"},"datePublished":"2013-01-17T14:07:04+00:00","dateModified":"2013-01-17T14:07:04+00:00","author":{"@id":"https:\/\/www.visit-ulcinj.com\/blog\/#\/schema\/person\/dcab619c614d3038751c63bc2aadc06d"},"description":"Con la conquista ottomana il porto montenegrino di Dulcigno-Ulcinj-Ulqin diventa una delle basi della pirateria \"saracena\" nel Mediterraneo. Tra le","breadcrumb":{"@id":"https:\/\/www.visit-ulcinj.com\/blog\/2013\/01\/17\/dulcigno-il-covo-e-la-luna\/#breadcrumb"},"inLanguage":"en-US","potentialAction":[{"@type":"ReadAction","target":["https:\/\/www.visit-ulcinj.com\/blog\/2013\/01\/17\/dulcigno-il-covo-e-la-luna\/"]}]},{"@type":"BreadcrumbList","@id":"https:\/\/www.visit-ulcinj.com\/blog\/2013\/01\/17\/dulcigno-il-covo-e-la-luna\/#breadcrumb","itemListElement":[{"@type":"ListItem","position":1,"name":"Dulcigno, il covo e la luna"}]},{"@type":"Person","@id":"https:\/\/www.visit-ulcinj.com\/blog\/#\/schema\/person\/dcab619c614d3038751c63bc2aadc06d","name":"ulqini","sameAs":["http:\/\/www.visit-ulcinj.com"],"url":"https:\/\/www.visit-ulcinj.com\/blog\/author\/admin\/"}]}},"jetpack_featured_media_url":"","jetpack_sharing_enabled":true,"jetpack_shortlink":"https:\/\/wp.me\/pe6lTn-hBp","_links":{"self":[{"href":"https:\/\/www.visit-ulcinj.com\/blog\/wp-json\/wp\/v2\/posts\/67667"}],"collection":[{"href":"https:\/\/www.visit-ulcinj.com\/blog\/wp-json\/wp\/v2\/posts"}],"about":[{"href":"https:\/\/www.visit-ulcinj.com\/blog\/wp-json\/wp\/v2\/types\/post"}],"author":[{"embeddable":true,"href":"https:\/\/www.visit-ulcinj.com\/blog\/wp-json\/wp\/v2\/users\/1"}],"replies":[{"embeddable":true,"href":"https:\/\/www.visit-ulcinj.com\/blog\/wp-json\/wp\/v2\/comments?post=67667"}],"version-history":[{"count":2,"href":"https:\/\/www.visit-ulcinj.com\/blog\/wp-json\/wp\/v2\/posts\/67667\/revisions"}],"predecessor-version":[{"id":67670,"href":"https:\/\/www.visit-ulcinj.com\/blog\/wp-json\/wp\/v2\/posts\/67667\/revisions\/67670"}],"wp:attachment":[{"href":"https:\/\/www.visit-ulcinj.com\/blog\/wp-json\/wp\/v2\/media?parent=67667"}],"wp:term":[{"taxonomy":"category","embeddable":true,"href":"https:\/\/www.visit-ulcinj.com\/blog\/wp-json\/wp\/v2\/categories?post=67667"},{"taxonomy":"post_tag","embeddable":true,"href":"https:\/\/www.visit-ulcinj.com\/blog\/wp-json\/wp\/v2\/tags?post=67667"}],"curies":[{"name":"wp","href":"https:\/\/api.w.org\/{rel}","templated":true}]}}