{"id":6767,"date":"2008-12-04T14:16:47","date_gmt":"2008-12-04T13:16:47","guid":{"rendered":"http:\/\/www.visit-ulcinj.com\/blog\/?p=6767"},"modified":"2008-12-04T14:16:47","modified_gmt":"2008-12-04T13:16:47","slug":"zlocin-zbog-netrpeljivosti","status":"publish","type":"post","link":"https:\/\/www.visit-ulcinj.com\/blog\/2008\/12\/04\/zlocin-zbog-netrpeljivosti\/","title":{"rendered":"Zlo?in zbog netrpeljivosti"},"content":{"rendered":"<p><a href=\"http:\/\/www.visit-ulcinj.com\/blog\/wp-content\/uploads\/2008\/12\/privodenje-optuzene-aleksandre-gasi.jpg\"><img loading=\"lazy\" class=\"alignleft size-medium wp-image-6768\" title=\"privodenje-optuzene-aleksandre-gasi\" src=\"http:\/\/www.visit-ulcinj.com\/blog\/wp-content\/uploads\/2008\/12\/privodenje-optuzene-aleksandre-gasi.jpg\" alt=\"\" width=\"275\" height=\"198\" \/><\/a><strong>Uskoro su?enje Aleksandri Ga\u0161i za ubistvo svekra <\/strong><br \/>\nPODGORICA &#8211; Su?enje Aleksandri V. Ga\u0161i (47) zvanoj Sa\u0161a, koja je 29. avgusta ove godine oko 23 sata u Ulcinju u Ulici Ivana Milutinovi?a bb, na podmukao na?in ubila svog svekra Ljuzu Ga\u0161ija, po?e?e uskoro pred vije?em sudije podgori?kog Vi\u0161eg suda Milorada Maroti?a.<br \/>\nPrema optu\u017enici zamjenika vi\u0161eg dr\u017eavnog tu\u017eioca Vesne Jovi?evi?, ona je u dvori\u0161nom dijelu porodi?nih ku?a Ga\u0161i iz zasjede, sakrivena u mraku, sa?ekala svekra.<br \/>\n&#8211; Kada je pro\u0161ao kroz kapiju i u\u0161ao u neosvijeteljni dvori\u0161ni prostor, optu\u017eena je iz revolvera marke &#8220;kolt&#8221; model &#8220;detektiv specijal&#8221;, kalibra 32 milimetara, ispalila jedan metak svekru u glavu, nanose?i mu povrede od kojih je preminuo &#8211; pi\u0161e u optu\u017enici.<br \/>\nOsim ubistva, Aleksandra Ga\u0161i tereti se i da je po?inila krivi?no djelo &#8220;nedozvoljeno dr\u017eanje oru\u017eja i eksplozivnih naprava&#8221;.<br \/>\nOna, kako se navodi u obrazlo\u017eenju optu\u017enice, tokom istra\u017enog postupka nije sporila da je ubila svekra.<br \/>\nKao povod krivi?nog djela optu\u017eena je navela da je svekar prema njoj stalno ispoljavao netrpeljivost zbog pripadnosti drugoj nacionalnosti.<br \/>\nNakon smrti svekrve s kojom je, kako tvrdi optu\u017eena, bila u dobrim odnosima, svekar je u ku?u dovodio ljude, kao i \u017eene, koje nije poznavao i s kojima je boravio u svom dijelu ku?e.<br \/>\nKriti?nog dana, obja\u0161njava, kod njega su boravile \u017eene s djecom koja su pravila nered dok su one galamile. Kako je ispri?ala, \u017eene su bile nevaspitane, psovale su, a jedna od njih je i gurnula.<br \/>\nKada je svekru poku\u0161ala da uka\u017ee na nedoli?no pona\u0161anje njegovih gostiju, ispri?ala je, jedna joj se \u017eena obratila rije?ima &#8221; ja sam Albanka, a ti si samo albanska kurva&#8221;.<br \/>\nOptu\u017eena je tvrdila da se na te rije?i njen svekar grohotom nasmijao, a potom iza\u0161ao iz ku?e. Kada je ?ula da se svekar vratio, ispri?ala je, uzela je revolver iz ku?e, oti\u0161la u dvori\u0161te gdje ga je sa?ekala, a zatim u njega ispalila metak, nakon ?ega je pozvala policiju.<br \/>\nOna je dodala da svekra nije udarala revolverom i da nije vidjela kada je on pao.<br \/>\n<strong>S. ?.<br \/>\nIzvor \/ Republika<\/strong><\/p>\n","protected":false},"excerpt":{"rendered":"<p>Uskoro su?enje Aleksandri Ga\u0161i za ubistvo svekra PODGORICA &#8211; Su?enje Aleksandri V. Ga\u0161i (47) zvanoj Sa\u0161a, koja je 29. avgusta ove godine oko 23 sata u Ulcinju u Ulici Ivana Milutinovi?a bb, na podmukao na?in ubila svog svekra Ljuzu Ga\u0161ija, po?e?e uskoro pred vije?em sudije podgori?kog Vi\u0161eg suda Milorada Maroti?a. Prema optu\u017enici zamjenika vi\u0161eg dr\u017eavnog [&hellip;]<\/p>\n","protected":false},"author":1,"featured_media":0,"comment_status":"open","ping_status":"closed","sticky":false,"template":"","format":"standard","meta":{"spay_email":"","jetpack_publicize_message":"","jetpack_is_tweetstorm":false,"jetpack_publicize_feature_enabled":true},"categories":[11],"tags":[92],"jetpack_publicize_connections":[],"yoast_head":"<!-- This site is optimized with the Yoast SEO plugin v19.1 - https:\/\/yoast.com\/wordpress\/plugins\/seo\/ -->\n<title>Zlo?in zbog netrpeljivosti - Lajme nga Ulqini<\/title>\n<meta name=\"description\" content=\"Uskoro su?enje Aleksandri Ga\u0161i za ubistvo svekra PODGORICA - Su?enje Aleksandri V. Ga\u0161i (47) zvanoj Sa\u0161a, koja je 29. avgusta ove godine oko 23 sata u\" \/>\n<meta name=\"robots\" content=\"index, follow, max-snippet:-1, max-image-preview:large, max-video-preview:-1\" \/>\n<link rel=\"canonical\" href=\"https:\/\/www.visit-ulcinj.com\/blog\/2008\/12\/04\/zlocin-zbog-netrpeljivosti\/\" \/>\n<meta property=\"og:locale\" content=\"en_US\" \/>\n<meta property=\"og:type\" content=\"article\" \/>\n<meta property=\"og:title\" content=\"Zlo?in zbog netrpeljivosti - Lajme nga Ulqini\" \/>\n<meta property=\"og:description\" content=\"Uskoro su?enje Aleksandri Ga\u0161i za ubistvo svekra PODGORICA - Su?enje Aleksandri V. Ga\u0161i (47) zvanoj Sa\u0161a, koja je 29. avgusta ove godine oko 23 sata u\" \/>\n<meta property=\"og:url\" content=\"https:\/\/www.visit-ulcinj.com\/blog\/2008\/12\/04\/zlocin-zbog-netrpeljivosti\/\" \/>\n<meta property=\"og:site_name\" content=\"Lajme nga Ulqini\" \/>\n<meta property=\"article:published_time\" content=\"2008-12-04T13:16:47+00:00\" \/>\n<meta property=\"og:image\" content=\"http:\/\/www.visit-ulcinj.com\/blog\/wp-content\/uploads\/2008\/12\/privodenje-optuzene-aleksandre-gasi.jpg\" \/>\n<meta name=\"twitter:label1\" content=\"Written by\" \/>\n\t<meta name=\"twitter:data1\" content=\"ulqini\" \/>\n\t<meta name=\"twitter:label2\" content=\"Est. reading time\" \/>\n\t<meta name=\"twitter:data2\" content=\"2 minutes\" \/>\n<script type=\"application\/ld+json\" class=\"yoast-schema-graph\">{\"@context\":\"https:\/\/schema.org\",\"@graph\":[{\"@type\":\"WebSite\",\"@id\":\"https:\/\/www.visit-ulcinj.com\/blog\/#website\",\"url\":\"https:\/\/www.visit-ulcinj.com\/blog\/\",\"name\":\"Lajme nga Ulqini\",\"description\":\"Lajme,Vijesti,Ulqini,Ulqin,Crna Gora,Mali i Zi\",\"potentialAction\":[{\"@type\":\"SearchAction\",\"target\":{\"@type\":\"EntryPoint\",\"urlTemplate\":\"https:\/\/www.visit-ulcinj.com\/blog\/?s={search_term_string}\"},\"query-input\":\"required name=search_term_string\"}],\"inLanguage\":\"en-US\"},{\"@type\":\"ImageObject\",\"inLanguage\":\"en-US\",\"@id\":\"https:\/\/www.visit-ulcinj.com\/blog\/2008\/12\/04\/zlocin-zbog-netrpeljivosti\/#primaryimage\",\"url\":\"http:\/\/www.visit-ulcinj.com\/blog\/wp-content\/uploads\/2008\/12\/privodenje-optuzene-aleksandre-gasi.jpg\",\"contentUrl\":\"http:\/\/www.visit-ulcinj.com\/blog\/wp-content\/uploads\/2008\/12\/privodenje-optuzene-aleksandre-gasi.jpg\"},{\"@type\":\"WebPage\",\"@id\":\"https:\/\/www.visit-ulcinj.com\/blog\/2008\/12\/04\/zlocin-zbog-netrpeljivosti\/#webpage\",\"url\":\"https:\/\/www.visit-ulcinj.com\/blog\/2008\/12\/04\/zlocin-zbog-netrpeljivosti\/\",\"name\":\"Zlo?in zbog netrpeljivosti - Lajme nga Ulqini\",\"isPartOf\":{\"@id\":\"https:\/\/www.visit-ulcinj.com\/blog\/#website\"},\"primaryImageOfPage\":{\"@id\":\"https:\/\/www.visit-ulcinj.com\/blog\/2008\/12\/04\/zlocin-zbog-netrpeljivosti\/#primaryimage\"},\"datePublished\":\"2008-12-04T13:16:47+00:00\",\"dateModified\":\"2008-12-04T13:16:47+00:00\",\"author\":{\"@id\":\"https:\/\/www.visit-ulcinj.com\/blog\/#\/schema\/person\/dcab619c614d3038751c63bc2aadc06d\"},\"description\":\"Uskoro su?enje Aleksandri Ga\u0161i za ubistvo svekra PODGORICA - Su?enje Aleksandri V. Ga\u0161i (47) zvanoj Sa\u0161a, koja je 29. avgusta ove godine oko 23 sata u\",\"breadcrumb\":{\"@id\":\"https:\/\/www.visit-ulcinj.com\/blog\/2008\/12\/04\/zlocin-zbog-netrpeljivosti\/#breadcrumb\"},\"inLanguage\":\"en-US\",\"potentialAction\":[{\"@type\":\"ReadAction\",\"target\":[\"https:\/\/www.visit-ulcinj.com\/blog\/2008\/12\/04\/zlocin-zbog-netrpeljivosti\/\"]}]},{\"@type\":\"BreadcrumbList\",\"@id\":\"https:\/\/www.visit-ulcinj.com\/blog\/2008\/12\/04\/zlocin-zbog-netrpeljivosti\/#breadcrumb\",\"itemListElement\":[{\"@type\":\"ListItem\",\"position\":1,\"name\":\"Zlo?in zbog netrpeljivosti\"}]},{\"@type\":\"Person\",\"@id\":\"https:\/\/www.visit-ulcinj.com\/blog\/#\/schema\/person\/dcab619c614d3038751c63bc2aadc06d\",\"name\":\"ulqini\",\"sameAs\":[\"http:\/\/www.visit-ulcinj.com\"],\"url\":\"https:\/\/www.visit-ulcinj.com\/blog\/author\/admin\/\"}]}<\/script>\n<!-- \/ Yoast SEO plugin. -->","yoast_head_json":{"title":"Zlo?in zbog netrpeljivosti - Lajme nga Ulqini","description":"Uskoro su?enje Aleksandri Ga\u0161i za ubistvo svekra PODGORICA - Su?enje Aleksandri V. Ga\u0161i (47) zvanoj Sa\u0161a, koja je 29. avgusta ove godine oko 23 sata u","robots":{"index":"index","follow":"follow","max-snippet":"max-snippet:-1","max-image-preview":"max-image-preview:large","max-video-preview":"max-video-preview:-1"},"canonical":"https:\/\/www.visit-ulcinj.com\/blog\/2008\/12\/04\/zlocin-zbog-netrpeljivosti\/","og_locale":"en_US","og_type":"article","og_title":"Zlo?in zbog netrpeljivosti - Lajme nga Ulqini","og_description":"Uskoro su?enje Aleksandri Ga\u0161i za ubistvo svekra PODGORICA - Su?enje Aleksandri V. Ga\u0161i (47) zvanoj Sa\u0161a, koja je 29. avgusta ove godine oko 23 sata u","og_url":"https:\/\/www.visit-ulcinj.com\/blog\/2008\/12\/04\/zlocin-zbog-netrpeljivosti\/","og_site_name":"Lajme nga Ulqini","article_published_time":"2008-12-04T13:16:47+00:00","og_image":[{"url":"http:\/\/www.visit-ulcinj.com\/blog\/wp-content\/uploads\/2008\/12\/privodenje-optuzene-aleksandre-gasi.jpg"}],"twitter_misc":{"Written by":"ulqini","Est. reading time":"2 minutes"},"schema":{"@context":"https:\/\/schema.org","@graph":[{"@type":"WebSite","@id":"https:\/\/www.visit-ulcinj.com\/blog\/#website","url":"https:\/\/www.visit-ulcinj.com\/blog\/","name":"Lajme nga Ulqini","description":"Lajme,Vijesti,Ulqini,Ulqin,Crna Gora,Mali i Zi","potentialAction":[{"@type":"SearchAction","target":{"@type":"EntryPoint","urlTemplate":"https:\/\/www.visit-ulcinj.com\/blog\/?s={search_term_string}"},"query-input":"required name=search_term_string"}],"inLanguage":"en-US"},{"@type":"ImageObject","inLanguage":"en-US","@id":"https:\/\/www.visit-ulcinj.com\/blog\/2008\/12\/04\/zlocin-zbog-netrpeljivosti\/#primaryimage","url":"http:\/\/www.visit-ulcinj.com\/blog\/wp-content\/uploads\/2008\/12\/privodenje-optuzene-aleksandre-gasi.jpg","contentUrl":"http:\/\/www.visit-ulcinj.com\/blog\/wp-content\/uploads\/2008\/12\/privodenje-optuzene-aleksandre-gasi.jpg"},{"@type":"WebPage","@id":"https:\/\/www.visit-ulcinj.com\/blog\/2008\/12\/04\/zlocin-zbog-netrpeljivosti\/#webpage","url":"https:\/\/www.visit-ulcinj.com\/blog\/2008\/12\/04\/zlocin-zbog-netrpeljivosti\/","name":"Zlo?in zbog netrpeljivosti - Lajme nga Ulqini","isPartOf":{"@id":"https:\/\/www.visit-ulcinj.com\/blog\/#website"},"primaryImageOfPage":{"@id":"https:\/\/www.visit-ulcinj.com\/blog\/2008\/12\/04\/zlocin-zbog-netrpeljivosti\/#primaryimage"},"datePublished":"2008-12-04T13:16:47+00:00","dateModified":"2008-12-04T13:16:47+00:00","author":{"@id":"https:\/\/www.visit-ulcinj.com\/blog\/#\/schema\/person\/dcab619c614d3038751c63bc2aadc06d"},"description":"Uskoro su?enje Aleksandri Ga\u0161i za ubistvo svekra PODGORICA - Su?enje Aleksandri V. Ga\u0161i (47) zvanoj Sa\u0161a, koja je 29. avgusta ove godine oko 23 sata u","breadcrumb":{"@id":"https:\/\/www.visit-ulcinj.com\/blog\/2008\/12\/04\/zlocin-zbog-netrpeljivosti\/#breadcrumb"},"inLanguage":"en-US","potentialAction":[{"@type":"ReadAction","target":["https:\/\/www.visit-ulcinj.com\/blog\/2008\/12\/04\/zlocin-zbog-netrpeljivosti\/"]}]},{"@type":"BreadcrumbList","@id":"https:\/\/www.visit-ulcinj.com\/blog\/2008\/12\/04\/zlocin-zbog-netrpeljivosti\/#breadcrumb","itemListElement":[{"@type":"ListItem","position":1,"name":"Zlo?in zbog netrpeljivosti"}]},{"@type":"Person","@id":"https:\/\/www.visit-ulcinj.com\/blog\/#\/schema\/person\/dcab619c614d3038751c63bc2aadc06d","name":"ulqini","sameAs":["http:\/\/www.visit-ulcinj.com"],"url":"https:\/\/www.visit-ulcinj.com\/blog\/author\/admin\/"}]}},"jetpack_featured_media_url":"","jetpack_sharing_enabled":true,"jetpack_shortlink":"https:\/\/wp.me\/pe6lTn-1L9","_links":{"self":[{"href":"https:\/\/www.visit-ulcinj.com\/blog\/wp-json\/wp\/v2\/posts\/6767"}],"collection":[{"href":"https:\/\/www.visit-ulcinj.com\/blog\/wp-json\/wp\/v2\/posts"}],"about":[{"href":"https:\/\/www.visit-ulcinj.com\/blog\/wp-json\/wp\/v2\/types\/post"}],"author":[{"embeddable":true,"href":"https:\/\/www.visit-ulcinj.com\/blog\/wp-json\/wp\/v2\/users\/1"}],"replies":[{"embeddable":true,"href":"https:\/\/www.visit-ulcinj.com\/blog\/wp-json\/wp\/v2\/comments?post=6767"}],"version-history":[{"count":0,"href":"https:\/\/www.visit-ulcinj.com\/blog\/wp-json\/wp\/v2\/posts\/6767\/revisions"}],"wp:attachment":[{"href":"https:\/\/www.visit-ulcinj.com\/blog\/wp-json\/wp\/v2\/media?parent=6767"}],"wp:term":[{"taxonomy":"category","embeddable":true,"href":"https:\/\/www.visit-ulcinj.com\/blog\/wp-json\/wp\/v2\/categories?post=6767"},{"taxonomy":"post_tag","embeddable":true,"href":"https:\/\/www.visit-ulcinj.com\/blog\/wp-json\/wp\/v2\/tags?post=6767"}],"curies":[{"name":"wp","href":"https:\/\/api.w.org\/{rel}","templated":true}]}}