{"id":67677,"date":"2013-01-17T22:01:06","date_gmt":"2013-01-17T21:01:06","guid":{"rendered":"http:\/\/www.visit-ulcinj.com\/blog\/?p=67677"},"modified":"2013-01-17T22:04:19","modified_gmt":"2013-01-17T21:04:19","slug":"arrestohet-zanfina-ismajliarsyeja","status":"publish","type":"post","link":"https:\/\/www.visit-ulcinj.com\/blog\/2013\/01\/17\/arrestohet-zanfina-ismajliarsyeja\/","title":{"rendered":"Arrestohet Zanfina Ismajli\u2026arsyeja\u2026"},"content":{"rendered":"<p><a href=\"http:\/\/www.visit-ulcinj.com\/blog\/wp-content\/uploads\/2013\/01\/Arrestohet-Zanfina-Ismajli.jpg\"><img loading=\"lazy\" class=\"alignleft  wp-image-67678\" alt=\"Arrestohet Zanfina Ismajli\" src=\"http:\/\/www.visit-ulcinj.com\/blog\/wp-content\/uploads\/2013\/01\/Arrestohet-Zanfina-Ismajli.jpg\" width=\"508\" height=\"380\" \/><\/a>P\u00ebr k\u00ebng\u00ebtaren Zanfina Ismajli \u00ebsht\u00eb l\u00ebshuar nj\u00eb flet\u00eb arrest p\u00ebr arm\u00eb mbajtje pa leje.<\/p>\n<p>Sipas disa dokumenteve q\u00eb ka siguruar indeksonline, Zanfina do t\u00eb vuaj d\u00ebnimin me burg p\u00ebr 16 dit\u00eb.<br \/>\n<a href=\"http:\/\/www.visit-ulcinj.com\/blog\/wp-content\/uploads\/2013\/01\/Zanfina_Ismaili2.jpg\"><img loading=\"lazy\" class=\"alignleft size-full wp-image-67680\" alt=\"Zanfina_Ismaili2\" src=\"http:\/\/www.visit-ulcinj.com\/blog\/wp-content\/uploads\/2013\/01\/Zanfina_Ismaili2.jpg\" width=\"336\" height=\"360\" \/><\/a><br \/>\nUrdh\u00ebri \u00ebsht\u00eb l\u00ebshuar nga Gjykata e Qarkut n\u00eb Pej\u00eb. E gjith\u00eb kjo \u00e7\u00ebshtje daton nga mesi i vitit t\u00eb kaluar, derisa n\u00eb Urdh\u00ebr arrest m\u00ebsohet se Zanfina ka qen\u00eb v\u00ebshtir\u00eb e kontaktueshme pasi q\u00eb ka nd\u00ebrruar vendbanim.Urdh\u00ebrin nga Gjykata e Qarkut n\u00eb Pej\u00eb do ta ekzekutoj Policia n\u00eb Stacionin Policor\u00eb n\u00eb Prishtin\u00eb.<\/p>\n<p><strong>Indeksonline<br \/>\nZanfina Ismaili ka gjasa t\u00eb q\u00ebndroj\u00eb disa dit\u00eb burgun e Prishtin\u00ebs, pasi n\u00eb adres\u00eb t\u00eb saj \u00ebsht\u00eb l\u00ebshuar nj\u00eb flet\u00eb-arrest, nga nj\u00eb \u00e7\u00ebshtje q\u00eb daton nga viti i kaluar.<\/p>\n<p>I gjith\u00eb incidenti ka ndodhur n\u00eb nj\u00eb koncert, ku Zanfina ka pasur me vete nj\u00eb sprej lotsjell\u00ebs, dhe rast\u00ebsisht sigurimi e ka gjetur at\u00eb, duke e raportuar menj\u00ebher\u00eb n\u00eb polici.<\/p>\n<p>Por e gjith\u00eb kjo ka nj\u00eb shpjegim pas vetes. K\u00ebng\u00ebtarja ka mbajtur me vete sprejin, pas incidentit q\u00eb i kishte ndodhur n\u00eb nj\u00eb koncert tjet\u00ebr, ku nj\u00ebri nga fansat e pranish\u00ebm, e kishe sulmuar at\u00eb. Q\u00eb at\u00ebher\u00eb, personi nuk e ka l\u00ebn\u00eb t\u00eb qet\u00eb Zanfin\u00ebn. I nj\u00ebjti njeri \u00ebsht\u00eb paraqitur dhe n\u00eb sht\u00ebpin\u00eb e saj, duke u b\u00ebr\u00eb ndjek\u00ebs i friksh\u00ebm p\u00ebr k\u00ebng\u00ebtaren.<\/p>\n<p>Zanfina ka b\u00ebr\u00eb t\u00eb ditur p\u00ebr Telegrafi se pasi fillimisht e ka paraqitur n\u00eb polici rastin rreth k\u00ebtij ndjek\u00ebsi, ajo m\u00eb pas ka t\u00ebrhequr akuzat, pasi personi n\u00eb fjal\u00eb ka qen\u00eb i s\u00ebmur\u00eb mendor.<\/p>\n<p>Pas k\u00ebtij rasti, Zanfina nuk \u00ebsht\u00eb ndjer\u00eb e sigurt, dhe ka mbajtur nj\u00eb sprej lotsjell\u00ebs, i cili n\u00eb rast t\u00eb nevoj\u00ebs p\u00ebr vet\u00ebmbrojtje do t\u00eb mund t\u2019i hynte n\u00eb pun\u00eb.<\/p>\n<p>\u00c7\u00ebshtja ka m\u00eb shum\u00eb se nj\u00eb vit q\u00eb po qarkullon n\u00eb gjyqin e Pej\u00ebs, dhe ende nuk \u00ebsht\u00eb marr\u00eb ndonj\u00eb vendim p\u00ebrfundimtar p\u00ebr Zanfin\u00ebn.<\/p>\n<p>Sipas portalit \u201cIndeksonline\u201d, k\u00ebng\u00ebtarja mund t\u00eb vuaj\u00eb 16 dit\u00eb burgim, pasi nuk i \u00ebsht\u00eb p\u00ebrgjigjur ftesave t\u00eb gjyqit, p\u00ebr shkak t\u00eb nd\u00ebrrimit t\u00eb vendbanimit. \/Telegrafi\/<br \/>\n<a href=\"http:\/\/www.visit-ulcinj.com\/blog\/wp-content\/uploads\/2013\/01\/Arrestohet-Zanfina-Ismajli.1.jpg\"><img loading=\"lazy\" class=\"alignleft  wp-image-67679\" alt=\"Arrestohet Zanfina Ismajli.1\" src=\"http:\/\/www.visit-ulcinj.com\/blog\/wp-content\/uploads\/2013\/01\/Arrestohet-Zanfina-Ismajli.1.jpg\" width=\"508\" height=\"657\" \/><\/a><br \/>\n<\/strong><\/p>\n","protected":false},"excerpt":{"rendered":"<p>P\u00ebr k\u00ebng\u00ebtaren Zanfina Ismajli \u00ebsht\u00eb l\u00ebshuar nj\u00eb flet\u00eb arrest p\u00ebr arm\u00eb mbajtje pa leje. Sipas disa dokumenteve q\u00eb ka siguruar indeksonline, Zanfina do t\u00eb vuaj d\u00ebnimin me burg p\u00ebr 16 dit\u00eb. Urdh\u00ebri \u00ebsht\u00eb l\u00ebshuar nga Gjykata e Qarkut n\u00eb Pej\u00eb. E gjith\u00eb kjo \u00e7\u00ebshtje daton nga mesi i vitit t\u00eb kaluar, derisa n\u00eb Urdh\u00ebr arrest [&hellip;]<\/p>\n","protected":false},"author":1,"featured_media":0,"comment_status":"open","ping_status":"closed","sticky":false,"template":"","format":"standard","meta":{"spay_email":"","jetpack_publicize_message":"","jetpack_is_tweetstorm":false,"jetpack_publicize_feature_enabled":true},"categories":[1],"tags":[21691],"jetpack_publicize_connections":[],"yoast_head":"<!-- This site is optimized with the Yoast SEO plugin v19.1 - https:\/\/yoast.com\/wordpress\/plugins\/seo\/ -->\n<title>Arrestohet Zanfina Ismajli\u2026arsyeja\u2026 - Lajme nga Ulqini<\/title>\n<meta name=\"description\" content=\"P\u00ebr k\u00ebng\u00ebtaren Zanfina Ismajli \u00ebsht\u00eb l\u00ebshuar nj\u00eb flet\u00eb arrest p\u00ebr arm\u00eb mbajtje pa leje. Sipas disa dokumenteve q\u00eb ka siguruar indeksonline, Zanfina do t\u00eb\" \/>\n<meta name=\"robots\" content=\"index, follow, max-snippet:-1, max-image-preview:large, max-video-preview:-1\" \/>\n<link rel=\"canonical\" href=\"https:\/\/www.visit-ulcinj.com\/blog\/2013\/01\/17\/arrestohet-zanfina-ismajliarsyeja\/\" \/>\n<meta property=\"og:locale\" content=\"en_US\" \/>\n<meta property=\"og:type\" content=\"article\" \/>\n<meta property=\"og:title\" content=\"Arrestohet Zanfina Ismajli\u2026arsyeja\u2026 - Lajme nga Ulqini\" \/>\n<meta property=\"og:description\" content=\"P\u00ebr k\u00ebng\u00ebtaren Zanfina Ismajli \u00ebsht\u00eb l\u00ebshuar nj\u00eb flet\u00eb arrest p\u00ebr arm\u00eb mbajtje pa leje. Sipas disa dokumenteve q\u00eb ka siguruar indeksonline, Zanfina do t\u00eb\" \/>\n<meta property=\"og:url\" content=\"https:\/\/www.visit-ulcinj.com\/blog\/2013\/01\/17\/arrestohet-zanfina-ismajliarsyeja\/\" \/>\n<meta property=\"og:site_name\" content=\"Lajme nga Ulqini\" \/>\n<meta property=\"article:published_time\" content=\"2013-01-17T21:01:06+00:00\" \/>\n<meta property=\"article:modified_time\" content=\"2013-01-17T21:04:19+00:00\" \/>\n<meta property=\"og:image\" content=\"http:\/\/www.visit-ulcinj.com\/blog\/wp-content\/uploads\/2013\/01\/Arrestohet-Zanfina-Ismajli.jpg\" \/>\n<meta name=\"twitter:label1\" content=\"Written by\" \/>\n\t<meta name=\"twitter:data1\" content=\"ulqini\" \/>\n\t<meta name=\"twitter:label2\" content=\"Est. reading time\" \/>\n\t<meta name=\"twitter:data2\" content=\"2 minutes\" \/>\n<script type=\"application\/ld+json\" class=\"yoast-schema-graph\">{\"@context\":\"https:\/\/schema.org\",\"@graph\":[{\"@type\":\"WebSite\",\"@id\":\"https:\/\/www.visit-ulcinj.com\/blog\/#website\",\"url\":\"https:\/\/www.visit-ulcinj.com\/blog\/\",\"name\":\"Lajme nga Ulqini\",\"description\":\"Lajme,Vijesti,Ulqini,Ulqin,Crna Gora,Mali i Zi\",\"potentialAction\":[{\"@type\":\"SearchAction\",\"target\":{\"@type\":\"EntryPoint\",\"urlTemplate\":\"https:\/\/www.visit-ulcinj.com\/blog\/?s={search_term_string}\"},\"query-input\":\"required name=search_term_string\"}],\"inLanguage\":\"en-US\"},{\"@type\":\"ImageObject\",\"inLanguage\":\"en-US\",\"@id\":\"https:\/\/www.visit-ulcinj.com\/blog\/2013\/01\/17\/arrestohet-zanfina-ismajliarsyeja\/#primaryimage\",\"url\":\"http:\/\/www.visit-ulcinj.com\/blog\/wp-content\/uploads\/2013\/01\/Arrestohet-Zanfina-Ismajli.jpg\",\"contentUrl\":\"http:\/\/www.visit-ulcinj.com\/blog\/wp-content\/uploads\/2013\/01\/Arrestohet-Zanfina-Ismajli.jpg\"},{\"@type\":\"WebPage\",\"@id\":\"https:\/\/www.visit-ulcinj.com\/blog\/2013\/01\/17\/arrestohet-zanfina-ismajliarsyeja\/#webpage\",\"url\":\"https:\/\/www.visit-ulcinj.com\/blog\/2013\/01\/17\/arrestohet-zanfina-ismajliarsyeja\/\",\"name\":\"Arrestohet Zanfina Ismajli\u2026arsyeja\u2026 - Lajme nga Ulqini\",\"isPartOf\":{\"@id\":\"https:\/\/www.visit-ulcinj.com\/blog\/#website\"},\"primaryImageOfPage\":{\"@id\":\"https:\/\/www.visit-ulcinj.com\/blog\/2013\/01\/17\/arrestohet-zanfina-ismajliarsyeja\/#primaryimage\"},\"datePublished\":\"2013-01-17T21:01:06+00:00\",\"dateModified\":\"2013-01-17T21:04:19+00:00\",\"author\":{\"@id\":\"https:\/\/www.visit-ulcinj.com\/blog\/#\/schema\/person\/dcab619c614d3038751c63bc2aadc06d\"},\"description\":\"P\u00ebr k\u00ebng\u00ebtaren Zanfina Ismajli \u00ebsht\u00eb l\u00ebshuar nj\u00eb flet\u00eb arrest p\u00ebr arm\u00eb mbajtje pa leje. Sipas disa dokumenteve q\u00eb ka siguruar indeksonline, Zanfina do t\u00eb\",\"breadcrumb\":{\"@id\":\"https:\/\/www.visit-ulcinj.com\/blog\/2013\/01\/17\/arrestohet-zanfina-ismajliarsyeja\/#breadcrumb\"},\"inLanguage\":\"en-US\",\"potentialAction\":[{\"@type\":\"ReadAction\",\"target\":[\"https:\/\/www.visit-ulcinj.com\/blog\/2013\/01\/17\/arrestohet-zanfina-ismajliarsyeja\/\"]}]},{\"@type\":\"BreadcrumbList\",\"@id\":\"https:\/\/www.visit-ulcinj.com\/blog\/2013\/01\/17\/arrestohet-zanfina-ismajliarsyeja\/#breadcrumb\",\"itemListElement\":[{\"@type\":\"ListItem\",\"position\":1,\"name\":\"Arrestohet Zanfina Ismajli\u2026arsyeja\u2026\"}]},{\"@type\":\"Person\",\"@id\":\"https:\/\/www.visit-ulcinj.com\/blog\/#\/schema\/person\/dcab619c614d3038751c63bc2aadc06d\",\"name\":\"ulqini\",\"sameAs\":[\"http:\/\/www.visit-ulcinj.com\"],\"url\":\"https:\/\/www.visit-ulcinj.com\/blog\/author\/admin\/\"}]}<\/script>\n<!-- \/ Yoast SEO plugin. -->","yoast_head_json":{"title":"Arrestohet Zanfina Ismajli\u2026arsyeja\u2026 - Lajme nga Ulqini","description":"P\u00ebr k\u00ebng\u00ebtaren Zanfina Ismajli \u00ebsht\u00eb l\u00ebshuar nj\u00eb flet\u00eb arrest p\u00ebr arm\u00eb mbajtje pa leje. Sipas disa dokumenteve q\u00eb ka siguruar indeksonline, Zanfina do t\u00eb","robots":{"index":"index","follow":"follow","max-snippet":"max-snippet:-1","max-image-preview":"max-image-preview:large","max-video-preview":"max-video-preview:-1"},"canonical":"https:\/\/www.visit-ulcinj.com\/blog\/2013\/01\/17\/arrestohet-zanfina-ismajliarsyeja\/","og_locale":"en_US","og_type":"article","og_title":"Arrestohet Zanfina Ismajli\u2026arsyeja\u2026 - Lajme nga Ulqini","og_description":"P\u00ebr k\u00ebng\u00ebtaren Zanfina Ismajli \u00ebsht\u00eb l\u00ebshuar nj\u00eb flet\u00eb arrest p\u00ebr arm\u00eb mbajtje pa leje. Sipas disa dokumenteve q\u00eb ka siguruar indeksonline, Zanfina do t\u00eb","og_url":"https:\/\/www.visit-ulcinj.com\/blog\/2013\/01\/17\/arrestohet-zanfina-ismajliarsyeja\/","og_site_name":"Lajme nga Ulqini","article_published_time":"2013-01-17T21:01:06+00:00","article_modified_time":"2013-01-17T21:04:19+00:00","og_image":[{"url":"http:\/\/www.visit-ulcinj.com\/blog\/wp-content\/uploads\/2013\/01\/Arrestohet-Zanfina-Ismajli.jpg"}],"twitter_misc":{"Written by":"ulqini","Est. reading time":"2 minutes"},"schema":{"@context":"https:\/\/schema.org","@graph":[{"@type":"WebSite","@id":"https:\/\/www.visit-ulcinj.com\/blog\/#website","url":"https:\/\/www.visit-ulcinj.com\/blog\/","name":"Lajme nga Ulqini","description":"Lajme,Vijesti,Ulqini,Ulqin,Crna Gora,Mali i Zi","potentialAction":[{"@type":"SearchAction","target":{"@type":"EntryPoint","urlTemplate":"https:\/\/www.visit-ulcinj.com\/blog\/?s={search_term_string}"},"query-input":"required name=search_term_string"}],"inLanguage":"en-US"},{"@type":"ImageObject","inLanguage":"en-US","@id":"https:\/\/www.visit-ulcinj.com\/blog\/2013\/01\/17\/arrestohet-zanfina-ismajliarsyeja\/#primaryimage","url":"http:\/\/www.visit-ulcinj.com\/blog\/wp-content\/uploads\/2013\/01\/Arrestohet-Zanfina-Ismajli.jpg","contentUrl":"http:\/\/www.visit-ulcinj.com\/blog\/wp-content\/uploads\/2013\/01\/Arrestohet-Zanfina-Ismajli.jpg"},{"@type":"WebPage","@id":"https:\/\/www.visit-ulcinj.com\/blog\/2013\/01\/17\/arrestohet-zanfina-ismajliarsyeja\/#webpage","url":"https:\/\/www.visit-ulcinj.com\/blog\/2013\/01\/17\/arrestohet-zanfina-ismajliarsyeja\/","name":"Arrestohet Zanfina Ismajli\u2026arsyeja\u2026 - Lajme nga Ulqini","isPartOf":{"@id":"https:\/\/www.visit-ulcinj.com\/blog\/#website"},"primaryImageOfPage":{"@id":"https:\/\/www.visit-ulcinj.com\/blog\/2013\/01\/17\/arrestohet-zanfina-ismajliarsyeja\/#primaryimage"},"datePublished":"2013-01-17T21:01:06+00:00","dateModified":"2013-01-17T21:04:19+00:00","author":{"@id":"https:\/\/www.visit-ulcinj.com\/blog\/#\/schema\/person\/dcab619c614d3038751c63bc2aadc06d"},"description":"P\u00ebr k\u00ebng\u00ebtaren Zanfina Ismajli \u00ebsht\u00eb l\u00ebshuar nj\u00eb flet\u00eb arrest p\u00ebr arm\u00eb mbajtje pa leje. Sipas disa dokumenteve q\u00eb ka siguruar indeksonline, Zanfina do t\u00eb","breadcrumb":{"@id":"https:\/\/www.visit-ulcinj.com\/blog\/2013\/01\/17\/arrestohet-zanfina-ismajliarsyeja\/#breadcrumb"},"inLanguage":"en-US","potentialAction":[{"@type":"ReadAction","target":["https:\/\/www.visit-ulcinj.com\/blog\/2013\/01\/17\/arrestohet-zanfina-ismajliarsyeja\/"]}]},{"@type":"BreadcrumbList","@id":"https:\/\/www.visit-ulcinj.com\/blog\/2013\/01\/17\/arrestohet-zanfina-ismajliarsyeja\/#breadcrumb","itemListElement":[{"@type":"ListItem","position":1,"name":"Arrestohet Zanfina Ismajli\u2026arsyeja\u2026"}]},{"@type":"Person","@id":"https:\/\/www.visit-ulcinj.com\/blog\/#\/schema\/person\/dcab619c614d3038751c63bc2aadc06d","name":"ulqini","sameAs":["http:\/\/www.visit-ulcinj.com"],"url":"https:\/\/www.visit-ulcinj.com\/blog\/author\/admin\/"}]}},"jetpack_featured_media_url":"","jetpack_sharing_enabled":true,"jetpack_shortlink":"https:\/\/wp.me\/pe6lTn-hBz","_links":{"self":[{"href":"https:\/\/www.visit-ulcinj.com\/blog\/wp-json\/wp\/v2\/posts\/67677"}],"collection":[{"href":"https:\/\/www.visit-ulcinj.com\/blog\/wp-json\/wp\/v2\/posts"}],"about":[{"href":"https:\/\/www.visit-ulcinj.com\/blog\/wp-json\/wp\/v2\/types\/post"}],"author":[{"embeddable":true,"href":"https:\/\/www.visit-ulcinj.com\/blog\/wp-json\/wp\/v2\/users\/1"}],"replies":[{"embeddable":true,"href":"https:\/\/www.visit-ulcinj.com\/blog\/wp-json\/wp\/v2\/comments?post=67677"}],"version-history":[{"count":2,"href":"https:\/\/www.visit-ulcinj.com\/blog\/wp-json\/wp\/v2\/posts\/67677\/revisions"}],"predecessor-version":[{"id":67682,"href":"https:\/\/www.visit-ulcinj.com\/blog\/wp-json\/wp\/v2\/posts\/67677\/revisions\/67682"}],"wp:attachment":[{"href":"https:\/\/www.visit-ulcinj.com\/blog\/wp-json\/wp\/v2\/media?parent=67677"}],"wp:term":[{"taxonomy":"category","embeddable":true,"href":"https:\/\/www.visit-ulcinj.com\/blog\/wp-json\/wp\/v2\/categories?post=67677"},{"taxonomy":"post_tag","embeddable":true,"href":"https:\/\/www.visit-ulcinj.com\/blog\/wp-json\/wp\/v2\/tags?post=67677"}],"curies":[{"name":"wp","href":"https:\/\/api.w.org\/{rel}","templated":true}]}}