{"id":67683,"date":"2013-01-17T22:10:52","date_gmt":"2013-01-17T21:10:52","guid":{"rendered":"http:\/\/www.visit-ulcinj.com\/blog\/?p=67683"},"modified":"2013-01-17T22:10:52","modified_gmt":"2013-01-17T21:10:52","slug":"artan-bushati-ne-ulqin","status":"publish","type":"post","link":"https:\/\/www.visit-ulcinj.com\/blog\/2013\/01\/17\/artan-bushati-ne-ulqin\/","title":{"rendered":"Artan Bushati n\u00eb Ulqin"},"content":{"rendered":"<p><a href=\"http:\/\/www.visit-ulcinj.com\/blog\/wp-content\/uploads\/2013\/01\/Artan-Bushati.jpg\"><img loading=\"lazy\" class=\"alignleft  wp-image-67684\" alt=\"Artan Bushati\" src=\"http:\/\/www.visit-ulcinj.com\/blog\/wp-content\/uploads\/2013\/01\/Artan-Bushati.jpg\" width=\"508\" height=\"380\" \/><\/a>Nj\u00eb trajner n\u00eb pun\u00eb dhe nj\u00eb tjet\u00ebr q\u00eb po b\u00ebn merkaton. Ndoshta duket disi e \u00e7uditshme, por kjo \u00ebsht\u00eb situata te Vllaznia, me Duron de jure n\u00eb stol dhe me Bushatin n\u00eb terren. Askush nuk k\u00ebrkon t\u2019i b\u00ebj\u00eb gj\u00ebrat zyrtare, edhe pse gjith\u00e7ka duket fakt i kryer p\u00ebr at\u00eb \u00e7ka pritet t\u00eb ndodh\u00eb s\u00eb af\u00ebrmi. N\u00eb nj\u00eb koh\u00eb q\u00eb Shp\u00ebtim Duro po e st\u00ebrvit skuadr\u00ebn dhe duket se \u00ebsht\u00eb i vendosur p\u00ebr ta respektuar kontrat\u00ebn me klubin shkodran, nga ana tjet\u00ebr, Artan Bushati, kandidati m\u00eb potencial p\u00ebr t\u00eb marr\u00eb drejtimin e pankin\u00ebs kuqeblu, ka nisur prej dit\u00ebsh v\u00ebzhgimin p\u00ebr lojtar\u00ebt q\u00eb mund t\u00eb afrohen te Vllaznia n\u00eb janar. Tekniku shkodran m\u00ebsohet se ka b\u00ebr\u00eb biseda konkrete me disa emra shqiptar\u00eb dhe t\u00eb huaj. Dje, nj\u00eb udh\u00ebtim i Bushatit drejt Ulqinit mund t\u00eb p\u00ebrkthehet edhe si nj\u00eb vizit\u00eb pune. Burime t\u00eb besueshme pran\u00eb trajnerit tregojn\u00eb p\u00ebr \u201cPanorama Sport\u201d se shkaku i vizit\u00ebs s\u00eb tij ka qen\u00eb enkas p\u00ebr Vllaznin\u00eb. Pritet q\u00eb ekipi kuqeblu t\u00eb akomodohet n\u00eb Ulqin pas dat\u00ebs 20 janar, teksa do t\u00eb kryej\u00eb faz\u00ebn p\u00ebrgatitore. Nga ana tjet\u00ebr, Bushati m\u00ebsohet se ka pasur mund\u00ebsin\u00eb p\u00ebr t\u00eb biseduar edhe me lojtar\u00eb malazez\u00eb, t\u00eb cil\u00ebt i ka n\u00eb planet e tij. Vet\u00eb trajneri nuk k\u00ebrkon t\u00eb prononcohet publikisht, pasi k\u00ebrkon q\u00eb t\u00eb ruaj\u00eb etik\u00ebn, duke qen\u00eb se n\u00eb pun\u00eb \u00ebsht\u00eb ende Duro. Edhe pse asnj\u00ebher\u00eb nuk e ka pranuar se po punon p\u00ebr t\u00eb gjetur lojtar\u00ebt q\u00eb do t\u00eb nevojiten p\u00ebr pjes\u00ebn e dyt\u00eb t\u00eb sezonit, bisedat e tij, qoft\u00eb me emra shqiptar\u00eb apo t\u00eb huaj, tashm\u00eb jan\u00eb fakt i kryer. T\u00eb nj\u00ebjtat burime b\u00ebn\u00eb t\u00eb ditur se nga tregu shqiptar n\u00eb k\u00ebto momente po shikohet pak, teksa n\u00eb \u201clup\u00ebn\u201d e Bushatit jan\u00eb vet\u00ebm 3-4, ku nj\u00ebri prej tyre \u00ebsht\u00eb pa dyshim Gilman Lika. Gjithashtu \u00ebsht\u00eb p\u00ebrfolur se trajneri ka pasur nj\u00eb komunikim edhe me mbrojt\u00ebsin Tefik Osmani, duke i konfirmuar k\u00ebtij t\u00eb fundit se do ta ket\u00eb n\u00eb plane. Nga ana tjet\u00ebr, m\u00ebsohet se Bushati, bashk\u00eb me drejtuesit e rinj q\u00eb pritet t\u00eb ket\u00eb klubi, kan\u00eb hedhur syt\u00eb edhe nga pista afrikane. Sigurisht q\u00eb mund\u00ebsia e afrimit t\u00eb lojtar\u00ebve malazez\u00eb mbetet n\u00eb \u201cpole-position\u201d, por mund t\u00eb vijn\u00eb edhe nigerian\u00eb.<\/p>\n<p><strong>Situata n\u00eb ekip<\/strong><br \/>\nVllaznia po vijon pun\u00ebn n\u00ebn drejtimin e trajnerit Shp\u00ebtim Duro, i cili nga dita n\u00eb dit\u00eb pritet q\u00eb t\u00eb marr\u00eb urdhrin p\u00ebr nj\u00eb largim t\u00eb tij nga kreu i k\u00ebsaj pankine. N\u00eb nj\u00eb situat\u00eb t\u00eb till\u00eb aspak komode, si ai dhe pjes\u00ebtar\u00eb t\u00eb skuadr\u00ebs nuk duket se e kan\u00eb shum\u00eb mendjen te puna. Tashm\u00eb n\u00eb kampin shkodran \u201csy e vesh\u00eb\u201d p\u00ebr t\u2019u njohur me ndryshimet e pritshme.<\/p>\n<p><strong>Donatori: \u00c7ela premton nj\u00eb ekip p\u00ebr n\u00eb Europ\u00eb<\/strong><br \/>\nBiznesmeni Agron \u00c7ela, i cili pritet t\u00eb marr\u00eb drejtimin e klubit t\u00eb futbollit \u201cVllaznia\u201d, pas nj\u00eb periudhe afro 7-vje\u00e7are, nuk e ka fshehur faktin se pran\u00eb skuadr\u00ebs mund t\u00eb ket\u00eb edhe afrime cil\u00ebsore. Megjithat\u00eb, burime pran\u00eb tij b\u00ebjn\u00eb t\u00eb ditur se \u00c7ela n\u00eb konsultat me stafin teknik, q\u00eb duket se e ka p\u00ebrzgjedhur, po b\u00ebn planet q\u00eb ta p\u00ebrballoj\u00eb edhe me k\u00ebt\u00eb grup lojtar\u00ebsh k\u00ebt\u00eb pjes\u00eb t\u00eb dyt\u00eb t\u00eb sezonit. Gjithmon\u00eb duke u dh\u00ebn\u00eb m\u00eb shum\u00eb hap\u00ebsir\u00eb lojtar\u00ebve t\u00eb rinj, q\u00eb Vllaznia ka n\u00eb dispozicion. Mir\u00ebpo, biznesmeni \u00c7ela gjithnj\u00eb n\u00eb prononcimet e tij nuk e ka mohuar faktin se Vllaznis\u00eb p\u00ebr pjes\u00ebn e dyt\u00eb t\u00eb sezonit nuk do t\u2019i mungojn\u00eb edhe dy apo tri afrime q\u00eb t\u00eb b\u00ebjn\u00eb diferenc\u00ebn.<\/p>\n<p><strong><a href=\"http:\/\/www.panorama-sport.com\/\">Panorama Sport<\/a><\/strong><\/p>\n","protected":false},"excerpt":{"rendered":"<p>Nj\u00eb trajner n\u00eb pun\u00eb dhe nj\u00eb tjet\u00ebr q\u00eb po b\u00ebn merkaton. Ndoshta duket disi e \u00e7uditshme, por kjo \u00ebsht\u00eb situata te Vllaznia, me Duron de jure n\u00eb stol dhe me Bushatin n\u00eb terren. Askush nuk k\u00ebrkon t\u2019i b\u00ebj\u00eb gj\u00ebrat zyrtare, edhe pse gjith\u00e7ka duket fakt i kryer p\u00ebr at\u00eb \u00e7ka pritet t\u00eb ndodh\u00eb s\u00eb af\u00ebrmi. [&hellip;]<\/p>\n","protected":false},"author":1,"featured_media":0,"comment_status":"open","ping_status":"closed","sticky":false,"template":"","format":"standard","meta":{"spay_email":"","jetpack_publicize_message":"","jetpack_is_tweetstorm":false,"jetpack_publicize_feature_enabled":true},"categories":[6950],"tags":[21692],"jetpack_publicize_connections":[],"yoast_head":"<!-- This site is optimized with the Yoast SEO plugin v19.1 - https:\/\/yoast.com\/wordpress\/plugins\/seo\/ -->\n<title>Artan Bushati n\u00eb Ulqin - Lajme nga Ulqini<\/title>\n<meta name=\"description\" content=\"Nj\u00eb trajner n\u00eb pun\u00eb dhe nj\u00eb tjet\u00ebr q\u00eb po b\u00ebn merkaton. Ndoshta duket disi e \u00e7uditshme, por kjo \u00ebsht\u00eb situata te Vllaznia, me Duron de jure n\u00eb stol dhe me\" \/>\n<meta name=\"robots\" content=\"index, follow, max-snippet:-1, max-image-preview:large, max-video-preview:-1\" \/>\n<link rel=\"canonical\" href=\"https:\/\/www.visit-ulcinj.com\/blog\/2013\/01\/17\/artan-bushati-ne-ulqin\/\" \/>\n<meta property=\"og:locale\" content=\"en_US\" \/>\n<meta property=\"og:type\" content=\"article\" \/>\n<meta property=\"og:title\" content=\"Artan Bushati n\u00eb Ulqin - Lajme nga Ulqini\" \/>\n<meta property=\"og:description\" content=\"Nj\u00eb trajner n\u00eb pun\u00eb dhe nj\u00eb tjet\u00ebr q\u00eb po b\u00ebn merkaton. Ndoshta duket disi e \u00e7uditshme, por kjo \u00ebsht\u00eb situata te Vllaznia, me Duron de jure n\u00eb stol dhe me\" \/>\n<meta property=\"og:url\" content=\"https:\/\/www.visit-ulcinj.com\/blog\/2013\/01\/17\/artan-bushati-ne-ulqin\/\" \/>\n<meta property=\"og:site_name\" content=\"Lajme nga Ulqini\" \/>\n<meta property=\"article:published_time\" content=\"2013-01-17T21:10:52+00:00\" \/>\n<meta property=\"og:image\" content=\"http:\/\/www.visit-ulcinj.com\/blog\/wp-content\/uploads\/2013\/01\/Artan-Bushati.jpg\" \/>\n<meta name=\"twitter:label1\" content=\"Written by\" \/>\n\t<meta name=\"twitter:data1\" content=\"ulqini\" \/>\n\t<meta name=\"twitter:label2\" content=\"Est. reading time\" \/>\n\t<meta name=\"twitter:data2\" content=\"3 minutes\" \/>\n<script type=\"application\/ld+json\" class=\"yoast-schema-graph\">{\"@context\":\"https:\/\/schema.org\",\"@graph\":[{\"@type\":\"WebSite\",\"@id\":\"https:\/\/www.visit-ulcinj.com\/blog\/#website\",\"url\":\"https:\/\/www.visit-ulcinj.com\/blog\/\",\"name\":\"Lajme nga Ulqini\",\"description\":\"Lajme,Vijesti,Ulqini,Ulqin,Crna Gora,Mali i Zi\",\"potentialAction\":[{\"@type\":\"SearchAction\",\"target\":{\"@type\":\"EntryPoint\",\"urlTemplate\":\"https:\/\/www.visit-ulcinj.com\/blog\/?s={search_term_string}\"},\"query-input\":\"required name=search_term_string\"}],\"inLanguage\":\"en-US\"},{\"@type\":\"ImageObject\",\"inLanguage\":\"en-US\",\"@id\":\"https:\/\/www.visit-ulcinj.com\/blog\/2013\/01\/17\/artan-bushati-ne-ulqin\/#primaryimage\",\"url\":\"https:\/\/www.visit-ulcinj.com\/blog\/wp-content\/uploads\/2013\/01\/Artan-Bushati.jpg\",\"contentUrl\":\"https:\/\/www.visit-ulcinj.com\/blog\/wp-content\/uploads\/2013\/01\/Artan-Bushati.jpg\",\"width\":700,\"height\":467},{\"@type\":\"WebPage\",\"@id\":\"https:\/\/www.visit-ulcinj.com\/blog\/2013\/01\/17\/artan-bushati-ne-ulqin\/#webpage\",\"url\":\"https:\/\/www.visit-ulcinj.com\/blog\/2013\/01\/17\/artan-bushati-ne-ulqin\/\",\"name\":\"Artan Bushati n\u00eb Ulqin - Lajme nga Ulqini\",\"isPartOf\":{\"@id\":\"https:\/\/www.visit-ulcinj.com\/blog\/#website\"},\"primaryImageOfPage\":{\"@id\":\"https:\/\/www.visit-ulcinj.com\/blog\/2013\/01\/17\/artan-bushati-ne-ulqin\/#primaryimage\"},\"datePublished\":\"2013-01-17T21:10:52+00:00\",\"dateModified\":\"2013-01-17T21:10:52+00:00\",\"author\":{\"@id\":\"https:\/\/www.visit-ulcinj.com\/blog\/#\/schema\/person\/dcab619c614d3038751c63bc2aadc06d\"},\"description\":\"Nj\u00eb trajner n\u00eb pun\u00eb dhe nj\u00eb tjet\u00ebr q\u00eb po b\u00ebn merkaton. Ndoshta duket disi e \u00e7uditshme, por kjo \u00ebsht\u00eb situata te Vllaznia, me Duron de jure n\u00eb stol dhe me\",\"breadcrumb\":{\"@id\":\"https:\/\/www.visit-ulcinj.com\/blog\/2013\/01\/17\/artan-bushati-ne-ulqin\/#breadcrumb\"},\"inLanguage\":\"en-US\",\"potentialAction\":[{\"@type\":\"ReadAction\",\"target\":[\"https:\/\/www.visit-ulcinj.com\/blog\/2013\/01\/17\/artan-bushati-ne-ulqin\/\"]}]},{\"@type\":\"BreadcrumbList\",\"@id\":\"https:\/\/www.visit-ulcinj.com\/blog\/2013\/01\/17\/artan-bushati-ne-ulqin\/#breadcrumb\",\"itemListElement\":[{\"@type\":\"ListItem\",\"position\":1,\"name\":\"Artan Bushati n\u00eb Ulqin\"}]},{\"@type\":\"Person\",\"@id\":\"https:\/\/www.visit-ulcinj.com\/blog\/#\/schema\/person\/dcab619c614d3038751c63bc2aadc06d\",\"name\":\"ulqini\",\"sameAs\":[\"http:\/\/www.visit-ulcinj.com\"],\"url\":\"https:\/\/www.visit-ulcinj.com\/blog\/author\/admin\/\"}]}<\/script>\n<!-- \/ Yoast SEO plugin. -->","yoast_head_json":{"title":"Artan Bushati n\u00eb Ulqin - Lajme nga Ulqini","description":"Nj\u00eb trajner n\u00eb pun\u00eb dhe nj\u00eb tjet\u00ebr q\u00eb po b\u00ebn merkaton. Ndoshta duket disi e \u00e7uditshme, por kjo \u00ebsht\u00eb situata te Vllaznia, me Duron de jure n\u00eb stol dhe me","robots":{"index":"index","follow":"follow","max-snippet":"max-snippet:-1","max-image-preview":"max-image-preview:large","max-video-preview":"max-video-preview:-1"},"canonical":"https:\/\/www.visit-ulcinj.com\/blog\/2013\/01\/17\/artan-bushati-ne-ulqin\/","og_locale":"en_US","og_type":"article","og_title":"Artan Bushati n\u00eb Ulqin - Lajme nga Ulqini","og_description":"Nj\u00eb trajner n\u00eb pun\u00eb dhe nj\u00eb tjet\u00ebr q\u00eb po b\u00ebn merkaton. Ndoshta duket disi e \u00e7uditshme, por kjo \u00ebsht\u00eb situata te Vllaznia, me Duron de jure n\u00eb stol dhe me","og_url":"https:\/\/www.visit-ulcinj.com\/blog\/2013\/01\/17\/artan-bushati-ne-ulqin\/","og_site_name":"Lajme nga Ulqini","article_published_time":"2013-01-17T21:10:52+00:00","og_image":[{"url":"http:\/\/www.visit-ulcinj.com\/blog\/wp-content\/uploads\/2013\/01\/Artan-Bushati.jpg"}],"twitter_misc":{"Written by":"ulqini","Est. reading time":"3 minutes"},"schema":{"@context":"https:\/\/schema.org","@graph":[{"@type":"WebSite","@id":"https:\/\/www.visit-ulcinj.com\/blog\/#website","url":"https:\/\/www.visit-ulcinj.com\/blog\/","name":"Lajme nga Ulqini","description":"Lajme,Vijesti,Ulqini,Ulqin,Crna Gora,Mali i Zi","potentialAction":[{"@type":"SearchAction","target":{"@type":"EntryPoint","urlTemplate":"https:\/\/www.visit-ulcinj.com\/blog\/?s={search_term_string}"},"query-input":"required name=search_term_string"}],"inLanguage":"en-US"},{"@type":"ImageObject","inLanguage":"en-US","@id":"https:\/\/www.visit-ulcinj.com\/blog\/2013\/01\/17\/artan-bushati-ne-ulqin\/#primaryimage","url":"https:\/\/www.visit-ulcinj.com\/blog\/wp-content\/uploads\/2013\/01\/Artan-Bushati.jpg","contentUrl":"https:\/\/www.visit-ulcinj.com\/blog\/wp-content\/uploads\/2013\/01\/Artan-Bushati.jpg","width":700,"height":467},{"@type":"WebPage","@id":"https:\/\/www.visit-ulcinj.com\/blog\/2013\/01\/17\/artan-bushati-ne-ulqin\/#webpage","url":"https:\/\/www.visit-ulcinj.com\/blog\/2013\/01\/17\/artan-bushati-ne-ulqin\/","name":"Artan Bushati n\u00eb Ulqin - Lajme nga Ulqini","isPartOf":{"@id":"https:\/\/www.visit-ulcinj.com\/blog\/#website"},"primaryImageOfPage":{"@id":"https:\/\/www.visit-ulcinj.com\/blog\/2013\/01\/17\/artan-bushati-ne-ulqin\/#primaryimage"},"datePublished":"2013-01-17T21:10:52+00:00","dateModified":"2013-01-17T21:10:52+00:00","author":{"@id":"https:\/\/www.visit-ulcinj.com\/blog\/#\/schema\/person\/dcab619c614d3038751c63bc2aadc06d"},"description":"Nj\u00eb trajner n\u00eb pun\u00eb dhe nj\u00eb tjet\u00ebr q\u00eb po b\u00ebn merkaton. Ndoshta duket disi e \u00e7uditshme, por kjo \u00ebsht\u00eb situata te Vllaznia, me Duron de jure n\u00eb stol dhe me","breadcrumb":{"@id":"https:\/\/www.visit-ulcinj.com\/blog\/2013\/01\/17\/artan-bushati-ne-ulqin\/#breadcrumb"},"inLanguage":"en-US","potentialAction":[{"@type":"ReadAction","target":["https:\/\/www.visit-ulcinj.com\/blog\/2013\/01\/17\/artan-bushati-ne-ulqin\/"]}]},{"@type":"BreadcrumbList","@id":"https:\/\/www.visit-ulcinj.com\/blog\/2013\/01\/17\/artan-bushati-ne-ulqin\/#breadcrumb","itemListElement":[{"@type":"ListItem","position":1,"name":"Artan Bushati n\u00eb Ulqin"}]},{"@type":"Person","@id":"https:\/\/www.visit-ulcinj.com\/blog\/#\/schema\/person\/dcab619c614d3038751c63bc2aadc06d","name":"ulqini","sameAs":["http:\/\/www.visit-ulcinj.com"],"url":"https:\/\/www.visit-ulcinj.com\/blog\/author\/admin\/"}]}},"jetpack_featured_media_url":"","jetpack_sharing_enabled":true,"jetpack_shortlink":"https:\/\/wp.me\/pe6lTn-hBF","_links":{"self":[{"href":"https:\/\/www.visit-ulcinj.com\/blog\/wp-json\/wp\/v2\/posts\/67683"}],"collection":[{"href":"https:\/\/www.visit-ulcinj.com\/blog\/wp-json\/wp\/v2\/posts"}],"about":[{"href":"https:\/\/www.visit-ulcinj.com\/blog\/wp-json\/wp\/v2\/types\/post"}],"author":[{"embeddable":true,"href":"https:\/\/www.visit-ulcinj.com\/blog\/wp-json\/wp\/v2\/users\/1"}],"replies":[{"embeddable":true,"href":"https:\/\/www.visit-ulcinj.com\/blog\/wp-json\/wp\/v2\/comments?post=67683"}],"version-history":[{"count":1,"href":"https:\/\/www.visit-ulcinj.com\/blog\/wp-json\/wp\/v2\/posts\/67683\/revisions"}],"predecessor-version":[{"id":67685,"href":"https:\/\/www.visit-ulcinj.com\/blog\/wp-json\/wp\/v2\/posts\/67683\/revisions\/67685"}],"wp:attachment":[{"href":"https:\/\/www.visit-ulcinj.com\/blog\/wp-json\/wp\/v2\/media?parent=67683"}],"wp:term":[{"taxonomy":"category","embeddable":true,"href":"https:\/\/www.visit-ulcinj.com\/blog\/wp-json\/wp\/v2\/categories?post=67683"},{"taxonomy":"post_tag","embeddable":true,"href":"https:\/\/www.visit-ulcinj.com\/blog\/wp-json\/wp\/v2\/tags?post=67683"}],"curies":[{"name":"wp","href":"https:\/\/api.w.org\/{rel}","templated":true}]}}