{"id":67686,"date":"2013-01-18T06:38:54","date_gmt":"2013-01-18T05:38:54","guid":{"rendered":"http:\/\/www.visit-ulcinj.com\/blog\/?p=67686"},"modified":"2013-01-18T20:33:37","modified_gmt":"2013-01-18T19:33:37","slug":"faruk-hasanaga-kampion-i-malit-te-zi-foto","status":"publish","type":"post","link":"https:\/\/www.visit-ulcinj.com\/blog\/2013\/01\/18\/faruk-hasanaga-kampion-i-malit-te-zi-foto\/","title":{"rendered":"Faruk Hasanaga kampion i Malit t\u00eb Zi + Foto"},"content":{"rendered":"<p><a href=\"http:\/\/www.visit-ulcinj.com\/blog\/wp-content\/uploads\/2013\/01\/Faruk-Hasanaga-Kampion.jpg\"><img loading=\"lazy\" class=\"alignleft  wp-image-67687\" alt=\"Faruk Hasanaga Kampion\" src=\"http:\/\/www.visit-ulcinj.com\/blog\/wp-content\/uploads\/2013\/01\/Faruk-Hasanaga-Kampion.jpg\" width=\"350\" height=\"340\" \/><\/a>N\u00eb disiplin\u00ebn e luftrave,\u00a0medalje t\u00eb bronzta fituan\u00a0Katarina Kujunxhiq dhe\u00a0Tamara Kuzman.\u00a0Nd\u00ebrkaq n\u00eb kata, ekipi i\u00a0pionier\u00ebve u kuror\u00ebzua\u00a0me medalje t\u00eb argjendt\u00eb,\u00a0kurse Basro Sadikoviqi\u00a0me medalje t\u00eb bronzt\u00eb. Garuesi i Klubit t\u00eb Karates\u00eb \u201cAlbulena\u201d,\u00a0Faruk Hasanaga, \u00ebsht\u00eb shpallur kampion\u00a0n\u00eb kata individuale p\u00ebr fatosa n\u00eb\u00a0Kampionatin e Malit t\u00eb Zi p\u00ebr fatosa,\u00a0pionier\u00eb, kadet\u00eb dhe junior\u00eb.\u00a0Ai ka qen\u00eb garuesi m\u00eb i dalluar i k\u00ebtij\u00a0klubi n\u00eb k\u00ebt\u00eb kampionat dhe Kup\u00ebn p\u00ebr\u00a0senior\u00eb t\u00eb rinj.\u00a0Hasanaga i ka fituar t\u00eb pes\u00eb kund\u00ebrshtar\u00ebt\u00a0e tij me rezultatin 5:0.\u00a0Trajneri i KK \u201cAlbulena\u201d, Agron Ujkashi,\u00a0thot\u00eb se b\u00ebhet fjal\u00eb p\u00ebr nj\u00eb garues me\u00a0perspektiv\u00eb nga i cili pritet q\u00eb k\u00ebt\u00eb vit t\u00eb\u00a0p\u00ebrfaq\u00ebsoj\u00eb Malin e Zi n\u00eb Kampionatin\u00a0Ballkanik q\u00eb do t\u00eb mbahet n\u00eb Beograd.\u00a0N\u00eb disiplin\u00ebn e luftrave, medalje t\u00eb\u00a0bronzta fituan Katarina Kujunxhiq dhe\u00a0Tamara Kuzman.\u00a0Nd\u00ebrkaq n\u00eb kata, ekipi i pionier\u00ebve u\u00a0kuror\u00ebzua me medalje t\u00eb argjendt\u00eb,\u00a0kurse Basro Sadikoviqi me medalje t\u00eb\u00a0bronzt\u00eb.\u00a0Edhe pse nuk fituan medalje, vlen t\u00eb\u00a0p\u00ebrmendet paraqitja e mir\u00eb e ekipit t\u00eb\u00a0fatosave n\u00eb kata, i p\u00ebrb\u00ebr\u00eb nga Faruk\u00a0Hasanaga, Refik Mollabeqiri dhe Art\u00a0Ujkashi, t\u00eb cil\u00ebt debutuan n\u00eb nj\u00eb gar\u00eb.<\/p>\n<p><strong>\u00a0(Kohapress\u00a0)<\/strong><\/p>\n\n\t\t<style type=\"text\/css\">\n\t\t\t#gallery-1 {\n\t\t\t\tmargin: auto;\n\t\t\t}\n\t\t\t#gallery-1 .gallery-item {\n\t\t\t\tfloat: left;\n\t\t\t\tmargin-top: 10px;\n\t\t\t\ttext-align: center;\n\t\t\t\twidth: 33%;\n\t\t\t}\n\t\t\t#gallery-1 img {\n\t\t\t\tborder: 2px solid #cfcfcf;\n\t\t\t}\n\t\t\t#gallery-1 .gallery-caption {\n\t\t\t\tmargin-left: 0;\n\t\t\t}\n\t\t\t\/* see gallery_shortcode() in wp-includes\/media.php *\/\n\t\t<\/style>\n\t\t<div id='gallery-1' class='gallery galleryid-67686 gallery-columns-3 gallery-size-thumbnail'><dl class='gallery-item'>\n\t\t\t<dt class='gallery-icon portrait'>\n\t\t\t\t<a href='https:\/\/www.visit-ulcinj.com\/blog\/2013\/01\/18\/faruk-hasanaga-kampion-i-malit-te-zi-foto\/faruk-hasanaga-ne-kampionin-e-malit-te-zi-8\/'><img width=\"150\" height=\"150\" src=\"https:\/\/www.visit-ulcinj.com\/blog\/wp-content\/uploads\/2013\/01\/Faruk-Hasanaga-ne-kampionin-e-Malit-te-Zi.8-150x150.jpg\" class=\"attachment-thumbnail size-thumbnail\" alt=\"\" loading=\"lazy\" \/><\/a>\n\t\t\t<\/dt><\/dl><dl class='gallery-item'>\n\t\t\t<dt class='gallery-icon portrait'>\n\t\t\t\t<a href='https:\/\/www.visit-ulcinj.com\/blog\/2013\/01\/18\/faruk-hasanaga-kampion-i-malit-te-zi-foto\/faruk-hasanaga-ne-kampionin-e-malit-te-zi-6\/'><img width=\"150\" height=\"150\" src=\"https:\/\/www.visit-ulcinj.com\/blog\/wp-content\/uploads\/2013\/01\/Faruk-Hasanaga-ne-kampionin-e-Malit-te-Zi.6-150x150.jpg\" class=\"attachment-thumbnail size-thumbnail\" alt=\"\" loading=\"lazy\" \/><\/a>\n\t\t\t<\/dt><\/dl><dl class='gallery-item'>\n\t\t\t<dt class='gallery-icon landscape'>\n\t\t\t\t<a href='https:\/\/www.visit-ulcinj.com\/blog\/2013\/01\/18\/faruk-hasanaga-kampion-i-malit-te-zi-foto\/faruk-hasanaga-ne-kampionin-e-malit-te-zi\/'><img width=\"150\" height=\"150\" src=\"https:\/\/www.visit-ulcinj.com\/blog\/wp-content\/uploads\/2013\/01\/Faruk-Hasanaga-ne-kampionin-e-Malit-te-Zi-150x150.jpg\" class=\"attachment-thumbnail size-thumbnail\" alt=\"\" loading=\"lazy\" \/><\/a>\n\t\t\t<\/dt><\/dl><br style=\"clear: both\" \/><dl class='gallery-item'>\n\t\t\t<dt class='gallery-icon landscape'>\n\t\t\t\t<a href='https:\/\/www.visit-ulcinj.com\/blog\/2013\/01\/18\/faruk-hasanaga-kampion-i-malit-te-zi-foto\/faruk-hasanaga-ne-kampionin-e-malit-te-zi-5\/'><img width=\"150\" height=\"150\" src=\"https:\/\/www.visit-ulcinj.com\/blog\/wp-content\/uploads\/2013\/01\/Faruk-Hasanaga-ne-kampionin-e-Malit-te-Zi.5-150x150.jpg\" class=\"attachment-thumbnail size-thumbnail\" alt=\"\" loading=\"lazy\" \/><\/a>\n\t\t\t<\/dt><\/dl><dl class='gallery-item'>\n\t\t\t<dt class='gallery-icon landscape'>\n\t\t\t\t<a href='https:\/\/www.visit-ulcinj.com\/blog\/2013\/01\/18\/faruk-hasanaga-kampion-i-malit-te-zi-foto\/faruk-hasanaga-ne-kampionin-e-malit-te-zi-4\/'><img width=\"150\" height=\"150\" src=\"https:\/\/www.visit-ulcinj.com\/blog\/wp-content\/uploads\/2013\/01\/Faruk-Hasanaga-ne-kampionin-e-Malit-te-Zi.4-150x150.jpg\" class=\"attachment-thumbnail size-thumbnail\" alt=\"\" loading=\"lazy\" \/><\/a>\n\t\t\t<\/dt><\/dl><dl class='gallery-item'>\n\t\t\t<dt class='gallery-icon landscape'>\n\t\t\t\t<a href='https:\/\/www.visit-ulcinj.com\/blog\/2013\/01\/18\/faruk-hasanaga-kampion-i-malit-te-zi-foto\/faruk-hasanaga-ne-kampionin-e-malit-te-zi-7\/'><img width=\"150\" height=\"150\" src=\"https:\/\/www.visit-ulcinj.com\/blog\/wp-content\/uploads\/2013\/01\/Faruk-Hasanaga-ne-kampionin-e-Malit-te-Zi.7-150x150.jpg\" class=\"attachment-thumbnail size-thumbnail\" alt=\"\" loading=\"lazy\" \/><\/a>\n\t\t\t<\/dt><\/dl><br style=\"clear: both\" \/><dl class='gallery-item'>\n\t\t\t<dt class='gallery-icon landscape'>\n\t\t\t\t<a href='https:\/\/www.visit-ulcinj.com\/blog\/2013\/01\/18\/faruk-hasanaga-kampion-i-malit-te-zi-foto\/faruk-hasanaga-ne-kampionin-e-malit-te-zi-3\/'><img width=\"150\" height=\"150\" src=\"https:\/\/www.visit-ulcinj.com\/blog\/wp-content\/uploads\/2013\/01\/Faruk-Hasanaga-ne-kampionin-e-Malit-te-Zi.3-150x150.jpg\" class=\"attachment-thumbnail size-thumbnail\" alt=\"\" loading=\"lazy\" \/><\/a>\n\t\t\t<\/dt><\/dl><dl class='gallery-item'>\n\t\t\t<dt class='gallery-icon landscape'>\n\t\t\t\t<a href='https:\/\/www.visit-ulcinj.com\/blog\/2013\/01\/18\/faruk-hasanaga-kampion-i-malit-te-zi-foto\/faruk-hasanaga-ne-kampionin-e-malit-te-zi-2\/'><img width=\"150\" height=\"150\" src=\"https:\/\/www.visit-ulcinj.com\/blog\/wp-content\/uploads\/2013\/01\/Faruk-Hasanaga-ne-kampionin-e-Malit-te-Zi.2-150x150.jpg\" class=\"attachment-thumbnail size-thumbnail\" alt=\"\" loading=\"lazy\" \/><\/a>\n\t\t\t<\/dt><\/dl><dl class='gallery-item'>\n\t\t\t<dt class='gallery-icon landscape'>\n\t\t\t\t<a href='https:\/\/www.visit-ulcinj.com\/blog\/2013\/01\/18\/faruk-hasanaga-kampion-i-malit-te-zi-foto\/faruk-hasanaga-ne-kampionin-e-malit-te-zi-1\/'><img width=\"150\" height=\"150\" src=\"https:\/\/www.visit-ulcinj.com\/blog\/wp-content\/uploads\/2013\/01\/Faruk-Hasanaga-ne-kampionin-e-Malit-te-Zi.1-150x150.jpg\" class=\"attachment-thumbnail size-thumbnail\" alt=\"\" loading=\"lazy\" \/><\/a>\n\t\t\t<\/dt><\/dl><br style=\"clear: both\" \/>\n\t\t<\/div>\n\n","protected":false},"excerpt":{"rendered":"<p>N\u00eb disiplin\u00ebn e luftrave,\u00a0medalje t\u00eb bronzta fituan\u00a0Katarina Kujunxhiq dhe\u00a0Tamara Kuzman.\u00a0Nd\u00ebrkaq n\u00eb kata, ekipi i\u00a0pionier\u00ebve u kuror\u00ebzua\u00a0me medalje t\u00eb argjendt\u00eb,\u00a0kurse Basro Sadikoviqi\u00a0me medalje t\u00eb bronzt\u00eb. Garuesi i Klubit t\u00eb Karates\u00eb \u201cAlbulena\u201d,\u00a0Faruk Hasanaga, \u00ebsht\u00eb shpallur kampion\u00a0n\u00eb kata individuale p\u00ebr fatosa n\u00eb\u00a0Kampionatin e Malit t\u00eb Zi p\u00ebr fatosa,\u00a0pionier\u00eb, kadet\u00eb dhe junior\u00eb.\u00a0Ai ka qen\u00eb garuesi m\u00eb i dalluar i [&hellip;]<\/p>\n","protected":false},"author":1,"featured_media":0,"comment_status":"open","ping_status":"closed","sticky":false,"template":"","format":"standard","meta":{"spay_email":"","jetpack_publicize_message":"","jetpack_is_tweetstorm":false,"jetpack_publicize_feature_enabled":true},"categories":[3],"tags":[21693,1828,179,200],"jetpack_publicize_connections":[],"yoast_head":"<!-- This site is optimized with the Yoast SEO plugin v19.1 - https:\/\/yoast.com\/wordpress\/plugins\/seo\/ -->\n<title>Faruk Hasanaga kampion i Malit t\u00eb Zi + Foto - Lajme nga Ulqini<\/title>\n<meta name=\"description\" content=\"N\u00eb disiplin\u00ebn e luftrave,\u00a0medalje t\u00eb bronzta fituan\u00a0Katarina Kujunxhiq dhe\u00a0Tamara Kuzman.\u00a0Nd\u00ebrkaq n\u00eb kata, ekipi i\u00a0pionier\u00ebve u kuror\u00ebzua\u00a0me medalje t\u00eb\" \/>\n<meta name=\"robots\" content=\"index, follow, max-snippet:-1, max-image-preview:large, max-video-preview:-1\" \/>\n<link rel=\"canonical\" href=\"https:\/\/www.visit-ulcinj.com\/blog\/2013\/01\/18\/faruk-hasanaga-kampion-i-malit-te-zi-foto\/\" \/>\n<meta property=\"og:locale\" content=\"en_US\" \/>\n<meta property=\"og:type\" content=\"article\" \/>\n<meta property=\"og:title\" content=\"Faruk Hasanaga kampion i Malit t\u00eb Zi + Foto - Lajme nga Ulqini\" \/>\n<meta property=\"og:description\" content=\"N\u00eb disiplin\u00ebn e luftrave,\u00a0medalje t\u00eb bronzta fituan\u00a0Katarina Kujunxhiq dhe\u00a0Tamara Kuzman.\u00a0Nd\u00ebrkaq n\u00eb kata, ekipi i\u00a0pionier\u00ebve u kuror\u00ebzua\u00a0me medalje t\u00eb\" \/>\n<meta property=\"og:url\" content=\"https:\/\/www.visit-ulcinj.com\/blog\/2013\/01\/18\/faruk-hasanaga-kampion-i-malit-te-zi-foto\/\" \/>\n<meta property=\"og:site_name\" content=\"Lajme nga Ulqini\" \/>\n<meta property=\"article:published_time\" content=\"2013-01-18T05:38:54+00:00\" \/>\n<meta property=\"article:modified_time\" content=\"2013-01-18T19:33:37+00:00\" \/>\n<meta property=\"og:image\" content=\"https:\/\/www.visit-ulcinj.com\/blog\/wp-content\/uploads\/2013\/01\/Faruk-Hasanaga-ne-kampionin-e-Malit-te-Zi.8-150x150.jpg\" \/>\n<meta name=\"twitter:label1\" content=\"Written by\" \/>\n\t<meta name=\"twitter:data1\" content=\"ulqini\" \/>\n\t<meta name=\"twitter:label2\" content=\"Est. reading time\" \/>\n\t<meta name=\"twitter:data2\" content=\"1 minute\" \/>\n<script type=\"application\/ld+json\" class=\"yoast-schema-graph\">{\"@context\":\"https:\/\/schema.org\",\"@graph\":[{\"@type\":\"WebSite\",\"@id\":\"https:\/\/www.visit-ulcinj.com\/blog\/#website\",\"url\":\"https:\/\/www.visit-ulcinj.com\/blog\/\",\"name\":\"Lajme nga Ulqini\",\"description\":\"Lajme,Vijesti,Ulqini,Ulqin,Crna Gora,Mali i Zi\",\"potentialAction\":[{\"@type\":\"SearchAction\",\"target\":{\"@type\":\"EntryPoint\",\"urlTemplate\":\"https:\/\/www.visit-ulcinj.com\/blog\/?s={search_term_string}\"},\"query-input\":\"required name=search_term_string\"}],\"inLanguage\":\"en-US\"},{\"@type\":\"ImageObject\",\"inLanguage\":\"en-US\",\"@id\":\"https:\/\/www.visit-ulcinj.com\/blog\/2013\/01\/18\/faruk-hasanaga-kampion-i-malit-te-zi-foto\/#primaryimage\",\"url\":\"https:\/\/www.visit-ulcinj.com\/blog\/wp-content\/uploads\/2013\/01\/Faruk-Hasanaga-Kampion.jpg\",\"contentUrl\":\"https:\/\/www.visit-ulcinj.com\/blog\/wp-content\/uploads\/2013\/01\/Faruk-Hasanaga-Kampion.jpg\",\"width\":352,\"height\":340},{\"@type\":\"WebPage\",\"@id\":\"https:\/\/www.visit-ulcinj.com\/blog\/2013\/01\/18\/faruk-hasanaga-kampion-i-malit-te-zi-foto\/#webpage\",\"url\":\"https:\/\/www.visit-ulcinj.com\/blog\/2013\/01\/18\/faruk-hasanaga-kampion-i-malit-te-zi-foto\/\",\"name\":\"Faruk Hasanaga kampion i Malit t\u00eb Zi + Foto - Lajme nga Ulqini\",\"isPartOf\":{\"@id\":\"https:\/\/www.visit-ulcinj.com\/blog\/#website\"},\"primaryImageOfPage\":{\"@id\":\"https:\/\/www.visit-ulcinj.com\/blog\/2013\/01\/18\/faruk-hasanaga-kampion-i-malit-te-zi-foto\/#primaryimage\"},\"datePublished\":\"2013-01-18T05:38:54+00:00\",\"dateModified\":\"2013-01-18T19:33:37+00:00\",\"author\":{\"@id\":\"https:\/\/www.visit-ulcinj.com\/blog\/#\/schema\/person\/dcab619c614d3038751c63bc2aadc06d\"},\"description\":\"N\u00eb disiplin\u00ebn e luftrave,\u00a0medalje t\u00eb bronzta fituan\u00a0Katarina Kujunxhiq dhe\u00a0Tamara Kuzman.\u00a0Nd\u00ebrkaq n\u00eb kata, ekipi i\u00a0pionier\u00ebve u kuror\u00ebzua\u00a0me medalje t\u00eb\",\"breadcrumb\":{\"@id\":\"https:\/\/www.visit-ulcinj.com\/blog\/2013\/01\/18\/faruk-hasanaga-kampion-i-malit-te-zi-foto\/#breadcrumb\"},\"inLanguage\":\"en-US\",\"potentialAction\":[{\"@type\":\"ReadAction\",\"target\":[\"https:\/\/www.visit-ulcinj.com\/blog\/2013\/01\/18\/faruk-hasanaga-kampion-i-malit-te-zi-foto\/\"]}]},{\"@type\":\"BreadcrumbList\",\"@id\":\"https:\/\/www.visit-ulcinj.com\/blog\/2013\/01\/18\/faruk-hasanaga-kampion-i-malit-te-zi-foto\/#breadcrumb\",\"itemListElement\":[{\"@type\":\"ListItem\",\"position\":1,\"name\":\"Faruk Hasanaga kampion i Malit t\u00eb Zi + Foto\"}]},{\"@type\":\"Person\",\"@id\":\"https:\/\/www.visit-ulcinj.com\/blog\/#\/schema\/person\/dcab619c614d3038751c63bc2aadc06d\",\"name\":\"ulqini\",\"sameAs\":[\"http:\/\/www.visit-ulcinj.com\"],\"url\":\"https:\/\/www.visit-ulcinj.com\/blog\/author\/admin\/\"}]}<\/script>\n<!-- \/ Yoast SEO plugin. -->","yoast_head_json":{"title":"Faruk Hasanaga kampion i Malit t\u00eb Zi + Foto - Lajme nga Ulqini","description":"N\u00eb disiplin\u00ebn e luftrave,\u00a0medalje t\u00eb bronzta fituan\u00a0Katarina Kujunxhiq dhe\u00a0Tamara Kuzman.\u00a0Nd\u00ebrkaq n\u00eb kata, ekipi i\u00a0pionier\u00ebve u kuror\u00ebzua\u00a0me medalje t\u00eb","robots":{"index":"index","follow":"follow","max-snippet":"max-snippet:-1","max-image-preview":"max-image-preview:large","max-video-preview":"max-video-preview:-1"},"canonical":"https:\/\/www.visit-ulcinj.com\/blog\/2013\/01\/18\/faruk-hasanaga-kampion-i-malit-te-zi-foto\/","og_locale":"en_US","og_type":"article","og_title":"Faruk Hasanaga kampion i Malit t\u00eb Zi + Foto - Lajme nga Ulqini","og_description":"N\u00eb disiplin\u00ebn e luftrave,\u00a0medalje t\u00eb bronzta fituan\u00a0Katarina Kujunxhiq dhe\u00a0Tamara Kuzman.\u00a0Nd\u00ebrkaq n\u00eb kata, ekipi i\u00a0pionier\u00ebve u kuror\u00ebzua\u00a0me medalje t\u00eb","og_url":"https:\/\/www.visit-ulcinj.com\/blog\/2013\/01\/18\/faruk-hasanaga-kampion-i-malit-te-zi-foto\/","og_site_name":"Lajme nga Ulqini","article_published_time":"2013-01-18T05:38:54+00:00","article_modified_time":"2013-01-18T19:33:37+00:00","og_image":[{"url":"https:\/\/www.visit-ulcinj.com\/blog\/wp-content\/uploads\/2013\/01\/Faruk-Hasanaga-ne-kampionin-e-Malit-te-Zi.8-150x150.jpg"}],"twitter_misc":{"Written by":"ulqini","Est. reading time":"1 minute"},"schema":{"@context":"https:\/\/schema.org","@graph":[{"@type":"WebSite","@id":"https:\/\/www.visit-ulcinj.com\/blog\/#website","url":"https:\/\/www.visit-ulcinj.com\/blog\/","name":"Lajme nga Ulqini","description":"Lajme,Vijesti,Ulqini,Ulqin,Crna Gora,Mali i Zi","potentialAction":[{"@type":"SearchAction","target":{"@type":"EntryPoint","urlTemplate":"https:\/\/www.visit-ulcinj.com\/blog\/?s={search_term_string}"},"query-input":"required name=search_term_string"}],"inLanguage":"en-US"},{"@type":"ImageObject","inLanguage":"en-US","@id":"https:\/\/www.visit-ulcinj.com\/blog\/2013\/01\/18\/faruk-hasanaga-kampion-i-malit-te-zi-foto\/#primaryimage","url":"https:\/\/www.visit-ulcinj.com\/blog\/wp-content\/uploads\/2013\/01\/Faruk-Hasanaga-Kampion.jpg","contentUrl":"https:\/\/www.visit-ulcinj.com\/blog\/wp-content\/uploads\/2013\/01\/Faruk-Hasanaga-Kampion.jpg","width":352,"height":340},{"@type":"WebPage","@id":"https:\/\/www.visit-ulcinj.com\/blog\/2013\/01\/18\/faruk-hasanaga-kampion-i-malit-te-zi-foto\/#webpage","url":"https:\/\/www.visit-ulcinj.com\/blog\/2013\/01\/18\/faruk-hasanaga-kampion-i-malit-te-zi-foto\/","name":"Faruk Hasanaga kampion i Malit t\u00eb Zi + Foto - Lajme nga Ulqini","isPartOf":{"@id":"https:\/\/www.visit-ulcinj.com\/blog\/#website"},"primaryImageOfPage":{"@id":"https:\/\/www.visit-ulcinj.com\/blog\/2013\/01\/18\/faruk-hasanaga-kampion-i-malit-te-zi-foto\/#primaryimage"},"datePublished":"2013-01-18T05:38:54+00:00","dateModified":"2013-01-18T19:33:37+00:00","author":{"@id":"https:\/\/www.visit-ulcinj.com\/blog\/#\/schema\/person\/dcab619c614d3038751c63bc2aadc06d"},"description":"N\u00eb disiplin\u00ebn e luftrave,\u00a0medalje t\u00eb bronzta fituan\u00a0Katarina Kujunxhiq dhe\u00a0Tamara Kuzman.\u00a0Nd\u00ebrkaq n\u00eb kata, ekipi i\u00a0pionier\u00ebve u kuror\u00ebzua\u00a0me medalje t\u00eb","breadcrumb":{"@id":"https:\/\/www.visit-ulcinj.com\/blog\/2013\/01\/18\/faruk-hasanaga-kampion-i-malit-te-zi-foto\/#breadcrumb"},"inLanguage":"en-US","potentialAction":[{"@type":"ReadAction","target":["https:\/\/www.visit-ulcinj.com\/blog\/2013\/01\/18\/faruk-hasanaga-kampion-i-malit-te-zi-foto\/"]}]},{"@type":"BreadcrumbList","@id":"https:\/\/www.visit-ulcinj.com\/blog\/2013\/01\/18\/faruk-hasanaga-kampion-i-malit-te-zi-foto\/#breadcrumb","itemListElement":[{"@type":"ListItem","position":1,"name":"Faruk Hasanaga kampion i Malit t\u00eb Zi + Foto"}]},{"@type":"Person","@id":"https:\/\/www.visit-ulcinj.com\/blog\/#\/schema\/person\/dcab619c614d3038751c63bc2aadc06d","name":"ulqini","sameAs":["http:\/\/www.visit-ulcinj.com"],"url":"https:\/\/www.visit-ulcinj.com\/blog\/author\/admin\/"}]}},"jetpack_featured_media_url":"","jetpack_sharing_enabled":true,"jetpack_shortlink":"https:\/\/wp.me\/pe6lTn-hBI","_links":{"self":[{"href":"https:\/\/www.visit-ulcinj.com\/blog\/wp-json\/wp\/v2\/posts\/67686"}],"collection":[{"href":"https:\/\/www.visit-ulcinj.com\/blog\/wp-json\/wp\/v2\/posts"}],"about":[{"href":"https:\/\/www.visit-ulcinj.com\/blog\/wp-json\/wp\/v2\/types\/post"}],"author":[{"embeddable":true,"href":"https:\/\/www.visit-ulcinj.com\/blog\/wp-json\/wp\/v2\/users\/1"}],"replies":[{"embeddable":true,"href":"https:\/\/www.visit-ulcinj.com\/blog\/wp-json\/wp\/v2\/comments?post=67686"}],"version-history":[{"count":3,"href":"https:\/\/www.visit-ulcinj.com\/blog\/wp-json\/wp\/v2\/posts\/67686\/revisions"}],"predecessor-version":[{"id":67698,"href":"https:\/\/www.visit-ulcinj.com\/blog\/wp-json\/wp\/v2\/posts\/67686\/revisions\/67698"}],"wp:attachment":[{"href":"https:\/\/www.visit-ulcinj.com\/blog\/wp-json\/wp\/v2\/media?parent=67686"}],"wp:term":[{"taxonomy":"category","embeddable":true,"href":"https:\/\/www.visit-ulcinj.com\/blog\/wp-json\/wp\/v2\/categories?post=67686"},{"taxonomy":"post_tag","embeddable":true,"href":"https:\/\/www.visit-ulcinj.com\/blog\/wp-json\/wp\/v2\/tags?post=67686"}],"curies":[{"name":"wp","href":"https:\/\/api.w.org\/{rel}","templated":true}]}}