{"id":67699,"date":"2013-01-18T06:55:19","date_gmt":"2013-01-18T05:55:19","guid":{"rendered":"http:\/\/www.visit-ulcinj.com\/blog\/?p=67699"},"modified":"2013-01-18T06:55:19","modified_gmt":"2013-01-18T05:55:19","slug":"sukses-i-nikolla-hotit-dhe-tomazino-kacinarit","status":"publish","type":"post","link":"https:\/\/www.visit-ulcinj.com\/blog\/2013\/01\/18\/sukses-i-nikolla-hotit-dhe-tomazino-kacinarit\/","title":{"rendered":"Sukses i Nikolla Hotit dhe Tomazino Ka\u00e7inarit"},"content":{"rendered":"<p><a href=\"http:\/\/www.visit-ulcinj.com\/blog\/wp-content\/uploads\/2013\/01\/Nikolla-Hoti-u-shpall-kampion-_Klubi-karates-Albulena.jpg\"><img loading=\"lazy\" class=\"alignleft  wp-image-67700\" alt=\"Nikolla Hoti u shpall kampion _Klubi karates Albulena\" src=\"http:\/\/www.visit-ulcinj.com\/blog\/wp-content\/uploads\/2013\/01\/Nikolla-Hoti-u-shpall-kampion-_Klubi-karates-Albulena.jpg\" width=\"508\" height=\"360\" \/><\/a>Karateisti i KK \u201cAlbulena\u201d,Nikolla Hoti, u shpall kampion n\u00eb kategorin\u00eb -78 kg, n\u00eb Kampionatin e 13-t\u00eb Mbar\u00ebkomb\u00ebtar n\u00eb Karate, t\u00eb mbajtur n\u00eb Tiran\u00eb.<br \/>\nNj\u00eb sukses tjet\u00ebr p\u00ebrklubin \u201cAlbulena\u201d arriti Tomazino Ka\u00e7inari, i cili n\u00eb Turneun e kick-box-it \u201cCetinje Open\u201d u shpall kampion n\u00eb disiplin\u00ebn low<br \/>\nkick, n\u00eb kategorin\u00eb -75 kg.<\/p>\n<p><strong>Kohapress<\/p>\n<p><a href=\"http:\/\/www.visit-ulcinj.com\/blog\/wp-content\/uploads\/2013\/01\/Nikolla-Hoti-u-shpall-kampion-_Klubi-karates-Albulena.1.jpg\"><img loading=\"lazy\" class=\"alignleft  wp-image-67701\" alt=\"Nikolla Hoti u shpall kampion _Klubi karates Albulena.1\" src=\"http:\/\/www.visit-ulcinj.com\/blog\/wp-content\/uploads\/2013\/01\/Nikolla-Hoti-u-shpall-kampion-_Klubi-karates-Albulena.1.jpg\" width=\"508\" height=\"600\" \/><\/a><\/strong><\/p>\n","protected":false},"excerpt":{"rendered":"<p>Karateisti i KK \u201cAlbulena\u201d,Nikolla Hoti, u shpall kampion n\u00eb kategorin\u00eb -78 kg, n\u00eb Kampionatin e 13-t\u00eb Mbar\u00ebkomb\u00ebtar n\u00eb Karate, t\u00eb mbajtur n\u00eb Tiran\u00eb. Nj\u00eb sukses tjet\u00ebr p\u00ebrklubin \u201cAlbulena\u201d arriti Tomazino Ka\u00e7inari, i cili n\u00eb Turneun e kick-box-it \u201cCetinje Open\u201d u shpall kampion n\u00eb disiplin\u00ebn low kick, n\u00eb kategorin\u00eb -75 kg. Kohapress<\/p>\n","protected":false},"author":1,"featured_media":0,"comment_status":"open","ping_status":"closed","sticky":false,"template":"","format":"standard","meta":{"spay_email":"","jetpack_publicize_message":"","jetpack_is_tweetstorm":false,"jetpack_publicize_feature_enabled":true},"categories":[6950],"tags":[179,21694,21695,19,200,18],"jetpack_publicize_connections":[],"yoast_head":"<!-- This site is optimized with the Yoast SEO plugin v19.1 - https:\/\/yoast.com\/wordpress\/plugins\/seo\/ -->\n<title>Sukses i Nikolla Hotit dhe Tomazino Ka\u00e7inarit - Lajme nga Ulqini<\/title>\n<meta name=\"description\" content=\"Karateisti i KK \u201cAlbulena\u201d,Nikolla Hoti, u shpall kampion n\u00eb kategorin\u00eb -78 kg, n\u00eb Kampionatin e 13-t\u00eb Mbar\u00ebkomb\u00ebtar n\u00eb Karate, t\u00eb mbajtur n\u00eb Tiran\u00eb. Nj\u00eb\" \/>\n<meta name=\"robots\" content=\"index, follow, max-snippet:-1, max-image-preview:large, max-video-preview:-1\" \/>\n<link rel=\"canonical\" href=\"https:\/\/www.visit-ulcinj.com\/blog\/2013\/01\/18\/sukses-i-nikolla-hotit-dhe-tomazino-kacinarit\/\" \/>\n<meta property=\"og:locale\" content=\"en_US\" \/>\n<meta property=\"og:type\" content=\"article\" \/>\n<meta property=\"og:title\" content=\"Sukses i Nikolla Hotit dhe Tomazino Ka\u00e7inarit - Lajme nga Ulqini\" \/>\n<meta property=\"og:description\" content=\"Karateisti i KK \u201cAlbulena\u201d,Nikolla Hoti, u shpall kampion n\u00eb kategorin\u00eb -78 kg, n\u00eb Kampionatin e 13-t\u00eb Mbar\u00ebkomb\u00ebtar n\u00eb Karate, t\u00eb mbajtur n\u00eb Tiran\u00eb. Nj\u00eb\" \/>\n<meta property=\"og:url\" content=\"https:\/\/www.visit-ulcinj.com\/blog\/2013\/01\/18\/sukses-i-nikolla-hotit-dhe-tomazino-kacinarit\/\" \/>\n<meta property=\"og:site_name\" content=\"Lajme nga Ulqini\" \/>\n<meta property=\"article:published_time\" content=\"2013-01-18T05:55:19+00:00\" \/>\n<meta property=\"og:image\" content=\"http:\/\/www.visit-ulcinj.com\/blog\/wp-content\/uploads\/2013\/01\/Nikolla-Hoti-u-shpall-kampion-_Klubi-karates-Albulena.jpg\" \/>\n<meta name=\"twitter:label1\" content=\"Written by\" \/>\n\t<meta name=\"twitter:data1\" content=\"ulqini\" \/>\n<script type=\"application\/ld+json\" class=\"yoast-schema-graph\">{\"@context\":\"https:\/\/schema.org\",\"@graph\":[{\"@type\":\"WebSite\",\"@id\":\"https:\/\/www.visit-ulcinj.com\/blog\/#website\",\"url\":\"https:\/\/www.visit-ulcinj.com\/blog\/\",\"name\":\"Lajme nga Ulqini\",\"description\":\"Lajme,Vijesti,Ulqini,Ulqin,Crna Gora,Mali i Zi\",\"potentialAction\":[{\"@type\":\"SearchAction\",\"target\":{\"@type\":\"EntryPoint\",\"urlTemplate\":\"https:\/\/www.visit-ulcinj.com\/blog\/?s={search_term_string}\"},\"query-input\":\"required name=search_term_string\"}],\"inLanguage\":\"en-US\"},{\"@type\":\"ImageObject\",\"inLanguage\":\"en-US\",\"@id\":\"https:\/\/www.visit-ulcinj.com\/blog\/2013\/01\/18\/sukses-i-nikolla-hotit-dhe-tomazino-kacinarit\/#primaryimage\",\"url\":\"https:\/\/www.visit-ulcinj.com\/blog\/wp-content\/uploads\/2013\/01\/Nikolla-Hoti-u-shpall-kampion-_Klubi-karates-Albulena.jpg\",\"contentUrl\":\"https:\/\/www.visit-ulcinj.com\/blog\/wp-content\/uploads\/2013\/01\/Nikolla-Hoti-u-shpall-kampion-_Klubi-karates-Albulena.jpg\",\"width\":960,\"height\":720},{\"@type\":\"WebPage\",\"@id\":\"https:\/\/www.visit-ulcinj.com\/blog\/2013\/01\/18\/sukses-i-nikolla-hotit-dhe-tomazino-kacinarit\/#webpage\",\"url\":\"https:\/\/www.visit-ulcinj.com\/blog\/2013\/01\/18\/sukses-i-nikolla-hotit-dhe-tomazino-kacinarit\/\",\"name\":\"Sukses i Nikolla Hotit dhe Tomazino Ka\u00e7inarit - Lajme nga Ulqini\",\"isPartOf\":{\"@id\":\"https:\/\/www.visit-ulcinj.com\/blog\/#website\"},\"primaryImageOfPage\":{\"@id\":\"https:\/\/www.visit-ulcinj.com\/blog\/2013\/01\/18\/sukses-i-nikolla-hotit-dhe-tomazino-kacinarit\/#primaryimage\"},\"datePublished\":\"2013-01-18T05:55:19+00:00\",\"dateModified\":\"2013-01-18T05:55:19+00:00\",\"author\":{\"@id\":\"https:\/\/www.visit-ulcinj.com\/blog\/#\/schema\/person\/dcab619c614d3038751c63bc2aadc06d\"},\"description\":\"Karateisti i KK \u201cAlbulena\u201d,Nikolla Hoti, u shpall kampion n\u00eb kategorin\u00eb -78 kg, n\u00eb Kampionatin e 13-t\u00eb Mbar\u00ebkomb\u00ebtar n\u00eb Karate, t\u00eb mbajtur n\u00eb Tiran\u00eb. Nj\u00eb\",\"breadcrumb\":{\"@id\":\"https:\/\/www.visit-ulcinj.com\/blog\/2013\/01\/18\/sukses-i-nikolla-hotit-dhe-tomazino-kacinarit\/#breadcrumb\"},\"inLanguage\":\"en-US\",\"potentialAction\":[{\"@type\":\"ReadAction\",\"target\":[\"https:\/\/www.visit-ulcinj.com\/blog\/2013\/01\/18\/sukses-i-nikolla-hotit-dhe-tomazino-kacinarit\/\"]}]},{\"@type\":\"BreadcrumbList\",\"@id\":\"https:\/\/www.visit-ulcinj.com\/blog\/2013\/01\/18\/sukses-i-nikolla-hotit-dhe-tomazino-kacinarit\/#breadcrumb\",\"itemListElement\":[{\"@type\":\"ListItem\",\"position\":1,\"name\":\"Sukses i Nikolla Hotit dhe Tomazino Ka\u00e7inarit\"}]},{\"@type\":\"Person\",\"@id\":\"https:\/\/www.visit-ulcinj.com\/blog\/#\/schema\/person\/dcab619c614d3038751c63bc2aadc06d\",\"name\":\"ulqini\",\"sameAs\":[\"http:\/\/www.visit-ulcinj.com\"],\"url\":\"https:\/\/www.visit-ulcinj.com\/blog\/author\/admin\/\"}]}<\/script>\n<!-- \/ Yoast SEO plugin. -->","yoast_head_json":{"title":"Sukses i Nikolla Hotit dhe Tomazino Ka\u00e7inarit - Lajme nga Ulqini","description":"Karateisti i KK \u201cAlbulena\u201d,Nikolla Hoti, u shpall kampion n\u00eb kategorin\u00eb -78 kg, n\u00eb Kampionatin e 13-t\u00eb Mbar\u00ebkomb\u00ebtar n\u00eb Karate, t\u00eb mbajtur n\u00eb Tiran\u00eb. Nj\u00eb","robots":{"index":"index","follow":"follow","max-snippet":"max-snippet:-1","max-image-preview":"max-image-preview:large","max-video-preview":"max-video-preview:-1"},"canonical":"https:\/\/www.visit-ulcinj.com\/blog\/2013\/01\/18\/sukses-i-nikolla-hotit-dhe-tomazino-kacinarit\/","og_locale":"en_US","og_type":"article","og_title":"Sukses i Nikolla Hotit dhe Tomazino Ka\u00e7inarit - Lajme nga Ulqini","og_description":"Karateisti i KK \u201cAlbulena\u201d,Nikolla Hoti, u shpall kampion n\u00eb kategorin\u00eb -78 kg, n\u00eb Kampionatin e 13-t\u00eb Mbar\u00ebkomb\u00ebtar n\u00eb Karate, t\u00eb mbajtur n\u00eb Tiran\u00eb. Nj\u00eb","og_url":"https:\/\/www.visit-ulcinj.com\/blog\/2013\/01\/18\/sukses-i-nikolla-hotit-dhe-tomazino-kacinarit\/","og_site_name":"Lajme nga Ulqini","article_published_time":"2013-01-18T05:55:19+00:00","og_image":[{"url":"http:\/\/www.visit-ulcinj.com\/blog\/wp-content\/uploads\/2013\/01\/Nikolla-Hoti-u-shpall-kampion-_Klubi-karates-Albulena.jpg"}],"twitter_misc":{"Written by":"ulqini"},"schema":{"@context":"https:\/\/schema.org","@graph":[{"@type":"WebSite","@id":"https:\/\/www.visit-ulcinj.com\/blog\/#website","url":"https:\/\/www.visit-ulcinj.com\/blog\/","name":"Lajme nga Ulqini","description":"Lajme,Vijesti,Ulqini,Ulqin,Crna Gora,Mali i Zi","potentialAction":[{"@type":"SearchAction","target":{"@type":"EntryPoint","urlTemplate":"https:\/\/www.visit-ulcinj.com\/blog\/?s={search_term_string}"},"query-input":"required name=search_term_string"}],"inLanguage":"en-US"},{"@type":"ImageObject","inLanguage":"en-US","@id":"https:\/\/www.visit-ulcinj.com\/blog\/2013\/01\/18\/sukses-i-nikolla-hotit-dhe-tomazino-kacinarit\/#primaryimage","url":"https:\/\/www.visit-ulcinj.com\/blog\/wp-content\/uploads\/2013\/01\/Nikolla-Hoti-u-shpall-kampion-_Klubi-karates-Albulena.jpg","contentUrl":"https:\/\/www.visit-ulcinj.com\/blog\/wp-content\/uploads\/2013\/01\/Nikolla-Hoti-u-shpall-kampion-_Klubi-karates-Albulena.jpg","width":960,"height":720},{"@type":"WebPage","@id":"https:\/\/www.visit-ulcinj.com\/blog\/2013\/01\/18\/sukses-i-nikolla-hotit-dhe-tomazino-kacinarit\/#webpage","url":"https:\/\/www.visit-ulcinj.com\/blog\/2013\/01\/18\/sukses-i-nikolla-hotit-dhe-tomazino-kacinarit\/","name":"Sukses i Nikolla Hotit dhe Tomazino Ka\u00e7inarit - Lajme nga Ulqini","isPartOf":{"@id":"https:\/\/www.visit-ulcinj.com\/blog\/#website"},"primaryImageOfPage":{"@id":"https:\/\/www.visit-ulcinj.com\/blog\/2013\/01\/18\/sukses-i-nikolla-hotit-dhe-tomazino-kacinarit\/#primaryimage"},"datePublished":"2013-01-18T05:55:19+00:00","dateModified":"2013-01-18T05:55:19+00:00","author":{"@id":"https:\/\/www.visit-ulcinj.com\/blog\/#\/schema\/person\/dcab619c614d3038751c63bc2aadc06d"},"description":"Karateisti i KK \u201cAlbulena\u201d,Nikolla Hoti, u shpall kampion n\u00eb kategorin\u00eb -78 kg, n\u00eb Kampionatin e 13-t\u00eb Mbar\u00ebkomb\u00ebtar n\u00eb Karate, t\u00eb mbajtur n\u00eb Tiran\u00eb. Nj\u00eb","breadcrumb":{"@id":"https:\/\/www.visit-ulcinj.com\/blog\/2013\/01\/18\/sukses-i-nikolla-hotit-dhe-tomazino-kacinarit\/#breadcrumb"},"inLanguage":"en-US","potentialAction":[{"@type":"ReadAction","target":["https:\/\/www.visit-ulcinj.com\/blog\/2013\/01\/18\/sukses-i-nikolla-hotit-dhe-tomazino-kacinarit\/"]}]},{"@type":"BreadcrumbList","@id":"https:\/\/www.visit-ulcinj.com\/blog\/2013\/01\/18\/sukses-i-nikolla-hotit-dhe-tomazino-kacinarit\/#breadcrumb","itemListElement":[{"@type":"ListItem","position":1,"name":"Sukses i Nikolla Hotit dhe Tomazino Ka\u00e7inarit"}]},{"@type":"Person","@id":"https:\/\/www.visit-ulcinj.com\/blog\/#\/schema\/person\/dcab619c614d3038751c63bc2aadc06d","name":"ulqini","sameAs":["http:\/\/www.visit-ulcinj.com"],"url":"https:\/\/www.visit-ulcinj.com\/blog\/author\/admin\/"}]}},"jetpack_featured_media_url":"","jetpack_sharing_enabled":true,"jetpack_shortlink":"https:\/\/wp.me\/pe6lTn-hBV","_links":{"self":[{"href":"https:\/\/www.visit-ulcinj.com\/blog\/wp-json\/wp\/v2\/posts\/67699"}],"collection":[{"href":"https:\/\/www.visit-ulcinj.com\/blog\/wp-json\/wp\/v2\/posts"}],"about":[{"href":"https:\/\/www.visit-ulcinj.com\/blog\/wp-json\/wp\/v2\/types\/post"}],"author":[{"embeddable":true,"href":"https:\/\/www.visit-ulcinj.com\/blog\/wp-json\/wp\/v2\/users\/1"}],"replies":[{"embeddable":true,"href":"https:\/\/www.visit-ulcinj.com\/blog\/wp-json\/wp\/v2\/comments?post=67699"}],"version-history":[{"count":1,"href":"https:\/\/www.visit-ulcinj.com\/blog\/wp-json\/wp\/v2\/posts\/67699\/revisions"}],"predecessor-version":[{"id":67702,"href":"https:\/\/www.visit-ulcinj.com\/blog\/wp-json\/wp\/v2\/posts\/67699\/revisions\/67702"}],"wp:attachment":[{"href":"https:\/\/www.visit-ulcinj.com\/blog\/wp-json\/wp\/v2\/media?parent=67699"}],"wp:term":[{"taxonomy":"category","embeddable":true,"href":"https:\/\/www.visit-ulcinj.com\/blog\/wp-json\/wp\/v2\/categories?post=67699"},{"taxonomy":"post_tag","embeddable":true,"href":"https:\/\/www.visit-ulcinj.com\/blog\/wp-json\/wp\/v2\/tags?post=67699"}],"curies":[{"name":"wp","href":"https:\/\/api.w.org\/{rel}","templated":true}]}}