{"id":677,"date":"2008-02-27T14:19:15","date_gmt":"2008-02-27T19:19:15","guid":{"rendered":"http:\/\/www.visit-ulcinj.com\/blog\/2008\/02\/27\/ulcinjska-solana-plasirala-na-trziste-nova-pakovanja-soli\/"},"modified":"2008-02-27T14:19:38","modified_gmt":"2008-02-27T19:19:38","slug":"ulcinjska-solana-plasirala-na-trziste-nova-pakovanja-soli","status":"publish","type":"post","link":"https:\/\/www.visit-ulcinj.com\/blog\/2008\/02\/27\/ulcinjska-solana-plasirala-na-trziste-nova-pakovanja-soli\/","title":{"rendered":"Ulcinjska Solana plasirala na tr\u017ei\u0161te nova pakovanja soli"},"content":{"rendered":"<p><strong><a rel=\"lightbox[pics677]\" href=\"http:\/\/www.visit-ulcinj.com\/blog\/wp-content\/uploads\/2008\/02\/solana.jpg\" title=\"solana bajo sekulic\"><\/a><img loading=\"lazy\" border=\"0\" align=\"left\" width=\"200\" src=\"http:\/\/www.visit-ulcinj.com\/blog\/wp-content\/uploads\/2008\/02\/solana.thumbnail.jpg\" alt=\"solana bajo sekulic\" height=\"133\" \/>Proizvod za svjetske trpeze<\/strong><\/p>\n<p>ULCINJ &#8211; AD Solana \u201eBajo Sekuli?\u201c u ste?aju plasirala je na tr\u017ei\u0161te nova pakovanja soli, s novim logom \u201eProizvod ljubavi, sunca i mora \u201c. Iako pod ste?ajem, u preduze?u se de\u0161avaju krupne promjene i ulaganja.Direktorka Solane Jelena Aleksi? kazala je za Republiku da je u posljednje tri godine mnogo toga u?injeno, ali da jo\u0161 nijesu zadovoljni.Iza nas je te\u017eak period, a pred nama je fini\u0161 koji ?e obilje\u017eiti povratak ulcinjske Solane kao poznatog brenda i tek tada ?emo biti zadovoljni. Ura?eno je 80 odsto posla, a sada slijedi ona posljednja nota &#8211; kazala je Aleksi?.Pogon finalizacije je kompletno obnovljen.<\/p>\n<p>Dobili smo proizvod kojeg se ne?emo zastidjeti ni na evropskim trpezama, a pored postignutog kvaliteta, imamo i novu ambala\u017eu i novi logo, koji oslikava Ulcinj kao mediteranski grad i na\u0161 proizvod kao produkt ljubavi, mora, sunca i vjetra &#8211; navodi Aleksi?.Ulcinjska Solana osnovana je 1934. godine, a tako dugom tradicijom u poslovanju, kako je kazala direktorka, mo\u017ee da se pohvali malo koja firma.Plasirali smo tr\u017ei\u0161tu i novi proizvod &#8211; nerafinisanu so, koju pakujemo u vre?ice od kilogram i po. Potra\u017enja za ovim proizvodom je velika, i ne samo kod nas, ve? i u zemljama iz okru\u017eenja. Poznato je da neprera?ena so ima ljekovito dejstvo, te je ljudi koriste u razne svrhe &#8211; od lije?enja reume do inhalacije sinusa &#8211; istakla je Aleksi?.U sektoru kilskog pakovanja jo\u0161 so pakuju ru?no. Aleksi? napominje da predstoji rekonstrukcija pakirnica.<\/p>\n<p>Naru?ene su pakirnice za pogon finalizacije i sti?i ?e za mjesec i po do dva. Namjerno nijesmo ranije naru?ili pakirnice, jer smo htjeli da ispitamo tr\u017ei\u0161te kako bi vidjeli koja ?e to ambala\u017ea zadovoljiti na\u0161eg kupca. Sada smo s tim na?isto, nova pakovanja su pun pogodak, a pakirnice ?e se uskoro na?i u na\u0161im halama &#8211; kazala je Aleksi?.Takve ma\u0161ine, pojasnila je ona, rade se isklju?ivo po narud\u017ebi, pa se na njih ?eka neko vrijeme.Kada stignu pakirnice pogon ?e funkcionisati automatski, a dnevna proizvodnja bi?e daleko ve?a nego danas.Bolje je da stvari radimo temeljno i kvalitetno, nego da tr?imo s projektima. Skup\u0161tinu na kojoj ?e biti rije?i o dokapitalizaciji imamo 28. februara i treba osmisliti kako najkvalitetnije ulo\u017eeni novac iskoristiti. Iz tog razloga je i tehni?ki direktor Dragi\u0161a Rosandi? tra\u017eio du\u017ei period za usagla\u0161avanje s eminentnim stru?njacima kako se ne bi dogodili proma\u0161aji, kakvi je bilo ranijih godina &#8211; istakla je Aleksi?.Ono \u0161to slijedi, kako je kazala, je i rekonstrukcija bazena, terena, kao i nabavka novog samohodnog transportera sa samokuplja?icama.<\/p>\n<p>Turizam kao alternativna djelatnost<\/p>\n<p>U saradnji sa Sekretarijatom za privredu Solana ?e otvoriti vrata i turistima. Aleksi? navodi da ?e pokazati turisti?oj privredi Ulcinja da Solana mo\u017ee i treba da u?e u turisti?ku ponudu grada. &#8211; Odr\u017ea?emo sastanak s turisti?kom organizacijom i hotelima i ponuditi im Solanu za organizovanje jednodnevnih izleta turistima, koji bi imali ovdje \u0161to da vide &#8211; kazala je Aleksi?, dodav\u0161i da postoji mogu?nost otvaranja ribnjaka u saradnji s italijanskim partnerom. Ornitolozi su ve? prepoznali ovaj predio kao idealan za razvoj alternativnog turizma, a grupe stranaca u nekoliko navrata posje?ivale su Solanu.<\/p>\n<p>S. Gani?<\/p>\n<p>www.republika.cg.yu<\/p>\n","protected":false},"excerpt":{"rendered":"<p>><img loading=\"lazy\" border=\"0\" align=\"left\" width=\"140\" src=\"http:\/\/www.visit-ulcinj.com\/blog\/wp-content\/uploads\/2008\/02\/solana.thumbnail.jpg\" alt=\"solana bajo sekulic\" height=\"140\" \/><\/p>\n","protected":false},"author":1,"featured_media":0,"comment_status":"open","ping_status":"closed","sticky":false,"template":"","format":"standard","meta":{"spay_email":"","jetpack_publicize_message":"","jetpack_is_tweetstorm":false,"jetpack_publicize_feature_enabled":true},"categories":[10],"tags":[1971,1969,1861,1956,1970,19,1968],"jetpack_publicize_connections":[],"yoast_head":"<!-- This site is optimized with the Yoast SEO plugin v19.1 - https:\/\/yoast.com\/wordpress\/plugins\/seo\/ -->\n<title>Ulcinjska Solana plasirala na tr\u017ei\u0161te nova pakovanja soli - Lajme nga Ulqini<\/title>\n<meta name=\"description\" content=\"&gt;\" \/>\n<meta name=\"robots\" content=\"index, follow, max-snippet:-1, max-image-preview:large, max-video-preview:-1\" \/>\n<link rel=\"canonical\" href=\"https:\/\/www.visit-ulcinj.com\/blog\/2008\/02\/27\/ulcinjska-solana-plasirala-na-trziste-nova-pakovanja-soli\/\" \/>\n<meta property=\"og:locale\" content=\"en_US\" \/>\n<meta property=\"og:type\" content=\"article\" \/>\n<meta property=\"og:title\" content=\"Ulcinjska Solana plasirala na tr\u017ei\u0161te nova pakovanja soli - Lajme nga Ulqini\" \/>\n<meta property=\"og:description\" content=\"&gt;\" \/>\n<meta property=\"og:url\" content=\"https:\/\/www.visit-ulcinj.com\/blog\/2008\/02\/27\/ulcinjska-solana-plasirala-na-trziste-nova-pakovanja-soli\/\" \/>\n<meta property=\"og:site_name\" content=\"Lajme nga Ulqini\" \/>\n<meta property=\"article:published_time\" content=\"2008-02-27T19:19:15+00:00\" \/>\n<meta property=\"article:modified_time\" content=\"2008-02-27T19:19:38+00:00\" \/>\n<meta property=\"og:image\" content=\"http:\/\/www.visit-ulcinj.com\/blog\/wp-content\/uploads\/2008\/02\/solana.thumbnail.jpg\" \/>\n<meta name=\"twitter:label1\" content=\"Written by\" \/>\n\t<meta name=\"twitter:data1\" content=\"ulqini\" \/>\n\t<meta name=\"twitter:label2\" content=\"Est. reading time\" \/>\n\t<meta name=\"twitter:data2\" content=\"3 minutes\" \/>\n<script type=\"application\/ld+json\" class=\"yoast-schema-graph\">{\"@context\":\"https:\/\/schema.org\",\"@graph\":[{\"@type\":\"WebSite\",\"@id\":\"https:\/\/www.visit-ulcinj.com\/blog\/#website\",\"url\":\"https:\/\/www.visit-ulcinj.com\/blog\/\",\"name\":\"Lajme nga Ulqini\",\"description\":\"Lajme,Vijesti,Ulqini,Ulqin,Crna Gora,Mali i Zi\",\"potentialAction\":[{\"@type\":\"SearchAction\",\"target\":{\"@type\":\"EntryPoint\",\"urlTemplate\":\"https:\/\/www.visit-ulcinj.com\/blog\/?s={search_term_string}\"},\"query-input\":\"required name=search_term_string\"}],\"inLanguage\":\"en-US\"},{\"@type\":\"ImageObject\",\"inLanguage\":\"en-US\",\"@id\":\"https:\/\/www.visit-ulcinj.com\/blog\/2008\/02\/27\/ulcinjska-solana-plasirala-na-trziste-nova-pakovanja-soli\/#primaryimage\",\"url\":\"http:\/\/www.visit-ulcinj.com\/blog\/wp-content\/uploads\/2008\/02\/solana.thumbnail.jpg\",\"contentUrl\":\"http:\/\/www.visit-ulcinj.com\/blog\/wp-content\/uploads\/2008\/02\/solana.thumbnail.jpg\"},{\"@type\":\"WebPage\",\"@id\":\"https:\/\/www.visit-ulcinj.com\/blog\/2008\/02\/27\/ulcinjska-solana-plasirala-na-trziste-nova-pakovanja-soli\/#webpage\",\"url\":\"https:\/\/www.visit-ulcinj.com\/blog\/2008\/02\/27\/ulcinjska-solana-plasirala-na-trziste-nova-pakovanja-soli\/\",\"name\":\"Ulcinjska Solana plasirala na tr\u017ei\u0161te nova pakovanja soli - Lajme nga Ulqini\",\"isPartOf\":{\"@id\":\"https:\/\/www.visit-ulcinj.com\/blog\/#website\"},\"primaryImageOfPage\":{\"@id\":\"https:\/\/www.visit-ulcinj.com\/blog\/2008\/02\/27\/ulcinjska-solana-plasirala-na-trziste-nova-pakovanja-soli\/#primaryimage\"},\"datePublished\":\"2008-02-27T19:19:15+00:00\",\"dateModified\":\"2008-02-27T19:19:38+00:00\",\"author\":{\"@id\":\"https:\/\/www.visit-ulcinj.com\/blog\/#\/schema\/person\/dcab619c614d3038751c63bc2aadc06d\"},\"description\":\">\",\"breadcrumb\":{\"@id\":\"https:\/\/www.visit-ulcinj.com\/blog\/2008\/02\/27\/ulcinjska-solana-plasirala-na-trziste-nova-pakovanja-soli\/#breadcrumb\"},\"inLanguage\":\"en-US\",\"potentialAction\":[{\"@type\":\"ReadAction\",\"target\":[\"https:\/\/www.visit-ulcinj.com\/blog\/2008\/02\/27\/ulcinjska-solana-plasirala-na-trziste-nova-pakovanja-soli\/\"]}]},{\"@type\":\"BreadcrumbList\",\"@id\":\"https:\/\/www.visit-ulcinj.com\/blog\/2008\/02\/27\/ulcinjska-solana-plasirala-na-trziste-nova-pakovanja-soli\/#breadcrumb\",\"itemListElement\":[{\"@type\":\"ListItem\",\"position\":1,\"name\":\"Ulcinjska Solana plasirala na tr\u017ei\u0161te nova pakovanja soli\"}]},{\"@type\":\"Person\",\"@id\":\"https:\/\/www.visit-ulcinj.com\/blog\/#\/schema\/person\/dcab619c614d3038751c63bc2aadc06d\",\"name\":\"ulqini\",\"sameAs\":[\"http:\/\/www.visit-ulcinj.com\"],\"url\":\"https:\/\/www.visit-ulcinj.com\/blog\/author\/admin\/\"}]}<\/script>\n<!-- \/ Yoast SEO plugin. -->","yoast_head_json":{"title":"Ulcinjska Solana plasirala na tr\u017ei\u0161te nova pakovanja soli - Lajme nga Ulqini","description":">","robots":{"index":"index","follow":"follow","max-snippet":"max-snippet:-1","max-image-preview":"max-image-preview:large","max-video-preview":"max-video-preview:-1"},"canonical":"https:\/\/www.visit-ulcinj.com\/blog\/2008\/02\/27\/ulcinjska-solana-plasirala-na-trziste-nova-pakovanja-soli\/","og_locale":"en_US","og_type":"article","og_title":"Ulcinjska Solana plasirala na tr\u017ei\u0161te nova pakovanja soli - Lajme nga Ulqini","og_description":">","og_url":"https:\/\/www.visit-ulcinj.com\/blog\/2008\/02\/27\/ulcinjska-solana-plasirala-na-trziste-nova-pakovanja-soli\/","og_site_name":"Lajme nga Ulqini","article_published_time":"2008-02-27T19:19:15+00:00","article_modified_time":"2008-02-27T19:19:38+00:00","og_image":[{"url":"http:\/\/www.visit-ulcinj.com\/blog\/wp-content\/uploads\/2008\/02\/solana.thumbnail.jpg"}],"twitter_misc":{"Written by":"ulqini","Est. reading time":"3 minutes"},"schema":{"@context":"https:\/\/schema.org","@graph":[{"@type":"WebSite","@id":"https:\/\/www.visit-ulcinj.com\/blog\/#website","url":"https:\/\/www.visit-ulcinj.com\/blog\/","name":"Lajme nga Ulqini","description":"Lajme,Vijesti,Ulqini,Ulqin,Crna Gora,Mali i Zi","potentialAction":[{"@type":"SearchAction","target":{"@type":"EntryPoint","urlTemplate":"https:\/\/www.visit-ulcinj.com\/blog\/?s={search_term_string}"},"query-input":"required name=search_term_string"}],"inLanguage":"en-US"},{"@type":"ImageObject","inLanguage":"en-US","@id":"https:\/\/www.visit-ulcinj.com\/blog\/2008\/02\/27\/ulcinjska-solana-plasirala-na-trziste-nova-pakovanja-soli\/#primaryimage","url":"http:\/\/www.visit-ulcinj.com\/blog\/wp-content\/uploads\/2008\/02\/solana.thumbnail.jpg","contentUrl":"http:\/\/www.visit-ulcinj.com\/blog\/wp-content\/uploads\/2008\/02\/solana.thumbnail.jpg"},{"@type":"WebPage","@id":"https:\/\/www.visit-ulcinj.com\/blog\/2008\/02\/27\/ulcinjska-solana-plasirala-na-trziste-nova-pakovanja-soli\/#webpage","url":"https:\/\/www.visit-ulcinj.com\/blog\/2008\/02\/27\/ulcinjska-solana-plasirala-na-trziste-nova-pakovanja-soli\/","name":"Ulcinjska Solana plasirala na tr\u017ei\u0161te nova pakovanja soli - Lajme nga Ulqini","isPartOf":{"@id":"https:\/\/www.visit-ulcinj.com\/blog\/#website"},"primaryImageOfPage":{"@id":"https:\/\/www.visit-ulcinj.com\/blog\/2008\/02\/27\/ulcinjska-solana-plasirala-na-trziste-nova-pakovanja-soli\/#primaryimage"},"datePublished":"2008-02-27T19:19:15+00:00","dateModified":"2008-02-27T19:19:38+00:00","author":{"@id":"https:\/\/www.visit-ulcinj.com\/blog\/#\/schema\/person\/dcab619c614d3038751c63bc2aadc06d"},"description":">","breadcrumb":{"@id":"https:\/\/www.visit-ulcinj.com\/blog\/2008\/02\/27\/ulcinjska-solana-plasirala-na-trziste-nova-pakovanja-soli\/#breadcrumb"},"inLanguage":"en-US","potentialAction":[{"@type":"ReadAction","target":["https:\/\/www.visit-ulcinj.com\/blog\/2008\/02\/27\/ulcinjska-solana-plasirala-na-trziste-nova-pakovanja-soli\/"]}]},{"@type":"BreadcrumbList","@id":"https:\/\/www.visit-ulcinj.com\/blog\/2008\/02\/27\/ulcinjska-solana-plasirala-na-trziste-nova-pakovanja-soli\/#breadcrumb","itemListElement":[{"@type":"ListItem","position":1,"name":"Ulcinjska Solana plasirala na tr\u017ei\u0161te nova pakovanja soli"}]},{"@type":"Person","@id":"https:\/\/www.visit-ulcinj.com\/blog\/#\/schema\/person\/dcab619c614d3038751c63bc2aadc06d","name":"ulqini","sameAs":["http:\/\/www.visit-ulcinj.com"],"url":"https:\/\/www.visit-ulcinj.com\/blog\/author\/admin\/"}]}},"jetpack_featured_media_url":"","jetpack_sharing_enabled":true,"jetpack_shortlink":"https:\/\/wp.me\/pe6lTn-aV","_links":{"self":[{"href":"https:\/\/www.visit-ulcinj.com\/blog\/wp-json\/wp\/v2\/posts\/677"}],"collection":[{"href":"https:\/\/www.visit-ulcinj.com\/blog\/wp-json\/wp\/v2\/posts"}],"about":[{"href":"https:\/\/www.visit-ulcinj.com\/blog\/wp-json\/wp\/v2\/types\/post"}],"author":[{"embeddable":true,"href":"https:\/\/www.visit-ulcinj.com\/blog\/wp-json\/wp\/v2\/users\/1"}],"replies":[{"embeddable":true,"href":"https:\/\/www.visit-ulcinj.com\/blog\/wp-json\/wp\/v2\/comments?post=677"}],"version-history":[{"count":0,"href":"https:\/\/www.visit-ulcinj.com\/blog\/wp-json\/wp\/v2\/posts\/677\/revisions"}],"wp:attachment":[{"href":"https:\/\/www.visit-ulcinj.com\/blog\/wp-json\/wp\/v2\/media?parent=677"}],"wp:term":[{"taxonomy":"category","embeddable":true,"href":"https:\/\/www.visit-ulcinj.com\/blog\/wp-json\/wp\/v2\/categories?post=677"},{"taxonomy":"post_tag","embeddable":true,"href":"https:\/\/www.visit-ulcinj.com\/blog\/wp-json\/wp\/v2\/tags?post=677"}],"curies":[{"name":"wp","href":"https:\/\/api.w.org\/{rel}","templated":true}]}}