{"id":6770,"date":"2008-12-04T14:38:19","date_gmt":"2008-12-04T13:38:19","guid":{"rendered":"http:\/\/www.visit-ulcinj.com\/blog\/?p=6770"},"modified":"2008-12-04T15:33:19","modified_gmt":"2008-12-04T14:33:19","slug":"forca-kritikovala-nimanija-i-hajdinagu","status":"publish","type":"post","link":"https:\/\/www.visit-ulcinj.com\/blog\/2008\/12\/04\/forca-kritikovala-nimanija-i-hajdinagu\/","title":{"rendered":"&#8220;Forca&#8221; kritikovala Nimanija i Hajdinagu"},"content":{"rendered":"<p><a href=\"http:\/\/www.visit-ulcinj.com\/blog\/wp-content\/uploads\/2008\/12\/hajdinaga_numanoviq_nimani.jpg\"><img loading=\"lazy\" class=\"alignleft size-medium wp-image-6771\" title=\"hajdinaga_numanoviq_nimani\" src=\"http:\/\/www.visit-ulcinj.com\/blog\/wp-content\/uploads\/2008\/12\/hajdinaga_numanoviq_nimani-300x225.jpg\" alt=\"\" width=\"300\" height=\"225\" srcset=\"https:\/\/www.visit-ulcinj.com\/blog\/wp-content\/uploads\/2008\/12\/hajdinaga_numanoviq_nimani-300x225.jpg 300w, https:\/\/www.visit-ulcinj.com\/blog\/wp-content\/uploads\/2008\/12\/hajdinaga_numanoviq_nimani.jpg 600w\" sizes=\"(max-width: 300px) 100vw, 300px\" \/><\/a><strong>Pomogli neplansku gradnju<\/strong><br \/>\nULCINj &#8211; Nova demokratska snaga Forca saop\u0161tila je da sada\u0161nji i biv\u0161i gradona?elnici &#8211; ministri, Gzim Hajdinaga i Fuad Nimani za proteklih \u0161est i po godina provedenih na ?elu Ulcinja nijesu uspjeli da usvoje ni jedan planski dokument. Reaguju?i na nedavnu posjetu ministra Suada Numanovi?a i obe?anja o investicijama i pomo?i, te na projekat rekonstrukcije zelene zone na dijelu Bulevara, Forca konstatuje da Nimani i Hajdinaga vladaju op\u0161tinom ve? 2.500 dana, a da je za to vrijeme Ulcinj zadesila zastra\u0161uju?a neplanska gradnja.<br \/>\n&#8211; Znaju?i da je naredna godina izborna ovih dana ponovo obe?avaju da ?e u 2009. godini biti investicioni bum.<br \/>\nKoriste?i posjetu gospodina Suada Numanovi?a, predsjednika Komisije za procjenu \u0161teta od elementarnih nepogoda, Hajdinaga i Nimani ponovo plasiraju svoje predizborne obmane o investicijama u Op\u0161tini. Kada se ne bi radilo o samo 50.000 eura gra?ani bi i povjerovali u sve te investicije &#8211; navodi se u reagovanju Force.<br \/>\nIz te opozicione albanske partije podsje?aju da je pomenuti iznos &#8220;pribli\u017ean iznosu kojim je op\u0161tina Bar pomogla Ulcinju u postavljanju betonskih sanduka na Bulevaru Skenderbeg&#8221;.<\/p>\n<p>&#8211; Zahvaljujemo op\u0161tini Bar na pomo?i mada nam takvi sanduci nijesu trebali i pitamo se koji su razlozi te su pomogli. Ova godina ?e se pamtiti i po raznim poklonima kao na primjer: ambulantnim kolima za Dom zdravlja i polovnim ?ista?em za Javno komunalno preduze?e koje gradona?elnik Hajdnaga ubraja u svoje uspjehe povodom obra?anja gra?anima za dvije godine od dolaska na funkciju. Nadamo se da ?e naredna godina biti uspje\u0161nija mada imamo 2.500 razloga za sumnju &#8211; stoji na kraju saop\u0161tenja Informativne slu\u017ebe Force.<br \/>\n<strong>M.K.<br \/>\nIzvor \/ DAN<\/strong><\/p>\n\n\t\t<style type=\"text\/css\">\n\t\t\t#gallery-1 {\n\t\t\t\tmargin: auto;\n\t\t\t}\n\t\t\t#gallery-1 .gallery-item {\n\t\t\t\tfloat: left;\n\t\t\t\tmargin-top: 10px;\n\t\t\t\ttext-align: center;\n\t\t\t\twidth: 33%;\n\t\t\t}\n\t\t\t#gallery-1 img {\n\t\t\t\tborder: 2px solid #cfcfcf;\n\t\t\t}\n\t\t\t#gallery-1 .gallery-caption {\n\t\t\t\tmargin-left: 0;\n\t\t\t}\n\t\t\t\/* see gallery_shortcode() in wp-includes\/media.php *\/\n\t\t<\/style>\n\t\t<div id='gallery-1' class='gallery galleryid-6770 gallery-columns-3 gallery-size-thumbnail'><dl class='gallery-item'>\n\t\t\t<dt class='gallery-icon landscape'>\n\t\t\t\t<a href='https:\/\/www.visit-ulcinj.com\/blog\/2008\/12\/04\/forca-kritikovala-nimanija-i-hajdinagu\/betonimi-i-sandukeve-ne-bulevarin-skenderbeg-ulqin-1\/'><img width=\"150\" height=\"150\" src=\"https:\/\/www.visit-ulcinj.com\/blog\/wp-content\/uploads\/2008\/12\/betonimi-i-sandukeve-ne-bulevarin-skenderbeg-ulqin-1-150x150.jpg\" class=\"attachment-thumbnail size-thumbnail\" alt=\"\" loading=\"lazy\" \/><\/a>\n\t\t\t<\/dt><\/dl><dl class='gallery-item'>\n\t\t\t<dt class='gallery-icon landscape'>\n\t\t\t\t<a href='https:\/\/www.visit-ulcinj.com\/blog\/2008\/12\/04\/forca-kritikovala-nimanija-i-hajdinagu\/betonimi-i-sandukeve-ne-bulevarin-skenderbeg-ulqin2\/'><img width=\"150\" height=\"150\" src=\"https:\/\/www.visit-ulcinj.com\/blog\/wp-content\/uploads\/2008\/12\/betonimi-i-sandukeve-ne-bulevarin-skenderbeg-ulqin2-150x150.jpg\" class=\"attachment-thumbnail size-thumbnail\" alt=\"\" loading=\"lazy\" \/><\/a>\n\t\t\t<\/dt><\/dl><dl class='gallery-item'>\n\t\t\t<dt class='gallery-icon landscape'>\n\t\t\t\t<a href='https:\/\/www.visit-ulcinj.com\/blog\/2008\/12\/04\/forca-kritikovala-nimanija-i-hajdinagu\/hajdinaga_numanoviq_nimani\/'><img width=\"150\" height=\"150\" src=\"https:\/\/www.visit-ulcinj.com\/blog\/wp-content\/uploads\/2008\/12\/hajdinaga_numanoviq_nimani-150x150.jpg\" class=\"attachment-thumbnail size-thumbnail\" alt=\"\" loading=\"lazy\" \/><\/a>\n\t\t\t<\/dt><\/dl><br style=\"clear: both\" \/>\n\t\t<\/div>\n\n","protected":false},"excerpt":{"rendered":"<p>Pomogli neplansku gradnju ULCINj &#8211; Nova demokratska snaga Forca saop\u0161tila je da sada\u0161nji i biv\u0161i gradona?elnici &#8211; ministri, Gzim Hajdinaga i Fuad Nimani za proteklih \u0161est i po godina provedenih na ?elu Ulcinja nijesu uspjeli da usvoje ni jedan planski dokument. Reaguju?i na nedavnu posjetu ministra Suada Numanovi?a i obe?anja o investicijama i pomo?i, te [&hellip;]<\/p>\n","protected":false},"author":1,"featured_media":0,"comment_status":"open","ping_status":"closed","sticky":false,"template":"","format":"standard","meta":{"spay_email":"","jetpack_publicize_message":"","jetpack_is_tweetstorm":false,"jetpack_publicize_feature_enabled":true},"categories":[1],"tags":[106,140],"jetpack_publicize_connections":[],"yoast_head":"<!-- This site is optimized with the Yoast SEO plugin v19.1 - https:\/\/yoast.com\/wordpress\/plugins\/seo\/ -->\n<title>&quot;Forca&quot; kritikovala Nimanija i Hajdinagu - Lajme nga Ulqini<\/title>\n<meta name=\"description\" content=\"Pomogli neplansku gradnju ULCINj - Nova demokratska snaga Forca saop\u0161tila je da sada\u0161nji i biv\u0161i gradona?elnici - ministri, Gzim Hajdinaga i Fuad Nimani\" \/>\n<meta name=\"robots\" content=\"index, follow, max-snippet:-1, max-image-preview:large, max-video-preview:-1\" \/>\n<link rel=\"canonical\" href=\"https:\/\/www.visit-ulcinj.com\/blog\/2008\/12\/04\/forca-kritikovala-nimanija-i-hajdinagu\/\" \/>\n<meta property=\"og:locale\" content=\"en_US\" \/>\n<meta property=\"og:type\" content=\"article\" \/>\n<meta property=\"og:title\" content=\"&quot;Forca&quot; kritikovala Nimanija i Hajdinagu - Lajme nga Ulqini\" \/>\n<meta property=\"og:description\" content=\"Pomogli neplansku gradnju ULCINj - Nova demokratska snaga Forca saop\u0161tila je da sada\u0161nji i biv\u0161i gradona?elnici - ministri, Gzim Hajdinaga i Fuad Nimani\" \/>\n<meta property=\"og:url\" content=\"https:\/\/www.visit-ulcinj.com\/blog\/2008\/12\/04\/forca-kritikovala-nimanija-i-hajdinagu\/\" \/>\n<meta property=\"og:site_name\" content=\"Lajme nga Ulqini\" \/>\n<meta property=\"article:published_time\" content=\"2008-12-04T13:38:19+00:00\" \/>\n<meta property=\"article:modified_time\" content=\"2008-12-04T14:33:19+00:00\" \/>\n<meta property=\"og:image\" content=\"https:\/\/www.visit-ulcinj.com\/blog\/wp-content\/uploads\/2008\/12\/betonimi-i-sandukeve-ne-bulevarin-skenderbeg-ulqin-1-150x150.jpg\" \/>\n<meta name=\"twitter:label1\" content=\"Written by\" \/>\n\t<meta name=\"twitter:data1\" content=\"ulqini\" \/>\n\t<meta name=\"twitter:label2\" content=\"Est. reading time\" \/>\n\t<meta name=\"twitter:data2\" content=\"1 minute\" \/>\n<script type=\"application\/ld+json\" class=\"yoast-schema-graph\">{\"@context\":\"https:\/\/schema.org\",\"@graph\":[{\"@type\":\"WebSite\",\"@id\":\"https:\/\/www.visit-ulcinj.com\/blog\/#website\",\"url\":\"https:\/\/www.visit-ulcinj.com\/blog\/\",\"name\":\"Lajme nga Ulqini\",\"description\":\"Lajme,Vijesti,Ulqini,Ulqin,Crna Gora,Mali i Zi\",\"potentialAction\":[{\"@type\":\"SearchAction\",\"target\":{\"@type\":\"EntryPoint\",\"urlTemplate\":\"https:\/\/www.visit-ulcinj.com\/blog\/?s={search_term_string}\"},\"query-input\":\"required name=search_term_string\"}],\"inLanguage\":\"en-US\"},{\"@type\":\"ImageObject\",\"inLanguage\":\"en-US\",\"@id\":\"https:\/\/www.visit-ulcinj.com\/blog\/2008\/12\/04\/forca-kritikovala-nimanija-i-hajdinagu\/#primaryimage\",\"url\":\"http:\/\/www.visit-ulcinj.com\/blog\/wp-content\/uploads\/2008\/12\/hajdinaga_numanoviq_nimani-300x225.jpg\",\"contentUrl\":\"http:\/\/www.visit-ulcinj.com\/blog\/wp-content\/uploads\/2008\/12\/hajdinaga_numanoviq_nimani-300x225.jpg\"},{\"@type\":\"WebPage\",\"@id\":\"https:\/\/www.visit-ulcinj.com\/blog\/2008\/12\/04\/forca-kritikovala-nimanija-i-hajdinagu\/#webpage\",\"url\":\"https:\/\/www.visit-ulcinj.com\/blog\/2008\/12\/04\/forca-kritikovala-nimanija-i-hajdinagu\/\",\"name\":\"\\\"Forca\\\" kritikovala Nimanija i Hajdinagu - Lajme nga Ulqini\",\"isPartOf\":{\"@id\":\"https:\/\/www.visit-ulcinj.com\/blog\/#website\"},\"primaryImageOfPage\":{\"@id\":\"https:\/\/www.visit-ulcinj.com\/blog\/2008\/12\/04\/forca-kritikovala-nimanija-i-hajdinagu\/#primaryimage\"},\"datePublished\":\"2008-12-04T13:38:19+00:00\",\"dateModified\":\"2008-12-04T14:33:19+00:00\",\"author\":{\"@id\":\"https:\/\/www.visit-ulcinj.com\/blog\/#\/schema\/person\/dcab619c614d3038751c63bc2aadc06d\"},\"description\":\"Pomogli neplansku gradnju ULCINj - Nova demokratska snaga Forca saop\u0161tila je da sada\u0161nji i biv\u0161i gradona?elnici - ministri, Gzim Hajdinaga i Fuad Nimani\",\"breadcrumb\":{\"@id\":\"https:\/\/www.visit-ulcinj.com\/blog\/2008\/12\/04\/forca-kritikovala-nimanija-i-hajdinagu\/#breadcrumb\"},\"inLanguage\":\"en-US\",\"potentialAction\":[{\"@type\":\"ReadAction\",\"target\":[\"https:\/\/www.visit-ulcinj.com\/blog\/2008\/12\/04\/forca-kritikovala-nimanija-i-hajdinagu\/\"]}]},{\"@type\":\"BreadcrumbList\",\"@id\":\"https:\/\/www.visit-ulcinj.com\/blog\/2008\/12\/04\/forca-kritikovala-nimanija-i-hajdinagu\/#breadcrumb\",\"itemListElement\":[{\"@type\":\"ListItem\",\"position\":1,\"name\":\"&#8220;Forca&#8221; kritikovala Nimanija i Hajdinagu\"}]},{\"@type\":\"Person\",\"@id\":\"https:\/\/www.visit-ulcinj.com\/blog\/#\/schema\/person\/dcab619c614d3038751c63bc2aadc06d\",\"name\":\"ulqini\",\"sameAs\":[\"http:\/\/www.visit-ulcinj.com\"],\"url\":\"https:\/\/www.visit-ulcinj.com\/blog\/author\/admin\/\"}]}<\/script>\n<!-- \/ Yoast SEO plugin. -->","yoast_head_json":{"title":"\"Forca\" kritikovala Nimanija i Hajdinagu - Lajme nga Ulqini","description":"Pomogli neplansku gradnju ULCINj - Nova demokratska snaga Forca saop\u0161tila je da sada\u0161nji i biv\u0161i gradona?elnici - ministri, Gzim Hajdinaga i Fuad Nimani","robots":{"index":"index","follow":"follow","max-snippet":"max-snippet:-1","max-image-preview":"max-image-preview:large","max-video-preview":"max-video-preview:-1"},"canonical":"https:\/\/www.visit-ulcinj.com\/blog\/2008\/12\/04\/forca-kritikovala-nimanija-i-hajdinagu\/","og_locale":"en_US","og_type":"article","og_title":"\"Forca\" kritikovala Nimanija i Hajdinagu - Lajme nga Ulqini","og_description":"Pomogli neplansku gradnju ULCINj - Nova demokratska snaga Forca saop\u0161tila je da sada\u0161nji i biv\u0161i gradona?elnici - ministri, Gzim Hajdinaga i Fuad Nimani","og_url":"https:\/\/www.visit-ulcinj.com\/blog\/2008\/12\/04\/forca-kritikovala-nimanija-i-hajdinagu\/","og_site_name":"Lajme nga Ulqini","article_published_time":"2008-12-04T13:38:19+00:00","article_modified_time":"2008-12-04T14:33:19+00:00","og_image":[{"url":"https:\/\/www.visit-ulcinj.com\/blog\/wp-content\/uploads\/2008\/12\/betonimi-i-sandukeve-ne-bulevarin-skenderbeg-ulqin-1-150x150.jpg"}],"twitter_misc":{"Written by":"ulqini","Est. reading time":"1 minute"},"schema":{"@context":"https:\/\/schema.org","@graph":[{"@type":"WebSite","@id":"https:\/\/www.visit-ulcinj.com\/blog\/#website","url":"https:\/\/www.visit-ulcinj.com\/blog\/","name":"Lajme nga Ulqini","description":"Lajme,Vijesti,Ulqini,Ulqin,Crna Gora,Mali i Zi","potentialAction":[{"@type":"SearchAction","target":{"@type":"EntryPoint","urlTemplate":"https:\/\/www.visit-ulcinj.com\/blog\/?s={search_term_string}"},"query-input":"required name=search_term_string"}],"inLanguage":"en-US"},{"@type":"ImageObject","inLanguage":"en-US","@id":"https:\/\/www.visit-ulcinj.com\/blog\/2008\/12\/04\/forca-kritikovala-nimanija-i-hajdinagu\/#primaryimage","url":"http:\/\/www.visit-ulcinj.com\/blog\/wp-content\/uploads\/2008\/12\/hajdinaga_numanoviq_nimani-300x225.jpg","contentUrl":"http:\/\/www.visit-ulcinj.com\/blog\/wp-content\/uploads\/2008\/12\/hajdinaga_numanoviq_nimani-300x225.jpg"},{"@type":"WebPage","@id":"https:\/\/www.visit-ulcinj.com\/blog\/2008\/12\/04\/forca-kritikovala-nimanija-i-hajdinagu\/#webpage","url":"https:\/\/www.visit-ulcinj.com\/blog\/2008\/12\/04\/forca-kritikovala-nimanija-i-hajdinagu\/","name":"\"Forca\" kritikovala Nimanija i Hajdinagu - Lajme nga Ulqini","isPartOf":{"@id":"https:\/\/www.visit-ulcinj.com\/blog\/#website"},"primaryImageOfPage":{"@id":"https:\/\/www.visit-ulcinj.com\/blog\/2008\/12\/04\/forca-kritikovala-nimanija-i-hajdinagu\/#primaryimage"},"datePublished":"2008-12-04T13:38:19+00:00","dateModified":"2008-12-04T14:33:19+00:00","author":{"@id":"https:\/\/www.visit-ulcinj.com\/blog\/#\/schema\/person\/dcab619c614d3038751c63bc2aadc06d"},"description":"Pomogli neplansku gradnju ULCINj - Nova demokratska snaga Forca saop\u0161tila je da sada\u0161nji i biv\u0161i gradona?elnici - ministri, Gzim Hajdinaga i Fuad Nimani","breadcrumb":{"@id":"https:\/\/www.visit-ulcinj.com\/blog\/2008\/12\/04\/forca-kritikovala-nimanija-i-hajdinagu\/#breadcrumb"},"inLanguage":"en-US","potentialAction":[{"@type":"ReadAction","target":["https:\/\/www.visit-ulcinj.com\/blog\/2008\/12\/04\/forca-kritikovala-nimanija-i-hajdinagu\/"]}]},{"@type":"BreadcrumbList","@id":"https:\/\/www.visit-ulcinj.com\/blog\/2008\/12\/04\/forca-kritikovala-nimanija-i-hajdinagu\/#breadcrumb","itemListElement":[{"@type":"ListItem","position":1,"name":"&#8220;Forca&#8221; kritikovala Nimanija i Hajdinagu"}]},{"@type":"Person","@id":"https:\/\/www.visit-ulcinj.com\/blog\/#\/schema\/person\/dcab619c614d3038751c63bc2aadc06d","name":"ulqini","sameAs":["http:\/\/www.visit-ulcinj.com"],"url":"https:\/\/www.visit-ulcinj.com\/blog\/author\/admin\/"}]}},"jetpack_featured_media_url":"","jetpack_sharing_enabled":true,"jetpack_shortlink":"https:\/\/wp.me\/pe6lTn-1Lc","_links":{"self":[{"href":"https:\/\/www.visit-ulcinj.com\/blog\/wp-json\/wp\/v2\/posts\/6770"}],"collection":[{"href":"https:\/\/www.visit-ulcinj.com\/blog\/wp-json\/wp\/v2\/posts"}],"about":[{"href":"https:\/\/www.visit-ulcinj.com\/blog\/wp-json\/wp\/v2\/types\/post"}],"author":[{"embeddable":true,"href":"https:\/\/www.visit-ulcinj.com\/blog\/wp-json\/wp\/v2\/users\/1"}],"replies":[{"embeddable":true,"href":"https:\/\/www.visit-ulcinj.com\/blog\/wp-json\/wp\/v2\/comments?post=6770"}],"version-history":[{"count":0,"href":"https:\/\/www.visit-ulcinj.com\/blog\/wp-json\/wp\/v2\/posts\/6770\/revisions"}],"wp:attachment":[{"href":"https:\/\/www.visit-ulcinj.com\/blog\/wp-json\/wp\/v2\/media?parent=6770"}],"wp:term":[{"taxonomy":"category","embeddable":true,"href":"https:\/\/www.visit-ulcinj.com\/blog\/wp-json\/wp\/v2\/categories?post=6770"},{"taxonomy":"post_tag","embeddable":true,"href":"https:\/\/www.visit-ulcinj.com\/blog\/wp-json\/wp\/v2\/tags?post=6770"}],"curies":[{"name":"wp","href":"https:\/\/api.w.org\/{rel}","templated":true}]}}