{"id":67703,"date":"2013-01-18T07:30:04","date_gmt":"2013-01-18T06:30:04","guid":{"rendered":"http:\/\/www.visit-ulcinj.com\/blog\/?p=67703"},"modified":"2013-01-19T10:00:00","modified_gmt":"2013-01-19T09:00:00","slug":"doli-nga-shtypi-numri-38-i-revistes-buzuku-video","status":"publish","type":"post","link":"https:\/\/www.visit-ulcinj.com\/blog\/2013\/01\/18\/doli-nga-shtypi-numri-38-i-revistes-buzuku-video\/","title":{"rendered":"Doli nga shtypi numri 38 i revist\u00ebs Buzuku &#8211; Video"},"content":{"rendered":"<p><strong>Material nga fusha t\u00eb ndryshme<\/strong><\/p>\n<p><strong>N\u00eb numrin e saj m\u00eb t\u00eb ri\u00a0(38), i cili doli n\u00eb fund t\u00eb\u00a0dhjetorit, revista \u201cBuzuku\u201d\u00a0ofron materiale me\u00a0vler\u00eb dhe shum\u00eb interesante\u00a0p\u00ebr lexuesin e saj.<br \/>\n<a href=\"http:\/\/www.buzuku.info\/Arkivi\/Arkivi_1.htm\" target=\"_blank\"><img loading=\"lazy\" class=\"alignleft  wp-image-67704\" alt=\"Revista Buzuku_numer 38_Ulqin_Mali i Zi\" src=\"http:\/\/www.visit-ulcinj.com\/blog\/wp-content\/uploads\/2013\/01\/Revista-Buzuku_numer-38_Ulqin_Mali-i-Zi.jpg\" width=\"508\" height=\"600\" \/><\/a><br \/>\n<\/strong><\/p>\n<p>Krahas raporteve mbi veprimtarit\u00eb e\u00a0ndodhura n\u00eb periudh\u00ebn nd\u00ebrmjet botimit\u00a0t\u00eb dy numrave, si\u00e7 jan\u00eb manifestimet\u00a0kushtuar 100-vjetorit t\u00eb Pavar\u00ebsis\u00eb\u00a0s\u00eb Shqip\u00ebris\u00eb dhe shfaqja e premier\u00ebs\u00a0s\u00eb koreodram\u00ebs \u201cKalendari\u201d, ndarja e\u00a0\u00c7mimit \u201cNderi i Kombit\u201d p\u00ebr Mal\u00ebsin\u00eb e\u00a0Madhe, manifestimi \u201cOra e Maleve\u201d n\u00eb\u00a0Rozhaj\u00eb, p\u00ebrurimi i librave \u201cPishtar\u00ebt e\u00a0liris\u00eb\u201d t\u00eb Gjylaver Avdiut, \u201cKultura shqiptare\u00a0n\u00eb tekstet m\u00ebsimore t\u00eb shkoll\u00ebs\u00a0fillore n\u00eb gjuh\u00ebn shqipe n\u00eb Mal t\u00eb Zi\u201d t\u00eb\u00a0Flamur Anamalit, \u201cN\u00eb hap me Rugov\u00ebn\u201d\u00a0t\u00eb Adnan Merovcit etj., n\u00eb rubrikat\u00a0tradicionale t\u00eb \u201cBuzuku\u201d-t jan\u00eb botuar\u00a0artikuj nga fusha t\u00eb ndryshme.\u00a0K\u00ebshtu n\u00eb k\u00ebt\u00eb num\u00ebr \u00ebsht\u00eb botuar\u00a0\u201cKanga e Ulkrinit (Ulqinit)\u201d, marr\u00eb nga\u00a0revista \u201cAlbania\u201d e Faik Konic\u00ebs.\u00a0N\u00eb rubrik\u00ebn \u201cDokument\u201d \u00ebsht\u00eb botuar\u00a0artikulli i At Justin Rrot\u00ebs \u201cMa t\u00eb\u00a0parat kopje t\u00eb fotografueme t\u00eb Mesharit\u00a0t\u00eb Buzukut nd\u00eb Shqip\u00ebni\u201d dhe\u00a0artikulli \u201cTeksti i Memorandumit t\u00eb Shestanasve\u201d, dor\u00ebzuar deputetit Mustafa\u00a0Merlika Kruja n\u00eb Tiran\u00eb, m\u00eb 10 prill\u00a01942.\u00a0Studiuesi Gjok\u00eb Dabaj vjen me komentin\u00a0n\u00eb gjuh\u00ebn malazeze \u201c\u00c7far\u00eb kan\u00eb\u00a0humbur shestanasit n\u00eb procesin e sllavizimit\u201d.\u00a0Rubrika \u201cTjer\u00ebt p\u00ebr ne\u201d sjell artikullin\u00a0\u201cShqiptar\u00ebt n\u00eb veprat e Andrija Ka\u00e7iq\u00a0\u2013 Mioshiqit\u201d, kurse rubrika \u201cDiaspora\u201d\u00a0artikullin \u201cNj\u00eb diaspor\u00eb shembullore n\u00eb\u00a0Itali\u201d.<br \/>\nN\u00eb rubrik\u00ebn \u201cP\u00ebrkujtim\u201d \u00ebsht\u00eb botuar\u00a0\u201cBiseda me Mrik\u00ebn, bashk\u00ebshorten e\u00a0Gjergj Nrekiqit\u201d, nd\u00ebrsa n\u00eb rubrik\u00ebn\u00a0\u201cTradita\u201d artikulli mbi \u201cDaljen masive\u00a0biblike n\u00eb maje t\u00eb Rumis\u00eb\u201d.\u00a0Aktiviteteve t\u00eb Shoqat\u00ebs \u201cBuzuku\u201d gjat\u00eb\u00a0vitit 2012 i \u00ebsht\u00eb kushtuar hap\u00ebsir\u00eb e\u00a0ve\u00e7ant\u00eb n\u00eb k\u00ebt\u00eb num\u00ebr t\u00eb revist\u00ebs.\u00a0\u201cBuzuku\u201d \u00ebsht\u00eb revist\u00eb informative,\u00a0kulturore e shoq\u00ebrore q\u00eb botohet nga\u00a0Shoqata p\u00ebr Kultur\u00eb \u201cDon Gjon Buzuku\u201d.<\/p>\n<p><b>M\u00eb shum\u00eb n\u00eb www.Buzuku.info<\/b><\/p>\n<p><strong>(Kohapress)\u00a0<\/strong><br \/>\n<iframe loading=\"lazy\" src=\"http:\/\/www.youtube.com\/embed\/NDDjGBpHhGs\" height=\"360\" width=\"508\" allowfullscreen=\"\" frameborder=\"0\"><\/iframe><\/p>\n","protected":false},"excerpt":{"rendered":"<p>Material nga fusha t\u00eb ndryshme N\u00eb numrin e saj m\u00eb t\u00eb ri\u00a0(38), i cili doli n\u00eb fund t\u00eb\u00a0dhjetorit, revista \u201cBuzuku\u201d\u00a0ofron materiale me\u00a0vler\u00eb dhe shum\u00eb interesante\u00a0p\u00ebr lexuesin e saj. Krahas raporteve mbi veprimtarit\u00eb e\u00a0ndodhura n\u00eb periudh\u00ebn nd\u00ebrmjet botimit\u00a0t\u00eb dy numrave, si\u00e7 jan\u00eb manifestimet\u00a0kushtuar 100-vjetorit t\u00eb Pavar\u00ebsis\u00eb\u00a0s\u00eb Shqip\u00ebris\u00eb dhe shfaqja e premier\u00ebs\u00a0s\u00eb koreodram\u00ebs \u201cKalendari\u201d, ndarja e\u00a0\u00c7mimit \u201cNderi [&hellip;]<\/p>\n","protected":false},"author":1,"featured_media":0,"comment_status":"open","ping_status":"closed","sticky":false,"template":"","format":"standard","meta":{"spay_email":"","jetpack_publicize_message":"","jetpack_is_tweetstorm":false,"jetpack_publicize_feature_enabled":true},"categories":[4,12],"tags":[11609,21509,21512,17977,212,17828,21239,17834,21237,18370,17811,4031,21242,20884,7930,17831,21652,18362,14353,17808,14354,12340,17840,17839,18363,21221,21222,18532,19677,17835,21240,17814,17810,17816,17071,2319,21246,17807,21253,21468,21469,19517,3516,14652,17837,17827,21219,21416,8470,21244,21654,4607,21494,2338,21653,21238,21248,14358,19806,222,2321,17802,17812,17803,2323,3584,17820,16036,1499,21236,21250,17825,17817,17805,21252,3169,8966,305,21251,840,17823,17832,3506,17818,214,21231,3993,5913,17680,14362,14363,18371,21493,21230,21241,21513,3507,730,21471,21249,17800,498,3500,21421,21228,21255,19514,115,14364,21234,18694,21254,21223,21418,17799,3327,21226,17841,3944,17826,15213,18236,3512,17806,18399,11648,18289,21233,17838,95,2348,21427,17813,17804,15141,347,19495,17836,14366,21510,3875,79,17073,18294,318,118,18368,18369,21417,21662,21661,19511,21257,21258,1653,21420,21426,21419,11584,2304,21261,21232,1909,21243,21224,14367,21235,2354,5380,17801,2306,2334,2335,21470,18360,21227,3577,17822,14368,14369,12596,21225,21492,17824,14370,21247,18291,16228,21259,2083,3231,14371,21220,41,3617,5040,3582,2350,21684,3722,21260,14372,17844,17821,18372,21256,17830,17077,18295,14375,17833,17829,899,21245,20894,21682,21683,3797,21229,4684,19,200,18,6531,17819,19460,4243,16445,17809,2340,14376],"jetpack_publicize_connections":[],"yoast_head":"<!-- This site is optimized with the Yoast SEO plugin v19.1 - https:\/\/yoast.com\/wordpress\/plugins\/seo\/ -->\n<title>Doli nga shtypi numri 38 i revist\u00ebs Buzuku - Video - Lajme nga Ulqini<\/title>\n<meta name=\"description\" content=\"Material nga fusha t\u00eb ndryshme N\u00eb numrin e saj m\u00eb t\u00eb ri\u00a0(38), i cili doli n\u00eb fund t\u00eb\u00a0dhjetorit, revista \u201cBuzuku\u201d\u00a0ofron materiale me\u00a0vler\u00eb dhe shum\u00eb\" \/>\n<meta name=\"robots\" content=\"index, follow, max-snippet:-1, max-image-preview:large, max-video-preview:-1\" \/>\n<link rel=\"canonical\" href=\"https:\/\/www.visit-ulcinj.com\/blog\/2013\/01\/18\/doli-nga-shtypi-numri-38-i-revistes-buzuku-video\/\" \/>\n<meta property=\"og:locale\" content=\"en_US\" \/>\n<meta property=\"og:type\" content=\"article\" \/>\n<meta property=\"og:title\" content=\"Doli nga shtypi numri 38 i revist\u00ebs Buzuku - Video - Lajme nga Ulqini\" \/>\n<meta property=\"og:description\" content=\"Material nga fusha t\u00eb ndryshme N\u00eb numrin e saj m\u00eb t\u00eb ri\u00a0(38), i cili doli n\u00eb fund t\u00eb\u00a0dhjetorit, revista \u201cBuzuku\u201d\u00a0ofron materiale me\u00a0vler\u00eb dhe shum\u00eb\" \/>\n<meta property=\"og:url\" content=\"https:\/\/www.visit-ulcinj.com\/blog\/2013\/01\/18\/doli-nga-shtypi-numri-38-i-revistes-buzuku-video\/\" \/>\n<meta property=\"og:site_name\" content=\"Lajme nga Ulqini\" \/>\n<meta property=\"article:published_time\" content=\"2013-01-18T06:30:04+00:00\" \/>\n<meta property=\"article:modified_time\" content=\"2013-01-19T09:00:00+00:00\" \/>\n<meta property=\"og:image\" content=\"http:\/\/www.visit-ulcinj.com\/blog\/wp-content\/uploads\/2013\/01\/Revista-Buzuku_numer-38_Ulqin_Mali-i-Zi.jpg\" \/>\n<meta name=\"twitter:label1\" content=\"Written by\" \/>\n\t<meta name=\"twitter:data1\" content=\"ulqini\" \/>\n\t<meta name=\"twitter:label2\" content=\"Est. reading time\" \/>\n\t<meta name=\"twitter:data2\" content=\"2 minutes\" \/>\n<script type=\"application\/ld+json\" class=\"yoast-schema-graph\">{\"@context\":\"https:\/\/schema.org\",\"@graph\":[{\"@type\":\"WebSite\",\"@id\":\"https:\/\/www.visit-ulcinj.com\/blog\/#website\",\"url\":\"https:\/\/www.visit-ulcinj.com\/blog\/\",\"name\":\"Lajme nga Ulqini\",\"description\":\"Lajme,Vijesti,Ulqini,Ulqin,Crna Gora,Mali i Zi\",\"potentialAction\":[{\"@type\":\"SearchAction\",\"target\":{\"@type\":\"EntryPoint\",\"urlTemplate\":\"https:\/\/www.visit-ulcinj.com\/blog\/?s={search_term_string}\"},\"query-input\":\"required name=search_term_string\"}],\"inLanguage\":\"en-US\"},{\"@type\":\"ImageObject\",\"inLanguage\":\"en-US\",\"@id\":\"https:\/\/www.visit-ulcinj.com\/blog\/2013\/01\/18\/doli-nga-shtypi-numri-38-i-revistes-buzuku-video\/#primaryimage\",\"url\":\"https:\/\/www.visit-ulcinj.com\/blog\/wp-content\/uploads\/2013\/01\/Revista-Buzuku_numer-38_Ulqin_Mali-i-Zi.jpg\",\"contentUrl\":\"https:\/\/www.visit-ulcinj.com\/blog\/wp-content\/uploads\/2013\/01\/Revista-Buzuku_numer-38_Ulqin_Mali-i-Zi.jpg\",\"width\":508,\"height\":696},{\"@type\":\"WebPage\",\"@id\":\"https:\/\/www.visit-ulcinj.com\/blog\/2013\/01\/18\/doli-nga-shtypi-numri-38-i-revistes-buzuku-video\/#webpage\",\"url\":\"https:\/\/www.visit-ulcinj.com\/blog\/2013\/01\/18\/doli-nga-shtypi-numri-38-i-revistes-buzuku-video\/\",\"name\":\"Doli nga shtypi numri 38 i revist\u00ebs Buzuku - Video - Lajme nga Ulqini\",\"isPartOf\":{\"@id\":\"https:\/\/www.visit-ulcinj.com\/blog\/#website\"},\"primaryImageOfPage\":{\"@id\":\"https:\/\/www.visit-ulcinj.com\/blog\/2013\/01\/18\/doli-nga-shtypi-numri-38-i-revistes-buzuku-video\/#primaryimage\"},\"datePublished\":\"2013-01-18T06:30:04+00:00\",\"dateModified\":\"2013-01-19T09:00:00+00:00\",\"author\":{\"@id\":\"https:\/\/www.visit-ulcinj.com\/blog\/#\/schema\/person\/dcab619c614d3038751c63bc2aadc06d\"},\"description\":\"Material nga fusha t\u00eb ndryshme N\u00eb numrin e saj m\u00eb t\u00eb ri\u00a0(38), i cili doli n\u00eb fund t\u00eb\u00a0dhjetorit, revista \u201cBuzuku\u201d\u00a0ofron materiale me\u00a0vler\u00eb dhe shum\u00eb\",\"breadcrumb\":{\"@id\":\"https:\/\/www.visit-ulcinj.com\/blog\/2013\/01\/18\/doli-nga-shtypi-numri-38-i-revistes-buzuku-video\/#breadcrumb\"},\"inLanguage\":\"en-US\",\"potentialAction\":[{\"@type\":\"ReadAction\",\"target\":[\"https:\/\/www.visit-ulcinj.com\/blog\/2013\/01\/18\/doli-nga-shtypi-numri-38-i-revistes-buzuku-video\/\"]}]},{\"@type\":\"BreadcrumbList\",\"@id\":\"https:\/\/www.visit-ulcinj.com\/blog\/2013\/01\/18\/doli-nga-shtypi-numri-38-i-revistes-buzuku-video\/#breadcrumb\",\"itemListElement\":[{\"@type\":\"ListItem\",\"position\":1,\"name\":\"Doli nga shtypi numri 38 i revist\u00ebs Buzuku &#8211; Video\"}]},{\"@type\":\"Person\",\"@id\":\"https:\/\/www.visit-ulcinj.com\/blog\/#\/schema\/person\/dcab619c614d3038751c63bc2aadc06d\",\"name\":\"ulqini\",\"sameAs\":[\"http:\/\/www.visit-ulcinj.com\"],\"url\":\"https:\/\/www.visit-ulcinj.com\/blog\/author\/admin\/\"}]}<\/script>\n<!-- \/ Yoast SEO plugin. -->","yoast_head_json":{"title":"Doli nga shtypi numri 38 i revist\u00ebs Buzuku - Video - Lajme nga Ulqini","description":"Material nga fusha t\u00eb ndryshme N\u00eb numrin e saj m\u00eb t\u00eb ri\u00a0(38), i cili doli n\u00eb fund t\u00eb\u00a0dhjetorit, revista \u201cBuzuku\u201d\u00a0ofron materiale me\u00a0vler\u00eb dhe shum\u00eb","robots":{"index":"index","follow":"follow","max-snippet":"max-snippet:-1","max-image-preview":"max-image-preview:large","max-video-preview":"max-video-preview:-1"},"canonical":"https:\/\/www.visit-ulcinj.com\/blog\/2013\/01\/18\/doli-nga-shtypi-numri-38-i-revistes-buzuku-video\/","og_locale":"en_US","og_type":"article","og_title":"Doli nga shtypi numri 38 i revist\u00ebs Buzuku - Video - Lajme nga Ulqini","og_description":"Material nga fusha t\u00eb ndryshme N\u00eb numrin e saj m\u00eb t\u00eb ri\u00a0(38), i cili doli n\u00eb fund t\u00eb\u00a0dhjetorit, revista \u201cBuzuku\u201d\u00a0ofron materiale me\u00a0vler\u00eb dhe shum\u00eb","og_url":"https:\/\/www.visit-ulcinj.com\/blog\/2013\/01\/18\/doli-nga-shtypi-numri-38-i-revistes-buzuku-video\/","og_site_name":"Lajme nga Ulqini","article_published_time":"2013-01-18T06:30:04+00:00","article_modified_time":"2013-01-19T09:00:00+00:00","og_image":[{"url":"http:\/\/www.visit-ulcinj.com\/blog\/wp-content\/uploads\/2013\/01\/Revista-Buzuku_numer-38_Ulqin_Mali-i-Zi.jpg"}],"twitter_misc":{"Written by":"ulqini","Est. reading time":"2 minutes"},"schema":{"@context":"https:\/\/schema.org","@graph":[{"@type":"WebSite","@id":"https:\/\/www.visit-ulcinj.com\/blog\/#website","url":"https:\/\/www.visit-ulcinj.com\/blog\/","name":"Lajme nga Ulqini","description":"Lajme,Vijesti,Ulqini,Ulqin,Crna Gora,Mali i Zi","potentialAction":[{"@type":"SearchAction","target":{"@type":"EntryPoint","urlTemplate":"https:\/\/www.visit-ulcinj.com\/blog\/?s={search_term_string}"},"query-input":"required name=search_term_string"}],"inLanguage":"en-US"},{"@type":"ImageObject","inLanguage":"en-US","@id":"https:\/\/www.visit-ulcinj.com\/blog\/2013\/01\/18\/doli-nga-shtypi-numri-38-i-revistes-buzuku-video\/#primaryimage","url":"https:\/\/www.visit-ulcinj.com\/blog\/wp-content\/uploads\/2013\/01\/Revista-Buzuku_numer-38_Ulqin_Mali-i-Zi.jpg","contentUrl":"https:\/\/www.visit-ulcinj.com\/blog\/wp-content\/uploads\/2013\/01\/Revista-Buzuku_numer-38_Ulqin_Mali-i-Zi.jpg","width":508,"height":696},{"@type":"WebPage","@id":"https:\/\/www.visit-ulcinj.com\/blog\/2013\/01\/18\/doli-nga-shtypi-numri-38-i-revistes-buzuku-video\/#webpage","url":"https:\/\/www.visit-ulcinj.com\/blog\/2013\/01\/18\/doli-nga-shtypi-numri-38-i-revistes-buzuku-video\/","name":"Doli nga shtypi numri 38 i revist\u00ebs Buzuku - Video - Lajme nga Ulqini","isPartOf":{"@id":"https:\/\/www.visit-ulcinj.com\/blog\/#website"},"primaryImageOfPage":{"@id":"https:\/\/www.visit-ulcinj.com\/blog\/2013\/01\/18\/doli-nga-shtypi-numri-38-i-revistes-buzuku-video\/#primaryimage"},"datePublished":"2013-01-18T06:30:04+00:00","dateModified":"2013-01-19T09:00:00+00:00","author":{"@id":"https:\/\/www.visit-ulcinj.com\/blog\/#\/schema\/person\/dcab619c614d3038751c63bc2aadc06d"},"description":"Material nga fusha t\u00eb ndryshme N\u00eb numrin e saj m\u00eb t\u00eb ri\u00a0(38), i cili doli n\u00eb fund t\u00eb\u00a0dhjetorit, revista \u201cBuzuku\u201d\u00a0ofron materiale me\u00a0vler\u00eb dhe shum\u00eb","breadcrumb":{"@id":"https:\/\/www.visit-ulcinj.com\/blog\/2013\/01\/18\/doli-nga-shtypi-numri-38-i-revistes-buzuku-video\/#breadcrumb"},"inLanguage":"en-US","potentialAction":[{"@type":"ReadAction","target":["https:\/\/www.visit-ulcinj.com\/blog\/2013\/01\/18\/doli-nga-shtypi-numri-38-i-revistes-buzuku-video\/"]}]},{"@type":"BreadcrumbList","@id":"https:\/\/www.visit-ulcinj.com\/blog\/2013\/01\/18\/doli-nga-shtypi-numri-38-i-revistes-buzuku-video\/#breadcrumb","itemListElement":[{"@type":"ListItem","position":1,"name":"Doli nga shtypi numri 38 i revist\u00ebs Buzuku &#8211; Video"}]},{"@type":"Person","@id":"https:\/\/www.visit-ulcinj.com\/blog\/#\/schema\/person\/dcab619c614d3038751c63bc2aadc06d","name":"ulqini","sameAs":["http:\/\/www.visit-ulcinj.com"],"url":"https:\/\/www.visit-ulcinj.com\/blog\/author\/admin\/"}]}},"jetpack_featured_media_url":"","jetpack_sharing_enabled":true,"jetpack_shortlink":"https:\/\/wp.me\/pe6lTn-hBZ","_links":{"self":[{"href":"https:\/\/www.visit-ulcinj.com\/blog\/wp-json\/wp\/v2\/posts\/67703"}],"collection":[{"href":"https:\/\/www.visit-ulcinj.com\/blog\/wp-json\/wp\/v2\/posts"}],"about":[{"href":"https:\/\/www.visit-ulcinj.com\/blog\/wp-json\/wp\/v2\/types\/post"}],"author":[{"embeddable":true,"href":"https:\/\/www.visit-ulcinj.com\/blog\/wp-json\/wp\/v2\/users\/1"}],"replies":[{"embeddable":true,"href":"https:\/\/www.visit-ulcinj.com\/blog\/wp-json\/wp\/v2\/comments?post=67703"}],"version-history":[{"count":5,"href":"https:\/\/www.visit-ulcinj.com\/blog\/wp-json\/wp\/v2\/posts\/67703\/revisions"}],"predecessor-version":[{"id":67773,"href":"https:\/\/www.visit-ulcinj.com\/blog\/wp-json\/wp\/v2\/posts\/67703\/revisions\/67773"}],"wp:attachment":[{"href":"https:\/\/www.visit-ulcinj.com\/blog\/wp-json\/wp\/v2\/media?parent=67703"}],"wp:term":[{"taxonomy":"category","embeddable":true,"href":"https:\/\/www.visit-ulcinj.com\/blog\/wp-json\/wp\/v2\/categories?post=67703"},{"taxonomy":"post_tag","embeddable":true,"href":"https:\/\/www.visit-ulcinj.com\/blog\/wp-json\/wp\/v2\/tags?post=67703"}],"curies":[{"name":"wp","href":"https:\/\/api.w.org\/{rel}","templated":true}]}}