{"id":67729,"date":"2013-01-18T14:25:32","date_gmt":"2013-01-18T13:25:32","guid":{"rendered":"http:\/\/www.visit-ulcinj.com\/blog\/?p=67729"},"modified":"2013-01-18T14:27:03","modified_gmt":"2013-01-18T13:27:03","slug":"adnani-nga-ulqini-sfilon-per-burrberry","status":"publish","type":"post","link":"https:\/\/www.visit-ulcinj.com\/blog\/2013\/01\/18\/adnani-nga-ulqini-sfilon-per-burrberry\/","title":{"rendered":"Adnani nga Ulqini, sfilon p\u00ebr Burrberry"},"content":{"rendered":"<p><a href=\"http:\/\/www.visit-ulcinj.com\/blog\/wp-content\/uploads\/2013\/01\/Adnan-Gjinaj.jpg\"><img loading=\"lazy\" class=\"alignleft  wp-image-67730\" alt=\"Adnan Gjinaj\" src=\"http:\/\/www.visit-ulcinj.com\/blog\/wp-content\/uploads\/2013\/01\/Adnan-Gjinaj.jpg\" width=\"508\" height=\"360\" \/><\/a>Adnan Gjinaj \u00ebsht\u00eb modeli nga Ulqini, i cili k\u00ebt\u00eb fillimvit ka marr\u00eb pjes\u00eb n\u00eb nj\u00eb nga ngjarjet m\u00eb t\u00eb r\u00ebnd\u00ebsishme t\u00eb mod\u00ebs n\u00eb bot\u00eb, Java e mod\u00ebs n\u00eb Milano, duke sfiluar per Burberry, Misioni, Canali, e sht\u00ebpi tjera t\u00eb njohura t\u00eb mod\u00ebs.<br \/>\n<a href=\"http:\/\/www.visit-ulcinj.com\/blog\/wp-content\/uploads\/2013\/01\/Adnan-Gjinaj.1.jpg\"><img loading=\"lazy\" class=\"alignleft  wp-image-67731\" alt=\"Adnan Gjinaj.1\" src=\"http:\/\/www.visit-ulcinj.com\/blog\/wp-content\/uploads\/2013\/01\/Adnan-Gjinaj.1.jpg\" width=\"508\" height=\"600\" \/><\/a><\/p>\n<p>Gjinaj, momentalisht \u00ebsht\u00eb nj\u00eb prej model\u00ebve t\u00eb rinj\u00eb m\u00eb t\u00eb k\u00ebrkuar n\u00eb bot\u00ebn e mod\u00ebs.<\/p>\n<p>Brenda dy vitesh ai ka sfiluar p\u00ebr emrat m\u00eb t\u00eb m\u00ebdhenj n\u00eb k\u00ebt\u00eb industri si Lanvin, YSL, Burberry, Cerruti, DKNY, Kenzo, Moschino, Prada, Marc Jacobs etj. Ai ka pozuar dhe p\u00ebr revistat e njohura Vogue,(Japoni) Bazar (Kin\u00eb),GQ(Itali),Dazed and Confused (Angli),Hero (Angli)etj.<br \/>\n<a href=\"http:\/\/www.visit-ulcinj.com\/blog\/wp-content\/uploads\/2013\/01\/Adnan-Gjinaj.2.jpg\"><img loading=\"lazy\" class=\"alignleft  wp-image-67732\" alt=\"Adnan Gjinaj.2\" src=\"http:\/\/www.visit-ulcinj.com\/blog\/wp-content\/uploads\/2013\/01\/Adnan-Gjinaj.2.jpg\" width=\"508\" height=\"707\" \/><\/a><\/p>\n<p>Momentalisht i menaxhuar nga agjensit\u00eb m\u00eb t\u00eb mira n\u00eb bot\u00eb si Ford, Wilhemina, Scoop dhe FM, Adnani nuk harron q\u00eb n\u00eb foto shpesh her\u00eb t\u00eb shpalos me krenari shenj\u00ebn e shqiponj\u00ebs dy krenare.<\/p>\n<p><a href=\"http:\/\/www.visit-ulcinj.com\/blog\/wp-content\/uploads\/2013\/01\/Adnan-Gjinaj.31.jpg\"><img loading=\"lazy\" class=\"alignleft  wp-image-67735\" alt=\"Adnan Gjinaj.3\" src=\"http:\/\/www.visit-ulcinj.com\/blog\/wp-content\/uploads\/2013\/01\/Adnan-Gjinaj.31.jpg\" width=\"508\" height=\"600\" \/><\/a><\/p>\n<p>I lindur n\u00eb vitin 1991, djaloshi nga Ulqini tani banon ne Franc\u00eb bashk\u00eb me familjen e tij. \/R.K.\/Indeksonline\/<\/p>\n","protected":false},"excerpt":{"rendered":"<p>Adnan Gjinaj \u00ebsht\u00eb modeli nga Ulqini, i cili k\u00ebt\u00eb fillimvit ka marr\u00eb pjes\u00eb n\u00eb nj\u00eb nga ngjarjet m\u00eb t\u00eb r\u00ebnd\u00ebsishme t\u00eb mod\u00ebs n\u00eb bot\u00eb, Java e mod\u00ebs n\u00eb Milano, duke sfiluar per Burberry, Misioni, Canali, e sht\u00ebpi tjera t\u00eb njohura t\u00eb mod\u00ebs. Gjinaj, momentalisht \u00ebsht\u00eb nj\u00eb prej model\u00ebve t\u00eb rinj\u00eb m\u00eb t\u00eb k\u00ebrkuar n\u00eb bot\u00ebn [&hellip;]<\/p>\n","protected":false},"author":1,"featured_media":0,"comment_status":"open","ping_status":"closed","sticky":false,"template":"","format":"standard","meta":{"spay_email":"","jetpack_publicize_message":"","jetpack_is_tweetstorm":false,"jetpack_publicize_feature_enabled":true},"categories":[1],"tags":[16631],"jetpack_publicize_connections":[],"yoast_head":"<!-- This site is optimized with the Yoast SEO plugin v19.1 - https:\/\/yoast.com\/wordpress\/plugins\/seo\/ -->\n<title>Adnani nga Ulqini, sfilon p\u00ebr Burrberry - Lajme nga Ulqini<\/title>\n<meta name=\"description\" content=\"Adnan Gjinaj \u00ebsht\u00eb modeli nga Ulqini, i cili k\u00ebt\u00eb fillimvit ka marr\u00eb pjes\u00eb n\u00eb nj\u00eb nga ngjarjet m\u00eb t\u00eb r\u00ebnd\u00ebsishme t\u00eb mod\u00ebs n\u00eb bot\u00eb, Java e mod\u00ebs n\u00eb Milano,\" \/>\n<meta name=\"robots\" content=\"index, follow, max-snippet:-1, max-image-preview:large, max-video-preview:-1\" \/>\n<link rel=\"canonical\" href=\"https:\/\/www.visit-ulcinj.com\/blog\/2013\/01\/18\/adnani-nga-ulqini-sfilon-per-burrberry\/\" \/>\n<meta property=\"og:locale\" content=\"en_US\" \/>\n<meta property=\"og:type\" content=\"article\" \/>\n<meta property=\"og:title\" content=\"Adnani nga Ulqini, sfilon p\u00ebr Burrberry - Lajme nga Ulqini\" \/>\n<meta property=\"og:description\" content=\"Adnan Gjinaj \u00ebsht\u00eb modeli nga Ulqini, i cili k\u00ebt\u00eb fillimvit ka marr\u00eb pjes\u00eb n\u00eb nj\u00eb nga ngjarjet m\u00eb t\u00eb r\u00ebnd\u00ebsishme t\u00eb mod\u00ebs n\u00eb bot\u00eb, Java e mod\u00ebs n\u00eb Milano,\" \/>\n<meta property=\"og:url\" content=\"https:\/\/www.visit-ulcinj.com\/blog\/2013\/01\/18\/adnani-nga-ulqini-sfilon-per-burrberry\/\" \/>\n<meta property=\"og:site_name\" content=\"Lajme nga Ulqini\" \/>\n<meta property=\"article:published_time\" content=\"2013-01-18T13:25:32+00:00\" \/>\n<meta property=\"article:modified_time\" content=\"2013-01-18T13:27:03+00:00\" \/>\n<meta property=\"og:image\" content=\"http:\/\/www.visit-ulcinj.com\/blog\/wp-content\/uploads\/2013\/01\/Adnan-Gjinaj.jpg\" \/>\n<meta name=\"twitter:label1\" content=\"Written by\" \/>\n\t<meta name=\"twitter:data1\" content=\"ulqini\" \/>\n\t<meta name=\"twitter:label2\" content=\"Est. reading time\" \/>\n\t<meta name=\"twitter:data2\" content=\"1 minute\" \/>\n<script type=\"application\/ld+json\" class=\"yoast-schema-graph\">{\"@context\":\"https:\/\/schema.org\",\"@graph\":[{\"@type\":\"WebSite\",\"@id\":\"https:\/\/www.visit-ulcinj.com\/blog\/#website\",\"url\":\"https:\/\/www.visit-ulcinj.com\/blog\/\",\"name\":\"Lajme nga Ulqini\",\"description\":\"Lajme,Vijesti,Ulqini,Ulqin,Crna Gora,Mali i Zi\",\"potentialAction\":[{\"@type\":\"SearchAction\",\"target\":{\"@type\":\"EntryPoint\",\"urlTemplate\":\"https:\/\/www.visit-ulcinj.com\/blog\/?s={search_term_string}\"},\"query-input\":\"required name=search_term_string\"}],\"inLanguage\":\"en-US\"},{\"@type\":\"ImageObject\",\"inLanguage\":\"en-US\",\"@id\":\"https:\/\/www.visit-ulcinj.com\/blog\/2013\/01\/18\/adnani-nga-ulqini-sfilon-per-burrberry\/#primaryimage\",\"url\":\"https:\/\/www.visit-ulcinj.com\/blog\/wp-content\/uploads\/2013\/01\/Adnan-Gjinaj.jpg\",\"contentUrl\":\"https:\/\/www.visit-ulcinj.com\/blog\/wp-content\/uploads\/2013\/01\/Adnan-Gjinaj.jpg\",\"width\":597,\"height\":400},{\"@type\":\"WebPage\",\"@id\":\"https:\/\/www.visit-ulcinj.com\/blog\/2013\/01\/18\/adnani-nga-ulqini-sfilon-per-burrberry\/#webpage\",\"url\":\"https:\/\/www.visit-ulcinj.com\/blog\/2013\/01\/18\/adnani-nga-ulqini-sfilon-per-burrberry\/\",\"name\":\"Adnani nga Ulqini, sfilon p\u00ebr Burrberry - Lajme nga Ulqini\",\"isPartOf\":{\"@id\":\"https:\/\/www.visit-ulcinj.com\/blog\/#website\"},\"primaryImageOfPage\":{\"@id\":\"https:\/\/www.visit-ulcinj.com\/blog\/2013\/01\/18\/adnani-nga-ulqini-sfilon-per-burrberry\/#primaryimage\"},\"datePublished\":\"2013-01-18T13:25:32+00:00\",\"dateModified\":\"2013-01-18T13:27:03+00:00\",\"author\":{\"@id\":\"https:\/\/www.visit-ulcinj.com\/blog\/#\/schema\/person\/dcab619c614d3038751c63bc2aadc06d\"},\"description\":\"Adnan Gjinaj \u00ebsht\u00eb modeli nga Ulqini, i cili k\u00ebt\u00eb fillimvit ka marr\u00eb pjes\u00eb n\u00eb nj\u00eb nga ngjarjet m\u00eb t\u00eb r\u00ebnd\u00ebsishme t\u00eb mod\u00ebs n\u00eb bot\u00eb, Java e mod\u00ebs n\u00eb Milano,\",\"breadcrumb\":{\"@id\":\"https:\/\/www.visit-ulcinj.com\/blog\/2013\/01\/18\/adnani-nga-ulqini-sfilon-per-burrberry\/#breadcrumb\"},\"inLanguage\":\"en-US\",\"potentialAction\":[{\"@type\":\"ReadAction\",\"target\":[\"https:\/\/www.visit-ulcinj.com\/blog\/2013\/01\/18\/adnani-nga-ulqini-sfilon-per-burrberry\/\"]}]},{\"@type\":\"BreadcrumbList\",\"@id\":\"https:\/\/www.visit-ulcinj.com\/blog\/2013\/01\/18\/adnani-nga-ulqini-sfilon-per-burrberry\/#breadcrumb\",\"itemListElement\":[{\"@type\":\"ListItem\",\"position\":1,\"name\":\"Adnani nga Ulqini, sfilon p\u00ebr Burrberry\"}]},{\"@type\":\"Person\",\"@id\":\"https:\/\/www.visit-ulcinj.com\/blog\/#\/schema\/person\/dcab619c614d3038751c63bc2aadc06d\",\"name\":\"ulqini\",\"sameAs\":[\"http:\/\/www.visit-ulcinj.com\"],\"url\":\"https:\/\/www.visit-ulcinj.com\/blog\/author\/admin\/\"}]}<\/script>\n<!-- \/ Yoast SEO plugin. -->","yoast_head_json":{"title":"Adnani nga Ulqini, sfilon p\u00ebr Burrberry - Lajme nga Ulqini","description":"Adnan Gjinaj \u00ebsht\u00eb modeli nga Ulqini, i cili k\u00ebt\u00eb fillimvit ka marr\u00eb pjes\u00eb n\u00eb nj\u00eb nga ngjarjet m\u00eb t\u00eb r\u00ebnd\u00ebsishme t\u00eb mod\u00ebs n\u00eb bot\u00eb, Java e mod\u00ebs n\u00eb Milano,","robots":{"index":"index","follow":"follow","max-snippet":"max-snippet:-1","max-image-preview":"max-image-preview:large","max-video-preview":"max-video-preview:-1"},"canonical":"https:\/\/www.visit-ulcinj.com\/blog\/2013\/01\/18\/adnani-nga-ulqini-sfilon-per-burrberry\/","og_locale":"en_US","og_type":"article","og_title":"Adnani nga Ulqini, sfilon p\u00ebr Burrberry - Lajme nga Ulqini","og_description":"Adnan Gjinaj \u00ebsht\u00eb modeli nga Ulqini, i cili k\u00ebt\u00eb fillimvit ka marr\u00eb pjes\u00eb n\u00eb nj\u00eb nga ngjarjet m\u00eb t\u00eb r\u00ebnd\u00ebsishme t\u00eb mod\u00ebs n\u00eb bot\u00eb, Java e mod\u00ebs n\u00eb Milano,","og_url":"https:\/\/www.visit-ulcinj.com\/blog\/2013\/01\/18\/adnani-nga-ulqini-sfilon-per-burrberry\/","og_site_name":"Lajme nga Ulqini","article_published_time":"2013-01-18T13:25:32+00:00","article_modified_time":"2013-01-18T13:27:03+00:00","og_image":[{"url":"http:\/\/www.visit-ulcinj.com\/blog\/wp-content\/uploads\/2013\/01\/Adnan-Gjinaj.jpg"}],"twitter_misc":{"Written by":"ulqini","Est. reading time":"1 minute"},"schema":{"@context":"https:\/\/schema.org","@graph":[{"@type":"WebSite","@id":"https:\/\/www.visit-ulcinj.com\/blog\/#website","url":"https:\/\/www.visit-ulcinj.com\/blog\/","name":"Lajme nga Ulqini","description":"Lajme,Vijesti,Ulqini,Ulqin,Crna Gora,Mali i Zi","potentialAction":[{"@type":"SearchAction","target":{"@type":"EntryPoint","urlTemplate":"https:\/\/www.visit-ulcinj.com\/blog\/?s={search_term_string}"},"query-input":"required name=search_term_string"}],"inLanguage":"en-US"},{"@type":"ImageObject","inLanguage":"en-US","@id":"https:\/\/www.visit-ulcinj.com\/blog\/2013\/01\/18\/adnani-nga-ulqini-sfilon-per-burrberry\/#primaryimage","url":"https:\/\/www.visit-ulcinj.com\/blog\/wp-content\/uploads\/2013\/01\/Adnan-Gjinaj.jpg","contentUrl":"https:\/\/www.visit-ulcinj.com\/blog\/wp-content\/uploads\/2013\/01\/Adnan-Gjinaj.jpg","width":597,"height":400},{"@type":"WebPage","@id":"https:\/\/www.visit-ulcinj.com\/blog\/2013\/01\/18\/adnani-nga-ulqini-sfilon-per-burrberry\/#webpage","url":"https:\/\/www.visit-ulcinj.com\/blog\/2013\/01\/18\/adnani-nga-ulqini-sfilon-per-burrberry\/","name":"Adnani nga Ulqini, sfilon p\u00ebr Burrberry - Lajme nga Ulqini","isPartOf":{"@id":"https:\/\/www.visit-ulcinj.com\/blog\/#website"},"primaryImageOfPage":{"@id":"https:\/\/www.visit-ulcinj.com\/blog\/2013\/01\/18\/adnani-nga-ulqini-sfilon-per-burrberry\/#primaryimage"},"datePublished":"2013-01-18T13:25:32+00:00","dateModified":"2013-01-18T13:27:03+00:00","author":{"@id":"https:\/\/www.visit-ulcinj.com\/blog\/#\/schema\/person\/dcab619c614d3038751c63bc2aadc06d"},"description":"Adnan Gjinaj \u00ebsht\u00eb modeli nga Ulqini, i cili k\u00ebt\u00eb fillimvit ka marr\u00eb pjes\u00eb n\u00eb nj\u00eb nga ngjarjet m\u00eb t\u00eb r\u00ebnd\u00ebsishme t\u00eb mod\u00ebs n\u00eb bot\u00eb, Java e mod\u00ebs n\u00eb Milano,","breadcrumb":{"@id":"https:\/\/www.visit-ulcinj.com\/blog\/2013\/01\/18\/adnani-nga-ulqini-sfilon-per-burrberry\/#breadcrumb"},"inLanguage":"en-US","potentialAction":[{"@type":"ReadAction","target":["https:\/\/www.visit-ulcinj.com\/blog\/2013\/01\/18\/adnani-nga-ulqini-sfilon-per-burrberry\/"]}]},{"@type":"BreadcrumbList","@id":"https:\/\/www.visit-ulcinj.com\/blog\/2013\/01\/18\/adnani-nga-ulqini-sfilon-per-burrberry\/#breadcrumb","itemListElement":[{"@type":"ListItem","position":1,"name":"Adnani nga Ulqini, sfilon p\u00ebr Burrberry"}]},{"@type":"Person","@id":"https:\/\/www.visit-ulcinj.com\/blog\/#\/schema\/person\/dcab619c614d3038751c63bc2aadc06d","name":"ulqini","sameAs":["http:\/\/www.visit-ulcinj.com"],"url":"https:\/\/www.visit-ulcinj.com\/blog\/author\/admin\/"}]}},"jetpack_featured_media_url":"","jetpack_sharing_enabled":true,"jetpack_shortlink":"https:\/\/wp.me\/pe6lTn-hCp","_links":{"self":[{"href":"https:\/\/www.visit-ulcinj.com\/blog\/wp-json\/wp\/v2\/posts\/67729"}],"collection":[{"href":"https:\/\/www.visit-ulcinj.com\/blog\/wp-json\/wp\/v2\/posts"}],"about":[{"href":"https:\/\/www.visit-ulcinj.com\/blog\/wp-json\/wp\/v2\/types\/post"}],"author":[{"embeddable":true,"href":"https:\/\/www.visit-ulcinj.com\/blog\/wp-json\/wp\/v2\/users\/1"}],"replies":[{"embeddable":true,"href":"https:\/\/www.visit-ulcinj.com\/blog\/wp-json\/wp\/v2\/comments?post=67729"}],"version-history":[{"count":2,"href":"https:\/\/www.visit-ulcinj.com\/blog\/wp-json\/wp\/v2\/posts\/67729\/revisions"}],"predecessor-version":[{"id":67736,"href":"https:\/\/www.visit-ulcinj.com\/blog\/wp-json\/wp\/v2\/posts\/67729\/revisions\/67736"}],"wp:attachment":[{"href":"https:\/\/www.visit-ulcinj.com\/blog\/wp-json\/wp\/v2\/media?parent=67729"}],"wp:term":[{"taxonomy":"category","embeddable":true,"href":"https:\/\/www.visit-ulcinj.com\/blog\/wp-json\/wp\/v2\/categories?post=67729"},{"taxonomy":"post_tag","embeddable":true,"href":"https:\/\/www.visit-ulcinj.com\/blog\/wp-json\/wp\/v2\/tags?post=67729"}],"curies":[{"name":"wp","href":"https:\/\/api.w.org\/{rel}","templated":true}]}}