{"id":67752,"date":"2013-01-18T20:28:10","date_gmt":"2013-01-18T19:28:10","guid":{"rendered":"http:\/\/www.visit-ulcinj.com\/blog\/?p=67752"},"modified":"2013-01-18T20:28:10","modified_gmt":"2013-01-18T19:28:10","slug":"cungu-se-susreo-sa-predstavnicima-kompanije-dahlem-iz-njemacke","status":"publish","type":"post","link":"https:\/\/www.visit-ulcinj.com\/blog\/2013\/01\/18\/cungu-se-susreo-sa-predstavnicima-kompanije-dahlem-iz-njemacke\/","title":{"rendered":"Cungu se susreo sa predstavnicima kompanije Dahlem iz Njema\u010dke"},"content":{"rendered":"<p><strong><a href=\"http:\/\/www.visit-ulcinj.com\/blog\/wp-content\/uploads\/2013\/01\/Cungu-sa-predstavnicima-kompanije-Dahlem-iz-Njemacke.jpg\"><img loading=\"lazy\" class=\"alignleft  wp-image-67753\" alt=\"Cungu sa predstavnicima kompanije Dahlem iz Njemacke\" src=\"http:\/\/www.visit-ulcinj.com\/blog\/wp-content\/uploads\/2013\/01\/Cungu-sa-predstavnicima-kompanije-Dahlem-iz-Njemacke.jpg\" width=\"508\" height=\"360\" \/><\/a>Predsjednik Op\u0161tine Nazif Cungu sa saradnicima, susreo se sa predstavnicima kompanije Dahlem iz Njema\u010dke<\/strong><\/p>\n<p>Predsjednik Op\u0161tine Ulcinj Nazif Cungu sa saradnicima, susreo se sa predstavnicima kompanije Dahlem iz Njema\u010dke, koja vr\u0161i studiju izvodljivosti projekta vodosnabdijevanja, kanalizacije i tretmana otpadnih voda za op\u0161tinu Ulcinj, finansiranog od strane KFW banke. Gosti su predsjednika informisali o po\u010detnim koracima koje su preduzeli u vezi sa ovim projektom, kao i o narednim planovima do zavr\u0161etka projekta.<\/p>\n<p>Na sastanku je nagla\u0161ena va\u017enost projekta za sveukupan razvoj op\u0161tine Ulcinj. S toga je ocijenjeno da projekat treba da po\u010diva na realnim pretpostavkama, i da bude usagla\u0161en sa stvarnim potrebama op\u0161tine Ulcinj. Posebno je istaknuto da se projekat mora usaglasiti sa prostornim planom op\u0161tine Ulcinj koji je u fazi izrade, te da je neophodno obezbijediti ta\u010dne podatke o demografskim kretanjima, stambenom fondu, i druge podatke kako bi projekat bio primjenjiv u praksi.<br \/>\nPredsjednik Cungu je gostima saop\u0161tio da \u0107e im organi op\u0161tine i javno komunalno preduze\u0107e biti na raspolaganju na svaki njihov zahtjev.<br \/>\nNa sastanku je razgovarano i o trenutnoj situaciji koje su prouzrokovale padavine prethodnih dana.<\/p>\n<p><strong>Op\u0161tina Ulcinj \/ Komuna e Ulqinit<\/strong><br \/>\nTel: +382 30 412 050<br \/>\nFax: +382 30 412 413<br \/>\nAdresa: Bul. Skenderbeu bb, 85360 Ulcinj, MNE<\/p>\n","protected":false},"excerpt":{"rendered":"<p>Predsjednik Op\u0161tine Nazif Cungu sa saradnicima, susreo se sa predstavnicima kompanije Dahlem iz Njema\u010dke Predsjednik Op\u0161tine Ulcinj Nazif Cungu sa saradnicima, susreo se sa predstavnicima kompanije Dahlem iz Njema\u010dke, koja vr\u0161i studiju izvodljivosti projekta vodosnabdijevanja, kanalizacije i tretmana otpadnih voda za op\u0161tinu Ulcinj, finansiranog od strane KFW banke. Gosti su predsjednika informisali o po\u010detnim koracima [&hellip;]<\/p>\n","protected":false},"author":1,"featured_media":0,"comment_status":"open","ping_status":"closed","sticky":false,"template":"","format":"standard","meta":{"spay_email":"","jetpack_publicize_message":"","jetpack_is_tweetstorm":false,"jetpack_publicize_feature_enabled":true},"categories":[6950],"tags":[118,264,19],"jetpack_publicize_connections":[],"yoast_head":"<!-- This site is optimized with the Yoast SEO plugin v19.1 - https:\/\/yoast.com\/wordpress\/plugins\/seo\/ -->\n<title>Cungu se susreo sa predstavnicima kompanije Dahlem iz Njema\u010dke - Lajme nga Ulqini<\/title>\n<meta name=\"description\" content=\"Predsjednik Op\u0161tine Nazif Cungu sa saradnicima, susreo se sa predstavnicima kompanije Dahlem iz Njema\u010dke Predsjednik Op\u0161tine Ulcinj Nazif Cungu sa\" \/>\n<meta name=\"robots\" content=\"index, follow, max-snippet:-1, max-image-preview:large, max-video-preview:-1\" \/>\n<link rel=\"canonical\" href=\"https:\/\/www.visit-ulcinj.com\/blog\/2013\/01\/18\/cungu-se-susreo-sa-predstavnicima-kompanije-dahlem-iz-njemacke\/\" \/>\n<meta property=\"og:locale\" content=\"en_US\" \/>\n<meta property=\"og:type\" content=\"article\" \/>\n<meta property=\"og:title\" content=\"Cungu se susreo sa predstavnicima kompanije Dahlem iz Njema\u010dke - Lajme nga Ulqini\" \/>\n<meta property=\"og:description\" content=\"Predsjednik Op\u0161tine Nazif Cungu sa saradnicima, susreo se sa predstavnicima kompanije Dahlem iz Njema\u010dke Predsjednik Op\u0161tine Ulcinj Nazif Cungu sa\" \/>\n<meta property=\"og:url\" content=\"https:\/\/www.visit-ulcinj.com\/blog\/2013\/01\/18\/cungu-se-susreo-sa-predstavnicima-kompanije-dahlem-iz-njemacke\/\" \/>\n<meta property=\"og:site_name\" content=\"Lajme nga Ulqini\" \/>\n<meta property=\"article:published_time\" content=\"2013-01-18T19:28:10+00:00\" \/>\n<meta property=\"og:image\" content=\"http:\/\/www.visit-ulcinj.com\/blog\/wp-content\/uploads\/2013\/01\/Cungu-sa-predstavnicima-kompanije-Dahlem-iz-Njemacke.jpg\" \/>\n<meta name=\"twitter:label1\" content=\"Written by\" \/>\n\t<meta name=\"twitter:data1\" content=\"ulqini\" \/>\n\t<meta name=\"twitter:label2\" content=\"Est. reading time\" \/>\n\t<meta name=\"twitter:data2\" content=\"1 minute\" \/>\n<script type=\"application\/ld+json\" class=\"yoast-schema-graph\">{\"@context\":\"https:\/\/schema.org\",\"@graph\":[{\"@type\":\"WebSite\",\"@id\":\"https:\/\/www.visit-ulcinj.com\/blog\/#website\",\"url\":\"https:\/\/www.visit-ulcinj.com\/blog\/\",\"name\":\"Lajme nga Ulqini\",\"description\":\"Lajme,Vijesti,Ulqini,Ulqin,Crna Gora,Mali i Zi\",\"potentialAction\":[{\"@type\":\"SearchAction\",\"target\":{\"@type\":\"EntryPoint\",\"urlTemplate\":\"https:\/\/www.visit-ulcinj.com\/blog\/?s={search_term_string}\"},\"query-input\":\"required name=search_term_string\"}],\"inLanguage\":\"en-US\"},{\"@type\":\"ImageObject\",\"inLanguage\":\"en-US\",\"@id\":\"https:\/\/www.visit-ulcinj.com\/blog\/2013\/01\/18\/cungu-se-susreo-sa-predstavnicima-kompanije-dahlem-iz-njemacke\/#primaryimage\",\"url\":\"https:\/\/www.visit-ulcinj.com\/blog\/wp-content\/uploads\/2013\/01\/Cungu-sa-predstavnicima-kompanije-Dahlem-iz-Njemacke.jpg\",\"contentUrl\":\"https:\/\/www.visit-ulcinj.com\/blog\/wp-content\/uploads\/2013\/01\/Cungu-sa-predstavnicima-kompanije-Dahlem-iz-Njemacke.jpg\",\"width\":640,\"height\":424},{\"@type\":\"WebPage\",\"@id\":\"https:\/\/www.visit-ulcinj.com\/blog\/2013\/01\/18\/cungu-se-susreo-sa-predstavnicima-kompanije-dahlem-iz-njemacke\/#webpage\",\"url\":\"https:\/\/www.visit-ulcinj.com\/blog\/2013\/01\/18\/cungu-se-susreo-sa-predstavnicima-kompanije-dahlem-iz-njemacke\/\",\"name\":\"Cungu se susreo sa predstavnicima kompanije Dahlem iz Njema\u010dke - Lajme nga Ulqini\",\"isPartOf\":{\"@id\":\"https:\/\/www.visit-ulcinj.com\/blog\/#website\"},\"primaryImageOfPage\":{\"@id\":\"https:\/\/www.visit-ulcinj.com\/blog\/2013\/01\/18\/cungu-se-susreo-sa-predstavnicima-kompanije-dahlem-iz-njemacke\/#primaryimage\"},\"datePublished\":\"2013-01-18T19:28:10+00:00\",\"dateModified\":\"2013-01-18T19:28:10+00:00\",\"author\":{\"@id\":\"https:\/\/www.visit-ulcinj.com\/blog\/#\/schema\/person\/dcab619c614d3038751c63bc2aadc06d\"},\"description\":\"Predsjednik Op\u0161tine Nazif Cungu sa saradnicima, susreo se sa predstavnicima kompanije Dahlem iz Njema\u010dke Predsjednik Op\u0161tine Ulcinj Nazif Cungu sa\",\"breadcrumb\":{\"@id\":\"https:\/\/www.visit-ulcinj.com\/blog\/2013\/01\/18\/cungu-se-susreo-sa-predstavnicima-kompanije-dahlem-iz-njemacke\/#breadcrumb\"},\"inLanguage\":\"en-US\",\"potentialAction\":[{\"@type\":\"ReadAction\",\"target\":[\"https:\/\/www.visit-ulcinj.com\/blog\/2013\/01\/18\/cungu-se-susreo-sa-predstavnicima-kompanije-dahlem-iz-njemacke\/\"]}]},{\"@type\":\"BreadcrumbList\",\"@id\":\"https:\/\/www.visit-ulcinj.com\/blog\/2013\/01\/18\/cungu-se-susreo-sa-predstavnicima-kompanije-dahlem-iz-njemacke\/#breadcrumb\",\"itemListElement\":[{\"@type\":\"ListItem\",\"position\":1,\"name\":\"Cungu se susreo sa predstavnicima kompanije Dahlem iz Njema\u010dke\"}]},{\"@type\":\"Person\",\"@id\":\"https:\/\/www.visit-ulcinj.com\/blog\/#\/schema\/person\/dcab619c614d3038751c63bc2aadc06d\",\"name\":\"ulqini\",\"sameAs\":[\"http:\/\/www.visit-ulcinj.com\"],\"url\":\"https:\/\/www.visit-ulcinj.com\/blog\/author\/admin\/\"}]}<\/script>\n<!-- \/ Yoast SEO plugin. -->","yoast_head_json":{"title":"Cungu se susreo sa predstavnicima kompanije Dahlem iz Njema\u010dke - Lajme nga Ulqini","description":"Predsjednik Op\u0161tine Nazif Cungu sa saradnicima, susreo se sa predstavnicima kompanije Dahlem iz Njema\u010dke Predsjednik Op\u0161tine Ulcinj Nazif Cungu sa","robots":{"index":"index","follow":"follow","max-snippet":"max-snippet:-1","max-image-preview":"max-image-preview:large","max-video-preview":"max-video-preview:-1"},"canonical":"https:\/\/www.visit-ulcinj.com\/blog\/2013\/01\/18\/cungu-se-susreo-sa-predstavnicima-kompanije-dahlem-iz-njemacke\/","og_locale":"en_US","og_type":"article","og_title":"Cungu se susreo sa predstavnicima kompanije Dahlem iz Njema\u010dke - Lajme nga Ulqini","og_description":"Predsjednik Op\u0161tine Nazif Cungu sa saradnicima, susreo se sa predstavnicima kompanije Dahlem iz Njema\u010dke Predsjednik Op\u0161tine Ulcinj Nazif Cungu sa","og_url":"https:\/\/www.visit-ulcinj.com\/blog\/2013\/01\/18\/cungu-se-susreo-sa-predstavnicima-kompanije-dahlem-iz-njemacke\/","og_site_name":"Lajme nga Ulqini","article_published_time":"2013-01-18T19:28:10+00:00","og_image":[{"url":"http:\/\/www.visit-ulcinj.com\/blog\/wp-content\/uploads\/2013\/01\/Cungu-sa-predstavnicima-kompanije-Dahlem-iz-Njemacke.jpg"}],"twitter_misc":{"Written by":"ulqini","Est. reading time":"1 minute"},"schema":{"@context":"https:\/\/schema.org","@graph":[{"@type":"WebSite","@id":"https:\/\/www.visit-ulcinj.com\/blog\/#website","url":"https:\/\/www.visit-ulcinj.com\/blog\/","name":"Lajme nga Ulqini","description":"Lajme,Vijesti,Ulqini,Ulqin,Crna Gora,Mali i Zi","potentialAction":[{"@type":"SearchAction","target":{"@type":"EntryPoint","urlTemplate":"https:\/\/www.visit-ulcinj.com\/blog\/?s={search_term_string}"},"query-input":"required name=search_term_string"}],"inLanguage":"en-US"},{"@type":"ImageObject","inLanguage":"en-US","@id":"https:\/\/www.visit-ulcinj.com\/blog\/2013\/01\/18\/cungu-se-susreo-sa-predstavnicima-kompanije-dahlem-iz-njemacke\/#primaryimage","url":"https:\/\/www.visit-ulcinj.com\/blog\/wp-content\/uploads\/2013\/01\/Cungu-sa-predstavnicima-kompanije-Dahlem-iz-Njemacke.jpg","contentUrl":"https:\/\/www.visit-ulcinj.com\/blog\/wp-content\/uploads\/2013\/01\/Cungu-sa-predstavnicima-kompanije-Dahlem-iz-Njemacke.jpg","width":640,"height":424},{"@type":"WebPage","@id":"https:\/\/www.visit-ulcinj.com\/blog\/2013\/01\/18\/cungu-se-susreo-sa-predstavnicima-kompanije-dahlem-iz-njemacke\/#webpage","url":"https:\/\/www.visit-ulcinj.com\/blog\/2013\/01\/18\/cungu-se-susreo-sa-predstavnicima-kompanije-dahlem-iz-njemacke\/","name":"Cungu se susreo sa predstavnicima kompanije Dahlem iz Njema\u010dke - Lajme nga Ulqini","isPartOf":{"@id":"https:\/\/www.visit-ulcinj.com\/blog\/#website"},"primaryImageOfPage":{"@id":"https:\/\/www.visit-ulcinj.com\/blog\/2013\/01\/18\/cungu-se-susreo-sa-predstavnicima-kompanije-dahlem-iz-njemacke\/#primaryimage"},"datePublished":"2013-01-18T19:28:10+00:00","dateModified":"2013-01-18T19:28:10+00:00","author":{"@id":"https:\/\/www.visit-ulcinj.com\/blog\/#\/schema\/person\/dcab619c614d3038751c63bc2aadc06d"},"description":"Predsjednik Op\u0161tine Nazif Cungu sa saradnicima, susreo se sa predstavnicima kompanije Dahlem iz Njema\u010dke Predsjednik Op\u0161tine Ulcinj Nazif Cungu sa","breadcrumb":{"@id":"https:\/\/www.visit-ulcinj.com\/blog\/2013\/01\/18\/cungu-se-susreo-sa-predstavnicima-kompanije-dahlem-iz-njemacke\/#breadcrumb"},"inLanguage":"en-US","potentialAction":[{"@type":"ReadAction","target":["https:\/\/www.visit-ulcinj.com\/blog\/2013\/01\/18\/cungu-se-susreo-sa-predstavnicima-kompanije-dahlem-iz-njemacke\/"]}]},{"@type":"BreadcrumbList","@id":"https:\/\/www.visit-ulcinj.com\/blog\/2013\/01\/18\/cungu-se-susreo-sa-predstavnicima-kompanije-dahlem-iz-njemacke\/#breadcrumb","itemListElement":[{"@type":"ListItem","position":1,"name":"Cungu se susreo sa predstavnicima kompanije Dahlem iz Njema\u010dke"}]},{"@type":"Person","@id":"https:\/\/www.visit-ulcinj.com\/blog\/#\/schema\/person\/dcab619c614d3038751c63bc2aadc06d","name":"ulqini","sameAs":["http:\/\/www.visit-ulcinj.com"],"url":"https:\/\/www.visit-ulcinj.com\/blog\/author\/admin\/"}]}},"jetpack_featured_media_url":"","jetpack_sharing_enabled":true,"jetpack_shortlink":"https:\/\/wp.me\/pe6lTn-hCM","_links":{"self":[{"href":"https:\/\/www.visit-ulcinj.com\/blog\/wp-json\/wp\/v2\/posts\/67752"}],"collection":[{"href":"https:\/\/www.visit-ulcinj.com\/blog\/wp-json\/wp\/v2\/posts"}],"about":[{"href":"https:\/\/www.visit-ulcinj.com\/blog\/wp-json\/wp\/v2\/types\/post"}],"author":[{"embeddable":true,"href":"https:\/\/www.visit-ulcinj.com\/blog\/wp-json\/wp\/v2\/users\/1"}],"replies":[{"embeddable":true,"href":"https:\/\/www.visit-ulcinj.com\/blog\/wp-json\/wp\/v2\/comments?post=67752"}],"version-history":[{"count":2,"href":"https:\/\/www.visit-ulcinj.com\/blog\/wp-json\/wp\/v2\/posts\/67752\/revisions"}],"predecessor-version":[{"id":67755,"href":"https:\/\/www.visit-ulcinj.com\/blog\/wp-json\/wp\/v2\/posts\/67752\/revisions\/67755"}],"wp:attachment":[{"href":"https:\/\/www.visit-ulcinj.com\/blog\/wp-json\/wp\/v2\/media?parent=67752"}],"wp:term":[{"taxonomy":"category","embeddable":true,"href":"https:\/\/www.visit-ulcinj.com\/blog\/wp-json\/wp\/v2\/categories?post=67752"},{"taxonomy":"post_tag","embeddable":true,"href":"https:\/\/www.visit-ulcinj.com\/blog\/wp-json\/wp\/v2\/tags?post=67752"}],"curies":[{"name":"wp","href":"https:\/\/api.w.org\/{rel}","templated":true}]}}