{"id":67757,"date":"2013-01-18T20:49:44","date_gmt":"2013-01-18T19:49:44","guid":{"rendered":"http:\/\/www.visit-ulcinj.com\/blog\/?p=67757"},"modified":"2013-01-18T20:49:44","modified_gmt":"2013-01-18T19:49:44","slug":"htp-ulcinjska-rivijera-u-planu-privatizacije-za-2013","status":"publish","type":"post","link":"https:\/\/www.visit-ulcinj.com\/blog\/2013\/01\/18\/htp-ulcinjska-rivijera-u-planu-privatizacije-za-2013\/","title":{"rendered":"HTP \u201eUlcinjska rivijera&#8221; u planu privatizacije za 2013"},"content":{"rendered":"<p><a href=\"http:\/\/www.visit-ulcinj.com\/blog\/wp-content\/uploads\/2013\/01\/Ulcinjska-rivijera_Tender_For-Sale.jpg\"><img loading=\"lazy\" class=\"alignleft  wp-image-67758\" alt=\"Ulcinjska-rivijera_Tender_For-Sale\" src=\"http:\/\/www.visit-ulcinj.com\/blog\/wp-content\/uploads\/2013\/01\/Ulcinjska-rivijera_Tender_For-Sale.jpg\" width=\"508\" height=\"360\" \/><\/a>Na sjednici Savjeta za privatizaciju i kapitalne projekte, kojom je predsjedavao predsjednik Vlade i predsjednik Savjeta Milo \u0110ukanovi\u0107, usvojen je Predlog odluke o planu privatizacije za 2013. godinu.<\/p>\n<p>Tim Predlogom utvr\u0111uju se osnovni ciljevi, metodi i na\u010dini privatizacije, uklju\u010duju\u0107i spiskove dru\u0161tava i procente akcijskog kapitala za privatizaciju. Osnovni ciljevi privatizacionog procesa, kako se navodi u Predlogu odluke, su pove\u0107anje konkurentnosti i efikasnosti funkcionisanja privrednih dru\u0161tava, podsticanje stranih ulaganja i preduzetni\u0161tva, pove\u0107anje zaposlenosti i pobolj\u0161anje \u017eivotnog standarda.<\/p>\n<p>Prema Predlogu odluke, u 2013. godini nastavi\u0107e se sa sprovo\u0111enjem ve\u0107 objavljenih tendera za: NIG \u201ePobjeda&#8221;- Podgorica, \u201eKontejnerski terminal i generalne terete&#8221;-Bar, Institut &#8220;dr Simo Milo\u0161evi\u0107&#8221; i Novi duvanski kombinat, kao i sa pripremom tendera za \u201eMontecargo&#8221;, \u201eMontenegro airlines&#8221;, HG \u201eBudvanska rivijera&#8221;, HTP \u201eUlcinjska rivijera&#8221;, \u201eInstitut crne metalurgije&#8221; &#8211; Nik\u0161i\u0107, Fabriku elektroda Plu\u017eine i &#8220;Poliex&#8221; &#8211; Berane.<\/p>\n<p>Predlogom odluke je predvi\u0111eno i da jedan broj lokaliteta i kompleksa bude ponu\u0111en u zakup po modelu privatno-javnog partnerstva. Akcenat je pri tome stavljen na Adu Bojanu, Veliku pla\u017eu, Bjelasicu-Komove (sa lokalitetima \u017darski, Cmilja\u010da, Torine, Kola\u0161in 1600, Jelovica i Komovi), Skadarsko jezero (\u017dabljak Crnojevi\u0107a i Vranjina sa Lesendrom), te na lokalitete obuhva\u0107ene dr\u017eavnim studijama lokacije u okviru Prostornog plana posebne namjene Morsko dobro i Durmitor. Pored toga, u zakup \u0107e biti ponu\u0111eni i kamp Neptun (vlasni\u0161tvo HTP &#8220;Ulcinjska rivijera&#8221;), \u201ePo\u0161ta Crne Gore, Ostrvo \u201eMamula&#8221;, \u201eValdanos&#8221;, \u201eOstrvo cvije\u0107a&#8221; i zemlji\u0161ta \u201ePrevlaka&#8221; (Tivat), &#8220;Bigova&#8221;- Tra\u0161te (Op\u0161tina Kotor) i dr.<br \/>\nU teku\u0107oj godini nastavi\u0107e se i sa privatizacijom privrednih dru\u0161tava na berzi i prodajom imovine putem javne aukcije.<\/p>\n<p>U cilju efikasnije realizacije berzanske prodaje, potrebno je da se pa\u017enja posveti jednom broju preduze\u0107a sa upisanim dru\u0161tvenim kapitalom koja jo\u0161 nijesu privatizovana. Stoga je Savjet zadu\u017eio Investiciono-razvojni fond, Fond PIO i Zavod za zapo\u0161ljavanje, koji su kroz postupak svojinske i upravlja\u010dke transformacije stekli vlasni\u0161tvo u ovim dru\u0161tvima, da pokrenu aktivnosti na rje\u0161avanju njihovog statusa i a\u017euriraju vlasni\u0161tvo u svojim ra\u010dunovodstvenim evidencijama.<\/p>\n<p>Savjet je na dana\u0161njoj sjednici razmotrio i usvojio Informaciju o statusu ugovora sa nerealizovanim investionim obavezama iz oblasti turizma i predlozima za njihovo rje\u0161enje. Aktuelizovanje ove teme predstavlja po\u010detak realizacije vladine politike, koja je najavljena prilikom izbora Vlade u parlamentu, \u010diji je cilj uspostavljanje ve\u0107eg pravnog reda i po\u0161tovanje zaklju\u010denih ugovora, kao i stavljanje paralisanih resursa u funkciju razvoja, kroz zaklju\u010divanje aran\u017emana sa novim partnerima. Stoga je, u cilju prevazila\u017eenja nastalih problema, Savjet formirao radni tim koji je zadu\u017een da u saradnji sa predstavnicima investitora, u roku od 14 dana, pripremi i usaglasi predloge aneksa i dostavi ih Vladi na razmatranje i usvajanje.<\/p>\n<p>U slu\u010daju da se, u komunikaciji sa investitorima, u navedenom roku ne usaglase bitni elemenati za nastavak investicionih aktivnosti, radni tim treba Vladi da dostavi predloge za raskid ugovora i zahtjev za naknadu \u0161tete.<\/p>\n<p>Na dana\u0161njoj sjednici Savjet je imenovao Odbor koji \u0107e upravljati projektom &#8220;Socijalni karton&#8221;, u \u010dijem sastavu su potpredsjednik Vlade Vujica Lazovi\u0107, ministar rada i socijalnog staranja Predrag Bo\u0161kovi\u0107, ministar finansija Radoje \u017digi\u0107 i savjetnik predsjednika Vlade Milorad Katni\u0107. Odbor \u0107e na prvoj sjednici formirati ekspertski (Operativni) tim koji \u0107e se, u saradnji sa UNDP-em, operativno starati o realizaciji projekta.<\/p>\n<p>Savjet je razmotrio i prihvatio Zahtjev HTP \u201eUlcinjska rivijera&#8221; AD Ulcinj za prodaju dijela imovine ovog dru\u0161tva putem javne aukcije i razmotrio druga pitanja iz svoje nadle\u017enosti.<\/p>\n<p><strong>(saop\u0161tenje)\u00a0<\/strong><br \/>\n<strong>RTCG<\/strong><\/p>\n<p>&nbsp;<\/p>\n","protected":false},"excerpt":{"rendered":"<p>Na sjednici Savjeta za privatizaciju i kapitalne projekte, kojom je predsjedavao predsjednik Vlade i predsjednik Savjeta Milo \u0110ukanovi\u0107, usvojen je Predlog odluke o planu privatizacije za 2013. godinu. Tim Predlogom utvr\u0111uju se osnovni ciljevi, metodi i na\u010dini privatizacije, uklju\u010duju\u0107i spiskove dru\u0161tava i procente akcijskog kapitala za privatizaciju. Osnovni ciljevi privatizacionog procesa, kako se navodi u [&hellip;]<\/p>\n","protected":false},"author":1,"featured_media":0,"comment_status":"open","ping_status":"closed","sticky":false,"template":"","format":"standard","meta":{"spay_email":"","jetpack_publicize_message":"","jetpack_is_tweetstorm":false,"jetpack_publicize_feature_enabled":true},"categories":[8337],"tags":[250],"jetpack_publicize_connections":[],"yoast_head":"<!-- This site is optimized with the Yoast SEO plugin v19.1 - https:\/\/yoast.com\/wordpress\/plugins\/seo\/ -->\n<title>HTP \u201eUlcinjska rivijera&quot; u planu privatizacije za 2013 - Lajme nga Ulqini<\/title>\n<meta name=\"description\" content=\"Na sjednici Savjeta za privatizaciju i kapitalne projekte, kojom je predsjedavao predsjednik Vlade i predsjednik Savjeta Milo \u0110ukanovi\u0107, usvojen je\" \/>\n<meta name=\"robots\" content=\"index, follow, max-snippet:-1, max-image-preview:large, max-video-preview:-1\" \/>\n<link rel=\"canonical\" href=\"https:\/\/www.visit-ulcinj.com\/blog\/2013\/01\/18\/htp-ulcinjska-rivijera-u-planu-privatizacije-za-2013\/\" \/>\n<meta property=\"og:locale\" content=\"en_US\" \/>\n<meta property=\"og:type\" content=\"article\" \/>\n<meta property=\"og:title\" content=\"HTP \u201eUlcinjska rivijera&quot; u planu privatizacije za 2013 - Lajme nga Ulqini\" \/>\n<meta property=\"og:description\" content=\"Na sjednici Savjeta za privatizaciju i kapitalne projekte, kojom je predsjedavao predsjednik Vlade i predsjednik Savjeta Milo \u0110ukanovi\u0107, usvojen je\" \/>\n<meta property=\"og:url\" content=\"https:\/\/www.visit-ulcinj.com\/blog\/2013\/01\/18\/htp-ulcinjska-rivijera-u-planu-privatizacije-za-2013\/\" \/>\n<meta property=\"og:site_name\" content=\"Lajme nga Ulqini\" \/>\n<meta property=\"article:published_time\" content=\"2013-01-18T19:49:44+00:00\" \/>\n<meta property=\"og:image\" content=\"http:\/\/www.visit-ulcinj.com\/blog\/wp-content\/uploads\/2013\/01\/Ulcinjska-rivijera_Tender_For-Sale.jpg\" \/>\n<meta name=\"twitter:label1\" content=\"Written by\" \/>\n\t<meta name=\"twitter:data1\" content=\"ulqini\" \/>\n\t<meta name=\"twitter:label2\" content=\"Est. reading time\" \/>\n\t<meta name=\"twitter:data2\" content=\"3 minutes\" \/>\n<script type=\"application\/ld+json\" class=\"yoast-schema-graph\">{\"@context\":\"https:\/\/schema.org\",\"@graph\":[{\"@type\":\"WebSite\",\"@id\":\"https:\/\/www.visit-ulcinj.com\/blog\/#website\",\"url\":\"https:\/\/www.visit-ulcinj.com\/blog\/\",\"name\":\"Lajme nga Ulqini\",\"description\":\"Lajme,Vijesti,Ulqini,Ulqin,Crna Gora,Mali i Zi\",\"potentialAction\":[{\"@type\":\"SearchAction\",\"target\":{\"@type\":\"EntryPoint\",\"urlTemplate\":\"https:\/\/www.visit-ulcinj.com\/blog\/?s={search_term_string}\"},\"query-input\":\"required name=search_term_string\"}],\"inLanguage\":\"en-US\"},{\"@type\":\"ImageObject\",\"inLanguage\":\"en-US\",\"@id\":\"https:\/\/www.visit-ulcinj.com\/blog\/2013\/01\/18\/htp-ulcinjska-rivijera-u-planu-privatizacije-za-2013\/#primaryimage\",\"url\":\"https:\/\/www.visit-ulcinj.com\/blog\/wp-content\/uploads\/2013\/01\/Ulcinjska-rivijera_Tender_For-Sale.jpg\",\"contentUrl\":\"https:\/\/www.visit-ulcinj.com\/blog\/wp-content\/uploads\/2013\/01\/Ulcinjska-rivijera_Tender_For-Sale.jpg\",\"width\":720,\"height\":479},{\"@type\":\"WebPage\",\"@id\":\"https:\/\/www.visit-ulcinj.com\/blog\/2013\/01\/18\/htp-ulcinjska-rivijera-u-planu-privatizacije-za-2013\/#webpage\",\"url\":\"https:\/\/www.visit-ulcinj.com\/blog\/2013\/01\/18\/htp-ulcinjska-rivijera-u-planu-privatizacije-za-2013\/\",\"name\":\"HTP \u201eUlcinjska rivijera\\\" u planu privatizacije za 2013 - Lajme nga Ulqini\",\"isPartOf\":{\"@id\":\"https:\/\/www.visit-ulcinj.com\/blog\/#website\"},\"primaryImageOfPage\":{\"@id\":\"https:\/\/www.visit-ulcinj.com\/blog\/2013\/01\/18\/htp-ulcinjska-rivijera-u-planu-privatizacije-za-2013\/#primaryimage\"},\"datePublished\":\"2013-01-18T19:49:44+00:00\",\"dateModified\":\"2013-01-18T19:49:44+00:00\",\"author\":{\"@id\":\"https:\/\/www.visit-ulcinj.com\/blog\/#\/schema\/person\/dcab619c614d3038751c63bc2aadc06d\"},\"description\":\"Na sjednici Savjeta za privatizaciju i kapitalne projekte, kojom je predsjedavao predsjednik Vlade i predsjednik Savjeta Milo \u0110ukanovi\u0107, usvojen je\",\"breadcrumb\":{\"@id\":\"https:\/\/www.visit-ulcinj.com\/blog\/2013\/01\/18\/htp-ulcinjska-rivijera-u-planu-privatizacije-za-2013\/#breadcrumb\"},\"inLanguage\":\"en-US\",\"potentialAction\":[{\"@type\":\"ReadAction\",\"target\":[\"https:\/\/www.visit-ulcinj.com\/blog\/2013\/01\/18\/htp-ulcinjska-rivijera-u-planu-privatizacije-za-2013\/\"]}]},{\"@type\":\"BreadcrumbList\",\"@id\":\"https:\/\/www.visit-ulcinj.com\/blog\/2013\/01\/18\/htp-ulcinjska-rivijera-u-planu-privatizacije-za-2013\/#breadcrumb\",\"itemListElement\":[{\"@type\":\"ListItem\",\"position\":1,\"name\":\"HTP \u201eUlcinjska rivijera&#8221; u planu privatizacije za 2013\"}]},{\"@type\":\"Person\",\"@id\":\"https:\/\/www.visit-ulcinj.com\/blog\/#\/schema\/person\/dcab619c614d3038751c63bc2aadc06d\",\"name\":\"ulqini\",\"sameAs\":[\"http:\/\/www.visit-ulcinj.com\"],\"url\":\"https:\/\/www.visit-ulcinj.com\/blog\/author\/admin\/\"}]}<\/script>\n<!-- \/ Yoast SEO plugin. -->","yoast_head_json":{"title":"HTP \u201eUlcinjska rivijera\" u planu privatizacije za 2013 - Lajme nga Ulqini","description":"Na sjednici Savjeta za privatizaciju i kapitalne projekte, kojom je predsjedavao predsjednik Vlade i predsjednik Savjeta Milo \u0110ukanovi\u0107, usvojen je","robots":{"index":"index","follow":"follow","max-snippet":"max-snippet:-1","max-image-preview":"max-image-preview:large","max-video-preview":"max-video-preview:-1"},"canonical":"https:\/\/www.visit-ulcinj.com\/blog\/2013\/01\/18\/htp-ulcinjska-rivijera-u-planu-privatizacije-za-2013\/","og_locale":"en_US","og_type":"article","og_title":"HTP \u201eUlcinjska rivijera\" u planu privatizacije za 2013 - Lajme nga Ulqini","og_description":"Na sjednici Savjeta za privatizaciju i kapitalne projekte, kojom je predsjedavao predsjednik Vlade i predsjednik Savjeta Milo \u0110ukanovi\u0107, usvojen je","og_url":"https:\/\/www.visit-ulcinj.com\/blog\/2013\/01\/18\/htp-ulcinjska-rivijera-u-planu-privatizacije-za-2013\/","og_site_name":"Lajme nga Ulqini","article_published_time":"2013-01-18T19:49:44+00:00","og_image":[{"url":"http:\/\/www.visit-ulcinj.com\/blog\/wp-content\/uploads\/2013\/01\/Ulcinjska-rivijera_Tender_For-Sale.jpg"}],"twitter_misc":{"Written by":"ulqini","Est. reading time":"3 minutes"},"schema":{"@context":"https:\/\/schema.org","@graph":[{"@type":"WebSite","@id":"https:\/\/www.visit-ulcinj.com\/blog\/#website","url":"https:\/\/www.visit-ulcinj.com\/blog\/","name":"Lajme nga Ulqini","description":"Lajme,Vijesti,Ulqini,Ulqin,Crna Gora,Mali i Zi","potentialAction":[{"@type":"SearchAction","target":{"@type":"EntryPoint","urlTemplate":"https:\/\/www.visit-ulcinj.com\/blog\/?s={search_term_string}"},"query-input":"required name=search_term_string"}],"inLanguage":"en-US"},{"@type":"ImageObject","inLanguage":"en-US","@id":"https:\/\/www.visit-ulcinj.com\/blog\/2013\/01\/18\/htp-ulcinjska-rivijera-u-planu-privatizacije-za-2013\/#primaryimage","url":"https:\/\/www.visit-ulcinj.com\/blog\/wp-content\/uploads\/2013\/01\/Ulcinjska-rivijera_Tender_For-Sale.jpg","contentUrl":"https:\/\/www.visit-ulcinj.com\/blog\/wp-content\/uploads\/2013\/01\/Ulcinjska-rivijera_Tender_For-Sale.jpg","width":720,"height":479},{"@type":"WebPage","@id":"https:\/\/www.visit-ulcinj.com\/blog\/2013\/01\/18\/htp-ulcinjska-rivijera-u-planu-privatizacije-za-2013\/#webpage","url":"https:\/\/www.visit-ulcinj.com\/blog\/2013\/01\/18\/htp-ulcinjska-rivijera-u-planu-privatizacije-za-2013\/","name":"HTP \u201eUlcinjska rivijera\" u planu privatizacije za 2013 - Lajme nga Ulqini","isPartOf":{"@id":"https:\/\/www.visit-ulcinj.com\/blog\/#website"},"primaryImageOfPage":{"@id":"https:\/\/www.visit-ulcinj.com\/blog\/2013\/01\/18\/htp-ulcinjska-rivijera-u-planu-privatizacije-za-2013\/#primaryimage"},"datePublished":"2013-01-18T19:49:44+00:00","dateModified":"2013-01-18T19:49:44+00:00","author":{"@id":"https:\/\/www.visit-ulcinj.com\/blog\/#\/schema\/person\/dcab619c614d3038751c63bc2aadc06d"},"description":"Na sjednici Savjeta za privatizaciju i kapitalne projekte, kojom je predsjedavao predsjednik Vlade i predsjednik Savjeta Milo \u0110ukanovi\u0107, usvojen je","breadcrumb":{"@id":"https:\/\/www.visit-ulcinj.com\/blog\/2013\/01\/18\/htp-ulcinjska-rivijera-u-planu-privatizacije-za-2013\/#breadcrumb"},"inLanguage":"en-US","potentialAction":[{"@type":"ReadAction","target":["https:\/\/www.visit-ulcinj.com\/blog\/2013\/01\/18\/htp-ulcinjska-rivijera-u-planu-privatizacije-za-2013\/"]}]},{"@type":"BreadcrumbList","@id":"https:\/\/www.visit-ulcinj.com\/blog\/2013\/01\/18\/htp-ulcinjska-rivijera-u-planu-privatizacije-za-2013\/#breadcrumb","itemListElement":[{"@type":"ListItem","position":1,"name":"HTP \u201eUlcinjska rivijera&#8221; u planu privatizacije za 2013"}]},{"@type":"Person","@id":"https:\/\/www.visit-ulcinj.com\/blog\/#\/schema\/person\/dcab619c614d3038751c63bc2aadc06d","name":"ulqini","sameAs":["http:\/\/www.visit-ulcinj.com"],"url":"https:\/\/www.visit-ulcinj.com\/blog\/author\/admin\/"}]}},"jetpack_featured_media_url":"","jetpack_sharing_enabled":true,"jetpack_shortlink":"https:\/\/wp.me\/pe6lTn-hCR","_links":{"self":[{"href":"https:\/\/www.visit-ulcinj.com\/blog\/wp-json\/wp\/v2\/posts\/67757"}],"collection":[{"href":"https:\/\/www.visit-ulcinj.com\/blog\/wp-json\/wp\/v2\/posts"}],"about":[{"href":"https:\/\/www.visit-ulcinj.com\/blog\/wp-json\/wp\/v2\/types\/post"}],"author":[{"embeddable":true,"href":"https:\/\/www.visit-ulcinj.com\/blog\/wp-json\/wp\/v2\/users\/1"}],"replies":[{"embeddable":true,"href":"https:\/\/www.visit-ulcinj.com\/blog\/wp-json\/wp\/v2\/comments?post=67757"}],"version-history":[{"count":1,"href":"https:\/\/www.visit-ulcinj.com\/blog\/wp-json\/wp\/v2\/posts\/67757\/revisions"}],"predecessor-version":[{"id":67759,"href":"https:\/\/www.visit-ulcinj.com\/blog\/wp-json\/wp\/v2\/posts\/67757\/revisions\/67759"}],"wp:attachment":[{"href":"https:\/\/www.visit-ulcinj.com\/blog\/wp-json\/wp\/v2\/media?parent=67757"}],"wp:term":[{"taxonomy":"category","embeddable":true,"href":"https:\/\/www.visit-ulcinj.com\/blog\/wp-json\/wp\/v2\/categories?post=67757"},{"taxonomy":"post_tag","embeddable":true,"href":"https:\/\/www.visit-ulcinj.com\/blog\/wp-json\/wp\/v2\/tags?post=67757"}],"curies":[{"name":"wp","href":"https:\/\/api.w.org\/{rel}","templated":true}]}}