{"id":67763,"date":"2013-01-19T09:54:03","date_gmt":"2013-01-19T08:54:03","guid":{"rendered":"http:\/\/www.visit-ulcinj.com\/blog\/?p=67763"},"modified":"2013-01-21T19:24:09","modified_gmt":"2013-01-21T18:24:09","slug":"usaid-i-modernizon-zyrat-e-byrose-qytetare-ne-komunen-e-ulqinit-foto","status":"publish","type":"post","link":"https:\/\/www.visit-ulcinj.com\/blog\/2013\/01\/19\/usaid-i-modernizon-zyrat-e-byrose-qytetare-ne-komunen-e-ulqinit-foto\/","title":{"rendered":"USAID-i, modernizon zyrat e Byros\u00eb qytetare  n\u00eb Komun\u00ebn e Ulqinit + Foto"},"content":{"rendered":"<p><a href=\"http:\/\/www.visit-ulcinj.com\/blog\/wp-content\/uploads\/2012\/11\/BC-UL-Municipality-ULCINJ_USAID.jpg\"><img loading=\"lazy\" class=\"alignleft  wp-image-67760\" alt=\"OLYMPUS DIGITAL CAMERA\" src=\"http:\/\/www.visit-ulcinj.com\/blog\/wp-content\/uploads\/2012\/11\/BC-UL-Municipality-ULCINJ_USAID.jpg\" width=\"508\" height=\"360\" \/><\/a>Mbasi u n\u00ebnshkrua Memorandumi i mir\u00ebkuptimit nd\u00ebrmjet Komun\u00ebs s\u00eb Ulqinit,dhe\u00a0 Zyres s\u00eb USAID-it (Agjensis\u00eb amerikane p\u00ebr zhvillim nd\u00ebrkomb\u00ebtar n\u00eb Mal t\u00eb Zi) dhe Programit p\u00ebr administrim efikas n\u00eb Mal t\u00eb Zi, me \u00e7rast sh\u00ebnohet fillimi i bashk\u00ebpunimit. Memorandumin e mir\u00ebkuptimit q\u00eb e n\u00ebnshkruan, Z. Jakup Murati, Kryeadministrator i administrat\u00ebs lokale n\u00eb Ulqin, Z. Timothou Donnay, shef i zyres s\u00eb USAID-it n\u00eb Mal t\u00eb Zi dhe Z. Marc Lassman, shef i p\u00ebrfaq\u00ebsis\u00eb East West Management Institute i cili me mjete t\u00eb USAD-it implementon Programin n\u00eb Mal t\u00eb Zi,sot\u00eb jep efektet e para, mbasi Komuna e Ulqinit n\u00ebp\u00ebrmes faqes s\u00eb vet n\u00eb Facebook njofton se s\u00eb shpejti pritet t\u00eb fillojn\u00eb punimet e Zyres p\u00ebr qytetar\u00eb brenda k\u00ebsaj komune.<br \/>\n<a href=\"http:\/\/www.visit-ulcinj.com\/blog\/wp-content\/uploads\/2013\/01\/Themelimi-i-Biyrose-qytetare-ne-komunen-e-Ulqini_USAID.jpg\"><img loading=\"lazy\" class=\"alignleft  wp-image-67764\" alt=\"Themelimi i Biyrose qytetare ne komunen e Ulqini_USAID\" src=\"http:\/\/www.visit-ulcinj.com\/blog\/wp-content\/uploads\/2013\/01\/Themelimi-i-Biyrose-qytetare-ne-komunen-e-Ulqini_USAID.jpg\" width=\"508\" height=\"300\" \/><\/a><\/p>\n<p>Me realizimin e projektit t\u00eb themelimit t\u00eb Biyros\u00eb qytetare dhe administrat\u00ebs elektronike n\u00eb Komun\u00ebn e Ulqinit, q\u00eb ka p\u00ebr q\u00ebllim thjesht\u00ebsimin e rregullave dhe procedurave administrative p\u00ebr zhvillimin e biznesit n\u00eb sekretariate dhe organe tjera n\u00eb kuad\u00ebr t\u00eb administrat\u00ebs lokale si dhe promovimin e administrimit m\u00eb efikas dhe m\u00eb transparent p\u00ebr sektorin e biznesit. Plani i themelimit t\u00eb Byros\u00eb qytetare dhe implementimi i administrat\u00ebs elektronike n\u00eb Komun\u00ebn e Ulqinit ka n\u00eb fokus avansimin e kapaciteteve administrative duke p\u00ebrfshir\u00eb rregullimin e hapsir\u00ebs s\u00eb administrat\u00ebs n\u00eb pajtueshm\u00ebri me m\u00ebnyr\u00ebn e re t\u00eb pun\u00ebs dhe zhvillimin e IT teknologjis\u00eb n\u00eb funksion t\u00eb k\u00ebsaj. N\u00eb shtojc\u00ebn e Memorandumit t\u00eb n\u00ebnshkruar \u00ebsht\u00eb Plani i implementimit me t\u00eb cilin parashihet q\u00eb t\u00eb gjitha aktivitetet t\u00eb p\u00ebrfundojn\u00eb deri n\u00eb mars t\u00eb vitit 2013.<br \/>\n<a href=\"http:\/\/www.visit-ulcinj.com\/blog\/wp-content\/uploads\/2013\/01\/Themelimi-i-Biyrose-qytetare-ne-komunen-e-Ulqini_USAID.3.jpg\"><img loading=\"lazy\" class=\"alignleft  wp-image-67765\" alt=\"Themelimi i Biyrose qytetare ne komunen e Ulqini_USAID.3\" src=\"http:\/\/www.visit-ulcinj.com\/blog\/wp-content\/uploads\/2013\/01\/Themelimi-i-Biyrose-qytetare-ne-komunen-e-Ulqini_USAID.3.jpg\" width=\"508\" height=\"300\" \/><\/a><\/p>\n<p>Programin e administrimit efikas n\u00eb Mal t\u00eb Zi (Good Governance Activity in Montenegro), me mjetet e USAID-it e implementon East West Management Institute q\u00eb nga tetori i vitit 2010.Q\u00ebllimi kryesor i Programit \u00ebsht\u00eb krijimi i institucioneve t\u00eb administrative m\u00eb transparente, m\u00eb t\u00eb hapura dhe m\u00eb funksionale por edhe forcimin e rolit t\u00eb shoq\u00ebris\u00eb dhe sektorit privat si partner t\u00eb k\u00ebtyre institucioneve n\u00eb Mal t\u00eb Zi. Theks i ve\u00e7ant\u00eb n\u00eb kontekstin e implementimit t\u00eb projektit i \u00ebsht\u00eb v\u00ebn\u00eb edhe forcimit t\u00eb kapaciteteve t\u00eb administrat\u00ebs lokale dhe orjentimit t\u00eb tyre nga nevojat e klientit.<br \/>\n<a href=\"http:\/\/www.visit-ulcinj.com\/blog\/wp-content\/uploads\/2013\/01\/Themelimi-i-Biyrose-qytetare-ne-komunen-e-Ulqini_USAID.5.jpg\"><img loading=\"lazy\" class=\"alignleft  wp-image-67766\" alt=\"Themelimi i Biyrose qytetare ne komunen e Ulqini_USAID.5\" src=\"http:\/\/www.visit-ulcinj.com\/blog\/wp-content\/uploads\/2013\/01\/Themelimi-i-Biyrose-qytetare-ne-komunen-e-Ulqini_USAID.5.jpg\" width=\"508\" height=\"300\" \/><\/a><\/p>\n<p>Komuna e Ulqinit me kenaqesi ju prenzantojme skicat e Zyres per Qytetaret, e cila pritet te hapet gjate muajve prill-maj. Punimet do t\u00eb fillojn\u00eb muajin e ardhsh\u00ebm.<\/p>\n<p><strong>Op\u0161tina Ulcinj \/ Komuna e Ulqinit<\/strong><br \/>\nTel: +382 30 412 050<br \/>\nFax: +382 30 412 413<br \/>\nAdresa: Bul. Skenderbeu bb, 85360 Ulcinj, MNE<br \/>\n<a href=\"http:\/\/www.visit-ulcinj.com\/blog\/wp-content\/uploads\/2013\/01\/Themelimi-i-Biyrose-qytetare-ne-komunen-e-Ulqini_USAID.1.jpg\"><img loading=\"lazy\" class=\"alignleft  wp-image-67767\" alt=\"Themelimi i Biyrose qytetare ne komunen e Ulqini_USAID.1\" src=\"http:\/\/www.visit-ulcinj.com\/blog\/wp-content\/uploads\/2013\/01\/Themelimi-i-Biyrose-qytetare-ne-komunen-e-Ulqini_USAID.1.jpg\" width=\"508\" height=\"300\" \/><\/a><br \/>\n.<br \/>\n<a href=\"http:\/\/www.visit-ulcinj.com\/blog\/wp-content\/uploads\/2013\/01\/Themelimi-i-Biyrose-qytetare-ne-komunen-e-Ulqini_USAID.2.jpg\"><img loading=\"lazy\" class=\"alignleft size-full wp-image-67768\" alt=\"Themelimi i Biyrose qytetare ne komunen e Ulqini_USAID.2\" src=\"http:\/\/www.visit-ulcinj.com\/blog\/wp-content\/uploads\/2013\/01\/Themelimi-i-Biyrose-qytetare-ne-komunen-e-Ulqini_USAID.2.jpg\" width=\"508\" height=\"300\" \/><\/a><br \/>\n.<br \/>\n<a href=\"http:\/\/www.visit-ulcinj.com\/blog\/wp-content\/uploads\/2013\/01\/Themelimi-i-Biyrose-qytetare-ne-komunen-e-Ulqini_USAID.4.jpg\"><img loading=\"lazy\" class=\"alignleft size-full wp-image-67769\" alt=\"Themelimi i Biyrose qytetare ne komunen e Ulqini_USAID.4\" src=\"http:\/\/www.visit-ulcinj.com\/blog\/wp-content\/uploads\/2013\/01\/Themelimi-i-Biyrose-qytetare-ne-komunen-e-Ulqini_USAID.4.jpg\" width=\"508\" height=\"300\" \/><\/a><\/p>\n","protected":false},"excerpt":{"rendered":"<p>Mbasi u n\u00ebnshkrua Memorandumi i mir\u00ebkuptimit nd\u00ebrmjet Komun\u00ebs s\u00eb Ulqinit,dhe\u00a0 Zyres s\u00eb USAID-it (Agjensis\u00eb amerikane p\u00ebr zhvillim nd\u00ebrkomb\u00ebtar n\u00eb Mal t\u00eb Zi) dhe Programit p\u00ebr administrim efikas n\u00eb Mal t\u00eb Zi, me \u00e7rast sh\u00ebnohet fillimi i bashk\u00ebpunimit. Memorandumin e mir\u00ebkuptimit q\u00eb e n\u00ebnshkruan, Z. Jakup Murati, Kryeadministrator i administrat\u00ebs lokale n\u00eb Ulqin, Z. Timothou Donnay, [&hellip;]<\/p>\n","protected":false},"author":1,"featured_media":0,"comment_status":"open","ping_status":"closed","sticky":false,"template":"","format":"standard","meta":{"spay_email":"","jetpack_publicize_message":"","jetpack_is_tweetstorm":false,"jetpack_publicize_feature_enabled":true},"categories":[1,13],"tags":[297,21703,21702],"jetpack_publicize_connections":[],"yoast_head":"<!-- This site is optimized with the Yoast SEO plugin v19.1 - https:\/\/yoast.com\/wordpress\/plugins\/seo\/ -->\n<title>USAID-i, modernizon zyrat e Byros\u00eb qytetare n\u00eb Komun\u00ebn e Ulqinit + Foto - Lajme nga Ulqini<\/title>\n<meta name=\"description\" content=\"Mbasi u n\u00ebnshkrua Memorandumi i mir\u00ebkuptimit nd\u00ebrmjet Komun\u00ebs s\u00eb Ulqinit,dhe\u00a0 Zyres s\u00eb USAID-it (Agjensis\u00eb amerikane p\u00ebr zhvillim nd\u00ebrkomb\u00ebtar n\u00eb Mal t\u00eb\" \/>\n<meta name=\"robots\" content=\"index, follow, max-snippet:-1, max-image-preview:large, max-video-preview:-1\" \/>\n<link rel=\"canonical\" href=\"https:\/\/www.visit-ulcinj.com\/blog\/2013\/01\/19\/usaid-i-modernizon-zyrat-e-byrose-qytetare-ne-komunen-e-ulqinit-foto\/\" \/>\n<meta property=\"og:locale\" content=\"en_US\" \/>\n<meta property=\"og:type\" content=\"article\" \/>\n<meta property=\"og:title\" content=\"USAID-i, modernizon zyrat e Byros\u00eb qytetare n\u00eb Komun\u00ebn e Ulqinit + Foto - Lajme nga Ulqini\" \/>\n<meta property=\"og:description\" content=\"Mbasi u n\u00ebnshkrua Memorandumi i mir\u00ebkuptimit nd\u00ebrmjet Komun\u00ebs s\u00eb Ulqinit,dhe\u00a0 Zyres s\u00eb USAID-it (Agjensis\u00eb amerikane p\u00ebr zhvillim nd\u00ebrkomb\u00ebtar n\u00eb Mal t\u00eb\" \/>\n<meta property=\"og:url\" content=\"https:\/\/www.visit-ulcinj.com\/blog\/2013\/01\/19\/usaid-i-modernizon-zyrat-e-byrose-qytetare-ne-komunen-e-ulqinit-foto\/\" \/>\n<meta property=\"og:site_name\" content=\"Lajme nga Ulqini\" \/>\n<meta property=\"article:published_time\" content=\"2013-01-19T08:54:03+00:00\" \/>\n<meta property=\"article:modified_time\" content=\"2013-01-21T18:24:09+00:00\" \/>\n<meta property=\"og:image\" content=\"http:\/\/www.visit-ulcinj.com\/blog\/wp-content\/uploads\/2012\/11\/BC-UL-Municipality-ULCINJ_USAID.jpg\" \/>\n<meta name=\"twitter:label1\" content=\"Written by\" \/>\n\t<meta name=\"twitter:data1\" content=\"ulqini\" \/>\n\t<meta name=\"twitter:label2\" content=\"Est. reading time\" \/>\n\t<meta name=\"twitter:data2\" content=\"2 minutes\" \/>\n<script type=\"application\/ld+json\" class=\"yoast-schema-graph\">{\"@context\":\"https:\/\/schema.org\",\"@graph\":[{\"@type\":\"WebSite\",\"@id\":\"https:\/\/www.visit-ulcinj.com\/blog\/#website\",\"url\":\"https:\/\/www.visit-ulcinj.com\/blog\/\",\"name\":\"Lajme nga Ulqini\",\"description\":\"Lajme,Vijesti,Ulqini,Ulqin,Crna Gora,Mali i Zi\",\"potentialAction\":[{\"@type\":\"SearchAction\",\"target\":{\"@type\":\"EntryPoint\",\"urlTemplate\":\"https:\/\/www.visit-ulcinj.com\/blog\/?s={search_term_string}\"},\"query-input\":\"required name=search_term_string\"}],\"inLanguage\":\"en-US\"},{\"@type\":\"ImageObject\",\"inLanguage\":\"en-US\",\"@id\":\"https:\/\/www.visit-ulcinj.com\/blog\/2013\/01\/19\/usaid-i-modernizon-zyrat-e-byrose-qytetare-ne-komunen-e-ulqinit-foto\/#primaryimage\",\"url\":\"https:\/\/www.visit-ulcinj.com\/blog\/wp-content\/uploads\/2012\/11\/BC-UL-Municipality-ULCINJ_USAID.jpg\",\"contentUrl\":\"https:\/\/www.visit-ulcinj.com\/blog\/wp-content\/uploads\/2012\/11\/BC-UL-Municipality-ULCINJ_USAID.jpg\",\"width\":1111,\"height\":833},{\"@type\":\"WebPage\",\"@id\":\"https:\/\/www.visit-ulcinj.com\/blog\/2013\/01\/19\/usaid-i-modernizon-zyrat-e-byrose-qytetare-ne-komunen-e-ulqinit-foto\/#webpage\",\"url\":\"https:\/\/www.visit-ulcinj.com\/blog\/2013\/01\/19\/usaid-i-modernizon-zyrat-e-byrose-qytetare-ne-komunen-e-ulqinit-foto\/\",\"name\":\"USAID-i, modernizon zyrat e Byros\u00eb qytetare n\u00eb Komun\u00ebn e Ulqinit + Foto - Lajme nga Ulqini\",\"isPartOf\":{\"@id\":\"https:\/\/www.visit-ulcinj.com\/blog\/#website\"},\"primaryImageOfPage\":{\"@id\":\"https:\/\/www.visit-ulcinj.com\/blog\/2013\/01\/19\/usaid-i-modernizon-zyrat-e-byrose-qytetare-ne-komunen-e-ulqinit-foto\/#primaryimage\"},\"datePublished\":\"2013-01-19T08:54:03+00:00\",\"dateModified\":\"2013-01-21T18:24:09+00:00\",\"author\":{\"@id\":\"https:\/\/www.visit-ulcinj.com\/blog\/#\/schema\/person\/dcab619c614d3038751c63bc2aadc06d\"},\"description\":\"Mbasi u n\u00ebnshkrua Memorandumi i mir\u00ebkuptimit nd\u00ebrmjet Komun\u00ebs s\u00eb Ulqinit,dhe\u00a0 Zyres s\u00eb USAID-it (Agjensis\u00eb amerikane p\u00ebr zhvillim nd\u00ebrkomb\u00ebtar n\u00eb Mal t\u00eb\",\"breadcrumb\":{\"@id\":\"https:\/\/www.visit-ulcinj.com\/blog\/2013\/01\/19\/usaid-i-modernizon-zyrat-e-byrose-qytetare-ne-komunen-e-ulqinit-foto\/#breadcrumb\"},\"inLanguage\":\"en-US\",\"potentialAction\":[{\"@type\":\"ReadAction\",\"target\":[\"https:\/\/www.visit-ulcinj.com\/blog\/2013\/01\/19\/usaid-i-modernizon-zyrat-e-byrose-qytetare-ne-komunen-e-ulqinit-foto\/\"]}]},{\"@type\":\"BreadcrumbList\",\"@id\":\"https:\/\/www.visit-ulcinj.com\/blog\/2013\/01\/19\/usaid-i-modernizon-zyrat-e-byrose-qytetare-ne-komunen-e-ulqinit-foto\/#breadcrumb\",\"itemListElement\":[{\"@type\":\"ListItem\",\"position\":1,\"name\":\"USAID-i, modernizon zyrat e Byros\u00eb qytetare n\u00eb Komun\u00ebn e Ulqinit + Foto\"}]},{\"@type\":\"Person\",\"@id\":\"https:\/\/www.visit-ulcinj.com\/blog\/#\/schema\/person\/dcab619c614d3038751c63bc2aadc06d\",\"name\":\"ulqini\",\"sameAs\":[\"http:\/\/www.visit-ulcinj.com\"],\"url\":\"https:\/\/www.visit-ulcinj.com\/blog\/author\/admin\/\"}]}<\/script>\n<!-- \/ Yoast SEO plugin. -->","yoast_head_json":{"title":"USAID-i, modernizon zyrat e Byros\u00eb qytetare n\u00eb Komun\u00ebn e Ulqinit + Foto - Lajme nga Ulqini","description":"Mbasi u n\u00ebnshkrua Memorandumi i mir\u00ebkuptimit nd\u00ebrmjet Komun\u00ebs s\u00eb Ulqinit,dhe\u00a0 Zyres s\u00eb USAID-it (Agjensis\u00eb amerikane p\u00ebr zhvillim nd\u00ebrkomb\u00ebtar n\u00eb Mal t\u00eb","robots":{"index":"index","follow":"follow","max-snippet":"max-snippet:-1","max-image-preview":"max-image-preview:large","max-video-preview":"max-video-preview:-1"},"canonical":"https:\/\/www.visit-ulcinj.com\/blog\/2013\/01\/19\/usaid-i-modernizon-zyrat-e-byrose-qytetare-ne-komunen-e-ulqinit-foto\/","og_locale":"en_US","og_type":"article","og_title":"USAID-i, modernizon zyrat e Byros\u00eb qytetare n\u00eb Komun\u00ebn e Ulqinit + Foto - Lajme nga Ulqini","og_description":"Mbasi u n\u00ebnshkrua Memorandumi i mir\u00ebkuptimit nd\u00ebrmjet Komun\u00ebs s\u00eb Ulqinit,dhe\u00a0 Zyres s\u00eb USAID-it (Agjensis\u00eb amerikane p\u00ebr zhvillim nd\u00ebrkomb\u00ebtar n\u00eb Mal t\u00eb","og_url":"https:\/\/www.visit-ulcinj.com\/blog\/2013\/01\/19\/usaid-i-modernizon-zyrat-e-byrose-qytetare-ne-komunen-e-ulqinit-foto\/","og_site_name":"Lajme nga Ulqini","article_published_time":"2013-01-19T08:54:03+00:00","article_modified_time":"2013-01-21T18:24:09+00:00","og_image":[{"url":"http:\/\/www.visit-ulcinj.com\/blog\/wp-content\/uploads\/2012\/11\/BC-UL-Municipality-ULCINJ_USAID.jpg"}],"twitter_misc":{"Written by":"ulqini","Est. reading time":"2 minutes"},"schema":{"@context":"https:\/\/schema.org","@graph":[{"@type":"WebSite","@id":"https:\/\/www.visit-ulcinj.com\/blog\/#website","url":"https:\/\/www.visit-ulcinj.com\/blog\/","name":"Lajme nga Ulqini","description":"Lajme,Vijesti,Ulqini,Ulqin,Crna Gora,Mali i Zi","potentialAction":[{"@type":"SearchAction","target":{"@type":"EntryPoint","urlTemplate":"https:\/\/www.visit-ulcinj.com\/blog\/?s={search_term_string}"},"query-input":"required name=search_term_string"}],"inLanguage":"en-US"},{"@type":"ImageObject","inLanguage":"en-US","@id":"https:\/\/www.visit-ulcinj.com\/blog\/2013\/01\/19\/usaid-i-modernizon-zyrat-e-byrose-qytetare-ne-komunen-e-ulqinit-foto\/#primaryimage","url":"https:\/\/www.visit-ulcinj.com\/blog\/wp-content\/uploads\/2012\/11\/BC-UL-Municipality-ULCINJ_USAID.jpg","contentUrl":"https:\/\/www.visit-ulcinj.com\/blog\/wp-content\/uploads\/2012\/11\/BC-UL-Municipality-ULCINJ_USAID.jpg","width":1111,"height":833},{"@type":"WebPage","@id":"https:\/\/www.visit-ulcinj.com\/blog\/2013\/01\/19\/usaid-i-modernizon-zyrat-e-byrose-qytetare-ne-komunen-e-ulqinit-foto\/#webpage","url":"https:\/\/www.visit-ulcinj.com\/blog\/2013\/01\/19\/usaid-i-modernizon-zyrat-e-byrose-qytetare-ne-komunen-e-ulqinit-foto\/","name":"USAID-i, modernizon zyrat e Byros\u00eb qytetare n\u00eb Komun\u00ebn e Ulqinit + Foto - Lajme nga Ulqini","isPartOf":{"@id":"https:\/\/www.visit-ulcinj.com\/blog\/#website"},"primaryImageOfPage":{"@id":"https:\/\/www.visit-ulcinj.com\/blog\/2013\/01\/19\/usaid-i-modernizon-zyrat-e-byrose-qytetare-ne-komunen-e-ulqinit-foto\/#primaryimage"},"datePublished":"2013-01-19T08:54:03+00:00","dateModified":"2013-01-21T18:24:09+00:00","author":{"@id":"https:\/\/www.visit-ulcinj.com\/blog\/#\/schema\/person\/dcab619c614d3038751c63bc2aadc06d"},"description":"Mbasi u n\u00ebnshkrua Memorandumi i mir\u00ebkuptimit nd\u00ebrmjet Komun\u00ebs s\u00eb Ulqinit,dhe\u00a0 Zyres s\u00eb USAID-it (Agjensis\u00eb amerikane p\u00ebr zhvillim nd\u00ebrkomb\u00ebtar n\u00eb Mal t\u00eb","breadcrumb":{"@id":"https:\/\/www.visit-ulcinj.com\/blog\/2013\/01\/19\/usaid-i-modernizon-zyrat-e-byrose-qytetare-ne-komunen-e-ulqinit-foto\/#breadcrumb"},"inLanguage":"en-US","potentialAction":[{"@type":"ReadAction","target":["https:\/\/www.visit-ulcinj.com\/blog\/2013\/01\/19\/usaid-i-modernizon-zyrat-e-byrose-qytetare-ne-komunen-e-ulqinit-foto\/"]}]},{"@type":"BreadcrumbList","@id":"https:\/\/www.visit-ulcinj.com\/blog\/2013\/01\/19\/usaid-i-modernizon-zyrat-e-byrose-qytetare-ne-komunen-e-ulqinit-foto\/#breadcrumb","itemListElement":[{"@type":"ListItem","position":1,"name":"USAID-i, modernizon zyrat e Byros\u00eb qytetare n\u00eb Komun\u00ebn e Ulqinit + Foto"}]},{"@type":"Person","@id":"https:\/\/www.visit-ulcinj.com\/blog\/#\/schema\/person\/dcab619c614d3038751c63bc2aadc06d","name":"ulqini","sameAs":["http:\/\/www.visit-ulcinj.com"],"url":"https:\/\/www.visit-ulcinj.com\/blog\/author\/admin\/"}]}},"jetpack_featured_media_url":"","jetpack_sharing_enabled":true,"jetpack_shortlink":"https:\/\/wp.me\/pe6lTn-hCX","_links":{"self":[{"href":"https:\/\/www.visit-ulcinj.com\/blog\/wp-json\/wp\/v2\/posts\/67763"}],"collection":[{"href":"https:\/\/www.visit-ulcinj.com\/blog\/wp-json\/wp\/v2\/posts"}],"about":[{"href":"https:\/\/www.visit-ulcinj.com\/blog\/wp-json\/wp\/v2\/types\/post"}],"author":[{"embeddable":true,"href":"https:\/\/www.visit-ulcinj.com\/blog\/wp-json\/wp\/v2\/users\/1"}],"replies":[{"embeddable":true,"href":"https:\/\/www.visit-ulcinj.com\/blog\/wp-json\/wp\/v2\/comments?post=67763"}],"version-history":[{"count":4,"href":"https:\/\/www.visit-ulcinj.com\/blog\/wp-json\/wp\/v2\/posts\/67763\/revisions"}],"predecessor-version":[{"id":67813,"href":"https:\/\/www.visit-ulcinj.com\/blog\/wp-json\/wp\/v2\/posts\/67763\/revisions\/67813"}],"wp:attachment":[{"href":"https:\/\/www.visit-ulcinj.com\/blog\/wp-json\/wp\/v2\/media?parent=67763"}],"wp:term":[{"taxonomy":"category","embeddable":true,"href":"https:\/\/www.visit-ulcinj.com\/blog\/wp-json\/wp\/v2\/categories?post=67763"},{"taxonomy":"post_tag","embeddable":true,"href":"https:\/\/www.visit-ulcinj.com\/blog\/wp-json\/wp\/v2\/tags?post=67763"}],"curies":[{"name":"wp","href":"https:\/\/api.w.org\/{rel}","templated":true}]}}