{"id":67780,"date":"2013-01-19T12:45:00","date_gmt":"2013-01-19T11:45:00","guid":{"rendered":"http:\/\/www.visit-ulcinj.com\/blog\/?p=67780"},"modified":"2013-01-19T12:45:00","modified_gmt":"2013-01-19T11:45:00","slug":"velika-plaza-bagerom-poravnali-pjescane-dine","status":"publish","type":"post","link":"https:\/\/www.visit-ulcinj.com\/blog\/2013\/01\/19\/velika-plaza-bagerom-poravnali-pjescane-dine\/","title":{"rendered":"Velika plaza: Bagerom poravnali pje\u0161\u010dane dine"},"content":{"rendered":"<p><b><a href=\"http:\/\/www.visit-ulcinj.com\/blog\/wp-content\/uploads\/2013\/01\/Safari-beach-plaza-Ulcinj.jpg\"><img loading=\"lazy\" class=\"alignleft  wp-image-67781\" alt=\"Safari beach plaza Ulcinj\" src=\"http:\/\/www.visit-ulcinj.com\/blog\/wp-content\/uploads\/2013\/01\/Safari-beach-plaza-Ulcinj.jpg\" width=\"508\" height=\"360\" \/><\/a>Zbog uni\u0161tavanja prirodne okoline morsko dobro zahtijeva inspekcijski nadzor kompanije \u201eDeli Turs\u201c<\/b><\/p>\n<p>Javno preduze\u0107e za upravljanje morskim dobrom podnijelo je ju\u010de Upravi za inspekcijske poslove Zahtjev za kontrolu zale\u0111a kupali\u0161ta \u201eSafari\u201c na Velikoj pla\u017ei, nakon \u0161to je obilaskom prostora na tom podru\u010dju utvr\u0111eno da je kompanija \u201eDeli turs\u201c iz Ulcinja, koja je bila zakupac pla\u017ee, bez odobrenja, izvr\u0161ila ravnanje pje\u0161\u010danih dina na prostoru od 300 kvadrata i kr\u010denje dijela \u0161ume. U pomenutom zahtjevu pomo\u0107nik direktora JPMD Rajko Malovi\u0107 naveo je da je \u201etokom vr\u0161enja provjere ustanovljeno da je na lokaciji 10K, prema kupali\u0161tu \u201eTropikana\u201c, ozna\u010denog kao lokacija 10L u Programu objekata privremenog karaktera za op\u0161tinu Ulcinj, pomenuta kompanija koja je koristila kupali\u0161te, po osnovu ugovora u prethodnom periodu, izvr\u0161ila ravnanje terena i nasipanje u zale\u0111u, na na\u010din da je do \u0161umovitog dijela na ve\u0107em prostoru izravnala teren na prostoru dina, nasipanjem sitnim pijeskom i ravnanjem nasutog terena\u201c.<br \/>\n\u2013 Tako\u0111e, u zale\u0111u kupali\u0161ta 10J izvr\u0161eno je kr\u010denje \u0161ume, sa ravnanjem terena, desno od ulaza u kupali\u0161te \u201eSafari\u201d, prema kupali\u0161tu 10J, a u zale\u0111u kupali\u0161ta 10J, odakle je najvjerovatnije eksploatisan pijesak za nasipanje. Na toj lokaciji polomljeno je stablo jednog bora i vidljivi su ostaci sje\u010denih grana. S obzirom na to da su radovi izvedeni bez odobrenja, potrebno je izvr\u0161iti kontrolu iz va\u0161e nadle\u017enosti, navodi se u zahtjevu upu\u0107enom direktoru Uprave za inspekcijske poslove Aleksandru Mo\u0161trokolu. Direktor kompanije \u201eDeli turs\u201c Petar Deli\u0107 kazao je ju\u010de \u201eDanu\u201c da namjera tog preduze\u0107a nije bila da bilo \u0161ta uni\u0161tava, ve\u0107 da prostor uredi nakon nevremena, koje je proteklih dana zahvatilo najju\u017eniju op\u0161tinu.<br \/>\n\u2013 Ta\u010dno je da smo uredili dio terena, kako bi ga podigli na ve\u0107i nivo, ali nijesmo dirali pje\u0161\u010dane dine. S posje\u010denim stablima, koja se nalaze u zale\u0111u kupali\u0161ta, smje\u0161tenog neposredno uz na\u0161e, mi nemamo ni\u0161ta, niti smo bilo \u0161ta sjekli. Ve\u0107 godinama smo zakupci pla\u017ee i sigurno je da ne bismo radili ni\u0161ta \u0161to je na na\u0161u \u0161tetu. Brinemo se o ovom prostoru i odr\u017eavamo ga deset godina. Pro\u0161le godine smo izabrani za najbolje kupali\u0161te i redovno imamo nabolje ocjene kad je u pitanju dobijanje saglasnosti. Dakle, to ne\u0161to govori- kazao je Deli\u0107.<br \/>\nOn smatra da nije u\u010dinjeno ni\u0161ta stra\u0161no.<br \/>\n\u2013 Svake godine vr\u0161imo odre\u0111ene pripreme za predstoje\u0107u sezonu. Kao i ranije, i u ovom slu\u010daju ni\u0161ta nijesmo uradili \u0161to ne radimo ina\u010de, ali ako je neophodno spremni smo da sve vratimo u pre\u0111a\u0161nje stanje. To je najmanji problem. Ne \u017eelimo lo\u0161 publicitet, jer nijesmo imali lo\u0161u namjeru- istakao je on. Prema rije\u010dima rukovodioca slu\u017ebe za kontrolu Morskog dobra Veselina Vojinovi\u0107a, najve\u0107i problem u konkretnom slu\u010daju je \u010dinjenica da je ravnan teren na kom se nalaze pje\u0161\u010dane dine.<br \/>\n\u2013 Prije svega, sporno je \u0161to \u201eDeli turs\u201d nema ugovor o zakupu kupali\u0161ta, koje tek treba da bude na tenderu za ovu godinu. Nije toliko sporno ni uklanjanje stabala, ako ih je oborilo nevrijeme, ve\u0107 ravnanje za\u0161ti\u0107enog prostora koji bi na neki na\u010din trebalo da se \u010duva i revitalizuje. Smatram da dine treba \u010duvati kao aluvijalne ravni koje su nastale prirodnim putem, jer one spre\u010davaju i eroziju i talase da ulaze u zale\u0111e i eventualno mijenjaju ekosistem. Priroda je to uredila i to ne treba dirati. To je moje li\u010dno mi\u0161ljenje a neka nadle\u017eni organi rade svoj posao. Na potezu je Uprava za inspekcijske poslove- obja\u0161njava Vojinovi\u0107.<\/p>\n<p><b>Bolje sprije\u010diti nego lije\u010diti<\/b><\/p>\n<p>Nevladina organizacija \u201eZeleni korak\u201c upozorila je nedavno JP Morsko dobro da projektu revitalizacije pje\u0161\u010danih dina na Velikoj pla\u017ei, koji se ve\u0107 neko vrijeme najavljuje u medijima, pristupi odgovorno i na biolo\u0161ko-ekolo\u0161ki na\u010din. U pismu direktoru JPMD Rajku Barovi\u0107u \u201ezeleni\u2019\u2019 su saop\u0161tili da su preko medija saznali da to preduze\u0107e iz Budve u okviru Plana o\u010duvanja i ure\u0111enja morske obale \u2013 morskog dobra, planira, pored ostalog, sadnju novih bori\u0107a, odnosno revitalizaciju borove \u0161ume i pje\u0161\u010danih dina u Ulcinju.<br \/>\n\u2013Pozdravljamo tu ideju, ali se i pitamo za\u0161to Morsko dobro nije u proteklom periodu poklanjalo vi\u0161e pa\u017enje borovoj \u0161umi i pje\u0161\u010danim dinama na Velikoj pla\u017ei, iako je od civilnog sektora Ulcinja upozoreno da je taj prirodni specifikum ve\u0107 du\u017ee vrijeme ugro\u017een. Narodna poslovica ka\u017ee \u2013 bolje sprije\u010diti nego lije\u010diti. I sada se, po na\u0161em mi\u0161ljenju, prave gre\u0161ke, jer se umjesto principa dru\u0161tveno odgovornog i odr\u017eivog pristupa investiranja na du\u017ei period radi o\u010duvanja biodiverziteta pejza\u017enih i prirodnih vrijednosti i pravilne valorizacije morske obale, izradom programsko-projektnog zadatka, revitalizaciji ovog lokaliteta pristupa ad hok, na brzinu i mehani\u010dki, a ne na biolo\u0161ko-ekolo\u0161ki na\u010din, tvrde u toj NVO.<\/p>\n<p><a href=\"http:\/\/www.dan.co.me\/?nivo=3&amp;rubrika=Regioni&amp;clanak=363594&amp;datum=2013-01-18&amp;naslov=Bagerom%20%20poravnali%20pjeane%20dine\" target=\"_blank\"><b>Izvor: DAN<\/b><\/p>\n<p><\/a><\/p>\n","protected":false},"excerpt":{"rendered":"<p>Zbog uni\u0161tavanja prirodne okoline morsko dobro zahtijeva inspekcijski nadzor kompanije \u201eDeli Turs\u201c Javno preduze\u0107e za upravljanje morskim dobrom podnijelo je ju\u010de Upravi za inspekcijske poslove Zahtjev za kontrolu zale\u0111a kupali\u0161ta \u201eSafari\u201c na Velikoj pla\u017ei, nakon \u0161to je obilaskom prostora na tom podru\u010dju utvr\u0111eno da je kompanija \u201eDeli turs\u201c iz Ulcinja, koja je bila zakupac pla\u017ee, [&hellip;]<\/p>\n","protected":false},"author":1,"featured_media":0,"comment_status":"open","ping_status":"closed","sticky":false,"template":"","format":"standard","meta":{"spay_email":"","jetpack_publicize_message":"","jetpack_is_tweetstorm":false,"jetpack_publicize_feature_enabled":true},"categories":[8337],"tags":[4281,21704],"jetpack_publicize_connections":[],"yoast_head":"<!-- This site is optimized with the Yoast SEO plugin v19.1 - https:\/\/yoast.com\/wordpress\/plugins\/seo\/ -->\n<title>Velika plaza: Bagerom poravnali pje\u0161\u010dane dine - Lajme nga Ulqini<\/title>\n<meta name=\"description\" content=\"Zbog uni\u0161tavanja prirodne okoline morsko dobro zahtijeva inspekcijski nadzor kompanije \u201eDeli Turs\u201c Javno preduze\u0107e za upravljanje morskim dobrom podnijelo\" \/>\n<meta name=\"robots\" content=\"index, follow, max-snippet:-1, max-image-preview:large, max-video-preview:-1\" \/>\n<link rel=\"canonical\" href=\"https:\/\/www.visit-ulcinj.com\/blog\/2013\/01\/19\/velika-plaza-bagerom-poravnali-pjescane-dine\/\" \/>\n<meta property=\"og:locale\" content=\"en_US\" \/>\n<meta property=\"og:type\" content=\"article\" \/>\n<meta property=\"og:title\" content=\"Velika plaza: Bagerom poravnali pje\u0161\u010dane dine - Lajme nga Ulqini\" \/>\n<meta property=\"og:description\" content=\"Zbog uni\u0161tavanja prirodne okoline morsko dobro zahtijeva inspekcijski nadzor kompanije \u201eDeli Turs\u201c Javno preduze\u0107e za upravljanje morskim dobrom podnijelo\" \/>\n<meta property=\"og:url\" content=\"https:\/\/www.visit-ulcinj.com\/blog\/2013\/01\/19\/velika-plaza-bagerom-poravnali-pjescane-dine\/\" \/>\n<meta property=\"og:site_name\" content=\"Lajme nga Ulqini\" \/>\n<meta property=\"article:published_time\" content=\"2013-01-19T11:45:00+00:00\" \/>\n<meta property=\"og:image\" content=\"http:\/\/www.visit-ulcinj.com\/blog\/wp-content\/uploads\/2013\/01\/Safari-beach-plaza-Ulcinj.jpg\" \/>\n<meta name=\"twitter:label1\" content=\"Written by\" \/>\n\t<meta name=\"twitter:data1\" content=\"ulqini\" \/>\n\t<meta name=\"twitter:label2\" content=\"Est. reading time\" \/>\n\t<meta name=\"twitter:data2\" content=\"4 minutes\" \/>\n<script type=\"application\/ld+json\" class=\"yoast-schema-graph\">{\"@context\":\"https:\/\/schema.org\",\"@graph\":[{\"@type\":\"WebSite\",\"@id\":\"https:\/\/www.visit-ulcinj.com\/blog\/#website\",\"url\":\"https:\/\/www.visit-ulcinj.com\/blog\/\",\"name\":\"Lajme nga Ulqini\",\"description\":\"Lajme,Vijesti,Ulqini,Ulqin,Crna Gora,Mali i Zi\",\"potentialAction\":[{\"@type\":\"SearchAction\",\"target\":{\"@type\":\"EntryPoint\",\"urlTemplate\":\"https:\/\/www.visit-ulcinj.com\/blog\/?s={search_term_string}\"},\"query-input\":\"required name=search_term_string\"}],\"inLanguage\":\"en-US\"},{\"@type\":\"ImageObject\",\"inLanguage\":\"en-US\",\"@id\":\"https:\/\/www.visit-ulcinj.com\/blog\/2013\/01\/19\/velika-plaza-bagerom-poravnali-pjescane-dine\/#primaryimage\",\"url\":\"https:\/\/www.visit-ulcinj.com\/blog\/wp-content\/uploads\/2013\/01\/Safari-beach-plaza-Ulcinj.jpg\",\"contentUrl\":\"https:\/\/www.visit-ulcinj.com\/blog\/wp-content\/uploads\/2013\/01\/Safari-beach-plaza-Ulcinj.jpg\",\"width\":800,\"height\":533},{\"@type\":\"WebPage\",\"@id\":\"https:\/\/www.visit-ulcinj.com\/blog\/2013\/01\/19\/velika-plaza-bagerom-poravnali-pjescane-dine\/#webpage\",\"url\":\"https:\/\/www.visit-ulcinj.com\/blog\/2013\/01\/19\/velika-plaza-bagerom-poravnali-pjescane-dine\/\",\"name\":\"Velika plaza: Bagerom poravnali pje\u0161\u010dane dine - Lajme nga Ulqini\",\"isPartOf\":{\"@id\":\"https:\/\/www.visit-ulcinj.com\/blog\/#website\"},\"primaryImageOfPage\":{\"@id\":\"https:\/\/www.visit-ulcinj.com\/blog\/2013\/01\/19\/velika-plaza-bagerom-poravnali-pjescane-dine\/#primaryimage\"},\"datePublished\":\"2013-01-19T11:45:00+00:00\",\"dateModified\":\"2013-01-19T11:45:00+00:00\",\"author\":{\"@id\":\"https:\/\/www.visit-ulcinj.com\/blog\/#\/schema\/person\/dcab619c614d3038751c63bc2aadc06d\"},\"description\":\"Zbog uni\u0161tavanja prirodne okoline morsko dobro zahtijeva inspekcijski nadzor kompanije \u201eDeli Turs\u201c Javno preduze\u0107e za upravljanje morskim dobrom podnijelo\",\"breadcrumb\":{\"@id\":\"https:\/\/www.visit-ulcinj.com\/blog\/2013\/01\/19\/velika-plaza-bagerom-poravnali-pjescane-dine\/#breadcrumb\"},\"inLanguage\":\"en-US\",\"potentialAction\":[{\"@type\":\"ReadAction\",\"target\":[\"https:\/\/www.visit-ulcinj.com\/blog\/2013\/01\/19\/velika-plaza-bagerom-poravnali-pjescane-dine\/\"]}]},{\"@type\":\"BreadcrumbList\",\"@id\":\"https:\/\/www.visit-ulcinj.com\/blog\/2013\/01\/19\/velika-plaza-bagerom-poravnali-pjescane-dine\/#breadcrumb\",\"itemListElement\":[{\"@type\":\"ListItem\",\"position\":1,\"name\":\"Velika plaza: Bagerom poravnali pje\u0161\u010dane dine\"}]},{\"@type\":\"Person\",\"@id\":\"https:\/\/www.visit-ulcinj.com\/blog\/#\/schema\/person\/dcab619c614d3038751c63bc2aadc06d\",\"name\":\"ulqini\",\"sameAs\":[\"http:\/\/www.visit-ulcinj.com\"],\"url\":\"https:\/\/www.visit-ulcinj.com\/blog\/author\/admin\/\"}]}<\/script>\n<!-- \/ Yoast SEO plugin. -->","yoast_head_json":{"title":"Velika plaza: Bagerom poravnali pje\u0161\u010dane dine - Lajme nga Ulqini","description":"Zbog uni\u0161tavanja prirodne okoline morsko dobro zahtijeva inspekcijski nadzor kompanije \u201eDeli Turs\u201c Javno preduze\u0107e za upravljanje morskim dobrom podnijelo","robots":{"index":"index","follow":"follow","max-snippet":"max-snippet:-1","max-image-preview":"max-image-preview:large","max-video-preview":"max-video-preview:-1"},"canonical":"https:\/\/www.visit-ulcinj.com\/blog\/2013\/01\/19\/velika-plaza-bagerom-poravnali-pjescane-dine\/","og_locale":"en_US","og_type":"article","og_title":"Velika plaza: Bagerom poravnali pje\u0161\u010dane dine - Lajme nga Ulqini","og_description":"Zbog uni\u0161tavanja prirodne okoline morsko dobro zahtijeva inspekcijski nadzor kompanije \u201eDeli Turs\u201c Javno preduze\u0107e za upravljanje morskim dobrom podnijelo","og_url":"https:\/\/www.visit-ulcinj.com\/blog\/2013\/01\/19\/velika-plaza-bagerom-poravnali-pjescane-dine\/","og_site_name":"Lajme nga Ulqini","article_published_time":"2013-01-19T11:45:00+00:00","og_image":[{"url":"http:\/\/www.visit-ulcinj.com\/blog\/wp-content\/uploads\/2013\/01\/Safari-beach-plaza-Ulcinj.jpg"}],"twitter_misc":{"Written by":"ulqini","Est. reading time":"4 minutes"},"schema":{"@context":"https:\/\/schema.org","@graph":[{"@type":"WebSite","@id":"https:\/\/www.visit-ulcinj.com\/blog\/#website","url":"https:\/\/www.visit-ulcinj.com\/blog\/","name":"Lajme nga Ulqini","description":"Lajme,Vijesti,Ulqini,Ulqin,Crna Gora,Mali i Zi","potentialAction":[{"@type":"SearchAction","target":{"@type":"EntryPoint","urlTemplate":"https:\/\/www.visit-ulcinj.com\/blog\/?s={search_term_string}"},"query-input":"required name=search_term_string"}],"inLanguage":"en-US"},{"@type":"ImageObject","inLanguage":"en-US","@id":"https:\/\/www.visit-ulcinj.com\/blog\/2013\/01\/19\/velika-plaza-bagerom-poravnali-pjescane-dine\/#primaryimage","url":"https:\/\/www.visit-ulcinj.com\/blog\/wp-content\/uploads\/2013\/01\/Safari-beach-plaza-Ulcinj.jpg","contentUrl":"https:\/\/www.visit-ulcinj.com\/blog\/wp-content\/uploads\/2013\/01\/Safari-beach-plaza-Ulcinj.jpg","width":800,"height":533},{"@type":"WebPage","@id":"https:\/\/www.visit-ulcinj.com\/blog\/2013\/01\/19\/velika-plaza-bagerom-poravnali-pjescane-dine\/#webpage","url":"https:\/\/www.visit-ulcinj.com\/blog\/2013\/01\/19\/velika-plaza-bagerom-poravnali-pjescane-dine\/","name":"Velika plaza: Bagerom poravnali pje\u0161\u010dane dine - Lajme nga Ulqini","isPartOf":{"@id":"https:\/\/www.visit-ulcinj.com\/blog\/#website"},"primaryImageOfPage":{"@id":"https:\/\/www.visit-ulcinj.com\/blog\/2013\/01\/19\/velika-plaza-bagerom-poravnali-pjescane-dine\/#primaryimage"},"datePublished":"2013-01-19T11:45:00+00:00","dateModified":"2013-01-19T11:45:00+00:00","author":{"@id":"https:\/\/www.visit-ulcinj.com\/blog\/#\/schema\/person\/dcab619c614d3038751c63bc2aadc06d"},"description":"Zbog uni\u0161tavanja prirodne okoline morsko dobro zahtijeva inspekcijski nadzor kompanije \u201eDeli Turs\u201c Javno preduze\u0107e za upravljanje morskim dobrom podnijelo","breadcrumb":{"@id":"https:\/\/www.visit-ulcinj.com\/blog\/2013\/01\/19\/velika-plaza-bagerom-poravnali-pjescane-dine\/#breadcrumb"},"inLanguage":"en-US","potentialAction":[{"@type":"ReadAction","target":["https:\/\/www.visit-ulcinj.com\/blog\/2013\/01\/19\/velika-plaza-bagerom-poravnali-pjescane-dine\/"]}]},{"@type":"BreadcrumbList","@id":"https:\/\/www.visit-ulcinj.com\/blog\/2013\/01\/19\/velika-plaza-bagerom-poravnali-pjescane-dine\/#breadcrumb","itemListElement":[{"@type":"ListItem","position":1,"name":"Velika plaza: Bagerom poravnali pje\u0161\u010dane dine"}]},{"@type":"Person","@id":"https:\/\/www.visit-ulcinj.com\/blog\/#\/schema\/person\/dcab619c614d3038751c63bc2aadc06d","name":"ulqini","sameAs":["http:\/\/www.visit-ulcinj.com"],"url":"https:\/\/www.visit-ulcinj.com\/blog\/author\/admin\/"}]}},"jetpack_featured_media_url":"","jetpack_sharing_enabled":true,"jetpack_shortlink":"https:\/\/wp.me\/pe6lTn-hDe","_links":{"self":[{"href":"https:\/\/www.visit-ulcinj.com\/blog\/wp-json\/wp\/v2\/posts\/67780"}],"collection":[{"href":"https:\/\/www.visit-ulcinj.com\/blog\/wp-json\/wp\/v2\/posts"}],"about":[{"href":"https:\/\/www.visit-ulcinj.com\/blog\/wp-json\/wp\/v2\/types\/post"}],"author":[{"embeddable":true,"href":"https:\/\/www.visit-ulcinj.com\/blog\/wp-json\/wp\/v2\/users\/1"}],"replies":[{"embeddable":true,"href":"https:\/\/www.visit-ulcinj.com\/blog\/wp-json\/wp\/v2\/comments?post=67780"}],"version-history":[{"count":1,"href":"https:\/\/www.visit-ulcinj.com\/blog\/wp-json\/wp\/v2\/posts\/67780\/revisions"}],"predecessor-version":[{"id":67782,"href":"https:\/\/www.visit-ulcinj.com\/blog\/wp-json\/wp\/v2\/posts\/67780\/revisions\/67782"}],"wp:attachment":[{"href":"https:\/\/www.visit-ulcinj.com\/blog\/wp-json\/wp\/v2\/media?parent=67780"}],"wp:term":[{"taxonomy":"category","embeddable":true,"href":"https:\/\/www.visit-ulcinj.com\/blog\/wp-json\/wp\/v2\/categories?post=67780"},{"taxonomy":"post_tag","embeddable":true,"href":"https:\/\/www.visit-ulcinj.com\/blog\/wp-json\/wp\/v2\/tags?post=67780"}],"curies":[{"name":"wp","href":"https:\/\/api.w.org\/{rel}","templated":true}]}}