{"id":67783,"date":"2013-01-19T19:53:12","date_gmt":"2013-01-19T18:53:12","guid":{"rendered":"http:\/\/www.visit-ulcinj.com\/blog\/?p=67783"},"modified":"2013-01-21T16:13:44","modified_gmt":"2013-01-21T15:13:44","slug":"mbyllet-per-qarkullim-rruga-peje-kulle-mali-i-zi","status":"publish","type":"post","link":"https:\/\/www.visit-ulcinj.com\/blog\/2013\/01\/19\/mbyllet-per-qarkullim-rruga-peje-kulle-mali-i-zi\/","title":{"rendered":"Mbyllet p\u00ebr qarkullim rruga Pej\u00eb\u2013Kull\u00eb\u2013Mali i Zi"},"content":{"rendered":"<p><a href=\"http:\/\/www.visit-ulcinj.com\/blog\/wp-content\/uploads\/2013\/01\/kulla_rozhaje.jpg\"><img loading=\"lazy\" class=\"alignleft  wp-image-67784\" alt=\"kulla_rozhaje\" src=\"http:\/\/www.visit-ulcinj.com\/blog\/wp-content\/uploads\/2013\/01\/kulla_rozhaje.jpg\" width=\"508\" height=\"360\" \/><\/a>Policia e Kosov\u00ebs e rajonit t\u00eb Pej\u00ebs, ka njoftuar se si pasoj\u00eb e mjegull\u00ebs, shiut, er\u00ebs, bor\u00ebs dhe ngricave \u00ebsht\u00eb mbyllur p\u00ebr qarkullim p\u00ebr t\u00eb gjitha mjetet aksi rrugor Pej\u00eb \u2013 Kull\u00eb \u2013 Mali i Zi, njofton Radio Televizioni i Kosov\u00ebs.<\/p>\n<p>\u201dNisur nga rrethanat e ndryshimit t\u00eb motit si dhe v\u00ebshtir\u00ebsit\u00eb q\u00eb krijohen n\u00eb qarkullimin e automjeteve Drejtoria Rajonale e Policis\u00eb s\u00eb Kosov\u00ebs n\u00eb Pej\u00eb, ka marr\u00eb masa p\u00ebr p\u00ebrforcimin e sh\u00ebrbimeve t\u00eb Policis\u00eb s\u00eb Komunikacionit Rrugor n\u00eb t\u00eb gjitha akset rrugore duke p\u00ebrfshir\u00eb edhe aksin rrugor Pej\u00eb-Rugov\u00eb dhe<br \/>\nPej\u00eb \u2013 Kull\u00eb ,me q\u00eb aksi rrugor Pej\u00eb \u2013 Kull\u00eb \u2013 Mali i Zi, \u00ebsht\u00eb i mbyllur p\u00ebr t\u00eb gjitha mjetet qarkulluese\u201d, thuhet n\u00eb njoftimin e policis\u00eb.<\/p>\n<p>T\u00eb gjitha akset rrugore do t\u00eb jen\u00eb t\u00eb mbuluara nga Nj\u00ebsit\u00eb Rajonale t\u00eb Komunikacionit t\u00eb cilat do t\u00eb ushtrojn\u00eb kontrolle t\u00eb vazhdueshme p\u00ebr pajisjen e automjeteve me goma dim\u00ebrore , zinxhir\u00eb, n\u00eb ato akse ku \u00ebsht\u00eb i nevojsh\u00ebm p\u00ebrdorimi i tyre, si dhe p\u00ebr respektimin e normave t\u00eb shpejt\u00ebsis\u00eb s\u00eb lejuar dhe p\u00ebrshtatja e kushteve t\u00eb rrug\u00ebs, gjithashtu edhe nd\u00ebrmarrjen e masave preventive ndaj shofer\u00ebve t\u00eb cil\u00ebt jan\u00eb t\u00eb obliguar p\u00ebr p\u00ebrdorimin e dritave p\u00ebr ndri\u00e7imin e rrug\u00ebs dhe dritat e mjegull\u00ebs n\u00eb rastet e zvog\u00eblimit t\u00eb dukshm\u00ebris\u00eb s\u00eb rrug\u00ebs.<\/p>\n<p>Pakujdesia gjat\u00eb operimit me makina n\u00eb komunikacionin rrugor merr \u00e7do vit me dhjet\u00ebra jet\u00eb njer\u00ebzish dhe shkakton d\u00ebme materiale t\u00eb konsiderueshme.<\/p>\n<p>Policia e Kosov\u00ebs k\u00ebrkon nga drejtuesit e automjeteve q\u00eb t\u00eb respektojn\u00eb shenjat e komunikacionit rrugor, t\u2019u p\u00ebrshtaten kushteve atmosferike si dhe t\u00eb p\u00ebrdorin zinxhir\u00ebt gjat\u00eb l\u00ebvizjes n\u00eb akset rrugore ku bora dhe ngricat jan\u00eb t\u00eb pranishme.<\/p>\n<p>Me q\u00ebllim parandalimin e aksidenteve n\u00eb komunikacionin rrugor, Policia e Kosov\u00ebs apelon tek t\u00eb gjith\u00eb ngas\u00ebsit e automjeteve q\u00eb t\u00eb respektojn\u00eb dispozitat ligjore t\u00eb l\u00ebmit t\u00eb komunikacionit, pasi q\u00eb k\u00ebto norma jan\u00eb vendosur p\u00ebr mbrojtjen e jet\u00ebs s\u00eb tyre dhe pjes\u00ebmarr\u00ebsve tjer\u00eb n\u00eb komunikacion. <b>(RTK)<\/b><\/p>\n","protected":false},"excerpt":{"rendered":"<p>Policia e Kosov\u00ebs e rajonit t\u00eb Pej\u00ebs, ka njoftuar se si pasoj\u00eb e mjegull\u00ebs, shiut, er\u00ebs, bor\u00ebs dhe ngricave \u00ebsht\u00eb mbyllur p\u00ebr qarkullim p\u00ebr t\u00eb gjitha mjetet aksi rrugor Pej\u00eb \u2013 Kull\u00eb \u2013 Mali i Zi, njofton Radio Televizioni i Kosov\u00ebs. \u201dNisur nga rrethanat e ndryshimit t\u00eb motit si dhe v\u00ebshtir\u00ebsit\u00eb q\u00eb krijohen n\u00eb qarkullimin [&hellip;]<\/p>\n","protected":false},"author":1,"featured_media":0,"comment_status":"open","ping_status":"closed","sticky":false,"template":"","format":"standard","meta":{"spay_email":"","jetpack_publicize_message":"","jetpack_is_tweetstorm":false,"jetpack_publicize_feature_enabled":true},"categories":[8],"tags":[21705],"jetpack_publicize_connections":[],"yoast_head":"<!-- This site is optimized with the Yoast SEO plugin v19.1 - https:\/\/yoast.com\/wordpress\/plugins\/seo\/ -->\n<title>Mbyllet p\u00ebr qarkullim rruga Pej\u00eb\u2013Kull\u00eb\u2013Mali i Zi - Lajme nga Ulqini<\/title>\n<meta name=\"description\" content=\"Policia e Kosov\u00ebs e rajonit t\u00eb Pej\u00ebs, ka njoftuar se si pasoj\u00eb e mjegull\u00ebs, shiut, er\u00ebs, bor\u00ebs dhe ngricave \u00ebsht\u00eb mbyllur p\u00ebr qarkullim p\u00ebr t\u00eb gjitha\" \/>\n<meta name=\"robots\" content=\"index, follow, max-snippet:-1, max-image-preview:large, max-video-preview:-1\" \/>\n<link rel=\"canonical\" href=\"https:\/\/www.visit-ulcinj.com\/blog\/2013\/01\/19\/mbyllet-per-qarkullim-rruga-peje-kulle-mali-i-zi\/\" \/>\n<meta property=\"og:locale\" content=\"en_US\" \/>\n<meta property=\"og:type\" content=\"article\" \/>\n<meta property=\"og:title\" content=\"Mbyllet p\u00ebr qarkullim rruga Pej\u00eb\u2013Kull\u00eb\u2013Mali i Zi - Lajme nga Ulqini\" \/>\n<meta property=\"og:description\" content=\"Policia e Kosov\u00ebs e rajonit t\u00eb Pej\u00ebs, ka njoftuar se si pasoj\u00eb e mjegull\u00ebs, shiut, er\u00ebs, bor\u00ebs dhe ngricave \u00ebsht\u00eb mbyllur p\u00ebr qarkullim p\u00ebr t\u00eb gjitha\" \/>\n<meta property=\"og:url\" content=\"https:\/\/www.visit-ulcinj.com\/blog\/2013\/01\/19\/mbyllet-per-qarkullim-rruga-peje-kulle-mali-i-zi\/\" \/>\n<meta property=\"og:site_name\" content=\"Lajme nga Ulqini\" \/>\n<meta property=\"article:published_time\" content=\"2013-01-19T18:53:12+00:00\" \/>\n<meta property=\"article:modified_time\" content=\"2013-01-21T15:13:44+00:00\" \/>\n<meta property=\"og:image\" content=\"http:\/\/www.visit-ulcinj.com\/blog\/wp-content\/uploads\/2013\/01\/kulla_rozhaje.jpg\" \/>\n<meta name=\"twitter:label1\" content=\"Written by\" \/>\n\t<meta name=\"twitter:data1\" content=\"ulqini\" \/>\n\t<meta name=\"twitter:label2\" content=\"Est. reading time\" \/>\n\t<meta name=\"twitter:data2\" content=\"2 minutes\" \/>\n<script type=\"application\/ld+json\" class=\"yoast-schema-graph\">{\"@context\":\"https:\/\/schema.org\",\"@graph\":[{\"@type\":\"WebSite\",\"@id\":\"https:\/\/www.visit-ulcinj.com\/blog\/#website\",\"url\":\"https:\/\/www.visit-ulcinj.com\/blog\/\",\"name\":\"Lajme nga Ulqini\",\"description\":\"Lajme,Vijesti,Ulqini,Ulqin,Crna Gora,Mali i Zi\",\"potentialAction\":[{\"@type\":\"SearchAction\",\"target\":{\"@type\":\"EntryPoint\",\"urlTemplate\":\"https:\/\/www.visit-ulcinj.com\/blog\/?s={search_term_string}\"},\"query-input\":\"required name=search_term_string\"}],\"inLanguage\":\"en-US\"},{\"@type\":\"ImageObject\",\"inLanguage\":\"en-US\",\"@id\":\"https:\/\/www.visit-ulcinj.com\/blog\/2013\/01\/19\/mbyllet-per-qarkullim-rruga-peje-kulle-mali-i-zi\/#primaryimage\",\"url\":\"https:\/\/www.visit-ulcinj.com\/blog\/wp-content\/uploads\/2013\/01\/kulla_rozhaje.jpg\",\"contentUrl\":\"https:\/\/www.visit-ulcinj.com\/blog\/wp-content\/uploads\/2013\/01\/kulla_rozhaje.jpg\",\"width\":660,\"height\":375},{\"@type\":\"WebPage\",\"@id\":\"https:\/\/www.visit-ulcinj.com\/blog\/2013\/01\/19\/mbyllet-per-qarkullim-rruga-peje-kulle-mali-i-zi\/#webpage\",\"url\":\"https:\/\/www.visit-ulcinj.com\/blog\/2013\/01\/19\/mbyllet-per-qarkullim-rruga-peje-kulle-mali-i-zi\/\",\"name\":\"Mbyllet p\u00ebr qarkullim rruga Pej\u00eb\u2013Kull\u00eb\u2013Mali i Zi - Lajme nga Ulqini\",\"isPartOf\":{\"@id\":\"https:\/\/www.visit-ulcinj.com\/blog\/#website\"},\"primaryImageOfPage\":{\"@id\":\"https:\/\/www.visit-ulcinj.com\/blog\/2013\/01\/19\/mbyllet-per-qarkullim-rruga-peje-kulle-mali-i-zi\/#primaryimage\"},\"datePublished\":\"2013-01-19T18:53:12+00:00\",\"dateModified\":\"2013-01-21T15:13:44+00:00\",\"author\":{\"@id\":\"https:\/\/www.visit-ulcinj.com\/blog\/#\/schema\/person\/dcab619c614d3038751c63bc2aadc06d\"},\"description\":\"Policia e Kosov\u00ebs e rajonit t\u00eb Pej\u00ebs, ka njoftuar se si pasoj\u00eb e mjegull\u00ebs, shiut, er\u00ebs, bor\u00ebs dhe ngricave \u00ebsht\u00eb mbyllur p\u00ebr qarkullim p\u00ebr t\u00eb gjitha\",\"breadcrumb\":{\"@id\":\"https:\/\/www.visit-ulcinj.com\/blog\/2013\/01\/19\/mbyllet-per-qarkullim-rruga-peje-kulle-mali-i-zi\/#breadcrumb\"},\"inLanguage\":\"en-US\",\"potentialAction\":[{\"@type\":\"ReadAction\",\"target\":[\"https:\/\/www.visit-ulcinj.com\/blog\/2013\/01\/19\/mbyllet-per-qarkullim-rruga-peje-kulle-mali-i-zi\/\"]}]},{\"@type\":\"BreadcrumbList\",\"@id\":\"https:\/\/www.visit-ulcinj.com\/blog\/2013\/01\/19\/mbyllet-per-qarkullim-rruga-peje-kulle-mali-i-zi\/#breadcrumb\",\"itemListElement\":[{\"@type\":\"ListItem\",\"position\":1,\"name\":\"Mbyllet p\u00ebr qarkullim rruga Pej\u00eb\u2013Kull\u00eb\u2013Mali i Zi\"}]},{\"@type\":\"Person\",\"@id\":\"https:\/\/www.visit-ulcinj.com\/blog\/#\/schema\/person\/dcab619c614d3038751c63bc2aadc06d\",\"name\":\"ulqini\",\"sameAs\":[\"http:\/\/www.visit-ulcinj.com\"],\"url\":\"https:\/\/www.visit-ulcinj.com\/blog\/author\/admin\/\"}]}<\/script>\n<!-- \/ Yoast SEO plugin. -->","yoast_head_json":{"title":"Mbyllet p\u00ebr qarkullim rruga Pej\u00eb\u2013Kull\u00eb\u2013Mali i Zi - Lajme nga Ulqini","description":"Policia e Kosov\u00ebs e rajonit t\u00eb Pej\u00ebs, ka njoftuar se si pasoj\u00eb e mjegull\u00ebs, shiut, er\u00ebs, bor\u00ebs dhe ngricave \u00ebsht\u00eb mbyllur p\u00ebr qarkullim p\u00ebr t\u00eb gjitha","robots":{"index":"index","follow":"follow","max-snippet":"max-snippet:-1","max-image-preview":"max-image-preview:large","max-video-preview":"max-video-preview:-1"},"canonical":"https:\/\/www.visit-ulcinj.com\/blog\/2013\/01\/19\/mbyllet-per-qarkullim-rruga-peje-kulle-mali-i-zi\/","og_locale":"en_US","og_type":"article","og_title":"Mbyllet p\u00ebr qarkullim rruga Pej\u00eb\u2013Kull\u00eb\u2013Mali i Zi - Lajme nga Ulqini","og_description":"Policia e Kosov\u00ebs e rajonit t\u00eb Pej\u00ebs, ka njoftuar se si pasoj\u00eb e mjegull\u00ebs, shiut, er\u00ebs, bor\u00ebs dhe ngricave \u00ebsht\u00eb mbyllur p\u00ebr qarkullim p\u00ebr t\u00eb gjitha","og_url":"https:\/\/www.visit-ulcinj.com\/blog\/2013\/01\/19\/mbyllet-per-qarkullim-rruga-peje-kulle-mali-i-zi\/","og_site_name":"Lajme nga Ulqini","article_published_time":"2013-01-19T18:53:12+00:00","article_modified_time":"2013-01-21T15:13:44+00:00","og_image":[{"url":"http:\/\/www.visit-ulcinj.com\/blog\/wp-content\/uploads\/2013\/01\/kulla_rozhaje.jpg"}],"twitter_misc":{"Written by":"ulqini","Est. reading time":"2 minutes"},"schema":{"@context":"https:\/\/schema.org","@graph":[{"@type":"WebSite","@id":"https:\/\/www.visit-ulcinj.com\/blog\/#website","url":"https:\/\/www.visit-ulcinj.com\/blog\/","name":"Lajme nga Ulqini","description":"Lajme,Vijesti,Ulqini,Ulqin,Crna Gora,Mali i Zi","potentialAction":[{"@type":"SearchAction","target":{"@type":"EntryPoint","urlTemplate":"https:\/\/www.visit-ulcinj.com\/blog\/?s={search_term_string}"},"query-input":"required name=search_term_string"}],"inLanguage":"en-US"},{"@type":"ImageObject","inLanguage":"en-US","@id":"https:\/\/www.visit-ulcinj.com\/blog\/2013\/01\/19\/mbyllet-per-qarkullim-rruga-peje-kulle-mali-i-zi\/#primaryimage","url":"https:\/\/www.visit-ulcinj.com\/blog\/wp-content\/uploads\/2013\/01\/kulla_rozhaje.jpg","contentUrl":"https:\/\/www.visit-ulcinj.com\/blog\/wp-content\/uploads\/2013\/01\/kulla_rozhaje.jpg","width":660,"height":375},{"@type":"WebPage","@id":"https:\/\/www.visit-ulcinj.com\/blog\/2013\/01\/19\/mbyllet-per-qarkullim-rruga-peje-kulle-mali-i-zi\/#webpage","url":"https:\/\/www.visit-ulcinj.com\/blog\/2013\/01\/19\/mbyllet-per-qarkullim-rruga-peje-kulle-mali-i-zi\/","name":"Mbyllet p\u00ebr qarkullim rruga Pej\u00eb\u2013Kull\u00eb\u2013Mali i Zi - Lajme nga Ulqini","isPartOf":{"@id":"https:\/\/www.visit-ulcinj.com\/blog\/#website"},"primaryImageOfPage":{"@id":"https:\/\/www.visit-ulcinj.com\/blog\/2013\/01\/19\/mbyllet-per-qarkullim-rruga-peje-kulle-mali-i-zi\/#primaryimage"},"datePublished":"2013-01-19T18:53:12+00:00","dateModified":"2013-01-21T15:13:44+00:00","author":{"@id":"https:\/\/www.visit-ulcinj.com\/blog\/#\/schema\/person\/dcab619c614d3038751c63bc2aadc06d"},"description":"Policia e Kosov\u00ebs e rajonit t\u00eb Pej\u00ebs, ka njoftuar se si pasoj\u00eb e mjegull\u00ebs, shiut, er\u00ebs, bor\u00ebs dhe ngricave \u00ebsht\u00eb mbyllur p\u00ebr qarkullim p\u00ebr t\u00eb gjitha","breadcrumb":{"@id":"https:\/\/www.visit-ulcinj.com\/blog\/2013\/01\/19\/mbyllet-per-qarkullim-rruga-peje-kulle-mali-i-zi\/#breadcrumb"},"inLanguage":"en-US","potentialAction":[{"@type":"ReadAction","target":["https:\/\/www.visit-ulcinj.com\/blog\/2013\/01\/19\/mbyllet-per-qarkullim-rruga-peje-kulle-mali-i-zi\/"]}]},{"@type":"BreadcrumbList","@id":"https:\/\/www.visit-ulcinj.com\/blog\/2013\/01\/19\/mbyllet-per-qarkullim-rruga-peje-kulle-mali-i-zi\/#breadcrumb","itemListElement":[{"@type":"ListItem","position":1,"name":"Mbyllet p\u00ebr qarkullim rruga Pej\u00eb\u2013Kull\u00eb\u2013Mali i Zi"}]},{"@type":"Person","@id":"https:\/\/www.visit-ulcinj.com\/blog\/#\/schema\/person\/dcab619c614d3038751c63bc2aadc06d","name":"ulqini","sameAs":["http:\/\/www.visit-ulcinj.com"],"url":"https:\/\/www.visit-ulcinj.com\/blog\/author\/admin\/"}]}},"jetpack_featured_media_url":"","jetpack_sharing_enabled":true,"jetpack_shortlink":"https:\/\/wp.me\/pe6lTn-hDh","_links":{"self":[{"href":"https:\/\/www.visit-ulcinj.com\/blog\/wp-json\/wp\/v2\/posts\/67783"}],"collection":[{"href":"https:\/\/www.visit-ulcinj.com\/blog\/wp-json\/wp\/v2\/posts"}],"about":[{"href":"https:\/\/www.visit-ulcinj.com\/blog\/wp-json\/wp\/v2\/types\/post"}],"author":[{"embeddable":true,"href":"https:\/\/www.visit-ulcinj.com\/blog\/wp-json\/wp\/v2\/users\/1"}],"replies":[{"embeddable":true,"href":"https:\/\/www.visit-ulcinj.com\/blog\/wp-json\/wp\/v2\/comments?post=67783"}],"version-history":[{"count":3,"href":"https:\/\/www.visit-ulcinj.com\/blog\/wp-json\/wp\/v2\/posts\/67783\/revisions"}],"predecessor-version":[{"id":67804,"href":"https:\/\/www.visit-ulcinj.com\/blog\/wp-json\/wp\/v2\/posts\/67783\/revisions\/67804"}],"wp:attachment":[{"href":"https:\/\/www.visit-ulcinj.com\/blog\/wp-json\/wp\/v2\/media?parent=67783"}],"wp:term":[{"taxonomy":"category","embeddable":true,"href":"https:\/\/www.visit-ulcinj.com\/blog\/wp-json\/wp\/v2\/categories?post=67783"},{"taxonomy":"post_tag","embeddable":true,"href":"https:\/\/www.visit-ulcinj.com\/blog\/wp-json\/wp\/v2\/tags?post=67783"}],"curies":[{"name":"wp","href":"https:\/\/api.w.org\/{rel}","templated":true}]}}