{"id":67786,"date":"2013-01-20T18:49:04","date_gmt":"2013-01-20T17:49:04","guid":{"rendered":"http:\/\/www.visit-ulcinj.com\/blog\/?p=67786"},"modified":"2013-01-20T18:54:17","modified_gmt":"2013-01-20T17:54:17","slug":"omanula-zimska-turisticka-sezona-u-ulcinju","status":"publish","type":"post","link":"https:\/\/www.visit-ulcinj.com\/blog\/2013\/01\/20\/omanula-zimska-turisticka-sezona-u-ulcinju\/","title":{"rendered":"Omanula zimska turisticka sezona u Ulcinju"},"content":{"rendered":"<p><strong><a href=\"http:\/\/www.visit-ulcinj.com\/blog\/wp-content\/uploads\/2013\/01\/Hoteli-zatvoreni_CLOSET_Ulcinjska-Riviera.jpg\"><img loading=\"lazy\" class=\"alignleft  wp-image-67787\" alt=\"Hoteli zatvoreni_CLOSET_Ulcinjska Riviera\" src=\"http:\/\/www.visit-ulcinj.com\/blog\/wp-content\/uploads\/2013\/01\/Hoteli-zatvoreni_CLOSET_Ulcinjska-Riviera.jpg\" width=\"508\" height=\"360\" \/><\/a>Sportista nema, hoteli zatvoreni<\/strong><\/p>\n<p>ULCINj \u2013 Turisti\u010dki poslenici iz Ulcinja nemaju \u010dime da se pohvale ove zime. Ve\u0107ina hotela ne radi, a najvi\u0161e brine to \u0161to je izostao o\u010dekivani dolazak sportista koji se ve\u0107 godinama tradicionalno pripremaju u najju\u017enijoj op\u0161tini. Proteklih godina su u ovo vrijeme sportski tereni na Velikoj pla\u017ei bili puni fudbalera, atleti\u010dara, radili su hoteli, igrale se pripremne utakmice, a na gradskim ulicama \u010desto su se mogli sresti gosti iz susjedne Albanije, BiH, Srbije&#8230; Istina, gostiju ima, ali njihov broj je neznatan. Nosilac ulcinjskog turizma Hotelsko-turisti\u010dko preduze\u0107e \u201eUlcinjska rivijera\u201c jo\u0161 nije otvorilo nijedan objekat, iako je krajem godine bilo najava da \u0107e ve\u0107 po\u010detkom januara otvoriti hotele \u201eBelvi\u201c i \u201eOlimpik\u201c.<br \/>\n<a href=\"http:\/\/www.visit-ulcinj.com\/blog\/wp-content\/uploads\/2013\/01\/isat-dragovoja.jpg\"><img loading=\"lazy\" class=\"alignleft  wp-image-67788\" alt=\"isat-dragovoja\" src=\"http:\/\/www.visit-ulcinj.com\/blog\/wp-content\/uploads\/2013\/01\/isat-dragovoja.jpg\" width=\"200\" height=\"170\" \/><\/a>\u2013 U nastupaju\u0107oj zimskoj sezoni o\u010dekujemo sportske klubove iz Albanije, Crne Gore, Srbije, BiH i Makedonije \u2013 najavljivali su iz tog preduze\u0107a.<br \/>\nZa\u0161to su objekti tog preduze\u0107a jo\u0161 zatvoreni, ju\u010de nijesmo mogli da saznamo. Direktor prodaje u HTP \u201eUlcinjska rivijera\u201c Isat Dragovoja nije \u017eelio da nam odgovori za\u0161to jo\u0161 nemaju gostiju i da li \u0107e ih uop\u0161te biti ove sezone. U lokalnoj TO ka\u017eu da nemaju podatke o broju gostiju u hotelskom i privatnom smje\u0161taju.<br \/>\n\u2013 Trenutno ne radi nijedan hotel osim \u201eMediterana\u201c, a nijesmo obavije\u0161teni da li radi neki privatni pansion, pa zbog toga i nemamo podatke.<\/p>\n<p><a href=\"http:\/\/www.visit-ulcinj.com\/blog\/wp-content\/uploads\/2013\/01\/Emina-Dervisi.1.jpg\"><img loading=\"lazy\" class=\"alignleft  wp-image-67789\" alt=\"Emina Dervisi.1\" src=\"http:\/\/www.visit-ulcinj.com\/blog\/wp-content\/uploads\/2013\/01\/Emina-Dervisi.1.jpg\" width=\"200\" height=\"170\" \/><\/a>Da li \u0107e neki objekat biti otvoren, zasad ne znamo, ali u svakom slu\u010daju \u0107emo biti obavije\u0161teni ukoliko se to desi \u2013 kazala nam je slu\u017ebenik TO Emina Dervi\u0161i. Prema njenim rije\u010dima, TO nije u\u010destvovala u promociji zimske sezone, s obzirom na to da su tokom januara i februara sportisti naj\u010de\u0161\u0107i gosti Ulcinja.<br \/>\n\u2013 U hotelu \u201eMediteran\u201c, koji jedini radi tokom \u010ditave godine, re\u010deno nam je da je zimi posjeta veoma slaba i da nema ve\u0107ih organizovanih posjeta.<br \/>\n\u2013 Nemamo najava i rezervacija za naredni period. Hotel je trenutno prazan, a gostima se nadamo za vikend. To su uglavnom kratkotrajni boravci na nekoliko dana \u2013 kazali su nam na recepciji hotela.<strong> M.K<\/strong><\/p>\n<p><a href=\"http:\/\/www.dan.co.me\/?nivo=3&amp;rubrika=Regioni&amp;clanak=363948&amp;datum=2013-01-20&amp;naslov=Sportista%20nema,%20hoteli%20zatvoreni\" target=\"_blank\"><strong>Izvor: DAN<\/strong><\/a><\/p>\n<p>&nbsp;<\/p>\n<p>&nbsp;<\/p>\n","protected":false},"excerpt":{"rendered":"<p>Sportista nema, hoteli zatvoreni ULCINj \u2013 Turisti\u010dki poslenici iz Ulcinja nemaju \u010dime da se pohvale ove zime. Ve\u0107ina hotela ne radi, a najvi\u0161e brine to \u0161to je izostao o\u010dekivani dolazak sportista koji se ve\u0107 godinama tradicionalno pripremaju u najju\u017enijoj op\u0161tini. Proteklih godina su u ovo vrijeme sportski tereni na Velikoj pla\u017ei bili puni fudbalera, atleti\u010dara, [&hellip;]<\/p>\n","protected":false},"author":1,"featured_media":0,"comment_status":"open","ping_status":"closed","sticky":false,"template":"","format":"standard","meta":{"spay_email":"","jetpack_publicize_message":"","jetpack_is_tweetstorm":false,"jetpack_publicize_feature_enabled":true},"categories":[8337],"tags":[250,19],"jetpack_publicize_connections":[],"yoast_head":"<!-- This site is optimized with the Yoast SEO plugin v19.1 - https:\/\/yoast.com\/wordpress\/plugins\/seo\/ -->\n<title>Omanula zimska turisticka sezona u Ulcinju - Lajme nga Ulqini<\/title>\n<meta name=\"description\" content=\"Sportista nema, hoteli zatvoreni ULCINj \u2013 Turisti\u010dki poslenici iz Ulcinja nemaju \u010dime da se pohvale ove zime. Ve\u0107ina hotela ne radi, a najvi\u0161e brine to\" \/>\n<meta name=\"robots\" content=\"index, follow, max-snippet:-1, max-image-preview:large, max-video-preview:-1\" \/>\n<link rel=\"canonical\" href=\"https:\/\/www.visit-ulcinj.com\/blog\/2013\/01\/20\/omanula-zimska-turisticka-sezona-u-ulcinju\/\" \/>\n<meta property=\"og:locale\" content=\"en_US\" \/>\n<meta property=\"og:type\" content=\"article\" \/>\n<meta property=\"og:title\" content=\"Omanula zimska turisticka sezona u Ulcinju - Lajme nga Ulqini\" \/>\n<meta property=\"og:description\" content=\"Sportista nema, hoteli zatvoreni ULCINj \u2013 Turisti\u010dki poslenici iz Ulcinja nemaju \u010dime da se pohvale ove zime. Ve\u0107ina hotela ne radi, a najvi\u0161e brine to\" \/>\n<meta property=\"og:url\" content=\"https:\/\/www.visit-ulcinj.com\/blog\/2013\/01\/20\/omanula-zimska-turisticka-sezona-u-ulcinju\/\" \/>\n<meta property=\"og:site_name\" content=\"Lajme nga Ulqini\" \/>\n<meta property=\"article:published_time\" content=\"2013-01-20T17:49:04+00:00\" \/>\n<meta property=\"article:modified_time\" content=\"2013-01-20T17:54:17+00:00\" \/>\n<meta property=\"og:image\" content=\"http:\/\/www.visit-ulcinj.com\/blog\/wp-content\/uploads\/2013\/01\/Hoteli-zatvoreni_CLOSET_Ulcinjska-Riviera.jpg\" \/>\n<meta name=\"twitter:label1\" content=\"Written by\" \/>\n\t<meta name=\"twitter:data1\" content=\"ulqini\" \/>\n\t<meta name=\"twitter:label2\" content=\"Est. reading time\" \/>\n\t<meta name=\"twitter:data2\" content=\"2 minutes\" \/>\n<script type=\"application\/ld+json\" class=\"yoast-schema-graph\">{\"@context\":\"https:\/\/schema.org\",\"@graph\":[{\"@type\":\"WebSite\",\"@id\":\"https:\/\/www.visit-ulcinj.com\/blog\/#website\",\"url\":\"https:\/\/www.visit-ulcinj.com\/blog\/\",\"name\":\"Lajme nga Ulqini\",\"description\":\"Lajme,Vijesti,Ulqini,Ulqin,Crna Gora,Mali i Zi\",\"potentialAction\":[{\"@type\":\"SearchAction\",\"target\":{\"@type\":\"EntryPoint\",\"urlTemplate\":\"https:\/\/www.visit-ulcinj.com\/blog\/?s={search_term_string}\"},\"query-input\":\"required name=search_term_string\"}],\"inLanguage\":\"en-US\"},{\"@type\":\"ImageObject\",\"inLanguage\":\"en-US\",\"@id\":\"https:\/\/www.visit-ulcinj.com\/blog\/2013\/01\/20\/omanula-zimska-turisticka-sezona-u-ulcinju\/#primaryimage\",\"url\":\"https:\/\/www.visit-ulcinj.com\/blog\/wp-content\/uploads\/2013\/01\/Hoteli-zatvoreni_CLOSET_Ulcinjska-Riviera.jpg\",\"contentUrl\":\"https:\/\/www.visit-ulcinj.com\/blog\/wp-content\/uploads\/2013\/01\/Hoteli-zatvoreni_CLOSET_Ulcinjska-Riviera.jpg\",\"width\":720,\"height\":479},{\"@type\":\"WebPage\",\"@id\":\"https:\/\/www.visit-ulcinj.com\/blog\/2013\/01\/20\/omanula-zimska-turisticka-sezona-u-ulcinju\/#webpage\",\"url\":\"https:\/\/www.visit-ulcinj.com\/blog\/2013\/01\/20\/omanula-zimska-turisticka-sezona-u-ulcinju\/\",\"name\":\"Omanula zimska turisticka sezona u Ulcinju - Lajme nga Ulqini\",\"isPartOf\":{\"@id\":\"https:\/\/www.visit-ulcinj.com\/blog\/#website\"},\"primaryImageOfPage\":{\"@id\":\"https:\/\/www.visit-ulcinj.com\/blog\/2013\/01\/20\/omanula-zimska-turisticka-sezona-u-ulcinju\/#primaryimage\"},\"datePublished\":\"2013-01-20T17:49:04+00:00\",\"dateModified\":\"2013-01-20T17:54:17+00:00\",\"author\":{\"@id\":\"https:\/\/www.visit-ulcinj.com\/blog\/#\/schema\/person\/dcab619c614d3038751c63bc2aadc06d\"},\"description\":\"Sportista nema, hoteli zatvoreni ULCINj \u2013 Turisti\u010dki poslenici iz Ulcinja nemaju \u010dime da se pohvale ove zime. Ve\u0107ina hotela ne radi, a najvi\u0161e brine to\",\"breadcrumb\":{\"@id\":\"https:\/\/www.visit-ulcinj.com\/blog\/2013\/01\/20\/omanula-zimska-turisticka-sezona-u-ulcinju\/#breadcrumb\"},\"inLanguage\":\"en-US\",\"potentialAction\":[{\"@type\":\"ReadAction\",\"target\":[\"https:\/\/www.visit-ulcinj.com\/blog\/2013\/01\/20\/omanula-zimska-turisticka-sezona-u-ulcinju\/\"]}]},{\"@type\":\"BreadcrumbList\",\"@id\":\"https:\/\/www.visit-ulcinj.com\/blog\/2013\/01\/20\/omanula-zimska-turisticka-sezona-u-ulcinju\/#breadcrumb\",\"itemListElement\":[{\"@type\":\"ListItem\",\"position\":1,\"name\":\"Omanula zimska turisticka sezona u Ulcinju\"}]},{\"@type\":\"Person\",\"@id\":\"https:\/\/www.visit-ulcinj.com\/blog\/#\/schema\/person\/dcab619c614d3038751c63bc2aadc06d\",\"name\":\"ulqini\",\"sameAs\":[\"http:\/\/www.visit-ulcinj.com\"],\"url\":\"https:\/\/www.visit-ulcinj.com\/blog\/author\/admin\/\"}]}<\/script>\n<!-- \/ Yoast SEO plugin. -->","yoast_head_json":{"title":"Omanula zimska turisticka sezona u Ulcinju - Lajme nga Ulqini","description":"Sportista nema, hoteli zatvoreni ULCINj \u2013 Turisti\u010dki poslenici iz Ulcinja nemaju \u010dime da se pohvale ove zime. Ve\u0107ina hotela ne radi, a najvi\u0161e brine to","robots":{"index":"index","follow":"follow","max-snippet":"max-snippet:-1","max-image-preview":"max-image-preview:large","max-video-preview":"max-video-preview:-1"},"canonical":"https:\/\/www.visit-ulcinj.com\/blog\/2013\/01\/20\/omanula-zimska-turisticka-sezona-u-ulcinju\/","og_locale":"en_US","og_type":"article","og_title":"Omanula zimska turisticka sezona u Ulcinju - Lajme nga Ulqini","og_description":"Sportista nema, hoteli zatvoreni ULCINj \u2013 Turisti\u010dki poslenici iz Ulcinja nemaju \u010dime da se pohvale ove zime. Ve\u0107ina hotela ne radi, a najvi\u0161e brine to","og_url":"https:\/\/www.visit-ulcinj.com\/blog\/2013\/01\/20\/omanula-zimska-turisticka-sezona-u-ulcinju\/","og_site_name":"Lajme nga Ulqini","article_published_time":"2013-01-20T17:49:04+00:00","article_modified_time":"2013-01-20T17:54:17+00:00","og_image":[{"url":"http:\/\/www.visit-ulcinj.com\/blog\/wp-content\/uploads\/2013\/01\/Hoteli-zatvoreni_CLOSET_Ulcinjska-Riviera.jpg"}],"twitter_misc":{"Written by":"ulqini","Est. reading time":"2 minutes"},"schema":{"@context":"https:\/\/schema.org","@graph":[{"@type":"WebSite","@id":"https:\/\/www.visit-ulcinj.com\/blog\/#website","url":"https:\/\/www.visit-ulcinj.com\/blog\/","name":"Lajme nga Ulqini","description":"Lajme,Vijesti,Ulqini,Ulqin,Crna Gora,Mali i Zi","potentialAction":[{"@type":"SearchAction","target":{"@type":"EntryPoint","urlTemplate":"https:\/\/www.visit-ulcinj.com\/blog\/?s={search_term_string}"},"query-input":"required name=search_term_string"}],"inLanguage":"en-US"},{"@type":"ImageObject","inLanguage":"en-US","@id":"https:\/\/www.visit-ulcinj.com\/blog\/2013\/01\/20\/omanula-zimska-turisticka-sezona-u-ulcinju\/#primaryimage","url":"https:\/\/www.visit-ulcinj.com\/blog\/wp-content\/uploads\/2013\/01\/Hoteli-zatvoreni_CLOSET_Ulcinjska-Riviera.jpg","contentUrl":"https:\/\/www.visit-ulcinj.com\/blog\/wp-content\/uploads\/2013\/01\/Hoteli-zatvoreni_CLOSET_Ulcinjska-Riviera.jpg","width":720,"height":479},{"@type":"WebPage","@id":"https:\/\/www.visit-ulcinj.com\/blog\/2013\/01\/20\/omanula-zimska-turisticka-sezona-u-ulcinju\/#webpage","url":"https:\/\/www.visit-ulcinj.com\/blog\/2013\/01\/20\/omanula-zimska-turisticka-sezona-u-ulcinju\/","name":"Omanula zimska turisticka sezona u Ulcinju - Lajme nga Ulqini","isPartOf":{"@id":"https:\/\/www.visit-ulcinj.com\/blog\/#website"},"primaryImageOfPage":{"@id":"https:\/\/www.visit-ulcinj.com\/blog\/2013\/01\/20\/omanula-zimska-turisticka-sezona-u-ulcinju\/#primaryimage"},"datePublished":"2013-01-20T17:49:04+00:00","dateModified":"2013-01-20T17:54:17+00:00","author":{"@id":"https:\/\/www.visit-ulcinj.com\/blog\/#\/schema\/person\/dcab619c614d3038751c63bc2aadc06d"},"description":"Sportista nema, hoteli zatvoreni ULCINj \u2013 Turisti\u010dki poslenici iz Ulcinja nemaju \u010dime da se pohvale ove zime. Ve\u0107ina hotela ne radi, a najvi\u0161e brine to","breadcrumb":{"@id":"https:\/\/www.visit-ulcinj.com\/blog\/2013\/01\/20\/omanula-zimska-turisticka-sezona-u-ulcinju\/#breadcrumb"},"inLanguage":"en-US","potentialAction":[{"@type":"ReadAction","target":["https:\/\/www.visit-ulcinj.com\/blog\/2013\/01\/20\/omanula-zimska-turisticka-sezona-u-ulcinju\/"]}]},{"@type":"BreadcrumbList","@id":"https:\/\/www.visit-ulcinj.com\/blog\/2013\/01\/20\/omanula-zimska-turisticka-sezona-u-ulcinju\/#breadcrumb","itemListElement":[{"@type":"ListItem","position":1,"name":"Omanula zimska turisticka sezona u Ulcinju"}]},{"@type":"Person","@id":"https:\/\/www.visit-ulcinj.com\/blog\/#\/schema\/person\/dcab619c614d3038751c63bc2aadc06d","name":"ulqini","sameAs":["http:\/\/www.visit-ulcinj.com"],"url":"https:\/\/www.visit-ulcinj.com\/blog\/author\/admin\/"}]}},"jetpack_featured_media_url":"","jetpack_sharing_enabled":true,"jetpack_shortlink":"https:\/\/wp.me\/pe6lTn-hDk","_links":{"self":[{"href":"https:\/\/www.visit-ulcinj.com\/blog\/wp-json\/wp\/v2\/posts\/67786"}],"collection":[{"href":"https:\/\/www.visit-ulcinj.com\/blog\/wp-json\/wp\/v2\/posts"}],"about":[{"href":"https:\/\/www.visit-ulcinj.com\/blog\/wp-json\/wp\/v2\/types\/post"}],"author":[{"embeddable":true,"href":"https:\/\/www.visit-ulcinj.com\/blog\/wp-json\/wp\/v2\/users\/1"}],"replies":[{"embeddable":true,"href":"https:\/\/www.visit-ulcinj.com\/blog\/wp-json\/wp\/v2\/comments?post=67786"}],"version-history":[{"count":7,"href":"https:\/\/www.visit-ulcinj.com\/blog\/wp-json\/wp\/v2\/posts\/67786\/revisions"}],"predecessor-version":[{"id":67795,"href":"https:\/\/www.visit-ulcinj.com\/blog\/wp-json\/wp\/v2\/posts\/67786\/revisions\/67795"}],"wp:attachment":[{"href":"https:\/\/www.visit-ulcinj.com\/blog\/wp-json\/wp\/v2\/media?parent=67786"}],"wp:term":[{"taxonomy":"category","embeddable":true,"href":"https:\/\/www.visit-ulcinj.com\/blog\/wp-json\/wp\/v2\/categories?post=67786"},{"taxonomy":"post_tag","embeddable":true,"href":"https:\/\/www.visit-ulcinj.com\/blog\/wp-json\/wp\/v2\/tags?post=67786"}],"curies":[{"name":"wp","href":"https:\/\/api.w.org\/{rel}","templated":true}]}}