{"id":67806,"date":"2013-01-21T18:56:59","date_gmt":"2013-01-21T17:56:59","guid":{"rendered":"http:\/\/www.visit-ulcinj.com\/blog\/?p=67806"},"modified":"2013-01-24T00:22:36","modified_gmt":"2013-01-23T23:22:36","slug":"komuna-e-ulqinit-kufiri-ne-sukubine-te-jet-i-hapur-per-mallrat-komerciale","status":"publish","type":"post","link":"https:\/\/www.visit-ulcinj.com\/blog\/2013\/01\/21\/komuna-e-ulqinit-kufiri-ne-sukubine-te-jet-i-hapur-per-mallrat-komerciale\/","title":{"rendered":"Komuna e Ulqinit : Kufiri n\u00eb Sukubin\u00eb t\u00eb jet i hapur p\u00ebr mallrat komerciale"},"content":{"rendered":"<p><b>Komuna e Ulqinit k\u00ebrkon q\u00eb vendkalimi Sukubin\u00eb \u2013 Muriqan t\u00eb p\u00ebrdoret edhe p\u00ebr qarkullimin e mallrave, mirpo ekspert\u00ebt jan\u00eb kund\u00ebr p\u00ebr shkak t\u00eb infrastruktur\u00ebs.<\/b><\/p>\n<p><a href=\"http:\/\/www.visit-ulcinj.com\/blog\/wp-content\/uploads\/2013\/01\/Kufiri-Sukubin-Muriqan.jpg\"><img loading=\"lazy\" class=\"alignleft  wp-image-67807\" alt=\"Kufiri -Sukubin-Muriqan\" src=\"http:\/\/www.visit-ulcinj.com\/blog\/wp-content\/uploads\/2013\/01\/Kufiri-Sukubin-Muriqan.jpg\" width=\"508\" height=\"360\" \/><\/a><\/p>\n<p>Ulqin \u2013 Me k\u00ebrkes\u00ebn e afarist\u00ebve, Komuna\u00a0e Ulqinit ka k\u00ebrkuar nga Sektori\u00a0p\u00ebr menaxhimin e integruar t\u00eb\u00a0kufijve dhe vendkalimeve kufitare t\u00eb\u00a0Ministris\u00eb s\u00eb Pun\u00ebve t\u00eb Brendshme\u00a0q\u00eb vendkalimi kufitar Sukubin\u00eb \u2013 Muriqan\u00a0t\u00eb hapet sa m\u00eb shpejt edhe p\u00ebr\u00a0qarkullimin e mallrave.\u00a0Komuna e Ulqinit i \u00ebsht\u00eb drejtuar me\u00a0k\u00ebrkes\u00eb m\u00eb 17 tetor t\u00eb vitit t\u00eb kaluar\u00a0kryeshefit t\u00eb k\u00ebtij sektori, Milan Paunoviq.\u00a0Ky i fundit e ka njoftuar Komun\u00ebn\u00a0e Ulqinit se lidhur me k\u00ebt\u00eb \u00e7\u00ebshtje\u00a0\u00ebsht\u00eb diskutuar n\u00eb nj\u00eb takim t\u00eb p\u00ebrbashk\u00ebt\u00a0t\u00eb Komitetit t\u00eb ekspert\u00ebve t\u00eb\u00a0t\u00eb dy pal\u00ebve, malazeze dhe shqiptare,\u00a0t\u00eb mbajtur n\u00eb Muriqan m\u00eb 6 n\u00ebntor\u00a02012.\u00a0Sipas Paunoviqit, Komiteti i\u00a0ekspert\u00ebve ka arritur n\u00eb p\u00ebrfundimin\u00a0se infrastruktura rrugore ekzistuese\u00a0nuk i plot\u00ebson akoma kushtet p\u00ebr\u00a0hapjen e vendkalimit kufitar Sukubin\u00eb\u00a0\u2013 Muriqan p\u00ebr qarkullimin e mallrave.\u00a0Ekspert\u00ebt kan\u00eb konkluduar se p\u00ebr\u00a0shkak t\u00eb frekuentimit t\u00eb madh t\u00eb k\u00ebsaj\u00a0rruge, sidomos gjat\u00eb tre muajve t\u00eb sezonit\u00a0veror, kur numri i automjeteve\u00a0arrin n\u00eb disa qindra mij\u00eb, \u00ebsht\u00eb i pamundur\u00a0q\u00eb vendkalimi kufitar Sukubin\u00eb\u00a0\u2013 Muriqan t\u00eb shfryt\u00ebzohet edhe\u00a0p\u00ebr qarkullimin e mallrave pa u b\u00ebr\u00eb\u00a0rikonstruktimi i rrug\u00ebs.\u00a0Kryeshefi i Sektorit p\u00ebr menaxhimin e\u00a0integruar t\u00eb kufijve dhe vendkalimeve\u00a0kufitare ka th\u00ebn\u00eb se pala malazeze\u00a0dhe ajo shqiptare jan\u00eb duke analizuar\u00a0mund\u00ebsin\u00eb e ndryshimit t\u00eb procedur\u00ebs\u00a0doganore p\u00ebr kontrollin e mallrave,\u00a0me q\u00ebllim q\u00eb ai t\u00eb kryhet brenda\u00a0territorit t\u00eb vendit p\u00ebrkat\u00ebs, gj\u00eb q\u00eb do\u00a0t\u00eb leht\u00ebsonte dhe do t\u00eb p\u00ebrshpejton P\u00ebrdorimi i vendkalimit kufitar Sukubin\u00eb\u00a0\u2013 Muriqan p\u00ebr qarkullimin e mallrave shikohet me dobi nga afarist\u00ebt shqiptar\u00eb dhe malazez\u00eb, dhe\u00a0si nj\u00eb mund\u00ebsi p\u00ebr zgjerimin e bizneseve\u00a0t\u00eb tyre.<\/p>\n<p><b>Gzim Nikeziq<\/b><\/p>\n<p><a href=\"http:\/\/www.visit-ulcinj.com\/blog\/wp-content\/uploads\/2013\/01\/Pompa-e-benzinit-ne-Sukubin.jpg\"><img loading=\"lazy\" class=\"alignleft  wp-image-67808\" alt=\"Pompa e benzinit ne Sukubin\" src=\"http:\/\/www.visit-ulcinj.com\/blog\/wp-content\/uploads\/2013\/01\/Pompa-e-benzinit-ne-Sukubin.jpg\" width=\"508\" height=\"300\" \/><\/a><\/p>\n<p><b>Rruga gati para sezonit turistik\u00a0\u00a0<\/b><\/p>\n<p><a href=\"http:\/\/www.visit-ulcinj.com\/blog\/wp-content\/uploads\/2013\/01\/Krytha_rruga-qe-con_Sukubin_Muriqan_Shqiperi_Kosove..jpg\"><img loading=\"lazy\" class=\"alignleft  wp-image-67809\" alt=\"Krytha_rruga-qe-con_Sukubin_Muriqan_Shqiperi_Kosove.\" src=\"http:\/\/www.visit-ulcinj.com\/blog\/wp-content\/uploads\/2013\/01\/Krytha_rruga-qe-con_Sukubin_Muriqan_Shqiperi_Kosove..jpg\" width=\"508\" height=\"300\" \/><\/a><\/p>\n<p>Ulqin \u2013 Punimet p\u00ebr rikonstruktimin e aksit rrugor Kat\u00ebrkoll\u00eb (kryq\u00ebzimi\u00a0p\u00ebr Ostros) \u2013 Kryth\u00eb, pjes\u00eb e rrug\u00ebs magjistrale Ulqin \u2013 Sukubin\u00eb, do t\u00eb fillojn\u00eb\u00a0gjat\u00eb k\u00ebsaj jave, kan\u00eb b\u00ebr\u00eb t\u00eb ditur nga Komuna e Ulqinit.\u00a0Ky aks me gjat\u00ebsi prej rreth 4.5 kilometra p\u00ebrb\u00ebn faz\u00ebn e dyt\u00eb t\u00eb rikonstruktimit\u00a0t\u00eb rrug\u00ebs magjistrale Ulqin \u2013 Sukubin\u00eb.\u00a0Punimet t\u00eb cilat realizohen n\u00ebp\u00ebrmjet Drejtoris\u00eb p\u00ebr Komunikacion n\u00eb\u00a0bashk\u00ebpunim me Komun\u00ebn e Ulqinit, do t\u00eb kryhen nga kompania \u201cBemax\u201d\u00a0nga Podgorica, e cila ka b\u00ebr\u00eb edhe rikonstruktimin e aksit rrugor Sukubin\u00eb\u00a0\u2013 Kat\u00ebrkoll\u00eb. Sipas planit, punimet duhet t\u00eb p\u00ebrfundojn\u00eb para fillimit t\u00eb\u00a0sezonit turistik.<\/p>\n<p><a href=\"http:\/\/www.visit-ulcinj.com\/blog\/wp-content\/uploads\/2013\/01\/Krytha_rruga-qe-con_Sukubin_Muriqan_Shqiperi_Kosove..1.jpg\"><img loading=\"lazy\" class=\"alignleft  wp-image-67810\" alt=\"Krytha_rruga-qe-con_Sukubin_Muriqan_Shqiperi_Kosove..1\" src=\"http:\/\/www.visit-ulcinj.com\/blog\/wp-content\/uploads\/2013\/01\/Krytha_rruga-qe-con_Sukubin_Muriqan_Shqiperi_Kosove..1.jpg\" width=\"508\" height=\"300\" \/><\/a><\/p>\n<p>Tashm\u00eb kan\u00eb filluar matjet me q\u00ebllim t\u00eb hartimit t\u00eb projektit p\u00ebr aksin rrugor\u00a0Kryth\u00eb \u2013 Ulqin, si faz\u00eb e tret\u00eb e rikonstruktimit t\u00eb rrug\u00ebs Ulqin \u2013 Sukubin\u00eb,\u00a0n\u00eb t\u00eb cil\u00ebn punimet parashikohet t\u00eb fillojn\u00eb vitin e ardhsh\u00ebm.\u00a0Rruga Ulqin-Sukubin\u00eb p\u00ebrb\u00ebn nj\u00ebren nga arteriet kryesore rrugore jo ve\u00e7\u00a0p\u00ebr qytetin e Ulqinit, por p\u00ebr t\u00eb gjith\u00eb Malin e Zi. P\u00ebr r\u00ebnd\u00ebsin\u00eb e k\u00ebsaj\u00a0rruge m\u00eb s\u00eb miri flet fakti se gjat\u00eb vitit t\u00eb kaluar n\u00eb vendkalimin kufitar\u00a0Sukubin\u00eb \u2013 Muriqan kan\u00eb kaluar rreth dy milion\u00eb turist\u00eb. N\u00ebp\u00ebrmjet k\u00ebsaj\u00a0rruge, n\u00eb Ulqin dhe n\u00eb bregdetin e Malit t\u00eb Zi vijn\u00eb pjesa m\u00eb e madhe\u00a0e turist\u00ebve nga Shqip\u00ebria, Kosova dhe Maqedonia, por edhe e diaspor\u00ebs\u00a0shqiptare t\u00eb cil\u00ebt i kalojn\u00eb pushimet n\u00eb vendlindje.<\/p>\n<p><b>(Kohapress)<\/b><\/p>\n","protected":false},"excerpt":{"rendered":"<p>Komuna e Ulqinit k\u00ebrkon q\u00eb vendkalimi Sukubin\u00eb \u2013 Muriqan t\u00eb p\u00ebrdoret edhe p\u00ebr qarkullimin e mallrave, mirpo ekspert\u00ebt jan\u00eb kund\u00ebr p\u00ebr shkak t\u00eb infrastruktur\u00ebs. Ulqin \u2013 Me k\u00ebrkes\u00ebn e afarist\u00ebve, Komuna\u00a0e Ulqinit ka k\u00ebrkuar nga Sektori\u00a0p\u00ebr menaxhimin e integruar t\u00eb\u00a0kufijve dhe vendkalimeve kufitare t\u00eb\u00a0Ministris\u00eb s\u00eb Pun\u00ebve t\u00eb Brendshme\u00a0q\u00eb vendkalimi kufitar Sukubin\u00eb \u2013 Muriqan\u00a0t\u00eb hapet sa [&hellip;]<\/p>\n","protected":false},"author":1,"featured_media":0,"comment_status":"open","ping_status":"closed","sticky":false,"template":"","format":"standard","meta":{"spay_email":"","jetpack_publicize_message":"","jetpack_is_tweetstorm":false,"jetpack_publicize_feature_enabled":true},"categories":[1,14249],"tags":[11609,21509,21512,17977,212,17828,21239,17834,21237,18370,17811,4031,21242,20884,7930,17831,21652,18362,14353,17808,14354,12340,17840,17839,18363,21221,21222,18532,19677,17835,21240,17814,17810,17816,17071,21697,21696,2319,21246,17807,21253,21468,21469,19517,3516,14652,17837,17827,21219,21416,8470,21244,21654,4607,21494,2338,21653,21238,21248,14358,19806,222,2321,17802,17812,17803,2323,3584,17820,16036,1499,21236,21250,17825,17817,17805,21252,3169,8966,305,21251,840,17823,17832,3506,17818,214,21231,3993,5913,17680,14362,14363,18371,21493,21230,21241,21513,3507,730,21471,21249,17800,498,3500,21421,21228,21255,19514,115,14364,21234,19024,18694,21254,21223,21418,17799,3327,21226,17841,3944,17826,15213,18236,3512,17806,18399,11648,18289,21233,17838,95,2348,21427,17813,17804,15141,347,19495,17836,14366,21510,3875,79,17073,18294,318,118,18368,18369,21417,21662,21661,19511,21257,21258,1653,21420,21426,21419,11584,2304,21261,21232,1909,21243,21224,14367,21235,2354,5380,17801,2306,2334,2335,21470,18360,21227,3577,17822,14368,14369,21225,21492,17824,14370,21247,18291,16228,21259,2083,3231,14371,21220,41,3617,5040,3582,2350,21684,3722,21260,14372,17844,17821,18372,21256,17830,17077,18295,14375,17833,17829,899,21245,20894,21682,21683,3797,21229,4684,19,200,18,6531,17819,19460,4243,16445,17809,2340,14376],"jetpack_publicize_connections":[],"yoast_head":"<!-- This site is optimized with the Yoast SEO plugin v19.1 - https:\/\/yoast.com\/wordpress\/plugins\/seo\/ -->\n<title>Komuna e Ulqinit : Kufiri n\u00eb Sukubin\u00eb t\u00eb jet i hapur p\u00ebr mallrat komerciale - Lajme nga Ulqini<\/title>\n<meta name=\"description\" content=\"Komuna e Ulqinit k\u00ebrkon q\u00eb vendkalimi Sukubin\u00eb \u2013 Muriqan t\u00eb p\u00ebrdoret edhe p\u00ebr qarkullimin e mallrave, mirpo ekspert\u00ebt jan\u00eb kund\u00ebr p\u00ebr shkak t\u00eb\" \/>\n<meta name=\"robots\" content=\"index, follow, max-snippet:-1, max-image-preview:large, max-video-preview:-1\" \/>\n<link rel=\"canonical\" href=\"https:\/\/www.visit-ulcinj.com\/blog\/2013\/01\/21\/komuna-e-ulqinit-kufiri-ne-sukubine-te-jet-i-hapur-per-mallrat-komerciale\/\" \/>\n<meta property=\"og:locale\" content=\"en_US\" \/>\n<meta property=\"og:type\" content=\"article\" \/>\n<meta property=\"og:title\" content=\"Komuna e Ulqinit : Kufiri n\u00eb Sukubin\u00eb t\u00eb jet i hapur p\u00ebr mallrat komerciale - Lajme nga Ulqini\" \/>\n<meta property=\"og:description\" content=\"Komuna e Ulqinit k\u00ebrkon q\u00eb vendkalimi Sukubin\u00eb \u2013 Muriqan t\u00eb p\u00ebrdoret edhe p\u00ebr qarkullimin e mallrave, mirpo ekspert\u00ebt jan\u00eb kund\u00ebr p\u00ebr shkak t\u00eb\" \/>\n<meta property=\"og:url\" content=\"https:\/\/www.visit-ulcinj.com\/blog\/2013\/01\/21\/komuna-e-ulqinit-kufiri-ne-sukubine-te-jet-i-hapur-per-mallrat-komerciale\/\" \/>\n<meta property=\"og:site_name\" content=\"Lajme nga Ulqini\" \/>\n<meta property=\"article:published_time\" content=\"2013-01-21T17:56:59+00:00\" \/>\n<meta property=\"article:modified_time\" content=\"2013-01-23T23:22:36+00:00\" \/>\n<meta property=\"og:image\" content=\"http:\/\/www.visit-ulcinj.com\/blog\/wp-content\/uploads\/2013\/01\/Kufiri-Sukubin-Muriqan.jpg\" \/>\n<meta name=\"twitter:label1\" content=\"Written by\" \/>\n\t<meta name=\"twitter:data1\" content=\"ulqini\" \/>\n\t<meta name=\"twitter:label2\" content=\"Est. reading time\" \/>\n\t<meta name=\"twitter:data2\" content=\"3 minutes\" \/>\n<script type=\"application\/ld+json\" class=\"yoast-schema-graph\">{\"@context\":\"https:\/\/schema.org\",\"@graph\":[{\"@type\":\"WebSite\",\"@id\":\"https:\/\/www.visit-ulcinj.com\/blog\/#website\",\"url\":\"https:\/\/www.visit-ulcinj.com\/blog\/\",\"name\":\"Lajme nga Ulqini\",\"description\":\"Lajme,Vijesti,Ulqini,Ulqin,Crna Gora,Mali i Zi\",\"potentialAction\":[{\"@type\":\"SearchAction\",\"target\":{\"@type\":\"EntryPoint\",\"urlTemplate\":\"https:\/\/www.visit-ulcinj.com\/blog\/?s={search_term_string}\"},\"query-input\":\"required name=search_term_string\"}],\"inLanguage\":\"en-US\"},{\"@type\":\"ImageObject\",\"inLanguage\":\"en-US\",\"@id\":\"https:\/\/www.visit-ulcinj.com\/blog\/2013\/01\/21\/komuna-e-ulqinit-kufiri-ne-sukubine-te-jet-i-hapur-per-mallrat-komerciale\/#primaryimage\",\"url\":\"https:\/\/www.visit-ulcinj.com\/blog\/wp-content\/uploads\/2013\/01\/Kufiri-Sukubin-Muriqan.jpg\",\"contentUrl\":\"https:\/\/www.visit-ulcinj.com\/blog\/wp-content\/uploads\/2013\/01\/Kufiri-Sukubin-Muriqan.jpg\",\"width\":640,\"height\":427},{\"@type\":\"WebPage\",\"@id\":\"https:\/\/www.visit-ulcinj.com\/blog\/2013\/01\/21\/komuna-e-ulqinit-kufiri-ne-sukubine-te-jet-i-hapur-per-mallrat-komerciale\/#webpage\",\"url\":\"https:\/\/www.visit-ulcinj.com\/blog\/2013\/01\/21\/komuna-e-ulqinit-kufiri-ne-sukubine-te-jet-i-hapur-per-mallrat-komerciale\/\",\"name\":\"Komuna e Ulqinit : Kufiri n\u00eb Sukubin\u00eb t\u00eb jet i hapur p\u00ebr mallrat komerciale - Lajme nga Ulqini\",\"isPartOf\":{\"@id\":\"https:\/\/www.visit-ulcinj.com\/blog\/#website\"},\"primaryImageOfPage\":{\"@id\":\"https:\/\/www.visit-ulcinj.com\/blog\/2013\/01\/21\/komuna-e-ulqinit-kufiri-ne-sukubine-te-jet-i-hapur-per-mallrat-komerciale\/#primaryimage\"},\"datePublished\":\"2013-01-21T17:56:59+00:00\",\"dateModified\":\"2013-01-23T23:22:36+00:00\",\"author\":{\"@id\":\"https:\/\/www.visit-ulcinj.com\/blog\/#\/schema\/person\/dcab619c614d3038751c63bc2aadc06d\"},\"description\":\"Komuna e Ulqinit k\u00ebrkon q\u00eb vendkalimi Sukubin\u00eb \u2013 Muriqan t\u00eb p\u00ebrdoret edhe p\u00ebr qarkullimin e mallrave, mirpo ekspert\u00ebt jan\u00eb kund\u00ebr p\u00ebr shkak t\u00eb\",\"breadcrumb\":{\"@id\":\"https:\/\/www.visit-ulcinj.com\/blog\/2013\/01\/21\/komuna-e-ulqinit-kufiri-ne-sukubine-te-jet-i-hapur-per-mallrat-komerciale\/#breadcrumb\"},\"inLanguage\":\"en-US\",\"potentialAction\":[{\"@type\":\"ReadAction\",\"target\":[\"https:\/\/www.visit-ulcinj.com\/blog\/2013\/01\/21\/komuna-e-ulqinit-kufiri-ne-sukubine-te-jet-i-hapur-per-mallrat-komerciale\/\"]}]},{\"@type\":\"BreadcrumbList\",\"@id\":\"https:\/\/www.visit-ulcinj.com\/blog\/2013\/01\/21\/komuna-e-ulqinit-kufiri-ne-sukubine-te-jet-i-hapur-per-mallrat-komerciale\/#breadcrumb\",\"itemListElement\":[{\"@type\":\"ListItem\",\"position\":1,\"name\":\"Komuna e Ulqinit : Kufiri n\u00eb Sukubin\u00eb t\u00eb jet i hapur p\u00ebr mallrat komerciale\"}]},{\"@type\":\"Person\",\"@id\":\"https:\/\/www.visit-ulcinj.com\/blog\/#\/schema\/person\/dcab619c614d3038751c63bc2aadc06d\",\"name\":\"ulqini\",\"sameAs\":[\"http:\/\/www.visit-ulcinj.com\"],\"url\":\"https:\/\/www.visit-ulcinj.com\/blog\/author\/admin\/\"}]}<\/script>\n<!-- \/ Yoast SEO plugin. -->","yoast_head_json":{"title":"Komuna e Ulqinit : Kufiri n\u00eb Sukubin\u00eb t\u00eb jet i hapur p\u00ebr mallrat komerciale - Lajme nga Ulqini","description":"Komuna e Ulqinit k\u00ebrkon q\u00eb vendkalimi Sukubin\u00eb \u2013 Muriqan t\u00eb p\u00ebrdoret edhe p\u00ebr qarkullimin e mallrave, mirpo ekspert\u00ebt jan\u00eb kund\u00ebr p\u00ebr shkak t\u00eb","robots":{"index":"index","follow":"follow","max-snippet":"max-snippet:-1","max-image-preview":"max-image-preview:large","max-video-preview":"max-video-preview:-1"},"canonical":"https:\/\/www.visit-ulcinj.com\/blog\/2013\/01\/21\/komuna-e-ulqinit-kufiri-ne-sukubine-te-jet-i-hapur-per-mallrat-komerciale\/","og_locale":"en_US","og_type":"article","og_title":"Komuna e Ulqinit : Kufiri n\u00eb Sukubin\u00eb t\u00eb jet i hapur p\u00ebr mallrat komerciale - Lajme nga Ulqini","og_description":"Komuna e Ulqinit k\u00ebrkon q\u00eb vendkalimi Sukubin\u00eb \u2013 Muriqan t\u00eb p\u00ebrdoret edhe p\u00ebr qarkullimin e mallrave, mirpo ekspert\u00ebt jan\u00eb kund\u00ebr p\u00ebr shkak t\u00eb","og_url":"https:\/\/www.visit-ulcinj.com\/blog\/2013\/01\/21\/komuna-e-ulqinit-kufiri-ne-sukubine-te-jet-i-hapur-per-mallrat-komerciale\/","og_site_name":"Lajme nga Ulqini","article_published_time":"2013-01-21T17:56:59+00:00","article_modified_time":"2013-01-23T23:22:36+00:00","og_image":[{"url":"http:\/\/www.visit-ulcinj.com\/blog\/wp-content\/uploads\/2013\/01\/Kufiri-Sukubin-Muriqan.jpg"}],"twitter_misc":{"Written by":"ulqini","Est. reading time":"3 minutes"},"schema":{"@context":"https:\/\/schema.org","@graph":[{"@type":"WebSite","@id":"https:\/\/www.visit-ulcinj.com\/blog\/#website","url":"https:\/\/www.visit-ulcinj.com\/blog\/","name":"Lajme nga Ulqini","description":"Lajme,Vijesti,Ulqini,Ulqin,Crna Gora,Mali i Zi","potentialAction":[{"@type":"SearchAction","target":{"@type":"EntryPoint","urlTemplate":"https:\/\/www.visit-ulcinj.com\/blog\/?s={search_term_string}"},"query-input":"required name=search_term_string"}],"inLanguage":"en-US"},{"@type":"ImageObject","inLanguage":"en-US","@id":"https:\/\/www.visit-ulcinj.com\/blog\/2013\/01\/21\/komuna-e-ulqinit-kufiri-ne-sukubine-te-jet-i-hapur-per-mallrat-komerciale\/#primaryimage","url":"https:\/\/www.visit-ulcinj.com\/blog\/wp-content\/uploads\/2013\/01\/Kufiri-Sukubin-Muriqan.jpg","contentUrl":"https:\/\/www.visit-ulcinj.com\/blog\/wp-content\/uploads\/2013\/01\/Kufiri-Sukubin-Muriqan.jpg","width":640,"height":427},{"@type":"WebPage","@id":"https:\/\/www.visit-ulcinj.com\/blog\/2013\/01\/21\/komuna-e-ulqinit-kufiri-ne-sukubine-te-jet-i-hapur-per-mallrat-komerciale\/#webpage","url":"https:\/\/www.visit-ulcinj.com\/blog\/2013\/01\/21\/komuna-e-ulqinit-kufiri-ne-sukubine-te-jet-i-hapur-per-mallrat-komerciale\/","name":"Komuna e Ulqinit : Kufiri n\u00eb Sukubin\u00eb t\u00eb jet i hapur p\u00ebr mallrat komerciale - Lajme nga Ulqini","isPartOf":{"@id":"https:\/\/www.visit-ulcinj.com\/blog\/#website"},"primaryImageOfPage":{"@id":"https:\/\/www.visit-ulcinj.com\/blog\/2013\/01\/21\/komuna-e-ulqinit-kufiri-ne-sukubine-te-jet-i-hapur-per-mallrat-komerciale\/#primaryimage"},"datePublished":"2013-01-21T17:56:59+00:00","dateModified":"2013-01-23T23:22:36+00:00","author":{"@id":"https:\/\/www.visit-ulcinj.com\/blog\/#\/schema\/person\/dcab619c614d3038751c63bc2aadc06d"},"description":"Komuna e Ulqinit k\u00ebrkon q\u00eb vendkalimi Sukubin\u00eb \u2013 Muriqan t\u00eb p\u00ebrdoret edhe p\u00ebr qarkullimin e mallrave, mirpo ekspert\u00ebt jan\u00eb kund\u00ebr p\u00ebr shkak t\u00eb","breadcrumb":{"@id":"https:\/\/www.visit-ulcinj.com\/blog\/2013\/01\/21\/komuna-e-ulqinit-kufiri-ne-sukubine-te-jet-i-hapur-per-mallrat-komerciale\/#breadcrumb"},"inLanguage":"en-US","potentialAction":[{"@type":"ReadAction","target":["https:\/\/www.visit-ulcinj.com\/blog\/2013\/01\/21\/komuna-e-ulqinit-kufiri-ne-sukubine-te-jet-i-hapur-per-mallrat-komerciale\/"]}]},{"@type":"BreadcrumbList","@id":"https:\/\/www.visit-ulcinj.com\/blog\/2013\/01\/21\/komuna-e-ulqinit-kufiri-ne-sukubine-te-jet-i-hapur-per-mallrat-komerciale\/#breadcrumb","itemListElement":[{"@type":"ListItem","position":1,"name":"Komuna e Ulqinit : Kufiri n\u00eb Sukubin\u00eb t\u00eb jet i hapur p\u00ebr mallrat komerciale"}]},{"@type":"Person","@id":"https:\/\/www.visit-ulcinj.com\/blog\/#\/schema\/person\/dcab619c614d3038751c63bc2aadc06d","name":"ulqini","sameAs":["http:\/\/www.visit-ulcinj.com"],"url":"https:\/\/www.visit-ulcinj.com\/blog\/author\/admin\/"}]}},"jetpack_featured_media_url":"","jetpack_sharing_enabled":true,"jetpack_shortlink":"https:\/\/wp.me\/pe6lTn-hDE","_links":{"self":[{"href":"https:\/\/www.visit-ulcinj.com\/blog\/wp-json\/wp\/v2\/posts\/67806"}],"collection":[{"href":"https:\/\/www.visit-ulcinj.com\/blog\/wp-json\/wp\/v2\/posts"}],"about":[{"href":"https:\/\/www.visit-ulcinj.com\/blog\/wp-json\/wp\/v2\/types\/post"}],"author":[{"embeddable":true,"href":"https:\/\/www.visit-ulcinj.com\/blog\/wp-json\/wp\/v2\/users\/1"}],"replies":[{"embeddable":true,"href":"https:\/\/www.visit-ulcinj.com\/blog\/wp-json\/wp\/v2\/comments?post=67806"}],"version-history":[{"count":5,"href":"https:\/\/www.visit-ulcinj.com\/blog\/wp-json\/wp\/v2\/posts\/67806\/revisions"}],"predecessor-version":[{"id":68019,"href":"https:\/\/www.visit-ulcinj.com\/blog\/wp-json\/wp\/v2\/posts\/67806\/revisions\/68019"}],"wp:attachment":[{"href":"https:\/\/www.visit-ulcinj.com\/blog\/wp-json\/wp\/v2\/media?parent=67806"}],"wp:term":[{"taxonomy":"category","embeddable":true,"href":"https:\/\/www.visit-ulcinj.com\/blog\/wp-json\/wp\/v2\/categories?post=67806"},{"taxonomy":"post_tag","embeddable":true,"href":"https:\/\/www.visit-ulcinj.com\/blog\/wp-json\/wp\/v2\/tags?post=67806"}],"curies":[{"name":"wp","href":"https:\/\/api.w.org\/{rel}","templated":true}]}}