{"id":6781,"date":"2008-12-04T16:12:32","date_gmt":"2008-12-04T15:12:32","guid":{"rendered":"http:\/\/www.visit-ulcinj.com\/blog\/?p=6781"},"modified":"2008-12-04T16:12:32","modified_gmt":"2008-12-04T15:12:32","slug":"themelimi-i-keshillit-tuz-malesi-dhe-28-nentori","status":"publish","type":"post","link":"https:\/\/www.visit-ulcinj.com\/blog\/2008\/12\/04\/themelimi-i-keshillit-tuz-malesi-dhe-28-nentori\/","title":{"rendered":"Themelimi i K\u00ebshillit Tuz Mal\u00ebsi dhe 28 N\u00ebntori"},"content":{"rendered":"<p><a href=\"http:\/\/www.visit-ulcinj.com\/blog\/wp-content\/uploads\/2008\/12\/themelimi-i-keshillit-tuz-malesi-dhe-28-nentori.jpg\"><img loading=\"lazy\" class=\"alignleft size-medium wp-image-6782\" title=\"themelimi-i-keshillit-tuz-malesi-dhe-28-nentori\" src=\"http:\/\/www.visit-ulcinj.com\/blog\/wp-content\/uploads\/2008\/12\/themelimi-i-keshillit-tuz-malesi-dhe-28-nentori-300x240.jpg\" alt=\"\" width=\"272\" height=\"217\" srcset=\"https:\/\/www.visit-ulcinj.com\/blog\/wp-content\/uploads\/2008\/12\/themelimi-i-keshillit-tuz-malesi-dhe-28-nentori-300x240.jpg 300w, https:\/\/www.visit-ulcinj.com\/blog\/wp-content\/uploads\/2008\/12\/themelimi-i-keshillit-tuz-malesi-dhe-28-nentori.jpg 500w\" sizes=\"(max-width: 272px) 100vw, 272px\" \/><\/a>Tuz \u2013 Mal\u00ebsi dhe me rastin e festave t\u00eb Flamurit, t\u00eb enjten me 27 N\u00ebntor Forca organizoj nj\u00eb Koncert festiv n\u00eb Tuz.<br \/>\nKryetari i Forc\u00ebs z. Nazif Cungu mbajti fjal\u00ebn p\u00ebrsh\u00ebndet\u00ebse dhe ftoi n\u00eb sken\u00eb kryetarin e k\u00ebshillit t\u00eb posa zgjedhur z. Elez Nikaj, dhe n\u00ebnkryetarin e tij z. Zef Nikprelaj.<br \/>\nN\u00eb k\u00ebt\u00eb manifestim ishte prezent Ambasadori i Shqip\u00ebris\u00eb n\u00eb Mal t\u00eb Zi Z. Tonin Beci, funksionar\u00ebt e lart\u00eb t\u00eb komun\u00ebs urban\u00eb t\u00eb Tuzit, klerik\u00ebt fetar dhe nj\u00eb pjes\u00eb e madhe e intelektual\u00ebve shqiptar\u00eb nga Mali i Zi.<br \/>\nP\u00ebr arg\u00ebtimin muzikor\u00eb u p\u00ebrkujdes\u00ebn mjeshtrit e muzik\u00ebs Shqiptare maestro Ramazan Peku, Fatos Qerimaj, Bruno Qerimaj dhe Reshit Boka.<\/p>\n<p><strong>Forca e re demokratike n\u00eb Mal t\u00eb Zi<br \/>\nSh\u00ebrbimi Informativ <\/strong><\/p>\n\n\t\t<style type=\"text\/css\">\n\t\t\t#gallery-1 {\n\t\t\t\tmargin: auto;\n\t\t\t}\n\t\t\t#gallery-1 .gallery-item {\n\t\t\t\tfloat: left;\n\t\t\t\tmargin-top: 10px;\n\t\t\t\ttext-align: center;\n\t\t\t\twidth: 33%;\n\t\t\t}\n\t\t\t#gallery-1 img {\n\t\t\t\tborder: 2px solid #cfcfcf;\n\t\t\t}\n\t\t\t#gallery-1 .gallery-caption {\n\t\t\t\tmargin-left: 0;\n\t\t\t}\n\t\t\t\/* see gallery_shortcode() in wp-includes\/media.php *\/\n\t\t<\/style>\n\t\t<div id='gallery-1' class='gallery galleryid-6781 gallery-columns-3 gallery-size-thumbnail'><dl class='gallery-item'>\n\t\t\t<dt class='gallery-icon landscape'>\n\t\t\t\t<a href='https:\/\/www.visit-ulcinj.com\/blog\/2008\/12\/04\/themelimi-i-keshillit-tuz-malesi-dhe-28-nentori\/themelimi-i-keshillit-tuz-malesi-dhe-28-nentori\/'><img width=\"150\" height=\"150\" src=\"https:\/\/www.visit-ulcinj.com\/blog\/wp-content\/uploads\/2008\/12\/themelimi-i-keshillit-tuz-malesi-dhe-28-nentori-150x150.jpg\" class=\"attachment-thumbnail size-thumbnail\" alt=\"\" loading=\"lazy\" \/><\/a>\n\t\t\t<\/dt><\/dl><dl class='gallery-item'>\n\t\t\t<dt class='gallery-icon landscape'>\n\t\t\t\t<a href='https:\/\/www.visit-ulcinj.com\/blog\/2008\/12\/04\/themelimi-i-keshillit-tuz-malesi-dhe-28-nentori\/forca-ben-festimin-e-dites-se-flamurit3\/'><img width=\"150\" height=\"150\" src=\"https:\/\/www.visit-ulcinj.com\/blog\/wp-content\/uploads\/2008\/12\/forca-ben-festimin-e-dites-se-flamurit3-150x150.jpg\" class=\"attachment-thumbnail size-thumbnail\" alt=\"\" loading=\"lazy\" \/><\/a>\n\t\t\t<\/dt><\/dl><dl class='gallery-item'>\n\t\t\t<dt class='gallery-icon landscape'>\n\t\t\t\t<a href='https:\/\/www.visit-ulcinj.com\/blog\/2008\/12\/04\/themelimi-i-keshillit-tuz-malesi-dhe-28-nentori\/themelimi-i-keshillit-tuz-malesi-dhe-28-nentori-1\/'><img width=\"150\" height=\"150\" src=\"https:\/\/www.visit-ulcinj.com\/blog\/wp-content\/uploads\/2008\/12\/themelimi-i-keshillit-tuz-malesi-dhe-28-nentori-1-150x150.jpg\" class=\"attachment-thumbnail size-thumbnail\" alt=\"\" loading=\"lazy\" \/><\/a>\n\t\t\t<\/dt><\/dl><br style=\"clear: both\" \/><dl class='gallery-item'>\n\t\t\t<dt class='gallery-icon landscape'>\n\t\t\t\t<a href='https:\/\/www.visit-ulcinj.com\/blog\/2008\/12\/04\/themelimi-i-keshillit-tuz-malesi-dhe-28-nentori\/themelimi-i-keshillit-tuz-malesi-dhe-28-nentori-2\/'><img width=\"150\" height=\"150\" src=\"https:\/\/www.visit-ulcinj.com\/blog\/wp-content\/uploads\/2008\/12\/themelimi-i-keshillit-tuz-malesi-dhe-28-nentori-2-150x150.jpg\" class=\"attachment-thumbnail size-thumbnail\" alt=\"\" loading=\"lazy\" \/><\/a>\n\t\t\t<\/dt><\/dl><dl class='gallery-item'>\n\t\t\t<dt class='gallery-icon landscape'>\n\t\t\t\t<a href='https:\/\/www.visit-ulcinj.com\/blog\/2008\/12\/04\/themelimi-i-keshillit-tuz-malesi-dhe-28-nentori\/forca-ben-festimin-e-dites-se-flamurit5\/'><img width=\"150\" height=\"150\" src=\"https:\/\/www.visit-ulcinj.com\/blog\/wp-content\/uploads\/2008\/12\/forca-ben-festimin-e-dites-se-flamurit5-150x150.jpg\" class=\"attachment-thumbnail size-thumbnail\" alt=\"\" loading=\"lazy\" \/><\/a>\n\t\t\t<\/dt><\/dl><dl class='gallery-item'>\n\t\t\t<dt class='gallery-icon landscape'>\n\t\t\t\t<a href='https:\/\/www.visit-ulcinj.com\/blog\/2008\/12\/04\/themelimi-i-keshillit-tuz-malesi-dhe-28-nentori\/forca-ben-festimin-e-dites-se-flamurit1\/'><img width=\"150\" height=\"150\" src=\"https:\/\/www.visit-ulcinj.com\/blog\/wp-content\/uploads\/2008\/12\/forca-ben-festimin-e-dites-se-flamurit1-150x150.jpg\" class=\"attachment-thumbnail size-thumbnail\" alt=\"\" loading=\"lazy\" \/><\/a>\n\t\t\t<\/dt><\/dl><br style=\"clear: both\" \/>\n\t\t<\/div>\n\n","protected":false},"excerpt":{"rendered":"<p>Tuz \u2013 Mal\u00ebsi dhe me rastin e festave t\u00eb Flamurit, t\u00eb enjten me 27 N\u00ebntor Forca organizoj nj\u00eb Koncert festiv n\u00eb Tuz. Kryetari i Forc\u00ebs z. Nazif Cungu mbajti fjal\u00ebn p\u00ebrsh\u00ebndet\u00ebse dhe ftoi n\u00eb sken\u00eb kryetarin e k\u00ebshillit t\u00eb posa zgjedhur z. Elez Nikaj, dhe n\u00ebnkryetarin e tij z. Zef Nikprelaj. N\u00eb k\u00ebt\u00eb manifestim ishte [&hellip;]<\/p>\n","protected":false},"author":1,"featured_media":0,"comment_status":"open","ping_status":"closed","sticky":false,"template":"","format":"standard","meta":{"spay_email":"","jetpack_publicize_message":"","jetpack_is_tweetstorm":false,"jetpack_publicize_feature_enabled":true},"categories":[13],"tags":[5148,118],"jetpack_publicize_connections":[],"yoast_head":"<!-- This site is optimized with the Yoast SEO plugin v19.1 - https:\/\/yoast.com\/wordpress\/plugins\/seo\/ -->\n<title>Themelimi i K\u00ebshillit Tuz Mal\u00ebsi dhe 28 N\u00ebntori - Lajme nga Ulqini<\/title>\n<meta name=\"description\" content=\"Tuz \u2013 Mal\u00ebsi dhe me rastin e festave t\u00eb Flamurit, t\u00eb enjten me 27 N\u00ebntor Forca organizoj nj\u00eb Koncert festiv n\u00eb Tuz. Kryetari i Forc\u00ebs z. Nazif Cungu\" \/>\n<meta name=\"robots\" content=\"index, follow, max-snippet:-1, max-image-preview:large, max-video-preview:-1\" \/>\n<link rel=\"canonical\" href=\"https:\/\/www.visit-ulcinj.com\/blog\/2008\/12\/04\/themelimi-i-keshillit-tuz-malesi-dhe-28-nentori\/\" \/>\n<meta property=\"og:locale\" content=\"en_US\" \/>\n<meta property=\"og:type\" content=\"article\" \/>\n<meta property=\"og:title\" content=\"Themelimi i K\u00ebshillit Tuz Mal\u00ebsi dhe 28 N\u00ebntori - Lajme nga Ulqini\" \/>\n<meta property=\"og:description\" content=\"Tuz \u2013 Mal\u00ebsi dhe me rastin e festave t\u00eb Flamurit, t\u00eb enjten me 27 N\u00ebntor Forca organizoj nj\u00eb Koncert festiv n\u00eb Tuz. Kryetari i Forc\u00ebs z. Nazif Cungu\" \/>\n<meta property=\"og:url\" content=\"https:\/\/www.visit-ulcinj.com\/blog\/2008\/12\/04\/themelimi-i-keshillit-tuz-malesi-dhe-28-nentori\/\" \/>\n<meta property=\"og:site_name\" content=\"Lajme nga Ulqini\" \/>\n<meta property=\"article:published_time\" content=\"2008-12-04T15:12:32+00:00\" \/>\n<meta property=\"og:image\" content=\"https:\/\/www.visit-ulcinj.com\/blog\/wp-content\/uploads\/2008\/12\/themelimi-i-keshillit-tuz-malesi-dhe-28-nentori-150x150.jpg\" \/>\n<meta name=\"twitter:label1\" content=\"Written by\" \/>\n\t<meta name=\"twitter:data1\" content=\"ulqini\" \/>\n\t<meta name=\"twitter:label2\" content=\"Est. reading time\" \/>\n\t<meta name=\"twitter:data2\" content=\"1 minute\" \/>\n<script type=\"application\/ld+json\" class=\"yoast-schema-graph\">{\"@context\":\"https:\/\/schema.org\",\"@graph\":[{\"@type\":\"WebSite\",\"@id\":\"https:\/\/www.visit-ulcinj.com\/blog\/#website\",\"url\":\"https:\/\/www.visit-ulcinj.com\/blog\/\",\"name\":\"Lajme nga Ulqini\",\"description\":\"Lajme,Vijesti,Ulqini,Ulqin,Crna Gora,Mali i Zi\",\"potentialAction\":[{\"@type\":\"SearchAction\",\"target\":{\"@type\":\"EntryPoint\",\"urlTemplate\":\"https:\/\/www.visit-ulcinj.com\/blog\/?s={search_term_string}\"},\"query-input\":\"required name=search_term_string\"}],\"inLanguage\":\"en-US\"},{\"@type\":\"ImageObject\",\"inLanguage\":\"en-US\",\"@id\":\"https:\/\/www.visit-ulcinj.com\/blog\/2008\/12\/04\/themelimi-i-keshillit-tuz-malesi-dhe-28-nentori\/#primaryimage\",\"url\":\"http:\/\/www.visit-ulcinj.com\/blog\/wp-content\/uploads\/2008\/12\/themelimi-i-keshillit-tuz-malesi-dhe-28-nentori-300x240.jpg\",\"contentUrl\":\"http:\/\/www.visit-ulcinj.com\/blog\/wp-content\/uploads\/2008\/12\/themelimi-i-keshillit-tuz-malesi-dhe-28-nentori-300x240.jpg\"},{\"@type\":\"WebPage\",\"@id\":\"https:\/\/www.visit-ulcinj.com\/blog\/2008\/12\/04\/themelimi-i-keshillit-tuz-malesi-dhe-28-nentori\/#webpage\",\"url\":\"https:\/\/www.visit-ulcinj.com\/blog\/2008\/12\/04\/themelimi-i-keshillit-tuz-malesi-dhe-28-nentori\/\",\"name\":\"Themelimi i K\u00ebshillit Tuz Mal\u00ebsi dhe 28 N\u00ebntori - Lajme nga Ulqini\",\"isPartOf\":{\"@id\":\"https:\/\/www.visit-ulcinj.com\/blog\/#website\"},\"primaryImageOfPage\":{\"@id\":\"https:\/\/www.visit-ulcinj.com\/blog\/2008\/12\/04\/themelimi-i-keshillit-tuz-malesi-dhe-28-nentori\/#primaryimage\"},\"datePublished\":\"2008-12-04T15:12:32+00:00\",\"dateModified\":\"2008-12-04T15:12:32+00:00\",\"author\":{\"@id\":\"https:\/\/www.visit-ulcinj.com\/blog\/#\/schema\/person\/dcab619c614d3038751c63bc2aadc06d\"},\"description\":\"Tuz \u2013 Mal\u00ebsi dhe me rastin e festave t\u00eb Flamurit, t\u00eb enjten me 27 N\u00ebntor Forca organizoj nj\u00eb Koncert festiv n\u00eb Tuz. Kryetari i Forc\u00ebs z. Nazif Cungu\",\"breadcrumb\":{\"@id\":\"https:\/\/www.visit-ulcinj.com\/blog\/2008\/12\/04\/themelimi-i-keshillit-tuz-malesi-dhe-28-nentori\/#breadcrumb\"},\"inLanguage\":\"en-US\",\"potentialAction\":[{\"@type\":\"ReadAction\",\"target\":[\"https:\/\/www.visit-ulcinj.com\/blog\/2008\/12\/04\/themelimi-i-keshillit-tuz-malesi-dhe-28-nentori\/\"]}]},{\"@type\":\"BreadcrumbList\",\"@id\":\"https:\/\/www.visit-ulcinj.com\/blog\/2008\/12\/04\/themelimi-i-keshillit-tuz-malesi-dhe-28-nentori\/#breadcrumb\",\"itemListElement\":[{\"@type\":\"ListItem\",\"position\":1,\"name\":\"Themelimi i K\u00ebshillit Tuz Mal\u00ebsi dhe 28 N\u00ebntori\"}]},{\"@type\":\"Person\",\"@id\":\"https:\/\/www.visit-ulcinj.com\/blog\/#\/schema\/person\/dcab619c614d3038751c63bc2aadc06d\",\"name\":\"ulqini\",\"sameAs\":[\"http:\/\/www.visit-ulcinj.com\"],\"url\":\"https:\/\/www.visit-ulcinj.com\/blog\/author\/admin\/\"}]}<\/script>\n<!-- \/ Yoast SEO plugin. -->","yoast_head_json":{"title":"Themelimi i K\u00ebshillit Tuz Mal\u00ebsi dhe 28 N\u00ebntori - Lajme nga Ulqini","description":"Tuz \u2013 Mal\u00ebsi dhe me rastin e festave t\u00eb Flamurit, t\u00eb enjten me 27 N\u00ebntor Forca organizoj nj\u00eb Koncert festiv n\u00eb Tuz. Kryetari i Forc\u00ebs z. Nazif Cungu","robots":{"index":"index","follow":"follow","max-snippet":"max-snippet:-1","max-image-preview":"max-image-preview:large","max-video-preview":"max-video-preview:-1"},"canonical":"https:\/\/www.visit-ulcinj.com\/blog\/2008\/12\/04\/themelimi-i-keshillit-tuz-malesi-dhe-28-nentori\/","og_locale":"en_US","og_type":"article","og_title":"Themelimi i K\u00ebshillit Tuz Mal\u00ebsi dhe 28 N\u00ebntori - Lajme nga Ulqini","og_description":"Tuz \u2013 Mal\u00ebsi dhe me rastin e festave t\u00eb Flamurit, t\u00eb enjten me 27 N\u00ebntor Forca organizoj nj\u00eb Koncert festiv n\u00eb Tuz. Kryetari i Forc\u00ebs z. Nazif Cungu","og_url":"https:\/\/www.visit-ulcinj.com\/blog\/2008\/12\/04\/themelimi-i-keshillit-tuz-malesi-dhe-28-nentori\/","og_site_name":"Lajme nga Ulqini","article_published_time":"2008-12-04T15:12:32+00:00","og_image":[{"url":"https:\/\/www.visit-ulcinj.com\/blog\/wp-content\/uploads\/2008\/12\/themelimi-i-keshillit-tuz-malesi-dhe-28-nentori-150x150.jpg"}],"twitter_misc":{"Written by":"ulqini","Est. reading time":"1 minute"},"schema":{"@context":"https:\/\/schema.org","@graph":[{"@type":"WebSite","@id":"https:\/\/www.visit-ulcinj.com\/blog\/#website","url":"https:\/\/www.visit-ulcinj.com\/blog\/","name":"Lajme nga Ulqini","description":"Lajme,Vijesti,Ulqini,Ulqin,Crna Gora,Mali i Zi","potentialAction":[{"@type":"SearchAction","target":{"@type":"EntryPoint","urlTemplate":"https:\/\/www.visit-ulcinj.com\/blog\/?s={search_term_string}"},"query-input":"required name=search_term_string"}],"inLanguage":"en-US"},{"@type":"ImageObject","inLanguage":"en-US","@id":"https:\/\/www.visit-ulcinj.com\/blog\/2008\/12\/04\/themelimi-i-keshillit-tuz-malesi-dhe-28-nentori\/#primaryimage","url":"http:\/\/www.visit-ulcinj.com\/blog\/wp-content\/uploads\/2008\/12\/themelimi-i-keshillit-tuz-malesi-dhe-28-nentori-300x240.jpg","contentUrl":"http:\/\/www.visit-ulcinj.com\/blog\/wp-content\/uploads\/2008\/12\/themelimi-i-keshillit-tuz-malesi-dhe-28-nentori-300x240.jpg"},{"@type":"WebPage","@id":"https:\/\/www.visit-ulcinj.com\/blog\/2008\/12\/04\/themelimi-i-keshillit-tuz-malesi-dhe-28-nentori\/#webpage","url":"https:\/\/www.visit-ulcinj.com\/blog\/2008\/12\/04\/themelimi-i-keshillit-tuz-malesi-dhe-28-nentori\/","name":"Themelimi i K\u00ebshillit Tuz Mal\u00ebsi dhe 28 N\u00ebntori - Lajme nga Ulqini","isPartOf":{"@id":"https:\/\/www.visit-ulcinj.com\/blog\/#website"},"primaryImageOfPage":{"@id":"https:\/\/www.visit-ulcinj.com\/blog\/2008\/12\/04\/themelimi-i-keshillit-tuz-malesi-dhe-28-nentori\/#primaryimage"},"datePublished":"2008-12-04T15:12:32+00:00","dateModified":"2008-12-04T15:12:32+00:00","author":{"@id":"https:\/\/www.visit-ulcinj.com\/blog\/#\/schema\/person\/dcab619c614d3038751c63bc2aadc06d"},"description":"Tuz \u2013 Mal\u00ebsi dhe me rastin e festave t\u00eb Flamurit, t\u00eb enjten me 27 N\u00ebntor Forca organizoj nj\u00eb Koncert festiv n\u00eb Tuz. Kryetari i Forc\u00ebs z. Nazif Cungu","breadcrumb":{"@id":"https:\/\/www.visit-ulcinj.com\/blog\/2008\/12\/04\/themelimi-i-keshillit-tuz-malesi-dhe-28-nentori\/#breadcrumb"},"inLanguage":"en-US","potentialAction":[{"@type":"ReadAction","target":["https:\/\/www.visit-ulcinj.com\/blog\/2008\/12\/04\/themelimi-i-keshillit-tuz-malesi-dhe-28-nentori\/"]}]},{"@type":"BreadcrumbList","@id":"https:\/\/www.visit-ulcinj.com\/blog\/2008\/12\/04\/themelimi-i-keshillit-tuz-malesi-dhe-28-nentori\/#breadcrumb","itemListElement":[{"@type":"ListItem","position":1,"name":"Themelimi i K\u00ebshillit Tuz Mal\u00ebsi dhe 28 N\u00ebntori"}]},{"@type":"Person","@id":"https:\/\/www.visit-ulcinj.com\/blog\/#\/schema\/person\/dcab619c614d3038751c63bc2aadc06d","name":"ulqini","sameAs":["http:\/\/www.visit-ulcinj.com"],"url":"https:\/\/www.visit-ulcinj.com\/blog\/author\/admin\/"}]}},"jetpack_featured_media_url":"","jetpack_sharing_enabled":true,"jetpack_shortlink":"https:\/\/wp.me\/pe6lTn-1Ln","_links":{"self":[{"href":"https:\/\/www.visit-ulcinj.com\/blog\/wp-json\/wp\/v2\/posts\/6781"}],"collection":[{"href":"https:\/\/www.visit-ulcinj.com\/blog\/wp-json\/wp\/v2\/posts"}],"about":[{"href":"https:\/\/www.visit-ulcinj.com\/blog\/wp-json\/wp\/v2\/types\/post"}],"author":[{"embeddable":true,"href":"https:\/\/www.visit-ulcinj.com\/blog\/wp-json\/wp\/v2\/users\/1"}],"replies":[{"embeddable":true,"href":"https:\/\/www.visit-ulcinj.com\/blog\/wp-json\/wp\/v2\/comments?post=6781"}],"version-history":[{"count":0,"href":"https:\/\/www.visit-ulcinj.com\/blog\/wp-json\/wp\/v2\/posts\/6781\/revisions"}],"wp:attachment":[{"href":"https:\/\/www.visit-ulcinj.com\/blog\/wp-json\/wp\/v2\/media?parent=6781"}],"wp:term":[{"taxonomy":"category","embeddable":true,"href":"https:\/\/www.visit-ulcinj.com\/blog\/wp-json\/wp\/v2\/categories?post=6781"},{"taxonomy":"post_tag","embeddable":true,"href":"https:\/\/www.visit-ulcinj.com\/blog\/wp-json\/wp\/v2\/tags?post=6781"}],"curies":[{"name":"wp","href":"https:\/\/api.w.org\/{rel}","templated":true}]}}