{"id":67814,"date":"2013-01-21T19:34:22","date_gmt":"2013-01-21T18:34:22","guid":{"rendered":"http:\/\/www.visit-ulcinj.com\/blog\/?p=67814"},"modified":"2013-01-21T19:34:22","modified_gmt":"2013-01-21T18:34:22","slug":"proteste-kunder-heqjes-se-lapidarit-video","status":"publish","type":"post","link":"https:\/\/www.visit-ulcinj.com\/blog\/2013\/01\/21\/proteste-kunder-heqjes-se-lapidarit-video\/","title":{"rendered":"Protest\u00eb kund\u00ebr heqjes s\u00eb lapidarit &#8211; Video"},"content":{"rendered":"<p><a href=\"http:\/\/www.visit-ulcinj.com\/blog\/wp-content\/uploads\/2013\/01\/ProtestPresheva.21jan.jpeg\"><img loading=\"lazy\" class=\"alignleft  wp-image-67815\" alt=\"ProtestPresheva.21jan\" src=\"http:\/\/www.visit-ulcinj.com\/blog\/wp-content\/uploads\/2013\/01\/ProtestPresheva.21jan.jpeg\" width=\"508\" height=\"360\" \/><\/a>N\u00eb Preshev\u00eb, n\u00eb or\u00ebt e mesdit\u00ebs, ka nisur protesta kund\u00ebr heqjes s\u00eb lapidarit t\u00eb ushtar\u00ebve t\u00eb r\u00ebn\u00eb t\u00eb Ushtris\u00eb \u00c7lirimtare t\u00eb Preshev\u00ebs, Medvegj\u00ebs dhe Bujanocit. Xhandarm\u00ebria serbe ka larguar k\u00ebt\u00eb monument t\u00eb diel\u00ebn n\u00eb m\u00ebngjes, me urdh\u00ebr t\u00eb Qeveris\u00eb n\u00eb Beograd. N\u00eb vendin ku ka q\u00ebndruar ai, p\u00ebrkat\u00ebsisht para Kuvendit Komunal t\u00eb Preshev\u00ebs, qytetar\u00ebt kan\u00eb ndezur qirinj dhe kan\u00eb vendosur kurora me lule.<\/p>\n<p>T\u00eb pranish\u00ebm n\u00eb demonstrat\u00eb raportohet t\u00eb jen\u00eb t\u00eb gjith\u00eb p\u00ebrfaq\u00ebsuesit politik\u00eb t\u00eb shqiptar\u00ebve t\u00eb Lugin\u00ebs, n\u00eb mesin e tyre: kryetari i Preshev\u00ebs, Ragmi Mustafa, kryetari i Kuvendit Komunal, Skender Destani, krer\u00ebt e Bujanocit, Nagip Arifi dhe Jonuz Musliu, si dhe veteran\u00eb t\u00eb U\u00c7PMB-s\u00eb.P\u00ebrfaq\u00ebsuesit e shqiptar\u00ebve n\u00eb Lugin\u00eb, por edhe m\u00eb gjer\u00eb, t\u00eb diel\u00ebn kan\u00eb th\u00ebn\u00eb se Serbia vazhdon t\u00eb zgjidh\u00eb problemet me dhun\u00eb dhe jo me dialog.<\/p>\n<p>N\u00eb nj\u00eb konferenc\u00eb p\u00ebr media n\u00eb Preshev\u00eb jan\u00eb d\u00ebgjuar po ashtu paralajm\u00ebrime se shqiptar\u00ebt e Lugin\u00ebs do t\u00eb k\u00ebrkojn\u00eb t\u00eb drejta t\u00eb barabarta si serb\u00ebt e veriut t\u00eb Kosov\u00ebs.Sot, kryeministri i Serbis\u00eb, Ivica Da\u00e7iq, ka deklaruar se situata e siguris\u00eb n\u00eb Preshev\u00eb \u00ebsht\u00eb e qet\u00eb dhe se ngjarjet atje jan\u00eb &#8220;\u00e7\u00ebshtje e brendshme&#8221; e Serbis\u00eb.<\/p>\n<p><strong>TVCG<\/strong><br \/>\n<iframe loading=\"lazy\" width=\"508\" height=\"360\" src=\"http:\/\/www.youtube.com\/embed\/johh31MQ8QU\" frameborder=\"0\" allowfullscreen><\/iframe><\/p>\n<p>&nbsp;<\/p>\n","protected":false},"excerpt":{"rendered":"<p>N\u00eb Preshev\u00eb, n\u00eb or\u00ebt e mesdit\u00ebs, ka nisur protesta kund\u00ebr heqjes s\u00eb lapidarit t\u00eb ushtar\u00ebve t\u00eb r\u00ebn\u00eb t\u00eb Ushtris\u00eb \u00c7lirimtare t\u00eb Preshev\u00ebs, Medvegj\u00ebs dhe Bujanocit. Xhandarm\u00ebria serbe ka larguar k\u00ebt\u00eb monument t\u00eb diel\u00ebn n\u00eb m\u00ebngjes, me urdh\u00ebr t\u00eb Qeveris\u00eb n\u00eb Beograd. N\u00eb vendin ku ka q\u00ebndruar ai, p\u00ebrkat\u00ebsisht para Kuvendit Komunal t\u00eb Preshev\u00ebs, qytetar\u00ebt kan\u00eb [&hellip;]<\/p>\n","protected":false},"author":1,"featured_media":0,"comment_status":"open","ping_status":"closed","sticky":false,"template":"","format":"standard","meta":{"spay_email":"","jetpack_publicize_message":"","jetpack_is_tweetstorm":false,"jetpack_publicize_feature_enabled":true},"categories":[6950],"tags":[2354],"jetpack_publicize_connections":[],"yoast_head":"<!-- This site is optimized with the Yoast SEO plugin v19.1 - https:\/\/yoast.com\/wordpress\/plugins\/seo\/ -->\n<title>Protest\u00eb kund\u00ebr heqjes s\u00eb lapidarit - Video - Lajme nga Ulqini<\/title>\n<meta name=\"description\" content=\"N\u00eb Preshev\u00eb, n\u00eb or\u00ebt e mesdit\u00ebs, ka nisur protesta kund\u00ebr heqjes s\u00eb lapidarit t\u00eb ushtar\u00ebve t\u00eb r\u00ebn\u00eb t\u00eb Ushtris\u00eb \u00c7lirimtare t\u00eb Preshev\u00ebs, Medvegj\u00ebs dhe\" \/>\n<meta name=\"robots\" content=\"index, follow, max-snippet:-1, max-image-preview:large, max-video-preview:-1\" \/>\n<link rel=\"canonical\" href=\"https:\/\/www.visit-ulcinj.com\/blog\/2013\/01\/21\/proteste-kunder-heqjes-se-lapidarit-video\/\" \/>\n<meta property=\"og:locale\" content=\"en_US\" \/>\n<meta property=\"og:type\" content=\"article\" \/>\n<meta property=\"og:title\" content=\"Protest\u00eb kund\u00ebr heqjes s\u00eb lapidarit - Video - Lajme nga Ulqini\" \/>\n<meta property=\"og:description\" content=\"N\u00eb Preshev\u00eb, n\u00eb or\u00ebt e mesdit\u00ebs, ka nisur protesta kund\u00ebr heqjes s\u00eb lapidarit t\u00eb ushtar\u00ebve t\u00eb r\u00ebn\u00eb t\u00eb Ushtris\u00eb \u00c7lirimtare t\u00eb Preshev\u00ebs, Medvegj\u00ebs dhe\" \/>\n<meta property=\"og:url\" content=\"https:\/\/www.visit-ulcinj.com\/blog\/2013\/01\/21\/proteste-kunder-heqjes-se-lapidarit-video\/\" \/>\n<meta property=\"og:site_name\" content=\"Lajme nga Ulqini\" \/>\n<meta property=\"article:published_time\" content=\"2013-01-21T18:34:22+00:00\" \/>\n<meta property=\"og:image\" content=\"http:\/\/www.visit-ulcinj.com\/blog\/wp-content\/uploads\/2013\/01\/ProtestPresheva.21jan.jpeg\" \/>\n<meta name=\"twitter:label1\" content=\"Written by\" \/>\n\t<meta name=\"twitter:data1\" content=\"ulqini\" \/>\n\t<meta name=\"twitter:label2\" content=\"Est. reading time\" \/>\n\t<meta name=\"twitter:data2\" content=\"1 minute\" \/>\n<script type=\"application\/ld+json\" class=\"yoast-schema-graph\">{\"@context\":\"https:\/\/schema.org\",\"@graph\":[{\"@type\":\"WebSite\",\"@id\":\"https:\/\/www.visit-ulcinj.com\/blog\/#website\",\"url\":\"https:\/\/www.visit-ulcinj.com\/blog\/\",\"name\":\"Lajme nga Ulqini\",\"description\":\"Lajme,Vijesti,Ulqini,Ulqin,Crna Gora,Mali i Zi\",\"potentialAction\":[{\"@type\":\"SearchAction\",\"target\":{\"@type\":\"EntryPoint\",\"urlTemplate\":\"https:\/\/www.visit-ulcinj.com\/blog\/?s={search_term_string}\"},\"query-input\":\"required name=search_term_string\"}],\"inLanguage\":\"en-US\"},{\"@type\":\"ImageObject\",\"inLanguage\":\"en-US\",\"@id\":\"https:\/\/www.visit-ulcinj.com\/blog\/2013\/01\/21\/proteste-kunder-heqjes-se-lapidarit-video\/#primaryimage\",\"url\":\"https:\/\/www.visit-ulcinj.com\/blog\/wp-content\/uploads\/2013\/01\/ProtestPresheva.21jan.jpeg\",\"contentUrl\":\"https:\/\/www.visit-ulcinj.com\/blog\/wp-content\/uploads\/2013\/01\/ProtestPresheva.21jan.jpeg\",\"width\":640,\"height\":480},{\"@type\":\"WebPage\",\"@id\":\"https:\/\/www.visit-ulcinj.com\/blog\/2013\/01\/21\/proteste-kunder-heqjes-se-lapidarit-video\/#webpage\",\"url\":\"https:\/\/www.visit-ulcinj.com\/blog\/2013\/01\/21\/proteste-kunder-heqjes-se-lapidarit-video\/\",\"name\":\"Protest\u00eb kund\u00ebr heqjes s\u00eb lapidarit - Video - Lajme nga Ulqini\",\"isPartOf\":{\"@id\":\"https:\/\/www.visit-ulcinj.com\/blog\/#website\"},\"primaryImageOfPage\":{\"@id\":\"https:\/\/www.visit-ulcinj.com\/blog\/2013\/01\/21\/proteste-kunder-heqjes-se-lapidarit-video\/#primaryimage\"},\"datePublished\":\"2013-01-21T18:34:22+00:00\",\"dateModified\":\"2013-01-21T18:34:22+00:00\",\"author\":{\"@id\":\"https:\/\/www.visit-ulcinj.com\/blog\/#\/schema\/person\/dcab619c614d3038751c63bc2aadc06d\"},\"description\":\"N\u00eb Preshev\u00eb, n\u00eb or\u00ebt e mesdit\u00ebs, ka nisur protesta kund\u00ebr heqjes s\u00eb lapidarit t\u00eb ushtar\u00ebve t\u00eb r\u00ebn\u00eb t\u00eb Ushtris\u00eb \u00c7lirimtare t\u00eb Preshev\u00ebs, Medvegj\u00ebs dhe\",\"breadcrumb\":{\"@id\":\"https:\/\/www.visit-ulcinj.com\/blog\/2013\/01\/21\/proteste-kunder-heqjes-se-lapidarit-video\/#breadcrumb\"},\"inLanguage\":\"en-US\",\"potentialAction\":[{\"@type\":\"ReadAction\",\"target\":[\"https:\/\/www.visit-ulcinj.com\/blog\/2013\/01\/21\/proteste-kunder-heqjes-se-lapidarit-video\/\"]}]},{\"@type\":\"BreadcrumbList\",\"@id\":\"https:\/\/www.visit-ulcinj.com\/blog\/2013\/01\/21\/proteste-kunder-heqjes-se-lapidarit-video\/#breadcrumb\",\"itemListElement\":[{\"@type\":\"ListItem\",\"position\":1,\"name\":\"Protest\u00eb kund\u00ebr heqjes s\u00eb lapidarit &#8211; Video\"}]},{\"@type\":\"Person\",\"@id\":\"https:\/\/www.visit-ulcinj.com\/blog\/#\/schema\/person\/dcab619c614d3038751c63bc2aadc06d\",\"name\":\"ulqini\",\"sameAs\":[\"http:\/\/www.visit-ulcinj.com\"],\"url\":\"https:\/\/www.visit-ulcinj.com\/blog\/author\/admin\/\"}]}<\/script>\n<!-- \/ Yoast SEO plugin. -->","yoast_head_json":{"title":"Protest\u00eb kund\u00ebr heqjes s\u00eb lapidarit - Video - Lajme nga Ulqini","description":"N\u00eb Preshev\u00eb, n\u00eb or\u00ebt e mesdit\u00ebs, ka nisur protesta kund\u00ebr heqjes s\u00eb lapidarit t\u00eb ushtar\u00ebve t\u00eb r\u00ebn\u00eb t\u00eb Ushtris\u00eb \u00c7lirimtare t\u00eb Preshev\u00ebs, Medvegj\u00ebs dhe","robots":{"index":"index","follow":"follow","max-snippet":"max-snippet:-1","max-image-preview":"max-image-preview:large","max-video-preview":"max-video-preview:-1"},"canonical":"https:\/\/www.visit-ulcinj.com\/blog\/2013\/01\/21\/proteste-kunder-heqjes-se-lapidarit-video\/","og_locale":"en_US","og_type":"article","og_title":"Protest\u00eb kund\u00ebr heqjes s\u00eb lapidarit - Video - Lajme nga Ulqini","og_description":"N\u00eb Preshev\u00eb, n\u00eb or\u00ebt e mesdit\u00ebs, ka nisur protesta kund\u00ebr heqjes s\u00eb lapidarit t\u00eb ushtar\u00ebve t\u00eb r\u00ebn\u00eb t\u00eb Ushtris\u00eb \u00c7lirimtare t\u00eb Preshev\u00ebs, Medvegj\u00ebs dhe","og_url":"https:\/\/www.visit-ulcinj.com\/blog\/2013\/01\/21\/proteste-kunder-heqjes-se-lapidarit-video\/","og_site_name":"Lajme nga Ulqini","article_published_time":"2013-01-21T18:34:22+00:00","og_image":[{"url":"http:\/\/www.visit-ulcinj.com\/blog\/wp-content\/uploads\/2013\/01\/ProtestPresheva.21jan.jpeg"}],"twitter_misc":{"Written by":"ulqini","Est. reading time":"1 minute"},"schema":{"@context":"https:\/\/schema.org","@graph":[{"@type":"WebSite","@id":"https:\/\/www.visit-ulcinj.com\/blog\/#website","url":"https:\/\/www.visit-ulcinj.com\/blog\/","name":"Lajme nga Ulqini","description":"Lajme,Vijesti,Ulqini,Ulqin,Crna Gora,Mali i Zi","potentialAction":[{"@type":"SearchAction","target":{"@type":"EntryPoint","urlTemplate":"https:\/\/www.visit-ulcinj.com\/blog\/?s={search_term_string}"},"query-input":"required name=search_term_string"}],"inLanguage":"en-US"},{"@type":"ImageObject","inLanguage":"en-US","@id":"https:\/\/www.visit-ulcinj.com\/blog\/2013\/01\/21\/proteste-kunder-heqjes-se-lapidarit-video\/#primaryimage","url":"https:\/\/www.visit-ulcinj.com\/blog\/wp-content\/uploads\/2013\/01\/ProtestPresheva.21jan.jpeg","contentUrl":"https:\/\/www.visit-ulcinj.com\/blog\/wp-content\/uploads\/2013\/01\/ProtestPresheva.21jan.jpeg","width":640,"height":480},{"@type":"WebPage","@id":"https:\/\/www.visit-ulcinj.com\/blog\/2013\/01\/21\/proteste-kunder-heqjes-se-lapidarit-video\/#webpage","url":"https:\/\/www.visit-ulcinj.com\/blog\/2013\/01\/21\/proteste-kunder-heqjes-se-lapidarit-video\/","name":"Protest\u00eb kund\u00ebr heqjes s\u00eb lapidarit - Video - Lajme nga Ulqini","isPartOf":{"@id":"https:\/\/www.visit-ulcinj.com\/blog\/#website"},"primaryImageOfPage":{"@id":"https:\/\/www.visit-ulcinj.com\/blog\/2013\/01\/21\/proteste-kunder-heqjes-se-lapidarit-video\/#primaryimage"},"datePublished":"2013-01-21T18:34:22+00:00","dateModified":"2013-01-21T18:34:22+00:00","author":{"@id":"https:\/\/www.visit-ulcinj.com\/blog\/#\/schema\/person\/dcab619c614d3038751c63bc2aadc06d"},"description":"N\u00eb Preshev\u00eb, n\u00eb or\u00ebt e mesdit\u00ebs, ka nisur protesta kund\u00ebr heqjes s\u00eb lapidarit t\u00eb ushtar\u00ebve t\u00eb r\u00ebn\u00eb t\u00eb Ushtris\u00eb \u00c7lirimtare t\u00eb Preshev\u00ebs, Medvegj\u00ebs dhe","breadcrumb":{"@id":"https:\/\/www.visit-ulcinj.com\/blog\/2013\/01\/21\/proteste-kunder-heqjes-se-lapidarit-video\/#breadcrumb"},"inLanguage":"en-US","potentialAction":[{"@type":"ReadAction","target":["https:\/\/www.visit-ulcinj.com\/blog\/2013\/01\/21\/proteste-kunder-heqjes-se-lapidarit-video\/"]}]},{"@type":"BreadcrumbList","@id":"https:\/\/www.visit-ulcinj.com\/blog\/2013\/01\/21\/proteste-kunder-heqjes-se-lapidarit-video\/#breadcrumb","itemListElement":[{"@type":"ListItem","position":1,"name":"Protest\u00eb kund\u00ebr heqjes s\u00eb lapidarit &#8211; Video"}]},{"@type":"Person","@id":"https:\/\/www.visit-ulcinj.com\/blog\/#\/schema\/person\/dcab619c614d3038751c63bc2aadc06d","name":"ulqini","sameAs":["http:\/\/www.visit-ulcinj.com"],"url":"https:\/\/www.visit-ulcinj.com\/blog\/author\/admin\/"}]}},"jetpack_featured_media_url":"","jetpack_sharing_enabled":true,"jetpack_shortlink":"https:\/\/wp.me\/pe6lTn-hDM","_links":{"self":[{"href":"https:\/\/www.visit-ulcinj.com\/blog\/wp-json\/wp\/v2\/posts\/67814"}],"collection":[{"href":"https:\/\/www.visit-ulcinj.com\/blog\/wp-json\/wp\/v2\/posts"}],"about":[{"href":"https:\/\/www.visit-ulcinj.com\/blog\/wp-json\/wp\/v2\/types\/post"}],"author":[{"embeddable":true,"href":"https:\/\/www.visit-ulcinj.com\/blog\/wp-json\/wp\/v2\/users\/1"}],"replies":[{"embeddable":true,"href":"https:\/\/www.visit-ulcinj.com\/blog\/wp-json\/wp\/v2\/comments?post=67814"}],"version-history":[{"count":1,"href":"https:\/\/www.visit-ulcinj.com\/blog\/wp-json\/wp\/v2\/posts\/67814\/revisions"}],"predecessor-version":[{"id":67816,"href":"https:\/\/www.visit-ulcinj.com\/blog\/wp-json\/wp\/v2\/posts\/67814\/revisions\/67816"}],"wp:attachment":[{"href":"https:\/\/www.visit-ulcinj.com\/blog\/wp-json\/wp\/v2\/media?parent=67814"}],"wp:term":[{"taxonomy":"category","embeddable":true,"href":"https:\/\/www.visit-ulcinj.com\/blog\/wp-json\/wp\/v2\/categories?post=67814"},{"taxonomy":"post_tag","embeddable":true,"href":"https:\/\/www.visit-ulcinj.com\/blog\/wp-json\/wp\/v2\/tags?post=67814"}],"curies":[{"name":"wp","href":"https:\/\/api.w.org\/{rel}","templated":true}]}}