{"id":67817,"date":"2013-01-21T19:49:32","date_gmt":"2013-01-21T18:49:32","guid":{"rendered":"http:\/\/www.visit-ulcinj.com\/blog\/?p=67817"},"modified":"2013-01-21T19:49:32","modified_gmt":"2013-01-21T18:49:32","slug":"ld-ne-mz-denon-aktin-vandal-te-xhasndarmerise-serbe-te-heqjes-se-permendores-se-ucpmb-se-ne-presheve","status":"publish","type":"post","link":"https:\/\/www.visit-ulcinj.com\/blog\/2013\/01\/21\/ld-ne-mz-denon-aktin-vandal-te-xhasndarmerise-serbe-te-heqjes-se-permendores-se-ucpmb-se-ne-presheve\/","title":{"rendered":"LD n\u00eb MZ denon aktin vandal t\u00eb xhasndarm\u00ebris\u00eb serbe t\u00eb heqjes s\u00eb p\u00ebrmendor\u00ebs s\u00eb U\u00c7PMB-s\u00eb n\u00eb Preshev\u00eb"},"content":{"rendered":"<p style=\"text-align: center;\"><strong><a href=\"http:\/\/www.visit-ulcinj.com\/blog\/wp-content\/uploads\/2011\/03\/LMneMZ_Kumtes.jpg\"><img loading=\"lazy\" class=\"alignleft size-full wp-image-44289\" title=\"LMneMZ_Kumtes\" alt=\"\" src=\"http:\/\/www.visit-ulcinj.com\/blog\/wp-content\/uploads\/2011\/03\/LMneMZ_Kumtes.jpg\" width=\"508\" height=\"151\" srcset=\"https:\/\/www.visit-ulcinj.com\/blog\/wp-content\/uploads\/2011\/03\/LMneMZ_Kumtes.jpg 508w, https:\/\/www.visit-ulcinj.com\/blog\/wp-content\/uploads\/2011\/03\/LMneMZ_Kumtes-300x89.jpg 300w\" sizes=\"(max-width: 508px) 100vw, 508px\" \/><\/a><\/strong><\/p>\n<p style=\"text-align: center;\">\n<p>&nbsp;<\/p>\n<p>Tuz , m\u00eb\u00a0\u00a0\u00a0 20.01. 2013<\/p>\n<p><b>\u00a0<\/b><\/p>\n<p align=\"center\"><strong>Kumtes\u00eb p\u00ebr opinion<\/strong><\/p>\n<p><strong>\u00a0<\/strong><\/p>\n<p align=\"center\"><strong>LIDHJA DEMOKRATIKE N\u00cb MAL T\u00cb ZI DENON ASHP\u00cbR AKTIN VANDAL T\u00cb XHANDARM\u00cbRIS\u00cb SERBE T\u00cb HEQJES S\u00cb P\u00cbRMENDORES S\u00cb U\u00c7PMB-S\u00cb N\u00cb PRESHEV\u00cb<\/strong><\/p>\n<p>&nbsp;<\/p>\n<p>Heqjen e p\u00ebrmendores kushtuar lavdis\u00eb s\u00eb d\u00ebshmor\u00ebve t\u00eb\u00a0 Ushtris\u00eb \u00c7lirimtare t\u00eb Preshev\u00ebs, Medvegj\u00ebs dhe Bujanocit n\u00eb Preshev\u00eb, heronjve t\u00eb kombit shqiptar, nga ana e xhandarm\u00ebris\u00eb serbe, sot n\u00eb or\u00ebt e m\u00ebngjesit, Lidhja Demokratike n\u00eb Mal t\u00eb Zi e d\u00ebnon ashp\u00ebr, si akt vandal antinjer\u00ebzor e antishqiptar.<\/p>\n<p>&nbsp;<\/p>\n<p>Ky\u00a0 skenar dhe ky akt jo civilizues e brutal nuk \u00ebsht\u00eb di\u00e7ka e befasishme, kur \u00ebsht\u00eb fjala p\u00ebr veprimet e pushtetit t\u00eb Serbis\u00eb ndaj shqiptar\u00ebve. Jan\u00eb veprime q\u00eb me dekada politika serbe ka ushtruar dhe po ushtron\u00a0 ndaj shqiptar\u00ebve, me intervale e intensitet t\u00eb ndrysh\u00ebm, var\u00ebsisht nga nevojat politike t\u00eb dit\u00ebs dhe projekteve t\u00eb tyre shekullore, si presion p\u00ebr d\u00ebbimin e shqiptar\u00ebve nga trojet e veta. K\u00ebto jan\u00eb presione mir\u00eb t\u00eb planifikuara kund\u00ebr kultur\u00ebs shqiptare,\u00a0 kund\u00ebr trash\u00ebgimis\u00eb dhe si cak i fundit i tyre kund\u00ebr ekzistenc\u00ebs s\u00eb shqiptareve, kund\u00ebr qenies son\u00eb.<\/p>\n<p>&nbsp;<\/p>\n<p>Kjo \u00ebsht\u00eb nj\u00eb situat\u00eb, q\u00eb n\u00eb forma t\u00eb ndryshme, her\u00eb me mjete t\u00eb plishta e her\u00eb m\u00eb brutale, po e p\u00ebsojn\u00eb shqiptar\u00ebt edhe n\u00eb trojet e tjera\u00a0 n\u00eb ish republikat e Jugosllavis\u00eb, e tash shtete t\u00eb pavarura, si n\u00eb Maqedoni e Malin e Zi.\u00a0 Udh\u00ebheq\u00ebsit politik\u00eb shqiptar\u00eb,\u00a0 n\u00eb k\u00ebto troje, sikur po harrojn\u00eb se \u00e7ka ka ndodh\u00eb e po ndodh\u00eb, e po b\u00ebjn\u00eb gara se kush m\u00eb par\u00eb t\u00eb gjej\u00eb \u201crahati\u201d n\u00eb preh\u00ebr t\u00eb pushtetit, p\u00ebr interesa\u00a0 t\u00eb kalueshme personale.\u00a0 Kjo po i sjell d\u00ebm edhe politik\u00ebs shqiptare n\u00eb k\u00ebto troje, po edhe asaj n\u00eb p\u00ebrgjith\u00ebsi, po u sjell d\u00ebm zhvillimeve demokratike, realizimit t\u00eb t\u00eb drejtave t\u00eb njeriut dhe atyre nacionale, individuale e sidomos kolektive, mohimi i t\u00eb cilave si n\u00eb rastin konkret, nuk \u00e7on n\u00eb stabilitetin e paqes n\u00eb rajon e m\u00eb gjer\u00eb.<\/p>\n<p>Vler\u00ebsojm\u00eb p\u00ebrpjekjet e lider\u00ebve politik\u00eb dhe udh\u00ebheqjeve t\u00eb qeverisjeve lokale Preshev\u00eb, Medvegj\u00eb e Bujanoc q\u00eb k\u00ebt\u00eb situat\u00eb ta zgjidhin me dialog, por theksojm\u00eb se p\u00ebr dialog nevojitet vullneti m\u00eb s\u00eb paku dy pal\u00ebve, e n\u00eb rastin konkret vullneti i pushtetit aktual serb, q\u00eb \u00ebsht\u00eb vazhdim\u00ebsi i atij millosheviqian, mungoi, si\u00e7 ka munguar gjithher\u00eb.<\/p>\n<p>Prandeaj LD n\u00eb MZ, e\u00a0 vet\u00ebdijshme p\u00ebr situat\u00ebn e tensionuar aktuale, p\u00ebr sulmin brutal e plot urrejtje ndaj shqiptar\u00ebve, kultur\u00ebs s\u00eb tyre, ndaj historis\u00eb, ndaj U\u00c7PMB-s\u00eb, b\u00ebn thirrje p\u00ebr unitetin e faktorit politik shqiptar dhe masat civilizuese e demokratike q\u00eb duhet nd\u00ebrmarr\u00eb n\u00eb rastin konkret\u00a0 po edhe m\u00eb andej.<\/p>\n<p>&nbsp;<\/p>\n<p>LD n\u00eb MZ edhe k\u00ebsaj here e p\u00ebrs\u00ebrit\u00eb se problemet e marr\u00ebdh\u00ebnieve nd\u00ebretnike nuk mund t\u00eb zgjidh\u00ebn me dhun\u00eb. Kund\u00ebrshtar\u00ebt p\u00ebr zgjidhjen e statusit t\u00eb shqiptar\u00ebve si n\u00eb Lugin\u00eb, si n\u00eb Malin e Zi&#8230; tregojn\u00eb qart\u00eb se ata nuk duan\u00a0 drejt\u00ebsi, as liri, as demokraci as paq, por hegjemoni, e kjo \u00ebsht\u00eb e papranueshme.<\/p>\n<p>&nbsp;<\/p>\n<p>Ftojm\u00eb Qeverin\u00eb e Serbis\u00eb q\u00eb t\u00eb kthej\u00eb lapidarin n\u00eb vendin e vet. Ai nuk \u00ebsht\u00eb pron\u00eb e tyre. Ai, megjith\u00ebse \u00ebsht\u00eb nga mermeri, ai flet, ai rrezaton e porosit edhe po ta b\u00ebjn\u00eb copa-copa.<\/p>\n<p><strong>P\u00ebr LD n\u00eb MZ<\/strong><\/p>\n<p><strong>Mehmet BARDHI, kryetar<\/strong><\/p>\n<p>&nbsp;<\/p>\n","protected":false},"excerpt":{"rendered":"<p>&nbsp; Tuz , m\u00eb\u00a0\u00a0\u00a0 20.01. 2013 \u00a0 Kumtes\u00eb p\u00ebr opinion \u00a0 LIDHJA DEMOKRATIKE N\u00cb MAL T\u00cb ZI DENON ASHP\u00cbR AKTIN VANDAL T\u00cb XHANDARM\u00cbRIS\u00cb SERBE T\u00cb HEQJES S\u00cb P\u00cbRMENDORES S\u00cb U\u00c7PMB-S\u00cb N\u00cb PRESHEV\u00cb &nbsp; Heqjen e p\u00ebrmendores kushtuar lavdis\u00eb s\u00eb d\u00ebshmor\u00ebve t\u00eb\u00a0 Ushtris\u00eb \u00c7lirimtare t\u00eb Preshev\u00ebs, Medvegj\u00ebs dhe Bujanocit n\u00eb Preshev\u00eb, heronjve t\u00eb kombit shqiptar, nga [&hellip;]<\/p>\n","protected":false},"author":1,"featured_media":0,"comment_status":"open","ping_status":"closed","sticky":false,"template":"","format":"standard","meta":{"spay_email":"","jetpack_publicize_message":"","jetpack_is_tweetstorm":false,"jetpack_publicize_feature_enabled":true},"categories":[6950],"tags":[687],"jetpack_publicize_connections":[],"yoast_head":"<!-- This site is optimized with the Yoast SEO plugin v19.1 - https:\/\/yoast.com\/wordpress\/plugins\/seo\/ -->\n<title>LD n\u00eb MZ denon aktin vandal t\u00eb xhasndarm\u00ebris\u00eb serbe t\u00eb heqjes s\u00eb p\u00ebrmendor\u00ebs s\u00eb U\u00c7PMB-s\u00eb n\u00eb Preshev\u00eb - Lajme nga Ulqini<\/title>\n<meta name=\"description\" content=\"&nbsp; Tuz , m\u00eb\u00a0\u00a0\u00a0 20.01. 2013 \u00a0 Kumtes\u00eb p\u00ebr opinion \u00a0 LIDHJA DEMOKRATIKE N\u00cb MAL T\u00cb ZI DENON ASHP\u00cbR AKTIN VANDAL T\u00cb XHANDARM\u00cbRIS\u00cb SERBE T\u00cb HEQJES S\u00cb\" \/>\n<meta name=\"robots\" content=\"index, follow, max-snippet:-1, max-image-preview:large, max-video-preview:-1\" \/>\n<link rel=\"canonical\" href=\"https:\/\/www.visit-ulcinj.com\/blog\/2013\/01\/21\/ld-ne-mz-denon-aktin-vandal-te-xhasndarmerise-serbe-te-heqjes-se-permendores-se-ucpmb-se-ne-presheve\/\" \/>\n<meta property=\"og:locale\" content=\"en_US\" \/>\n<meta property=\"og:type\" content=\"article\" \/>\n<meta property=\"og:title\" content=\"LD n\u00eb MZ denon aktin vandal t\u00eb xhasndarm\u00ebris\u00eb serbe t\u00eb heqjes s\u00eb p\u00ebrmendor\u00ebs s\u00eb U\u00c7PMB-s\u00eb n\u00eb Preshev\u00eb - Lajme nga Ulqini\" \/>\n<meta property=\"og:description\" content=\"&nbsp; Tuz , m\u00eb\u00a0\u00a0\u00a0 20.01. 2013 \u00a0 Kumtes\u00eb p\u00ebr opinion \u00a0 LIDHJA DEMOKRATIKE N\u00cb MAL T\u00cb ZI DENON ASHP\u00cbR AKTIN VANDAL T\u00cb XHANDARM\u00cbRIS\u00cb SERBE T\u00cb HEQJES S\u00cb\" \/>\n<meta property=\"og:url\" content=\"https:\/\/www.visit-ulcinj.com\/blog\/2013\/01\/21\/ld-ne-mz-denon-aktin-vandal-te-xhasndarmerise-serbe-te-heqjes-se-permendores-se-ucpmb-se-ne-presheve\/\" \/>\n<meta property=\"og:site_name\" content=\"Lajme nga Ulqini\" \/>\n<meta property=\"article:published_time\" content=\"2013-01-21T18:49:32+00:00\" \/>\n<meta property=\"og:image\" content=\"http:\/\/www.visit-ulcinj.com\/blog\/wp-content\/uploads\/2011\/03\/LMneMZ_Kumtes.jpg\" \/>\n<meta name=\"twitter:label1\" content=\"Written by\" \/>\n\t<meta name=\"twitter:data1\" content=\"ulqini\" \/>\n\t<meta name=\"twitter:label2\" content=\"Est. reading time\" \/>\n\t<meta name=\"twitter:data2\" content=\"3 minutes\" \/>\n<script type=\"application\/ld+json\" class=\"yoast-schema-graph\">{\"@context\":\"https:\/\/schema.org\",\"@graph\":[{\"@type\":\"WebSite\",\"@id\":\"https:\/\/www.visit-ulcinj.com\/blog\/#website\",\"url\":\"https:\/\/www.visit-ulcinj.com\/blog\/\",\"name\":\"Lajme nga Ulqini\",\"description\":\"Lajme,Vijesti,Ulqini,Ulqin,Crna Gora,Mali i Zi\",\"potentialAction\":[{\"@type\":\"SearchAction\",\"target\":{\"@type\":\"EntryPoint\",\"urlTemplate\":\"https:\/\/www.visit-ulcinj.com\/blog\/?s={search_term_string}\"},\"query-input\":\"required name=search_term_string\"}],\"inLanguage\":\"en-US\"},{\"@type\":\"ImageObject\",\"inLanguage\":\"en-US\",\"@id\":\"https:\/\/www.visit-ulcinj.com\/blog\/2013\/01\/21\/ld-ne-mz-denon-aktin-vandal-te-xhasndarmerise-serbe-te-heqjes-se-permendores-se-ucpmb-se-ne-presheve\/#primaryimage\",\"url\":\"https:\/\/www.visit-ulcinj.com\/blog\/wp-content\/uploads\/2011\/03\/LMneMZ_Kumtes.jpg\",\"contentUrl\":\"https:\/\/www.visit-ulcinj.com\/blog\/wp-content\/uploads\/2011\/03\/LMneMZ_Kumtes.jpg\",\"width\":\"508\",\"height\":\"151\"},{\"@type\":\"WebPage\",\"@id\":\"https:\/\/www.visit-ulcinj.com\/blog\/2013\/01\/21\/ld-ne-mz-denon-aktin-vandal-te-xhasndarmerise-serbe-te-heqjes-se-permendores-se-ucpmb-se-ne-presheve\/#webpage\",\"url\":\"https:\/\/www.visit-ulcinj.com\/blog\/2013\/01\/21\/ld-ne-mz-denon-aktin-vandal-te-xhasndarmerise-serbe-te-heqjes-se-permendores-se-ucpmb-se-ne-presheve\/\",\"name\":\"LD n\u00eb MZ denon aktin vandal t\u00eb xhasndarm\u00ebris\u00eb serbe t\u00eb heqjes s\u00eb p\u00ebrmendor\u00ebs s\u00eb U\u00c7PMB-s\u00eb n\u00eb Preshev\u00eb - Lajme nga Ulqini\",\"isPartOf\":{\"@id\":\"https:\/\/www.visit-ulcinj.com\/blog\/#website\"},\"primaryImageOfPage\":{\"@id\":\"https:\/\/www.visit-ulcinj.com\/blog\/2013\/01\/21\/ld-ne-mz-denon-aktin-vandal-te-xhasndarmerise-serbe-te-heqjes-se-permendores-se-ucpmb-se-ne-presheve\/#primaryimage\"},\"datePublished\":\"2013-01-21T18:49:32+00:00\",\"dateModified\":\"2013-01-21T18:49:32+00:00\",\"author\":{\"@id\":\"https:\/\/www.visit-ulcinj.com\/blog\/#\/schema\/person\/dcab619c614d3038751c63bc2aadc06d\"},\"description\":\"&nbsp; Tuz , m\u00eb\u00a0\u00a0\u00a0 20.01. 2013 \u00a0 Kumtes\u00eb p\u00ebr opinion \u00a0 LIDHJA DEMOKRATIKE N\u00cb MAL T\u00cb ZI DENON ASHP\u00cbR AKTIN VANDAL T\u00cb XHANDARM\u00cbRIS\u00cb SERBE T\u00cb HEQJES S\u00cb\",\"breadcrumb\":{\"@id\":\"https:\/\/www.visit-ulcinj.com\/blog\/2013\/01\/21\/ld-ne-mz-denon-aktin-vandal-te-xhasndarmerise-serbe-te-heqjes-se-permendores-se-ucpmb-se-ne-presheve\/#breadcrumb\"},\"inLanguage\":\"en-US\",\"potentialAction\":[{\"@type\":\"ReadAction\",\"target\":[\"https:\/\/www.visit-ulcinj.com\/blog\/2013\/01\/21\/ld-ne-mz-denon-aktin-vandal-te-xhasndarmerise-serbe-te-heqjes-se-permendores-se-ucpmb-se-ne-presheve\/\"]}]},{\"@type\":\"BreadcrumbList\",\"@id\":\"https:\/\/www.visit-ulcinj.com\/blog\/2013\/01\/21\/ld-ne-mz-denon-aktin-vandal-te-xhasndarmerise-serbe-te-heqjes-se-permendores-se-ucpmb-se-ne-presheve\/#breadcrumb\",\"itemListElement\":[{\"@type\":\"ListItem\",\"position\":1,\"name\":\"LD n\u00eb MZ denon aktin vandal t\u00eb xhasndarm\u00ebris\u00eb serbe t\u00eb heqjes s\u00eb p\u00ebrmendor\u00ebs s\u00eb U\u00c7PMB-s\u00eb n\u00eb Preshev\u00eb\"}]},{\"@type\":\"Person\",\"@id\":\"https:\/\/www.visit-ulcinj.com\/blog\/#\/schema\/person\/dcab619c614d3038751c63bc2aadc06d\",\"name\":\"ulqini\",\"sameAs\":[\"http:\/\/www.visit-ulcinj.com\"],\"url\":\"https:\/\/www.visit-ulcinj.com\/blog\/author\/admin\/\"}]}<\/script>\n<!-- \/ Yoast SEO plugin. -->","yoast_head_json":{"title":"LD n\u00eb MZ denon aktin vandal t\u00eb xhasndarm\u00ebris\u00eb serbe t\u00eb heqjes s\u00eb p\u00ebrmendor\u00ebs s\u00eb U\u00c7PMB-s\u00eb n\u00eb Preshev\u00eb - Lajme nga Ulqini","description":"&nbsp; Tuz , m\u00eb\u00a0\u00a0\u00a0 20.01. 2013 \u00a0 Kumtes\u00eb p\u00ebr opinion \u00a0 LIDHJA DEMOKRATIKE N\u00cb MAL T\u00cb ZI DENON ASHP\u00cbR AKTIN VANDAL T\u00cb XHANDARM\u00cbRIS\u00cb SERBE T\u00cb HEQJES S\u00cb","robots":{"index":"index","follow":"follow","max-snippet":"max-snippet:-1","max-image-preview":"max-image-preview:large","max-video-preview":"max-video-preview:-1"},"canonical":"https:\/\/www.visit-ulcinj.com\/blog\/2013\/01\/21\/ld-ne-mz-denon-aktin-vandal-te-xhasndarmerise-serbe-te-heqjes-se-permendores-se-ucpmb-se-ne-presheve\/","og_locale":"en_US","og_type":"article","og_title":"LD n\u00eb MZ denon aktin vandal t\u00eb xhasndarm\u00ebris\u00eb serbe t\u00eb heqjes s\u00eb p\u00ebrmendor\u00ebs s\u00eb U\u00c7PMB-s\u00eb n\u00eb Preshev\u00eb - Lajme nga Ulqini","og_description":"&nbsp; Tuz , m\u00eb\u00a0\u00a0\u00a0 20.01. 2013 \u00a0 Kumtes\u00eb p\u00ebr opinion \u00a0 LIDHJA DEMOKRATIKE N\u00cb MAL T\u00cb ZI DENON ASHP\u00cbR AKTIN VANDAL T\u00cb XHANDARM\u00cbRIS\u00cb SERBE T\u00cb HEQJES S\u00cb","og_url":"https:\/\/www.visit-ulcinj.com\/blog\/2013\/01\/21\/ld-ne-mz-denon-aktin-vandal-te-xhasndarmerise-serbe-te-heqjes-se-permendores-se-ucpmb-se-ne-presheve\/","og_site_name":"Lajme nga Ulqini","article_published_time":"2013-01-21T18:49:32+00:00","og_image":[{"url":"http:\/\/www.visit-ulcinj.com\/blog\/wp-content\/uploads\/2011\/03\/LMneMZ_Kumtes.jpg"}],"twitter_misc":{"Written by":"ulqini","Est. reading time":"3 minutes"},"schema":{"@context":"https:\/\/schema.org","@graph":[{"@type":"WebSite","@id":"https:\/\/www.visit-ulcinj.com\/blog\/#website","url":"https:\/\/www.visit-ulcinj.com\/blog\/","name":"Lajme nga Ulqini","description":"Lajme,Vijesti,Ulqini,Ulqin,Crna Gora,Mali i Zi","potentialAction":[{"@type":"SearchAction","target":{"@type":"EntryPoint","urlTemplate":"https:\/\/www.visit-ulcinj.com\/blog\/?s={search_term_string}"},"query-input":"required name=search_term_string"}],"inLanguage":"en-US"},{"@type":"ImageObject","inLanguage":"en-US","@id":"https:\/\/www.visit-ulcinj.com\/blog\/2013\/01\/21\/ld-ne-mz-denon-aktin-vandal-te-xhasndarmerise-serbe-te-heqjes-se-permendores-se-ucpmb-se-ne-presheve\/#primaryimage","url":"https:\/\/www.visit-ulcinj.com\/blog\/wp-content\/uploads\/2011\/03\/LMneMZ_Kumtes.jpg","contentUrl":"https:\/\/www.visit-ulcinj.com\/blog\/wp-content\/uploads\/2011\/03\/LMneMZ_Kumtes.jpg","width":"508","height":"151"},{"@type":"WebPage","@id":"https:\/\/www.visit-ulcinj.com\/blog\/2013\/01\/21\/ld-ne-mz-denon-aktin-vandal-te-xhasndarmerise-serbe-te-heqjes-se-permendores-se-ucpmb-se-ne-presheve\/#webpage","url":"https:\/\/www.visit-ulcinj.com\/blog\/2013\/01\/21\/ld-ne-mz-denon-aktin-vandal-te-xhasndarmerise-serbe-te-heqjes-se-permendores-se-ucpmb-se-ne-presheve\/","name":"LD n\u00eb MZ denon aktin vandal t\u00eb xhasndarm\u00ebris\u00eb serbe t\u00eb heqjes s\u00eb p\u00ebrmendor\u00ebs s\u00eb U\u00c7PMB-s\u00eb n\u00eb Preshev\u00eb - Lajme nga Ulqini","isPartOf":{"@id":"https:\/\/www.visit-ulcinj.com\/blog\/#website"},"primaryImageOfPage":{"@id":"https:\/\/www.visit-ulcinj.com\/blog\/2013\/01\/21\/ld-ne-mz-denon-aktin-vandal-te-xhasndarmerise-serbe-te-heqjes-se-permendores-se-ucpmb-se-ne-presheve\/#primaryimage"},"datePublished":"2013-01-21T18:49:32+00:00","dateModified":"2013-01-21T18:49:32+00:00","author":{"@id":"https:\/\/www.visit-ulcinj.com\/blog\/#\/schema\/person\/dcab619c614d3038751c63bc2aadc06d"},"description":"&nbsp; Tuz , m\u00eb\u00a0\u00a0\u00a0 20.01. 2013 \u00a0 Kumtes\u00eb p\u00ebr opinion \u00a0 LIDHJA DEMOKRATIKE N\u00cb MAL T\u00cb ZI DENON ASHP\u00cbR AKTIN VANDAL T\u00cb XHANDARM\u00cbRIS\u00cb SERBE T\u00cb HEQJES S\u00cb","breadcrumb":{"@id":"https:\/\/www.visit-ulcinj.com\/blog\/2013\/01\/21\/ld-ne-mz-denon-aktin-vandal-te-xhasndarmerise-serbe-te-heqjes-se-permendores-se-ucpmb-se-ne-presheve\/#breadcrumb"},"inLanguage":"en-US","potentialAction":[{"@type":"ReadAction","target":["https:\/\/www.visit-ulcinj.com\/blog\/2013\/01\/21\/ld-ne-mz-denon-aktin-vandal-te-xhasndarmerise-serbe-te-heqjes-se-permendores-se-ucpmb-se-ne-presheve\/"]}]},{"@type":"BreadcrumbList","@id":"https:\/\/www.visit-ulcinj.com\/blog\/2013\/01\/21\/ld-ne-mz-denon-aktin-vandal-te-xhasndarmerise-serbe-te-heqjes-se-permendores-se-ucpmb-se-ne-presheve\/#breadcrumb","itemListElement":[{"@type":"ListItem","position":1,"name":"LD n\u00eb MZ denon aktin vandal t\u00eb xhasndarm\u00ebris\u00eb serbe t\u00eb heqjes s\u00eb p\u00ebrmendor\u00ebs s\u00eb U\u00c7PMB-s\u00eb n\u00eb Preshev\u00eb"}]},{"@type":"Person","@id":"https:\/\/www.visit-ulcinj.com\/blog\/#\/schema\/person\/dcab619c614d3038751c63bc2aadc06d","name":"ulqini","sameAs":["http:\/\/www.visit-ulcinj.com"],"url":"https:\/\/www.visit-ulcinj.com\/blog\/author\/admin\/"}]}},"jetpack_featured_media_url":"","jetpack_sharing_enabled":true,"jetpack_shortlink":"https:\/\/wp.me\/pe6lTn-hDP","_links":{"self":[{"href":"https:\/\/www.visit-ulcinj.com\/blog\/wp-json\/wp\/v2\/posts\/67817"}],"collection":[{"href":"https:\/\/www.visit-ulcinj.com\/blog\/wp-json\/wp\/v2\/posts"}],"about":[{"href":"https:\/\/www.visit-ulcinj.com\/blog\/wp-json\/wp\/v2\/types\/post"}],"author":[{"embeddable":true,"href":"https:\/\/www.visit-ulcinj.com\/blog\/wp-json\/wp\/v2\/users\/1"}],"replies":[{"embeddable":true,"href":"https:\/\/www.visit-ulcinj.com\/blog\/wp-json\/wp\/v2\/comments?post=67817"}],"version-history":[{"count":1,"href":"https:\/\/www.visit-ulcinj.com\/blog\/wp-json\/wp\/v2\/posts\/67817\/revisions"}],"predecessor-version":[{"id":67819,"href":"https:\/\/www.visit-ulcinj.com\/blog\/wp-json\/wp\/v2\/posts\/67817\/revisions\/67819"}],"wp:attachment":[{"href":"https:\/\/www.visit-ulcinj.com\/blog\/wp-json\/wp\/v2\/media?parent=67817"}],"wp:term":[{"taxonomy":"category","embeddable":true,"href":"https:\/\/www.visit-ulcinj.com\/blog\/wp-json\/wp\/v2\/categories?post=67817"},{"taxonomy":"post_tag","embeddable":true,"href":"https:\/\/www.visit-ulcinj.com\/blog\/wp-json\/wp\/v2\/tags?post=67817"}],"curies":[{"name":"wp","href":"https:\/\/api.w.org\/{rel}","templated":true}]}}