{"id":67835,"date":"2013-01-22T19:56:36","date_gmt":"2013-01-22T18:56:36","guid":{"rendered":"http:\/\/www.visit-ulcinj.com\/blog\/?p=67835"},"modified":"2013-01-22T19:56:36","modified_gmt":"2013-01-22T18:56:36","slug":"biblioteka-e-ulqinit-rrezikohet-nga-uji-dhe-lageshtia","status":"publish","type":"post","link":"https:\/\/www.visit-ulcinj.com\/blog\/2013\/01\/22\/biblioteka-e-ulqinit-rrezikohet-nga-uji-dhe-lageshtia\/","title":{"rendered":"Biblioteka e Ulqinit rrezikohet nga uji dhe lag\u00ebshtia"},"content":{"rendered":"<p><a href=\"http:\/\/www.visit-ulcinj.com\/blog\/wp-content\/uploads\/2013\/01\/Biblioteka-e-Ulqinit-rrezikohet-nga-uji.1.jpg\"><img loading=\"lazy\" class=\"alignleft  wp-image-67836\" alt=\"Biblioteka e Ulqinit rrezikohet nga uji.1\" src=\"http:\/\/www.visit-ulcinj.com\/blog\/wp-content\/uploads\/2013\/01\/Biblioteka-e-Ulqinit-rrezikohet-nga-uji.1.jpg\" width=\"508\" height=\"360\" \/><\/a>Fondi i librave dhe i gjith\u00eb materiali e inventari i Bibliotek\u00ebs s\u00eb Ulqinit rrezikohet seriozisht nga uji dhe lag\u00ebshtia q\u00eb rrjedh nga tavani i godin\u00ebs s\u00eb k\u00ebsaj biblioteke.<br \/>\n<a href=\"http:\/\/www.visit-ulcinj.com\/blog\/wp-content\/uploads\/2013\/01\/Biblioteka-e-Ulqinit-rrezikohet-nga-uji.2.jpg\"><img loading=\"lazy\" class=\"alignleft  wp-image-67837\" alt=\"Biblioteka e Ulqinit rrezikohet nga uji.2\" src=\"http:\/\/www.visit-ulcinj.com\/blog\/wp-content\/uploads\/2013\/01\/Biblioteka-e-Ulqinit-rrezikohet-nga-uji.2.jpg\" width=\"508\" height=\"300\" \/><\/a><br \/>\nNuk ekziston gati asnj\u00eb mjedis i saj ku nuk dep\u00ebrton uji, p\u00ebrfshir\u00eb edhe k\u00ebndin e librave, sall\u00ebn e leximit etj. Udh\u00ebheq\u00ebs ja e Bibliotek\u00ebs, Ardita Rama, thot\u00eb se p\u00ebr k\u00ebt\u00eb problem i ka njoftuar me shkrim t\u00eb gjitha strukturat p\u00ebrgjegj\u00ebse, p\u00ebrfshir\u00eb kryetarin e K\u00ebshillit Drejtues dhe drejtorin e Qendr\u00ebs s\u00eb Kultur\u00ebs, n\u00eb kuad\u00ebr t\u00eb s\u00eb cil\u00ebs funksionon kjo bibliotek\u00eb, kryetarin e Komun\u00ebs s\u00eb Ulqinit, kryetarin e Kuvendit t\u00eb Komun\u00ebs s\u00eb Ulqinit, si dhe sekretariatet kompetente pran\u00eb Komun\u00ebs, por deri tani nuk ka marr\u00eb kurrfar\u00eb p\u00ebrgjigjeje, njofton Kohapress.<br \/>\n<a href=\"http:\/\/www.visit-ulcinj.com\/blog\/wp-content\/uploads\/2013\/01\/Biblioteka-e-Ulqinit-rrezikohet-nga-uji.jpg\"><img loading=\"lazy\" class=\"alignleft size-full wp-image-67838\" alt=\"Biblioteka e Ulqinit rrezikohet nga uji\" src=\"http:\/\/www.visit-ulcinj.com\/blog\/wp-content\/uploads\/2013\/01\/Biblioteka-e-Ulqinit-rrezikohet-nga-uji.jpg\" width=\"304\" height=\"312\" srcset=\"https:\/\/www.visit-ulcinj.com\/blog\/wp-content\/uploads\/2013\/01\/Biblioteka-e-Ulqinit-rrezikohet-nga-uji.jpg 304w, https:\/\/www.visit-ulcinj.com\/blog\/wp-content\/uploads\/2013\/01\/Biblioteka-e-Ulqinit-rrezikohet-nga-uji-292x300.jpg 292w\" sizes=\"(max-width: 304px) 100vw, 304px\" \/><\/a><br \/>\nFotografit\u00eb d\u00ebshmojn\u00eb m\u00eb s\u00eb miri gjendjen e mjerueshme n\u00eb t\u00eb cil\u00ebn ndodhet kjo bibliotek\u00eb.<\/p>\n<p><strong>Kohapress<\/strong><\/p>\n","protected":false},"excerpt":{"rendered":"<p>Fondi i librave dhe i gjith\u00eb materiali e inventari i Bibliotek\u00ebs s\u00eb Ulqinit rrezikohet seriozisht nga uji dhe lag\u00ebshtia q\u00eb rrjedh nga tavani i godin\u00ebs s\u00eb k\u00ebsaj biblioteke. Nuk ekziston gati asnj\u00eb mjedis i saj ku nuk dep\u00ebrton uji, p\u00ebrfshir\u00eb edhe k\u00ebndin e librave, sall\u00ebn e leximit etj. Udh\u00ebheq\u00ebs ja e Bibliotek\u00ebs, Ardita Rama, thot\u00eb [&hellip;]<\/p>\n","protected":false},"author":1,"featured_media":0,"comment_status":"open","ping_status":"closed","sticky":false,"template":"","format":"standard","meta":{"spay_email":"","jetpack_publicize_message":"","jetpack_is_tweetstorm":false,"jetpack_publicize_feature_enabled":true},"categories":[11],"tags":[19184,21707,21706],"jetpack_publicize_connections":[],"yoast_head":"<!-- This site is optimized with the Yoast SEO plugin v19.1 - https:\/\/yoast.com\/wordpress\/plugins\/seo\/ -->\n<title>Biblioteka e Ulqinit rrezikohet nga uji dhe lag\u00ebshtia - Lajme nga Ulqini<\/title>\n<meta name=\"description\" content=\"Fondi i librave dhe i gjith\u00eb materiali e inventari i Bibliotek\u00ebs s\u00eb Ulqinit rrezikohet seriozisht nga uji dhe lag\u00ebshtia q\u00eb rrjedh nga tavani i godin\u00ebs s\u00eb\" \/>\n<meta name=\"robots\" content=\"index, follow, max-snippet:-1, max-image-preview:large, max-video-preview:-1\" \/>\n<link rel=\"canonical\" href=\"https:\/\/www.visit-ulcinj.com\/blog\/2013\/01\/22\/biblioteka-e-ulqinit-rrezikohet-nga-uji-dhe-lageshtia\/\" \/>\n<meta property=\"og:locale\" content=\"en_US\" \/>\n<meta property=\"og:type\" content=\"article\" \/>\n<meta property=\"og:title\" content=\"Biblioteka e Ulqinit rrezikohet nga uji dhe lag\u00ebshtia - Lajme nga Ulqini\" \/>\n<meta property=\"og:description\" content=\"Fondi i librave dhe i gjith\u00eb materiali e inventari i Bibliotek\u00ebs s\u00eb Ulqinit rrezikohet seriozisht nga uji dhe lag\u00ebshtia q\u00eb rrjedh nga tavani i godin\u00ebs s\u00eb\" \/>\n<meta property=\"og:url\" content=\"https:\/\/www.visit-ulcinj.com\/blog\/2013\/01\/22\/biblioteka-e-ulqinit-rrezikohet-nga-uji-dhe-lageshtia\/\" \/>\n<meta property=\"og:site_name\" content=\"Lajme nga Ulqini\" \/>\n<meta property=\"article:published_time\" content=\"2013-01-22T18:56:36+00:00\" \/>\n<meta property=\"og:image\" content=\"http:\/\/www.visit-ulcinj.com\/blog\/wp-content\/uploads\/2013\/01\/Biblioteka-e-Ulqinit-rrezikohet-nga-uji.1.jpg\" \/>\n<meta name=\"twitter:label1\" content=\"Written by\" \/>\n\t<meta name=\"twitter:data1\" content=\"ulqini\" \/>\n\t<meta name=\"twitter:label2\" content=\"Est. reading time\" \/>\n\t<meta name=\"twitter:data2\" content=\"1 minute\" \/>\n<script type=\"application\/ld+json\" class=\"yoast-schema-graph\">{\"@context\":\"https:\/\/schema.org\",\"@graph\":[{\"@type\":\"WebSite\",\"@id\":\"https:\/\/www.visit-ulcinj.com\/blog\/#website\",\"url\":\"https:\/\/www.visit-ulcinj.com\/blog\/\",\"name\":\"Lajme nga Ulqini\",\"description\":\"Lajme,Vijesti,Ulqini,Ulqin,Crna Gora,Mali i Zi\",\"potentialAction\":[{\"@type\":\"SearchAction\",\"target\":{\"@type\":\"EntryPoint\",\"urlTemplate\":\"https:\/\/www.visit-ulcinj.com\/blog\/?s={search_term_string}\"},\"query-input\":\"required name=search_term_string\"}],\"inLanguage\":\"en-US\"},{\"@type\":\"ImageObject\",\"inLanguage\":\"en-US\",\"@id\":\"https:\/\/www.visit-ulcinj.com\/blog\/2013\/01\/22\/biblioteka-e-ulqinit-rrezikohet-nga-uji-dhe-lageshtia\/#primaryimage\",\"url\":\"https:\/\/www.visit-ulcinj.com\/blog\/wp-content\/uploads\/2013\/01\/Biblioteka-e-Ulqinit-rrezikohet-nga-uji.1.jpg\",\"contentUrl\":\"https:\/\/www.visit-ulcinj.com\/blog\/wp-content\/uploads\/2013\/01\/Biblioteka-e-Ulqinit-rrezikohet-nga-uji.1.jpg\",\"width\":592,\"height\":403},{\"@type\":\"WebPage\",\"@id\":\"https:\/\/www.visit-ulcinj.com\/blog\/2013\/01\/22\/biblioteka-e-ulqinit-rrezikohet-nga-uji-dhe-lageshtia\/#webpage\",\"url\":\"https:\/\/www.visit-ulcinj.com\/blog\/2013\/01\/22\/biblioteka-e-ulqinit-rrezikohet-nga-uji-dhe-lageshtia\/\",\"name\":\"Biblioteka e Ulqinit rrezikohet nga uji dhe lag\u00ebshtia - Lajme nga Ulqini\",\"isPartOf\":{\"@id\":\"https:\/\/www.visit-ulcinj.com\/blog\/#website\"},\"primaryImageOfPage\":{\"@id\":\"https:\/\/www.visit-ulcinj.com\/blog\/2013\/01\/22\/biblioteka-e-ulqinit-rrezikohet-nga-uji-dhe-lageshtia\/#primaryimage\"},\"datePublished\":\"2013-01-22T18:56:36+00:00\",\"dateModified\":\"2013-01-22T18:56:36+00:00\",\"author\":{\"@id\":\"https:\/\/www.visit-ulcinj.com\/blog\/#\/schema\/person\/dcab619c614d3038751c63bc2aadc06d\"},\"description\":\"Fondi i librave dhe i gjith\u00eb materiali e inventari i Bibliotek\u00ebs s\u00eb Ulqinit rrezikohet seriozisht nga uji dhe lag\u00ebshtia q\u00eb rrjedh nga tavani i godin\u00ebs s\u00eb\",\"breadcrumb\":{\"@id\":\"https:\/\/www.visit-ulcinj.com\/blog\/2013\/01\/22\/biblioteka-e-ulqinit-rrezikohet-nga-uji-dhe-lageshtia\/#breadcrumb\"},\"inLanguage\":\"en-US\",\"potentialAction\":[{\"@type\":\"ReadAction\",\"target\":[\"https:\/\/www.visit-ulcinj.com\/blog\/2013\/01\/22\/biblioteka-e-ulqinit-rrezikohet-nga-uji-dhe-lageshtia\/\"]}]},{\"@type\":\"BreadcrumbList\",\"@id\":\"https:\/\/www.visit-ulcinj.com\/blog\/2013\/01\/22\/biblioteka-e-ulqinit-rrezikohet-nga-uji-dhe-lageshtia\/#breadcrumb\",\"itemListElement\":[{\"@type\":\"ListItem\",\"position\":1,\"name\":\"Biblioteka e Ulqinit rrezikohet nga uji dhe lag\u00ebshtia\"}]},{\"@type\":\"Person\",\"@id\":\"https:\/\/www.visit-ulcinj.com\/blog\/#\/schema\/person\/dcab619c614d3038751c63bc2aadc06d\",\"name\":\"ulqini\",\"sameAs\":[\"http:\/\/www.visit-ulcinj.com\"],\"url\":\"https:\/\/www.visit-ulcinj.com\/blog\/author\/admin\/\"}]}<\/script>\n<!-- \/ Yoast SEO plugin. -->","yoast_head_json":{"title":"Biblioteka e Ulqinit rrezikohet nga uji dhe lag\u00ebshtia - Lajme nga Ulqini","description":"Fondi i librave dhe i gjith\u00eb materiali e inventari i Bibliotek\u00ebs s\u00eb Ulqinit rrezikohet seriozisht nga uji dhe lag\u00ebshtia q\u00eb rrjedh nga tavani i godin\u00ebs s\u00eb","robots":{"index":"index","follow":"follow","max-snippet":"max-snippet:-1","max-image-preview":"max-image-preview:large","max-video-preview":"max-video-preview:-1"},"canonical":"https:\/\/www.visit-ulcinj.com\/blog\/2013\/01\/22\/biblioteka-e-ulqinit-rrezikohet-nga-uji-dhe-lageshtia\/","og_locale":"en_US","og_type":"article","og_title":"Biblioteka e Ulqinit rrezikohet nga uji dhe lag\u00ebshtia - Lajme nga Ulqini","og_description":"Fondi i librave dhe i gjith\u00eb materiali e inventari i Bibliotek\u00ebs s\u00eb Ulqinit rrezikohet seriozisht nga uji dhe lag\u00ebshtia q\u00eb rrjedh nga tavani i godin\u00ebs s\u00eb","og_url":"https:\/\/www.visit-ulcinj.com\/blog\/2013\/01\/22\/biblioteka-e-ulqinit-rrezikohet-nga-uji-dhe-lageshtia\/","og_site_name":"Lajme nga Ulqini","article_published_time":"2013-01-22T18:56:36+00:00","og_image":[{"url":"http:\/\/www.visit-ulcinj.com\/blog\/wp-content\/uploads\/2013\/01\/Biblioteka-e-Ulqinit-rrezikohet-nga-uji.1.jpg"}],"twitter_misc":{"Written by":"ulqini","Est. reading time":"1 minute"},"schema":{"@context":"https:\/\/schema.org","@graph":[{"@type":"WebSite","@id":"https:\/\/www.visit-ulcinj.com\/blog\/#website","url":"https:\/\/www.visit-ulcinj.com\/blog\/","name":"Lajme nga Ulqini","description":"Lajme,Vijesti,Ulqini,Ulqin,Crna Gora,Mali i Zi","potentialAction":[{"@type":"SearchAction","target":{"@type":"EntryPoint","urlTemplate":"https:\/\/www.visit-ulcinj.com\/blog\/?s={search_term_string}"},"query-input":"required name=search_term_string"}],"inLanguage":"en-US"},{"@type":"ImageObject","inLanguage":"en-US","@id":"https:\/\/www.visit-ulcinj.com\/blog\/2013\/01\/22\/biblioteka-e-ulqinit-rrezikohet-nga-uji-dhe-lageshtia\/#primaryimage","url":"https:\/\/www.visit-ulcinj.com\/blog\/wp-content\/uploads\/2013\/01\/Biblioteka-e-Ulqinit-rrezikohet-nga-uji.1.jpg","contentUrl":"https:\/\/www.visit-ulcinj.com\/blog\/wp-content\/uploads\/2013\/01\/Biblioteka-e-Ulqinit-rrezikohet-nga-uji.1.jpg","width":592,"height":403},{"@type":"WebPage","@id":"https:\/\/www.visit-ulcinj.com\/blog\/2013\/01\/22\/biblioteka-e-ulqinit-rrezikohet-nga-uji-dhe-lageshtia\/#webpage","url":"https:\/\/www.visit-ulcinj.com\/blog\/2013\/01\/22\/biblioteka-e-ulqinit-rrezikohet-nga-uji-dhe-lageshtia\/","name":"Biblioteka e Ulqinit rrezikohet nga uji dhe lag\u00ebshtia - Lajme nga Ulqini","isPartOf":{"@id":"https:\/\/www.visit-ulcinj.com\/blog\/#website"},"primaryImageOfPage":{"@id":"https:\/\/www.visit-ulcinj.com\/blog\/2013\/01\/22\/biblioteka-e-ulqinit-rrezikohet-nga-uji-dhe-lageshtia\/#primaryimage"},"datePublished":"2013-01-22T18:56:36+00:00","dateModified":"2013-01-22T18:56:36+00:00","author":{"@id":"https:\/\/www.visit-ulcinj.com\/blog\/#\/schema\/person\/dcab619c614d3038751c63bc2aadc06d"},"description":"Fondi i librave dhe i gjith\u00eb materiali e inventari i Bibliotek\u00ebs s\u00eb Ulqinit rrezikohet seriozisht nga uji dhe lag\u00ebshtia q\u00eb rrjedh nga tavani i godin\u00ebs s\u00eb","breadcrumb":{"@id":"https:\/\/www.visit-ulcinj.com\/blog\/2013\/01\/22\/biblioteka-e-ulqinit-rrezikohet-nga-uji-dhe-lageshtia\/#breadcrumb"},"inLanguage":"en-US","potentialAction":[{"@type":"ReadAction","target":["https:\/\/www.visit-ulcinj.com\/blog\/2013\/01\/22\/biblioteka-e-ulqinit-rrezikohet-nga-uji-dhe-lageshtia\/"]}]},{"@type":"BreadcrumbList","@id":"https:\/\/www.visit-ulcinj.com\/blog\/2013\/01\/22\/biblioteka-e-ulqinit-rrezikohet-nga-uji-dhe-lageshtia\/#breadcrumb","itemListElement":[{"@type":"ListItem","position":1,"name":"Biblioteka e Ulqinit rrezikohet nga uji dhe lag\u00ebshtia"}]},{"@type":"Person","@id":"https:\/\/www.visit-ulcinj.com\/blog\/#\/schema\/person\/dcab619c614d3038751c63bc2aadc06d","name":"ulqini","sameAs":["http:\/\/www.visit-ulcinj.com"],"url":"https:\/\/www.visit-ulcinj.com\/blog\/author\/admin\/"}]}},"jetpack_featured_media_url":"","jetpack_sharing_enabled":true,"jetpack_shortlink":"https:\/\/wp.me\/pe6lTn-hE7","_links":{"self":[{"href":"https:\/\/www.visit-ulcinj.com\/blog\/wp-json\/wp\/v2\/posts\/67835"}],"collection":[{"href":"https:\/\/www.visit-ulcinj.com\/blog\/wp-json\/wp\/v2\/posts"}],"about":[{"href":"https:\/\/www.visit-ulcinj.com\/blog\/wp-json\/wp\/v2\/types\/post"}],"author":[{"embeddable":true,"href":"https:\/\/www.visit-ulcinj.com\/blog\/wp-json\/wp\/v2\/users\/1"}],"replies":[{"embeddable":true,"href":"https:\/\/www.visit-ulcinj.com\/blog\/wp-json\/wp\/v2\/comments?post=67835"}],"version-history":[{"count":1,"href":"https:\/\/www.visit-ulcinj.com\/blog\/wp-json\/wp\/v2\/posts\/67835\/revisions"}],"predecessor-version":[{"id":67839,"href":"https:\/\/www.visit-ulcinj.com\/blog\/wp-json\/wp\/v2\/posts\/67835\/revisions\/67839"}],"wp:attachment":[{"href":"https:\/\/www.visit-ulcinj.com\/blog\/wp-json\/wp\/v2\/media?parent=67835"}],"wp:term":[{"taxonomy":"category","embeddable":true,"href":"https:\/\/www.visit-ulcinj.com\/blog\/wp-json\/wp\/v2\/categories?post=67835"},{"taxonomy":"post_tag","embeddable":true,"href":"https:\/\/www.visit-ulcinj.com\/blog\/wp-json\/wp\/v2\/tags?post=67835"}],"curies":[{"name":"wp","href":"https:\/\/api.w.org\/{rel}","templated":true}]}}