{"id":67850,"date":"2013-01-23T14:36:43","date_gmt":"2013-01-23T13:36:43","guid":{"rendered":"http:\/\/www.visit-ulcinj.com\/blog\/?p=67850"},"modified":"2013-01-24T07:48:21","modified_gmt":"2013-01-24T06:48:21","slug":"facebook-razgovor-sa-poslanicima-pozitivne-dritan-abazovic","status":"publish","type":"post","link":"https:\/\/www.visit-ulcinj.com\/blog\/2013\/01\/23\/facebook-razgovor-sa-poslanicima-pozitivne-dritan-abazovic\/","title":{"rendered":"Facebook razgovor sa poslanicima Pozitivne &#8211; Dritan Abazovic"},"content":{"rendered":"<p><strong><a href=\"http:\/\/www.visit-ulcinj.com\/blog\/wp-content\/uploads\/2013\/01\/DRITAN-ABAZOVIC_RAZGOVOR-FACEBOOK.jpg\"><img loading=\"lazy\" class=\"alignleft  wp-image-67851\" alt=\"DRITAN ABAZOVIC_RAZGOVOR FACEBOOK\" src=\"http:\/\/www.visit-ulcinj.com\/blog\/wp-content\/uploads\/2013\/01\/DRITAN-ABAZOVIC_RAZGOVOR-FACEBOOK.jpg\" width=\"508\" height=\"315\" \/><\/a>Pozitivna Crna Gora organizova\u0107e Facebook razgovor sa poslanicima svake srijede, od 18 do 20 sati, na zvani\u010dnoj stranici ove partije.<\/strong><\/p>\n<div>\n<p>Prvi \u0107e danas na pitanja odgovarati poslanik Pozitivne Dritan Abazovi\u0107.<\/p>\n<p>Sa ciljem oslu\u0161kivanja tema i pitanja od zna\u010daja za gra\u0111ane Crne Gore, poslanici Pozitivne \u0107e odgovarati na pitanja na dru\u0161tvenoj mre\u017ei Facebook svake srijede u terminu od 18 do 20h!<\/p>\n<p>U srijedu, 23. januara 2013. godine na pitanja \u0107e odgovarati poslanik Dritan Abazovi\u0107, politikolog<\/p>\n<p>&#8220;Pozitivna Crna Gora podr\u017eava koncept aktivnog gra\u0111anina u zajednici i uklju\u010divanje gra\u0111ana u proces odlu\u010divanja, kao klju\u010dnog kriterijuma demokrati\u010dnosti dru\u0161tva i izgra\u0111enosti demokratskih institucija. Stoga \u017eelimo da kao poslanici, predstavnici naroda u crnogorskoj Skup\u0161tini, oslu\u0161nemo crnogorske gra\u0111ane, i damo planski pristup za urgentne potrebe i probleme gra\u0111ana&#8221;, istakao je Abazovi\u0107.<\/p>\n<p>Korisnici dru\u0161tvene mre\u017ee Facebook pitanja mogu da postavljaju na zvani\u010dnoj stranici Pozitivna Crna Gora do kraja razgovora u 20 \u010dasova.<\/p>\n<p>Osim u boxu predvi\u0111enom za komentare, gra\u0111ani mogu slati pitanja i u inbox.<\/p>\n<p><strong>Izvor: CDM<\/strong><\/p>\n<\/div>\n","protected":false},"excerpt":{"rendered":"<p>Pozitivna Crna Gora organizova\u0107e Facebook razgovor sa poslanicima svake srijede, od 18 do 20 sati, na zvani\u010dnoj stranici ove partije. Prvi \u0107e danas na pitanja odgovarati poslanik Pozitivne Dritan Abazovi\u0107. Sa ciljem oslu\u0161kivanja tema i pitanja od zna\u010daja za gra\u0111ane Crne Gore, poslanici Pozitivne \u0107e odgovarati na pitanja na dru\u0161tvenoj mre\u017ei Facebook svake srijede u [&hellip;]<\/p>\n","protected":false},"author":1,"featured_media":0,"comment_status":"open","ping_status":"closed","sticky":false,"template":"","format":"standard","meta":{"spay_email":"","jetpack_publicize_message":"","jetpack_is_tweetstorm":false,"jetpack_publicize_feature_enabled":true},"categories":[6950],"tags":[],"jetpack_publicize_connections":[],"yoast_head":"<!-- This site is optimized with the Yoast SEO plugin v19.1 - https:\/\/yoast.com\/wordpress\/plugins\/seo\/ -->\n<title>Facebook razgovor sa poslanicima Pozitivne - Dritan Abazovic - Lajme nga Ulqini<\/title>\n<meta name=\"description\" content=\"Pozitivna Crna Gora organizova\u0107e Facebook razgovor sa poslanicima svake srijede, od 18 do 20 sati, na zvani\u010dnoj stranici ove partije. Prvi \u0107e danas na\" \/>\n<meta name=\"robots\" content=\"index, follow, max-snippet:-1, max-image-preview:large, max-video-preview:-1\" \/>\n<link rel=\"canonical\" href=\"https:\/\/www.visit-ulcinj.com\/blog\/2013\/01\/23\/facebook-razgovor-sa-poslanicima-pozitivne-dritan-abazovic\/\" \/>\n<meta property=\"og:locale\" content=\"en_US\" \/>\n<meta property=\"og:type\" content=\"article\" \/>\n<meta property=\"og:title\" content=\"Facebook razgovor sa poslanicima Pozitivne - Dritan Abazovic - Lajme nga Ulqini\" \/>\n<meta property=\"og:description\" content=\"Pozitivna Crna Gora organizova\u0107e Facebook razgovor sa poslanicima svake srijede, od 18 do 20 sati, na zvani\u010dnoj stranici ove partije. Prvi \u0107e danas na\" \/>\n<meta property=\"og:url\" content=\"https:\/\/www.visit-ulcinj.com\/blog\/2013\/01\/23\/facebook-razgovor-sa-poslanicima-pozitivne-dritan-abazovic\/\" \/>\n<meta property=\"og:site_name\" content=\"Lajme nga Ulqini\" \/>\n<meta property=\"article:published_time\" content=\"2013-01-23T13:36:43+00:00\" \/>\n<meta property=\"article:modified_time\" content=\"2013-01-24T06:48:21+00:00\" \/>\n<meta property=\"og:image\" content=\"http:\/\/www.visit-ulcinj.com\/blog\/wp-content\/uploads\/2013\/01\/DRITAN-ABAZOVIC_RAZGOVOR-FACEBOOK.jpg\" \/>\n<meta name=\"twitter:label1\" content=\"Written by\" \/>\n\t<meta name=\"twitter:data1\" content=\"ulqini\" \/>\n\t<meta name=\"twitter:label2\" content=\"Est. reading time\" \/>\n\t<meta name=\"twitter:data2\" content=\"1 minute\" \/>\n<script type=\"application\/ld+json\" class=\"yoast-schema-graph\">{\"@context\":\"https:\/\/schema.org\",\"@graph\":[{\"@type\":\"WebSite\",\"@id\":\"https:\/\/www.visit-ulcinj.com\/blog\/#website\",\"url\":\"https:\/\/www.visit-ulcinj.com\/blog\/\",\"name\":\"Lajme nga Ulqini\",\"description\":\"Lajme,Vijesti,Ulqini,Ulqin,Crna Gora,Mali i Zi\",\"potentialAction\":[{\"@type\":\"SearchAction\",\"target\":{\"@type\":\"EntryPoint\",\"urlTemplate\":\"https:\/\/www.visit-ulcinj.com\/blog\/?s={search_term_string}\"},\"query-input\":\"required name=search_term_string\"}],\"inLanguage\":\"en-US\"},{\"@type\":\"ImageObject\",\"inLanguage\":\"en-US\",\"@id\":\"https:\/\/www.visit-ulcinj.com\/blog\/2013\/01\/23\/facebook-razgovor-sa-poslanicima-pozitivne-dritan-abazovic\/#primaryimage\",\"url\":\"https:\/\/www.visit-ulcinj.com\/blog\/wp-content\/uploads\/2013\/01\/DRITAN-ABAZOVIC_RAZGOVOR-FACEBOOK.jpg\",\"contentUrl\":\"https:\/\/www.visit-ulcinj.com\/blog\/wp-content\/uploads\/2013\/01\/DRITAN-ABAZOVIC_RAZGOVOR-FACEBOOK.jpg\",\"width\":851,\"height\":315},{\"@type\":\"WebPage\",\"@id\":\"https:\/\/www.visit-ulcinj.com\/blog\/2013\/01\/23\/facebook-razgovor-sa-poslanicima-pozitivne-dritan-abazovic\/#webpage\",\"url\":\"https:\/\/www.visit-ulcinj.com\/blog\/2013\/01\/23\/facebook-razgovor-sa-poslanicima-pozitivne-dritan-abazovic\/\",\"name\":\"Facebook razgovor sa poslanicima Pozitivne - Dritan Abazovic - Lajme nga Ulqini\",\"isPartOf\":{\"@id\":\"https:\/\/www.visit-ulcinj.com\/blog\/#website\"},\"primaryImageOfPage\":{\"@id\":\"https:\/\/www.visit-ulcinj.com\/blog\/2013\/01\/23\/facebook-razgovor-sa-poslanicima-pozitivne-dritan-abazovic\/#primaryimage\"},\"datePublished\":\"2013-01-23T13:36:43+00:00\",\"dateModified\":\"2013-01-24T06:48:21+00:00\",\"author\":{\"@id\":\"https:\/\/www.visit-ulcinj.com\/blog\/#\/schema\/person\/dcab619c614d3038751c63bc2aadc06d\"},\"description\":\"Pozitivna Crna Gora organizova\u0107e Facebook razgovor sa poslanicima svake srijede, od 18 do 20 sati, na zvani\u010dnoj stranici ove partije. Prvi \u0107e danas na\",\"breadcrumb\":{\"@id\":\"https:\/\/www.visit-ulcinj.com\/blog\/2013\/01\/23\/facebook-razgovor-sa-poslanicima-pozitivne-dritan-abazovic\/#breadcrumb\"},\"inLanguage\":\"en-US\",\"potentialAction\":[{\"@type\":\"ReadAction\",\"target\":[\"https:\/\/www.visit-ulcinj.com\/blog\/2013\/01\/23\/facebook-razgovor-sa-poslanicima-pozitivne-dritan-abazovic\/\"]}]},{\"@type\":\"BreadcrumbList\",\"@id\":\"https:\/\/www.visit-ulcinj.com\/blog\/2013\/01\/23\/facebook-razgovor-sa-poslanicima-pozitivne-dritan-abazovic\/#breadcrumb\",\"itemListElement\":[{\"@type\":\"ListItem\",\"position\":1,\"name\":\"Facebook razgovor sa poslanicima Pozitivne &#8211; Dritan Abazovic\"}]},{\"@type\":\"Person\",\"@id\":\"https:\/\/www.visit-ulcinj.com\/blog\/#\/schema\/person\/dcab619c614d3038751c63bc2aadc06d\",\"name\":\"ulqini\",\"sameAs\":[\"http:\/\/www.visit-ulcinj.com\"],\"url\":\"https:\/\/www.visit-ulcinj.com\/blog\/author\/admin\/\"}]}<\/script>\n<!-- \/ Yoast SEO plugin. -->","yoast_head_json":{"title":"Facebook razgovor sa poslanicima Pozitivne - Dritan Abazovic - Lajme nga Ulqini","description":"Pozitivna Crna Gora organizova\u0107e Facebook razgovor sa poslanicima svake srijede, od 18 do 20 sati, na zvani\u010dnoj stranici ove partije. Prvi \u0107e danas na","robots":{"index":"index","follow":"follow","max-snippet":"max-snippet:-1","max-image-preview":"max-image-preview:large","max-video-preview":"max-video-preview:-1"},"canonical":"https:\/\/www.visit-ulcinj.com\/blog\/2013\/01\/23\/facebook-razgovor-sa-poslanicima-pozitivne-dritan-abazovic\/","og_locale":"en_US","og_type":"article","og_title":"Facebook razgovor sa poslanicima Pozitivne - Dritan Abazovic - Lajme nga Ulqini","og_description":"Pozitivna Crna Gora organizova\u0107e Facebook razgovor sa poslanicima svake srijede, od 18 do 20 sati, na zvani\u010dnoj stranici ove partije. Prvi \u0107e danas na","og_url":"https:\/\/www.visit-ulcinj.com\/blog\/2013\/01\/23\/facebook-razgovor-sa-poslanicima-pozitivne-dritan-abazovic\/","og_site_name":"Lajme nga Ulqini","article_published_time":"2013-01-23T13:36:43+00:00","article_modified_time":"2013-01-24T06:48:21+00:00","og_image":[{"url":"http:\/\/www.visit-ulcinj.com\/blog\/wp-content\/uploads\/2013\/01\/DRITAN-ABAZOVIC_RAZGOVOR-FACEBOOK.jpg"}],"twitter_misc":{"Written by":"ulqini","Est. reading time":"1 minute"},"schema":{"@context":"https:\/\/schema.org","@graph":[{"@type":"WebSite","@id":"https:\/\/www.visit-ulcinj.com\/blog\/#website","url":"https:\/\/www.visit-ulcinj.com\/blog\/","name":"Lajme nga Ulqini","description":"Lajme,Vijesti,Ulqini,Ulqin,Crna Gora,Mali i Zi","potentialAction":[{"@type":"SearchAction","target":{"@type":"EntryPoint","urlTemplate":"https:\/\/www.visit-ulcinj.com\/blog\/?s={search_term_string}"},"query-input":"required name=search_term_string"}],"inLanguage":"en-US"},{"@type":"ImageObject","inLanguage":"en-US","@id":"https:\/\/www.visit-ulcinj.com\/blog\/2013\/01\/23\/facebook-razgovor-sa-poslanicima-pozitivne-dritan-abazovic\/#primaryimage","url":"https:\/\/www.visit-ulcinj.com\/blog\/wp-content\/uploads\/2013\/01\/DRITAN-ABAZOVIC_RAZGOVOR-FACEBOOK.jpg","contentUrl":"https:\/\/www.visit-ulcinj.com\/blog\/wp-content\/uploads\/2013\/01\/DRITAN-ABAZOVIC_RAZGOVOR-FACEBOOK.jpg","width":851,"height":315},{"@type":"WebPage","@id":"https:\/\/www.visit-ulcinj.com\/blog\/2013\/01\/23\/facebook-razgovor-sa-poslanicima-pozitivne-dritan-abazovic\/#webpage","url":"https:\/\/www.visit-ulcinj.com\/blog\/2013\/01\/23\/facebook-razgovor-sa-poslanicima-pozitivne-dritan-abazovic\/","name":"Facebook razgovor sa poslanicima Pozitivne - Dritan Abazovic - Lajme nga Ulqini","isPartOf":{"@id":"https:\/\/www.visit-ulcinj.com\/blog\/#website"},"primaryImageOfPage":{"@id":"https:\/\/www.visit-ulcinj.com\/blog\/2013\/01\/23\/facebook-razgovor-sa-poslanicima-pozitivne-dritan-abazovic\/#primaryimage"},"datePublished":"2013-01-23T13:36:43+00:00","dateModified":"2013-01-24T06:48:21+00:00","author":{"@id":"https:\/\/www.visit-ulcinj.com\/blog\/#\/schema\/person\/dcab619c614d3038751c63bc2aadc06d"},"description":"Pozitivna Crna Gora organizova\u0107e Facebook razgovor sa poslanicima svake srijede, od 18 do 20 sati, na zvani\u010dnoj stranici ove partije. Prvi \u0107e danas na","breadcrumb":{"@id":"https:\/\/www.visit-ulcinj.com\/blog\/2013\/01\/23\/facebook-razgovor-sa-poslanicima-pozitivne-dritan-abazovic\/#breadcrumb"},"inLanguage":"en-US","potentialAction":[{"@type":"ReadAction","target":["https:\/\/www.visit-ulcinj.com\/blog\/2013\/01\/23\/facebook-razgovor-sa-poslanicima-pozitivne-dritan-abazovic\/"]}]},{"@type":"BreadcrumbList","@id":"https:\/\/www.visit-ulcinj.com\/blog\/2013\/01\/23\/facebook-razgovor-sa-poslanicima-pozitivne-dritan-abazovic\/#breadcrumb","itemListElement":[{"@type":"ListItem","position":1,"name":"Facebook razgovor sa poslanicima Pozitivne &#8211; Dritan Abazovic"}]},{"@type":"Person","@id":"https:\/\/www.visit-ulcinj.com\/blog\/#\/schema\/person\/dcab619c614d3038751c63bc2aadc06d","name":"ulqini","sameAs":["http:\/\/www.visit-ulcinj.com"],"url":"https:\/\/www.visit-ulcinj.com\/blog\/author\/admin\/"}]}},"jetpack_featured_media_url":"","jetpack_sharing_enabled":true,"jetpack_shortlink":"https:\/\/wp.me\/pe6lTn-hEm","_links":{"self":[{"href":"https:\/\/www.visit-ulcinj.com\/blog\/wp-json\/wp\/v2\/posts\/67850"}],"collection":[{"href":"https:\/\/www.visit-ulcinj.com\/blog\/wp-json\/wp\/v2\/posts"}],"about":[{"href":"https:\/\/www.visit-ulcinj.com\/blog\/wp-json\/wp\/v2\/types\/post"}],"author":[{"embeddable":true,"href":"https:\/\/www.visit-ulcinj.com\/blog\/wp-json\/wp\/v2\/users\/1"}],"replies":[{"embeddable":true,"href":"https:\/\/www.visit-ulcinj.com\/blog\/wp-json\/wp\/v2\/comments?post=67850"}],"version-history":[{"count":3,"href":"https:\/\/www.visit-ulcinj.com\/blog\/wp-json\/wp\/v2\/posts\/67850\/revisions"}],"predecessor-version":[{"id":67904,"href":"https:\/\/www.visit-ulcinj.com\/blog\/wp-json\/wp\/v2\/posts\/67850\/revisions\/67904"}],"wp:attachment":[{"href":"https:\/\/www.visit-ulcinj.com\/blog\/wp-json\/wp\/v2\/media?parent=67850"}],"wp:term":[{"taxonomy":"category","embeddable":true,"href":"https:\/\/www.visit-ulcinj.com\/blog\/wp-json\/wp\/v2\/categories?post=67850"},{"taxonomy":"post_tag","embeddable":true,"href":"https:\/\/www.visit-ulcinj.com\/blog\/wp-json\/wp\/v2\/tags?post=67850"}],"curies":[{"name":"wp","href":"https:\/\/api.w.org\/{rel}","templated":true}]}}