{"id":67857,"date":"2013-01-23T20:14:07","date_gmt":"2013-01-23T19:14:07","guid":{"rendered":"http:\/\/www.visit-ulcinj.com\/blog\/?p=67857"},"modified":"2013-01-23T20:16:06","modified_gmt":"2013-01-23T19:16:06","slug":"nimanbegu-dijelio-flajere-za-vozace-foto","status":"publish","type":"post","link":"https:\/\/www.visit-ulcinj.com\/blog\/2013\/01\/23\/nimanbegu-dijelio-flajere-za-vozace-foto\/","title":{"rendered":"Nimanbegu dijelio flajere za voza\u010de + Foto"},"content":{"rendered":"<p><strong><a href=\"http:\/\/www.visit-ulcinj.com\/blog\/wp-content\/uploads\/2013\/01\/GENCI-NIMANBEGU_ZA-SAOBRACAJ_USPORI.jpg\"><img loading=\"lazy\" class=\"alignleft  wp-image-67858\" alt=\"GENCI NIMANBEGU_ZA SAOBRACAJ_USPORI\" src=\"http:\/\/www.visit-ulcinj.com\/blog\/wp-content\/uploads\/2013\/01\/GENCI-NIMANBEGU_ZA-SAOBRACAJ_USPORI.jpg\" width=\"508\" height=\"360\" \/><\/a>Briga o voza\u010dima va\u017enija od kazni<\/strong><\/p>\n<p>&nbsp;<\/p>\n<p>Po\u0161tovanje saobra\u0107ajnih propisa neophodno je kako bi broj nesre\u0107a, povrije\u0111enih i poginulih u saobra\u0107aju bio sveden na minimum, a brigu o ljudskim \u017eivotima treba postaviti ispred visine propisanih kazni, smatraju u nevladinoj organizaciji NVO Alfa centar.<br \/>\nNVO je danas, na vi\u0161e lokacija u Podgorici, organizovala edukativnu akciju u cilju upoznavanja gra\u0111ana sa novim Zakonom o bezbjednosti saobra\u0107aja na putevima, tokom koje su dijelili flajere i fluoroscentne prsluke za voza\u010de.<\/p>\n<p>Kako je saop\u0161teno iz Alfa centra, njihovim folonterima su se u akciji pridru\u017eili i poslanici crnogorskog parlamenta, Genci Nimanbegu, Janko Vu\u010dini\u0107, Ana Pono\u0161, Zdenka Popovi\u0107, \u017dana Filipovi\u0107 i Nada Drobnjak, kao i pop pjeva\u010dice Nina \u017di\u017ei\u0107 i Anita Popovi\u0107.<\/p>\n<p>Tokom akcije podijeljeno je 500 flajera, 40 fluorescentnih prsluka i 800 naljepnica sa natpisom \u201euspori.<\/p>\n<p>Volonteri Alfa centra su savjesnim u\u010desnicima u saobra\u0107aju dijelili jabuke u znak zahvalnosti \u0161to po\u0161tuju Zakon, dok su prolaznici, odnosno voza\u010di koji su pravili gre\u0161ke, kao opomenu dobijali kivi.<br \/>\n\u201eTokom ove akcije podijeljeno je oko 40 jabuka i isto toliko kivija, pa se mo\u017ee zaklju\u010diti da gra\u0111ani polovi\u010dno po\u0161tuju saobra\u0107ajne propise\u201c, ka\u017ee se u saop\u0161tenju.<\/p>\n<p>Aktivisti Alfa centra zapazili su da znatan broj voza\u010da posjeduje prate\u0107u opremu koja je propisana novim Zakonom i koriste sigurnosni pojas, na osnovu \u010dega su ocijenili da je primjena novog Zakona po\u010dela i da je prihva\u0107ena me\u0111u gra\u0111anima.<\/p>\n<p>Koordinator akcije Branko \u010cupi\u0107 smatra da je primjena novog Zakona o bezbjednosti saobra\u0107aja na putevima, u samom po\u010detku, izazvala reakcije i dileme me\u0111u gra\u0111anima.<\/p>\n<p>Prema njegovim rije\u010dima, namjera Alfa centra je da planiranim aktivnostima taj Zakon pribli\u017ee gra\u0111anima.<\/p>\n<p>\u201eNa taj na\u010din \u017eelimo da brigu o \u017eivotima sugra\u0111ana postavimo ispred visina propisanih nov\u010danih kazni, i upozorimo na obavezu poznavanja i po\u0161tovanje saobra\u0107ajnih propisa, kako bi broj nesre\u0107a, povrije\u0111enih i tragi\u010dno stradalih gra\u0111ana Crne Gore bio sveden na minimum\u201c, pojasnio je \u010cupi\u0107.<br \/>\n<strong><br \/>\nIzvor: CDM<\/strong><\/p>\n<p><strong>Foto NVO <a id=\"js_7\" href=\"https:\/\/www.facebook.com\/alfa.niksic\" data-hovercard=\"\/ajax\/hovercard\/user.php?id=1376281022\">Alfa Centar Facebook<\/a><br \/>\n\n\t\t<style type=\"text\/css\">\n\t\t\t#gallery-1 {\n\t\t\t\tmargin: auto;\n\t\t\t}\n\t\t\t#gallery-1 .gallery-item {\n\t\t\t\tfloat: left;\n\t\t\t\tmargin-top: 10px;\n\t\t\t\ttext-align: center;\n\t\t\t\twidth: 33%;\n\t\t\t}\n\t\t\t#gallery-1 img {\n\t\t\t\tborder: 2px solid #cfcfcf;\n\t\t\t}\n\t\t\t#gallery-1 .gallery-caption {\n\t\t\t\tmargin-left: 0;\n\t\t\t}\n\t\t\t\/* see gallery_shortcode() in wp-includes\/media.php *\/\n\t\t<\/style>\n\t\t<div id='gallery-1' class='gallery galleryid-67857 gallery-columns-3 gallery-size-thumbnail'><dl class='gallery-item'>\n\t\t\t<dt class='gallery-icon landscape'>\n\t\t\t\t<a href='https:\/\/www.visit-ulcinj.com\/blog\/2013\/01\/23\/nimanbegu-dijelio-flajere-za-vozace-foto\/genci-nimanbegu_za-saobracaj_uspori-7\/'><img width=\"150\" height=\"150\" src=\"https:\/\/www.visit-ulcinj.com\/blog\/wp-content\/uploads\/2013\/01\/GENCI-NIMANBEGU_ZA-SAOBRACAJ_USPORI.7-150x150.jpg\" class=\"attachment-thumbnail size-thumbnail\" alt=\"\" loading=\"lazy\" \/><\/a>\n\t\t\t<\/dt><\/dl><dl class='gallery-item'>\n\t\t\t<dt class='gallery-icon landscape'>\n\t\t\t\t<a href='https:\/\/www.visit-ulcinj.com\/blog\/2013\/01\/23\/nimanbegu-dijelio-flajere-za-vozace-foto\/genci-nimanbegu_za-saobracaj_uspori\/'><img width=\"150\" height=\"150\" src=\"https:\/\/www.visit-ulcinj.com\/blog\/wp-content\/uploads\/2013\/01\/GENCI-NIMANBEGU_ZA-SAOBRACAJ_USPORI-150x150.jpg\" class=\"attachment-thumbnail size-thumbnail\" alt=\"\" loading=\"lazy\" \/><\/a>\n\t\t\t<\/dt><\/dl><dl class='gallery-item'>\n\t\t\t<dt class='gallery-icon landscape'>\n\t\t\t\t<a href='https:\/\/www.visit-ulcinj.com\/blog\/2013\/01\/23\/nimanbegu-dijelio-flajere-za-vozace-foto\/genci-nimanbegu_za-saobracaj_uspori-11\/'><img width=\"150\" height=\"150\" src=\"https:\/\/www.visit-ulcinj.com\/blog\/wp-content\/uploads\/2013\/01\/GENCI-NIMANBEGU_ZA-SAOBRACAJ_USPORI.11-150x150.jpg\" class=\"attachment-thumbnail size-thumbnail\" alt=\"\" loading=\"lazy\" \/><\/a>\n\t\t\t<\/dt><\/dl><br style=\"clear: both\" \/><dl class='gallery-item'>\n\t\t\t<dt class='gallery-icon landscape'>\n\t\t\t\t<a href='https:\/\/www.visit-ulcinj.com\/blog\/2013\/01\/23\/nimanbegu-dijelio-flajere-za-vozace-foto\/genci-nimanbegu_za-saobracaj_uspori-6\/'><img width=\"150\" height=\"150\" src=\"https:\/\/www.visit-ulcinj.com\/blog\/wp-content\/uploads\/2013\/01\/GENCI-NIMANBEGU_ZA-SAOBRACAJ_USPORI.6-150x150.jpg\" class=\"attachment-thumbnail size-thumbnail\" alt=\"\" loading=\"lazy\" \/><\/a>\n\t\t\t<\/dt><\/dl><dl class='gallery-item'>\n\t\t\t<dt class='gallery-icon landscape'>\n\t\t\t\t<a href='https:\/\/www.visit-ulcinj.com\/blog\/2013\/01\/23\/nimanbegu-dijelio-flajere-za-vozace-foto\/genci-nimanbegu_za-saobracaj_uspori-10\/'><img width=\"150\" height=\"150\" src=\"https:\/\/www.visit-ulcinj.com\/blog\/wp-content\/uploads\/2013\/01\/GENCI-NIMANBEGU_ZA-SAOBRACAJ_USPORI.10-150x150.jpg\" class=\"attachment-thumbnail size-thumbnail\" alt=\"\" loading=\"lazy\" \/><\/a>\n\t\t\t<\/dt><\/dl><dl class='gallery-item'>\n\t\t\t<dt class='gallery-icon landscape'>\n\t\t\t\t<a href='https:\/\/www.visit-ulcinj.com\/blog\/2013\/01\/23\/nimanbegu-dijelio-flajere-za-vozace-foto\/genci-nimanbegu_za-saobracaj_uspori-8\/'><img width=\"150\" height=\"150\" src=\"https:\/\/www.visit-ulcinj.com\/blog\/wp-content\/uploads\/2013\/01\/GENCI-NIMANBEGU_ZA-SAOBRACAJ_USPORI.8-150x150.jpg\" class=\"attachment-thumbnail size-thumbnail\" alt=\"\" loading=\"lazy\" \/><\/a>\n\t\t\t<\/dt><\/dl><br style=\"clear: both\" \/><dl class='gallery-item'>\n\t\t\t<dt class='gallery-icon landscape'>\n\t\t\t\t<a href='https:\/\/www.visit-ulcinj.com\/blog\/2013\/01\/23\/nimanbegu-dijelio-flajere-za-vozace-foto\/genci-nimanbegu_za-saobracaj_uspori-5\/'><img width=\"150\" height=\"150\" src=\"https:\/\/www.visit-ulcinj.com\/blog\/wp-content\/uploads\/2013\/01\/GENCI-NIMANBEGU_ZA-SAOBRACAJ_USPORI.5-150x150.jpg\" class=\"attachment-thumbnail size-thumbnail\" alt=\"\" loading=\"lazy\" \/><\/a>\n\t\t\t<\/dt><\/dl><dl class='gallery-item'>\n\t\t\t<dt class='gallery-icon landscape'>\n\t\t\t\t<a href='https:\/\/www.visit-ulcinj.com\/blog\/2013\/01\/23\/nimanbegu-dijelio-flajere-za-vozace-foto\/genci-nimanbegu_za-saobracaj_uspori-4\/'><img width=\"150\" height=\"150\" src=\"https:\/\/www.visit-ulcinj.com\/blog\/wp-content\/uploads\/2013\/01\/GENCI-NIMANBEGU_ZA-SAOBRACAJ_USPORI.4-150x150.jpg\" class=\"attachment-thumbnail size-thumbnail\" alt=\"\" loading=\"lazy\" \/><\/a>\n\t\t\t<\/dt><\/dl><dl class='gallery-item'>\n\t\t\t<dt class='gallery-icon landscape'>\n\t\t\t\t<a href='https:\/\/www.visit-ulcinj.com\/blog\/2013\/01\/23\/nimanbegu-dijelio-flajere-za-vozace-foto\/genci-nimanbegu_za-saobracaj_uspori-2\/'><img width=\"150\" height=\"150\" src=\"https:\/\/www.visit-ulcinj.com\/blog\/wp-content\/uploads\/2013\/01\/GENCI-NIMANBEGU_ZA-SAOBRACAJ_USPORI.2-150x150.jpg\" class=\"attachment-thumbnail size-thumbnail\" alt=\"\" loading=\"lazy\" \/><\/a>\n\t\t\t<\/dt><\/dl><br style=\"clear: both\" \/><dl class='gallery-item'>\n\t\t\t<dt class='gallery-icon landscape'>\n\t\t\t\t<a href='https:\/\/www.visit-ulcinj.com\/blog\/2013\/01\/23\/nimanbegu-dijelio-flajere-za-vozace-foto\/genci-nimanbegu_za-saobracaj_uspori-1\/'><img width=\"150\" height=\"150\" src=\"https:\/\/www.visit-ulcinj.com\/blog\/wp-content\/uploads\/2013\/01\/GENCI-NIMANBEGU_ZA-SAOBRACAJ_USPORI.1-150x150.jpg\" class=\"attachment-thumbnail size-thumbnail\" alt=\"\" loading=\"lazy\" \/><\/a>\n\t\t\t<\/dt><\/dl><dl class='gallery-item'>\n\t\t\t<dt class='gallery-icon landscape'>\n\t\t\t\t<a href='https:\/\/www.visit-ulcinj.com\/blog\/2013\/01\/23\/nimanbegu-dijelio-flajere-za-vozace-foto\/genci-nimanbegu_za-saobracaj_uspori-9\/'><img width=\"150\" height=\"150\" src=\"https:\/\/www.visit-ulcinj.com\/blog\/wp-content\/uploads\/2013\/01\/GENCI-NIMANBEGU_ZA-SAOBRACAJ_USPORI.9-150x150.jpg\" class=\"attachment-thumbnail size-thumbnail\" alt=\"\" loading=\"lazy\" \/><\/a>\n\t\t\t<\/dt><\/dl><dl class='gallery-item'>\n\t\t\t<dt class='gallery-icon landscape'>\n\t\t\t\t<a href='https:\/\/www.visit-ulcinj.com\/blog\/2013\/01\/23\/nimanbegu-dijelio-flajere-za-vozace-foto\/genci-nimanbegu_za-saobracaj_uspori-3\/'><img width=\"150\" height=\"150\" src=\"https:\/\/www.visit-ulcinj.com\/blog\/wp-content\/uploads\/2013\/01\/GENCI-NIMANBEGU_ZA-SAOBRACAJ_USPORI.3-150x150.jpg\" class=\"attachment-thumbnail size-thumbnail\" alt=\"\" loading=\"lazy\" \/><\/a>\n\t\t\t<\/dt><\/dl><br style=\"clear: both\" \/>\n\t\t<\/div>\n<br \/>\n<\/strong><\/p>\n","protected":false},"excerpt":{"rendered":"<p>Briga o voza\u010dima va\u017enija od kazni &nbsp; Po\u0161tovanje saobra\u0107ajnih propisa neophodno je kako bi broj nesre\u0107a, povrije\u0111enih i poginulih u saobra\u0107aju bio sveden na minimum, a brigu o ljudskim \u017eivotima treba postaviti ispred visine propisanih kazni, smatraju u nevladinoj organizaciji NVO Alfa centar. NVO je danas, na vi\u0161e lokacija u Podgorici, organizovala edukativnu akciju u [&hellip;]<\/p>\n","protected":false},"author":1,"featured_media":0,"comment_status":"open","ping_status":"closed","sticky":false,"template":"","format":"standard","meta":{"spay_email":"","jetpack_publicize_message":"","jetpack_is_tweetstorm":false,"jetpack_publicize_feature_enabled":true},"categories":[8337],"tags":[1073],"jetpack_publicize_connections":[],"yoast_head":"<!-- This site is optimized with the Yoast SEO plugin v19.1 - https:\/\/yoast.com\/wordpress\/plugins\/seo\/ -->\n<title>Nimanbegu dijelio flajere za voza\u010de + Foto - Lajme nga Ulqini<\/title>\n<meta name=\"description\" content=\"Briga o voza\u010dima va\u017enija od kazni &nbsp; Po\u0161tovanje saobra\u0107ajnih propisa neophodno je kako bi broj nesre\u0107a, povrije\u0111enih i poginulih u saobra\u0107aju bio\" \/>\n<meta name=\"robots\" content=\"index, follow, max-snippet:-1, max-image-preview:large, max-video-preview:-1\" \/>\n<link rel=\"canonical\" href=\"https:\/\/www.visit-ulcinj.com\/blog\/2013\/01\/23\/nimanbegu-dijelio-flajere-za-vozace-foto\/\" \/>\n<meta property=\"og:locale\" content=\"en_US\" \/>\n<meta property=\"og:type\" content=\"article\" \/>\n<meta property=\"og:title\" content=\"Nimanbegu dijelio flajere za voza\u010de + Foto - Lajme nga Ulqini\" \/>\n<meta property=\"og:description\" content=\"Briga o voza\u010dima va\u017enija od kazni &nbsp; Po\u0161tovanje saobra\u0107ajnih propisa neophodno je kako bi broj nesre\u0107a, povrije\u0111enih i poginulih u saobra\u0107aju bio\" \/>\n<meta property=\"og:url\" content=\"https:\/\/www.visit-ulcinj.com\/blog\/2013\/01\/23\/nimanbegu-dijelio-flajere-za-vozace-foto\/\" \/>\n<meta property=\"og:site_name\" content=\"Lajme nga Ulqini\" \/>\n<meta property=\"article:published_time\" content=\"2013-01-23T19:14:07+00:00\" \/>\n<meta property=\"article:modified_time\" content=\"2013-01-23T19:16:06+00:00\" \/>\n<meta property=\"og:image\" content=\"https:\/\/www.visit-ulcinj.com\/blog\/wp-content\/uploads\/2013\/01\/GENCI-NIMANBEGU_ZA-SAOBRACAJ_USPORI.7-150x150.jpg\" \/>\n<meta name=\"twitter:label1\" content=\"Written by\" \/>\n\t<meta name=\"twitter:data1\" content=\"ulqini\" \/>\n\t<meta name=\"twitter:label2\" content=\"Est. reading time\" \/>\n\t<meta name=\"twitter:data2\" content=\"2 minutes\" \/>\n<script type=\"application\/ld+json\" class=\"yoast-schema-graph\">{\"@context\":\"https:\/\/schema.org\",\"@graph\":[{\"@type\":\"WebSite\",\"@id\":\"https:\/\/www.visit-ulcinj.com\/blog\/#website\",\"url\":\"https:\/\/www.visit-ulcinj.com\/blog\/\",\"name\":\"Lajme nga Ulqini\",\"description\":\"Lajme,Vijesti,Ulqini,Ulqin,Crna Gora,Mali i Zi\",\"potentialAction\":[{\"@type\":\"SearchAction\",\"target\":{\"@type\":\"EntryPoint\",\"urlTemplate\":\"https:\/\/www.visit-ulcinj.com\/blog\/?s={search_term_string}\"},\"query-input\":\"required name=search_term_string\"}],\"inLanguage\":\"en-US\"},{\"@type\":\"ImageObject\",\"inLanguage\":\"en-US\",\"@id\":\"https:\/\/www.visit-ulcinj.com\/blog\/2013\/01\/23\/nimanbegu-dijelio-flajere-za-vozace-foto\/#primaryimage\",\"url\":\"https:\/\/www.visit-ulcinj.com\/blog\/wp-content\/uploads\/2013\/01\/GENCI-NIMANBEGU_ZA-SAOBRACAJ_USPORI.jpg\",\"contentUrl\":\"https:\/\/www.visit-ulcinj.com\/blog\/wp-content\/uploads\/2013\/01\/GENCI-NIMANBEGU_ZA-SAOBRACAJ_USPORI.jpg\",\"width\":960,\"height\":720},{\"@type\":\"WebPage\",\"@id\":\"https:\/\/www.visit-ulcinj.com\/blog\/2013\/01\/23\/nimanbegu-dijelio-flajere-za-vozace-foto\/#webpage\",\"url\":\"https:\/\/www.visit-ulcinj.com\/blog\/2013\/01\/23\/nimanbegu-dijelio-flajere-za-vozace-foto\/\",\"name\":\"Nimanbegu dijelio flajere za voza\u010de + Foto - Lajme nga Ulqini\",\"isPartOf\":{\"@id\":\"https:\/\/www.visit-ulcinj.com\/blog\/#website\"},\"primaryImageOfPage\":{\"@id\":\"https:\/\/www.visit-ulcinj.com\/blog\/2013\/01\/23\/nimanbegu-dijelio-flajere-za-vozace-foto\/#primaryimage\"},\"datePublished\":\"2013-01-23T19:14:07+00:00\",\"dateModified\":\"2013-01-23T19:16:06+00:00\",\"author\":{\"@id\":\"https:\/\/www.visit-ulcinj.com\/blog\/#\/schema\/person\/dcab619c614d3038751c63bc2aadc06d\"},\"description\":\"Briga o voza\u010dima va\u017enija od kazni &nbsp; Po\u0161tovanje saobra\u0107ajnih propisa neophodno je kako bi broj nesre\u0107a, povrije\u0111enih i poginulih u saobra\u0107aju bio\",\"breadcrumb\":{\"@id\":\"https:\/\/www.visit-ulcinj.com\/blog\/2013\/01\/23\/nimanbegu-dijelio-flajere-za-vozace-foto\/#breadcrumb\"},\"inLanguage\":\"en-US\",\"potentialAction\":[{\"@type\":\"ReadAction\",\"target\":[\"https:\/\/www.visit-ulcinj.com\/blog\/2013\/01\/23\/nimanbegu-dijelio-flajere-za-vozace-foto\/\"]}]},{\"@type\":\"BreadcrumbList\",\"@id\":\"https:\/\/www.visit-ulcinj.com\/blog\/2013\/01\/23\/nimanbegu-dijelio-flajere-za-vozace-foto\/#breadcrumb\",\"itemListElement\":[{\"@type\":\"ListItem\",\"position\":1,\"name\":\"Nimanbegu dijelio flajere za voza\u010de + Foto\"}]},{\"@type\":\"Person\",\"@id\":\"https:\/\/www.visit-ulcinj.com\/blog\/#\/schema\/person\/dcab619c614d3038751c63bc2aadc06d\",\"name\":\"ulqini\",\"sameAs\":[\"http:\/\/www.visit-ulcinj.com\"],\"url\":\"https:\/\/www.visit-ulcinj.com\/blog\/author\/admin\/\"}]}<\/script>\n<!-- \/ Yoast SEO plugin. -->","yoast_head_json":{"title":"Nimanbegu dijelio flajere za voza\u010de + Foto - Lajme nga Ulqini","description":"Briga o voza\u010dima va\u017enija od kazni &nbsp; Po\u0161tovanje saobra\u0107ajnih propisa neophodno je kako bi broj nesre\u0107a, povrije\u0111enih i poginulih u saobra\u0107aju bio","robots":{"index":"index","follow":"follow","max-snippet":"max-snippet:-1","max-image-preview":"max-image-preview:large","max-video-preview":"max-video-preview:-1"},"canonical":"https:\/\/www.visit-ulcinj.com\/blog\/2013\/01\/23\/nimanbegu-dijelio-flajere-za-vozace-foto\/","og_locale":"en_US","og_type":"article","og_title":"Nimanbegu dijelio flajere za voza\u010de + Foto - Lajme nga Ulqini","og_description":"Briga o voza\u010dima va\u017enija od kazni &nbsp; Po\u0161tovanje saobra\u0107ajnih propisa neophodno je kako bi broj nesre\u0107a, povrije\u0111enih i poginulih u saobra\u0107aju bio","og_url":"https:\/\/www.visit-ulcinj.com\/blog\/2013\/01\/23\/nimanbegu-dijelio-flajere-za-vozace-foto\/","og_site_name":"Lajme nga Ulqini","article_published_time":"2013-01-23T19:14:07+00:00","article_modified_time":"2013-01-23T19:16:06+00:00","og_image":[{"url":"https:\/\/www.visit-ulcinj.com\/blog\/wp-content\/uploads\/2013\/01\/GENCI-NIMANBEGU_ZA-SAOBRACAJ_USPORI.7-150x150.jpg"}],"twitter_misc":{"Written by":"ulqini","Est. reading time":"2 minutes"},"schema":{"@context":"https:\/\/schema.org","@graph":[{"@type":"WebSite","@id":"https:\/\/www.visit-ulcinj.com\/blog\/#website","url":"https:\/\/www.visit-ulcinj.com\/blog\/","name":"Lajme nga Ulqini","description":"Lajme,Vijesti,Ulqini,Ulqin,Crna Gora,Mali i Zi","potentialAction":[{"@type":"SearchAction","target":{"@type":"EntryPoint","urlTemplate":"https:\/\/www.visit-ulcinj.com\/blog\/?s={search_term_string}"},"query-input":"required name=search_term_string"}],"inLanguage":"en-US"},{"@type":"ImageObject","inLanguage":"en-US","@id":"https:\/\/www.visit-ulcinj.com\/blog\/2013\/01\/23\/nimanbegu-dijelio-flajere-za-vozace-foto\/#primaryimage","url":"https:\/\/www.visit-ulcinj.com\/blog\/wp-content\/uploads\/2013\/01\/GENCI-NIMANBEGU_ZA-SAOBRACAJ_USPORI.jpg","contentUrl":"https:\/\/www.visit-ulcinj.com\/blog\/wp-content\/uploads\/2013\/01\/GENCI-NIMANBEGU_ZA-SAOBRACAJ_USPORI.jpg","width":960,"height":720},{"@type":"WebPage","@id":"https:\/\/www.visit-ulcinj.com\/blog\/2013\/01\/23\/nimanbegu-dijelio-flajere-za-vozace-foto\/#webpage","url":"https:\/\/www.visit-ulcinj.com\/blog\/2013\/01\/23\/nimanbegu-dijelio-flajere-za-vozace-foto\/","name":"Nimanbegu dijelio flajere za voza\u010de + Foto - Lajme nga Ulqini","isPartOf":{"@id":"https:\/\/www.visit-ulcinj.com\/blog\/#website"},"primaryImageOfPage":{"@id":"https:\/\/www.visit-ulcinj.com\/blog\/2013\/01\/23\/nimanbegu-dijelio-flajere-za-vozace-foto\/#primaryimage"},"datePublished":"2013-01-23T19:14:07+00:00","dateModified":"2013-01-23T19:16:06+00:00","author":{"@id":"https:\/\/www.visit-ulcinj.com\/blog\/#\/schema\/person\/dcab619c614d3038751c63bc2aadc06d"},"description":"Briga o voza\u010dima va\u017enija od kazni &nbsp; Po\u0161tovanje saobra\u0107ajnih propisa neophodno je kako bi broj nesre\u0107a, povrije\u0111enih i poginulih u saobra\u0107aju bio","breadcrumb":{"@id":"https:\/\/www.visit-ulcinj.com\/blog\/2013\/01\/23\/nimanbegu-dijelio-flajere-za-vozace-foto\/#breadcrumb"},"inLanguage":"en-US","potentialAction":[{"@type":"ReadAction","target":["https:\/\/www.visit-ulcinj.com\/blog\/2013\/01\/23\/nimanbegu-dijelio-flajere-za-vozace-foto\/"]}]},{"@type":"BreadcrumbList","@id":"https:\/\/www.visit-ulcinj.com\/blog\/2013\/01\/23\/nimanbegu-dijelio-flajere-za-vozace-foto\/#breadcrumb","itemListElement":[{"@type":"ListItem","position":1,"name":"Nimanbegu dijelio flajere za voza\u010de + Foto"}]},{"@type":"Person","@id":"https:\/\/www.visit-ulcinj.com\/blog\/#\/schema\/person\/dcab619c614d3038751c63bc2aadc06d","name":"ulqini","sameAs":["http:\/\/www.visit-ulcinj.com"],"url":"https:\/\/www.visit-ulcinj.com\/blog\/author\/admin\/"}]}},"jetpack_featured_media_url":"","jetpack_sharing_enabled":true,"jetpack_shortlink":"https:\/\/wp.me\/pe6lTn-hEt","_links":{"self":[{"href":"https:\/\/www.visit-ulcinj.com\/blog\/wp-json\/wp\/v2\/posts\/67857"}],"collection":[{"href":"https:\/\/www.visit-ulcinj.com\/blog\/wp-json\/wp\/v2\/posts"}],"about":[{"href":"https:\/\/www.visit-ulcinj.com\/blog\/wp-json\/wp\/v2\/types\/post"}],"author":[{"embeddable":true,"href":"https:\/\/www.visit-ulcinj.com\/blog\/wp-json\/wp\/v2\/users\/1"}],"replies":[{"embeddable":true,"href":"https:\/\/www.visit-ulcinj.com\/blog\/wp-json\/wp\/v2\/comments?post=67857"}],"version-history":[{"count":3,"href":"https:\/\/www.visit-ulcinj.com\/blog\/wp-json\/wp\/v2\/posts\/67857\/revisions"}],"predecessor-version":[{"id":67872,"href":"https:\/\/www.visit-ulcinj.com\/blog\/wp-json\/wp\/v2\/posts\/67857\/revisions\/67872"}],"wp:attachment":[{"href":"https:\/\/www.visit-ulcinj.com\/blog\/wp-json\/wp\/v2\/media?parent=67857"}],"wp:term":[{"taxonomy":"category","embeddable":true,"href":"https:\/\/www.visit-ulcinj.com\/blog\/wp-json\/wp\/v2\/categories?post=67857"},{"taxonomy":"post_tag","embeddable":true,"href":"https:\/\/www.visit-ulcinj.com\/blog\/wp-json\/wp\/v2\/tags?post=67857"}],"curies":[{"name":"wp","href":"https:\/\/api.w.org\/{rel}","templated":true}]}}