{"id":67875,"date":"2013-01-23T20:23:41","date_gmt":"2013-01-23T19:23:41","guid":{"rendered":"http:\/\/www.visit-ulcinj.com\/blog\/?p=67875"},"modified":"2013-01-23T20:23:41","modified_gmt":"2013-01-23T19:23:41","slug":"dritan-abazovic-pozitivna-ce-podrzati-socijalne-proteste-u-ponedjeljak","status":"publish","type":"post","link":"https:\/\/www.visit-ulcinj.com\/blog\/2013\/01\/23\/dritan-abazovic-pozitivna-ce-podrzati-socijalne-proteste-u-ponedjeljak\/","title":{"rendered":"Dritan Abazovi\u0107: Pozitivna \u0107e podr\u017eati socijalne proteste u ponedjeljak"},"content":{"rendered":"<p><strong>Pozitivna Crna Gora \u0107e podr\u017eati mirne socijalne proteste gra\u0111ana, najavljene za ponedjeljak saop\u0161tio je Dritan Abazovi\u0107, poslanik Pozitivne Crne Gore.<br \/>\n<a href=\"http:\/\/www.visit-ulcinj.com\/blog\/wp-content\/uploads\/2013\/01\/Dritan-Abazovic_Pozitivna-Crna-Gora_Ulcinj.jpg\"><img loading=\"lazy\" class=\"alignleft  wp-image-67876\" alt=\"Dritan Abazovic_Pozitivna Crna Gora_Ulcinj\" src=\"http:\/\/www.visit-ulcinj.com\/blog\/wp-content\/uploads\/2013\/01\/Dritan-Abazovic_Pozitivna-Crna-Gora_Ulcinj.jpg\" width=\"508\" height=\"360\" \/><\/a><br \/>\n<\/strong><\/p>\n<p>&#8211; Na poziv USSCG, poslanici Pozitivne ne samo da \u0107e iz poslani\u010dkih klupa podr\u017eati inicijativu za neglasanje zakona o kriznom porezu, kojim se gra\u0111anima name\u0107u novi nameti, nego \u0107e se i gra\u0111anima pridru\u017eiti na ovim protestima. Dok poslanici vladaju\u0107e koalicije budu u plenarnoj Sali Skup\u0161tine branili neodgovornu ekonomsku politiku i legitimisali nove udare na d\u017eepove crnogorskih gra\u0111ana, poslanici Pozitivne \u0107e se ispred Skup\u0161tine pridru\u017eiti gra\u0111anima i na taj na\u010din svojim li\u010dnim primjerom stati u odbranu socijalne pravde za koju se zala\u017eemo &#8211; ka\u017ee se u saop\u0161tenju Abazovi\u0107a dostavljenom Portalu Analitika.<\/p>\n<p>Abazovi\u0107 isti\u010de da je uvo\u0111enje kriznog poreza nepravedno prema socijalno najugro\u017eenijim kategorijama.<\/p>\n<p>&#8211; Uvo\u0111enje kriznog poreza je nepravedno prema socijalno najugro\u017eenijim kategorijama, i smatramo da bi oporezivanje moralo biti progresivno, odnosno da najbogatiji slojevi dru\u0161tva pla\u0107aju vi\u0161e, a da se najugro\u017eenije kategorije izostave iz ovog vida oporezivanja. Mirni protesti su demokratski \u010din iskazivanja nezadovoljstva gra\u0111ana, koje je u Crnoj Gori na\u017ealost sve u\u010destalije, i stoga o\u010dekujemo da i kolege poslanici iz vladaju\u0107e koalicije u najmanju ruku odlo\u017ee odluku o uvo\u0111enju kriznog poreza, ukoliko pak ne \u017eele da se ovakva neozbiljna inicijativa Vlade implementira u praksi &#8211; smatra Abazovi\u0107.<\/p>\n<p>Abazovi\u0107 navodi da bi se bud\u017eet oja\u010dao eliminacijom zloupotreba u dr\u017eavnoj administraciji.<\/p>\n<p>&#8211; Eliminacijom zloupotreba u dr\u017eavnoj administraciji i nenamjenskim tro\u0161enjem dr\u017eavnih sredstava oja\u010dao bi se dr\u017eavni bud\u017eet, i samim tim ne bi postojala potreba za uvo\u0111enjem ovakvih poreza. Stoga, sva odgovornost pada na Vladu Crne Gore koja racionalnijom politikom mora \u0161tititi javni interes, a naro\u010dito najugro\u017eenije slojeve dru\u0161tva \u2013 zaklju\u010dio je Abazovi\u0107.<\/p>\n<p><strong>Analitika &#8211; Informativni Portal<\/strong><\/p>\n","protected":false},"excerpt":{"rendered":"<p>Pozitivna Crna Gora \u0107e podr\u017eati mirne socijalne proteste gra\u0111ana, najavljene za ponedjeljak saop\u0161tio je Dritan Abazovi\u0107, poslanik Pozitivne Crne Gore. &#8211; Na poziv USSCG, poslanici Pozitivne ne samo da \u0107e iz poslani\u010dkih klupa podr\u017eati inicijativu za neglasanje zakona o kriznom porezu, kojim se gra\u0111anima name\u0107u novi nameti, nego \u0107e se i gra\u0111anima pridru\u017eiti na ovim [&hellip;]<\/p>\n","protected":false},"author":1,"featured_media":0,"comment_status":"open","ping_status":"closed","sticky":false,"template":"","format":"standard","meta":{"spay_email":"","jetpack_publicize_message":"","jetpack_is_tweetstorm":false,"jetpack_publicize_feature_enabled":true},"categories":[6950],"tags":[13706,20973,19],"jetpack_publicize_connections":[],"yoast_head":"<!-- This site is optimized with the Yoast SEO plugin v19.1 - https:\/\/yoast.com\/wordpress\/plugins\/seo\/ -->\n<title>Dritan Abazovi\u0107: Pozitivna \u0107e podr\u017eati socijalne proteste u ponedjeljak - Lajme nga Ulqini<\/title>\n<meta name=\"description\" content=\"Pozitivna Crna Gora \u0107e podr\u017eati mirne socijalne proteste gra\u0111ana, najavljene za ponedjeljak saop\u0161tio je Dritan Abazovi\u0107, poslanik Pozitivne Crne Gore. -\" \/>\n<meta name=\"robots\" content=\"index, follow, max-snippet:-1, max-image-preview:large, max-video-preview:-1\" \/>\n<link rel=\"canonical\" href=\"https:\/\/www.visit-ulcinj.com\/blog\/2013\/01\/23\/dritan-abazovic-pozitivna-ce-podrzati-socijalne-proteste-u-ponedjeljak\/\" \/>\n<meta property=\"og:locale\" content=\"en_US\" \/>\n<meta property=\"og:type\" content=\"article\" \/>\n<meta property=\"og:title\" content=\"Dritan Abazovi\u0107: Pozitivna \u0107e podr\u017eati socijalne proteste u ponedjeljak - Lajme nga Ulqini\" \/>\n<meta property=\"og:description\" content=\"Pozitivna Crna Gora \u0107e podr\u017eati mirne socijalne proteste gra\u0111ana, najavljene za ponedjeljak saop\u0161tio je Dritan Abazovi\u0107, poslanik Pozitivne Crne Gore. -\" \/>\n<meta property=\"og:url\" content=\"https:\/\/www.visit-ulcinj.com\/blog\/2013\/01\/23\/dritan-abazovic-pozitivna-ce-podrzati-socijalne-proteste-u-ponedjeljak\/\" \/>\n<meta property=\"og:site_name\" content=\"Lajme nga Ulqini\" \/>\n<meta property=\"article:published_time\" content=\"2013-01-23T19:23:41+00:00\" \/>\n<meta property=\"og:image\" content=\"http:\/\/www.visit-ulcinj.com\/blog\/wp-content\/uploads\/2013\/01\/Dritan-Abazovic_Pozitivna-Crna-Gora_Ulcinj.jpg\" \/>\n<meta name=\"twitter:label1\" content=\"Written by\" \/>\n\t<meta name=\"twitter:data1\" content=\"ulqini\" \/>\n\t<meta name=\"twitter:label2\" content=\"Est. reading time\" \/>\n\t<meta name=\"twitter:data2\" content=\"2 minutes\" \/>\n<script type=\"application\/ld+json\" class=\"yoast-schema-graph\">{\"@context\":\"https:\/\/schema.org\",\"@graph\":[{\"@type\":\"WebSite\",\"@id\":\"https:\/\/www.visit-ulcinj.com\/blog\/#website\",\"url\":\"https:\/\/www.visit-ulcinj.com\/blog\/\",\"name\":\"Lajme nga Ulqini\",\"description\":\"Lajme,Vijesti,Ulqini,Ulqin,Crna Gora,Mali i Zi\",\"potentialAction\":[{\"@type\":\"SearchAction\",\"target\":{\"@type\":\"EntryPoint\",\"urlTemplate\":\"https:\/\/www.visit-ulcinj.com\/blog\/?s={search_term_string}\"},\"query-input\":\"required name=search_term_string\"}],\"inLanguage\":\"en-US\"},{\"@type\":\"ImageObject\",\"inLanguage\":\"en-US\",\"@id\":\"https:\/\/www.visit-ulcinj.com\/blog\/2013\/01\/23\/dritan-abazovic-pozitivna-ce-podrzati-socijalne-proteste-u-ponedjeljak\/#primaryimage\",\"url\":\"https:\/\/www.visit-ulcinj.com\/blog\/wp-content\/uploads\/2013\/01\/Dritan-Abazovic_Pozitivna-Crna-Gora_Ulcinj.jpg\",\"contentUrl\":\"https:\/\/www.visit-ulcinj.com\/blog\/wp-content\/uploads\/2013\/01\/Dritan-Abazovic_Pozitivna-Crna-Gora_Ulcinj.jpg\",\"width\":960,\"height\":639},{\"@type\":\"WebPage\",\"@id\":\"https:\/\/www.visit-ulcinj.com\/blog\/2013\/01\/23\/dritan-abazovic-pozitivna-ce-podrzati-socijalne-proteste-u-ponedjeljak\/#webpage\",\"url\":\"https:\/\/www.visit-ulcinj.com\/blog\/2013\/01\/23\/dritan-abazovic-pozitivna-ce-podrzati-socijalne-proteste-u-ponedjeljak\/\",\"name\":\"Dritan Abazovi\u0107: Pozitivna \u0107e podr\u017eati socijalne proteste u ponedjeljak - Lajme nga Ulqini\",\"isPartOf\":{\"@id\":\"https:\/\/www.visit-ulcinj.com\/blog\/#website\"},\"primaryImageOfPage\":{\"@id\":\"https:\/\/www.visit-ulcinj.com\/blog\/2013\/01\/23\/dritan-abazovic-pozitivna-ce-podrzati-socijalne-proteste-u-ponedjeljak\/#primaryimage\"},\"datePublished\":\"2013-01-23T19:23:41+00:00\",\"dateModified\":\"2013-01-23T19:23:41+00:00\",\"author\":{\"@id\":\"https:\/\/www.visit-ulcinj.com\/blog\/#\/schema\/person\/dcab619c614d3038751c63bc2aadc06d\"},\"description\":\"Pozitivna Crna Gora \u0107e podr\u017eati mirne socijalne proteste gra\u0111ana, najavljene za ponedjeljak saop\u0161tio je Dritan Abazovi\u0107, poslanik Pozitivne Crne Gore. -\",\"breadcrumb\":{\"@id\":\"https:\/\/www.visit-ulcinj.com\/blog\/2013\/01\/23\/dritan-abazovic-pozitivna-ce-podrzati-socijalne-proteste-u-ponedjeljak\/#breadcrumb\"},\"inLanguage\":\"en-US\",\"potentialAction\":[{\"@type\":\"ReadAction\",\"target\":[\"https:\/\/www.visit-ulcinj.com\/blog\/2013\/01\/23\/dritan-abazovic-pozitivna-ce-podrzati-socijalne-proteste-u-ponedjeljak\/\"]}]},{\"@type\":\"BreadcrumbList\",\"@id\":\"https:\/\/www.visit-ulcinj.com\/blog\/2013\/01\/23\/dritan-abazovic-pozitivna-ce-podrzati-socijalne-proteste-u-ponedjeljak\/#breadcrumb\",\"itemListElement\":[{\"@type\":\"ListItem\",\"position\":1,\"name\":\"Dritan Abazovi\u0107: Pozitivna \u0107e podr\u017eati socijalne proteste u ponedjeljak\"}]},{\"@type\":\"Person\",\"@id\":\"https:\/\/www.visit-ulcinj.com\/blog\/#\/schema\/person\/dcab619c614d3038751c63bc2aadc06d\",\"name\":\"ulqini\",\"sameAs\":[\"http:\/\/www.visit-ulcinj.com\"],\"url\":\"https:\/\/www.visit-ulcinj.com\/blog\/author\/admin\/\"}]}<\/script>\n<!-- \/ Yoast SEO plugin. -->","yoast_head_json":{"title":"Dritan Abazovi\u0107: Pozitivna \u0107e podr\u017eati socijalne proteste u ponedjeljak - Lajme nga Ulqini","description":"Pozitivna Crna Gora \u0107e podr\u017eati mirne socijalne proteste gra\u0111ana, najavljene za ponedjeljak saop\u0161tio je Dritan Abazovi\u0107, poslanik Pozitivne Crne Gore. -","robots":{"index":"index","follow":"follow","max-snippet":"max-snippet:-1","max-image-preview":"max-image-preview:large","max-video-preview":"max-video-preview:-1"},"canonical":"https:\/\/www.visit-ulcinj.com\/blog\/2013\/01\/23\/dritan-abazovic-pozitivna-ce-podrzati-socijalne-proteste-u-ponedjeljak\/","og_locale":"en_US","og_type":"article","og_title":"Dritan Abazovi\u0107: Pozitivna \u0107e podr\u017eati socijalne proteste u ponedjeljak - Lajme nga Ulqini","og_description":"Pozitivna Crna Gora \u0107e podr\u017eati mirne socijalne proteste gra\u0111ana, najavljene za ponedjeljak saop\u0161tio je Dritan Abazovi\u0107, poslanik Pozitivne Crne Gore. -","og_url":"https:\/\/www.visit-ulcinj.com\/blog\/2013\/01\/23\/dritan-abazovic-pozitivna-ce-podrzati-socijalne-proteste-u-ponedjeljak\/","og_site_name":"Lajme nga Ulqini","article_published_time":"2013-01-23T19:23:41+00:00","og_image":[{"url":"http:\/\/www.visit-ulcinj.com\/blog\/wp-content\/uploads\/2013\/01\/Dritan-Abazovic_Pozitivna-Crna-Gora_Ulcinj.jpg"}],"twitter_misc":{"Written by":"ulqini","Est. reading time":"2 minutes"},"schema":{"@context":"https:\/\/schema.org","@graph":[{"@type":"WebSite","@id":"https:\/\/www.visit-ulcinj.com\/blog\/#website","url":"https:\/\/www.visit-ulcinj.com\/blog\/","name":"Lajme nga Ulqini","description":"Lajme,Vijesti,Ulqini,Ulqin,Crna Gora,Mali i Zi","potentialAction":[{"@type":"SearchAction","target":{"@type":"EntryPoint","urlTemplate":"https:\/\/www.visit-ulcinj.com\/blog\/?s={search_term_string}"},"query-input":"required name=search_term_string"}],"inLanguage":"en-US"},{"@type":"ImageObject","inLanguage":"en-US","@id":"https:\/\/www.visit-ulcinj.com\/blog\/2013\/01\/23\/dritan-abazovic-pozitivna-ce-podrzati-socijalne-proteste-u-ponedjeljak\/#primaryimage","url":"https:\/\/www.visit-ulcinj.com\/blog\/wp-content\/uploads\/2013\/01\/Dritan-Abazovic_Pozitivna-Crna-Gora_Ulcinj.jpg","contentUrl":"https:\/\/www.visit-ulcinj.com\/blog\/wp-content\/uploads\/2013\/01\/Dritan-Abazovic_Pozitivna-Crna-Gora_Ulcinj.jpg","width":960,"height":639},{"@type":"WebPage","@id":"https:\/\/www.visit-ulcinj.com\/blog\/2013\/01\/23\/dritan-abazovic-pozitivna-ce-podrzati-socijalne-proteste-u-ponedjeljak\/#webpage","url":"https:\/\/www.visit-ulcinj.com\/blog\/2013\/01\/23\/dritan-abazovic-pozitivna-ce-podrzati-socijalne-proteste-u-ponedjeljak\/","name":"Dritan Abazovi\u0107: Pozitivna \u0107e podr\u017eati socijalne proteste u ponedjeljak - Lajme nga Ulqini","isPartOf":{"@id":"https:\/\/www.visit-ulcinj.com\/blog\/#website"},"primaryImageOfPage":{"@id":"https:\/\/www.visit-ulcinj.com\/blog\/2013\/01\/23\/dritan-abazovic-pozitivna-ce-podrzati-socijalne-proteste-u-ponedjeljak\/#primaryimage"},"datePublished":"2013-01-23T19:23:41+00:00","dateModified":"2013-01-23T19:23:41+00:00","author":{"@id":"https:\/\/www.visit-ulcinj.com\/blog\/#\/schema\/person\/dcab619c614d3038751c63bc2aadc06d"},"description":"Pozitivna Crna Gora \u0107e podr\u017eati mirne socijalne proteste gra\u0111ana, najavljene za ponedjeljak saop\u0161tio je Dritan Abazovi\u0107, poslanik Pozitivne Crne Gore. -","breadcrumb":{"@id":"https:\/\/www.visit-ulcinj.com\/blog\/2013\/01\/23\/dritan-abazovic-pozitivna-ce-podrzati-socijalne-proteste-u-ponedjeljak\/#breadcrumb"},"inLanguage":"en-US","potentialAction":[{"@type":"ReadAction","target":["https:\/\/www.visit-ulcinj.com\/blog\/2013\/01\/23\/dritan-abazovic-pozitivna-ce-podrzati-socijalne-proteste-u-ponedjeljak\/"]}]},{"@type":"BreadcrumbList","@id":"https:\/\/www.visit-ulcinj.com\/blog\/2013\/01\/23\/dritan-abazovic-pozitivna-ce-podrzati-socijalne-proteste-u-ponedjeljak\/#breadcrumb","itemListElement":[{"@type":"ListItem","position":1,"name":"Dritan Abazovi\u0107: Pozitivna \u0107e podr\u017eati socijalne proteste u ponedjeljak"}]},{"@type":"Person","@id":"https:\/\/www.visit-ulcinj.com\/blog\/#\/schema\/person\/dcab619c614d3038751c63bc2aadc06d","name":"ulqini","sameAs":["http:\/\/www.visit-ulcinj.com"],"url":"https:\/\/www.visit-ulcinj.com\/blog\/author\/admin\/"}]}},"jetpack_featured_media_url":"","jetpack_sharing_enabled":true,"jetpack_shortlink":"https:\/\/wp.me\/pe6lTn-hEL","_links":{"self":[{"href":"https:\/\/www.visit-ulcinj.com\/blog\/wp-json\/wp\/v2\/posts\/67875"}],"collection":[{"href":"https:\/\/www.visit-ulcinj.com\/blog\/wp-json\/wp\/v2\/posts"}],"about":[{"href":"https:\/\/www.visit-ulcinj.com\/blog\/wp-json\/wp\/v2\/types\/post"}],"author":[{"embeddable":true,"href":"https:\/\/www.visit-ulcinj.com\/blog\/wp-json\/wp\/v2\/users\/1"}],"replies":[{"embeddable":true,"href":"https:\/\/www.visit-ulcinj.com\/blog\/wp-json\/wp\/v2\/comments?post=67875"}],"version-history":[{"count":1,"href":"https:\/\/www.visit-ulcinj.com\/blog\/wp-json\/wp\/v2\/posts\/67875\/revisions"}],"predecessor-version":[{"id":67877,"href":"https:\/\/www.visit-ulcinj.com\/blog\/wp-json\/wp\/v2\/posts\/67875\/revisions\/67877"}],"wp:attachment":[{"href":"https:\/\/www.visit-ulcinj.com\/blog\/wp-json\/wp\/v2\/media?parent=67875"}],"wp:term":[{"taxonomy":"category","embeddable":true,"href":"https:\/\/www.visit-ulcinj.com\/blog\/wp-json\/wp\/v2\/categories?post=67875"},{"taxonomy":"post_tag","embeddable":true,"href":"https:\/\/www.visit-ulcinj.com\/blog\/wp-json\/wp\/v2\/tags?post=67875"}],"curies":[{"name":"wp","href":"https:\/\/api.w.org\/{rel}","templated":true}]}}