{"id":67884,"date":"2013-01-23T23:34:38","date_gmt":"2013-01-23T22:34:38","guid":{"rendered":"http:\/\/www.visit-ulcinj.com\/blog\/?p=67884"},"modified":"2013-01-23T23:34:38","modified_gmt":"2013-01-23T22:34:38","slug":"fyle-mali-i-zi-duhet-ti-zbatojne-reformat-per-anetaresim-ne-be","status":"publish","type":"post","link":"https:\/\/www.visit-ulcinj.com\/blog\/2013\/01\/23\/fyle-mali-i-zi-duhet-ti-zbatojne-reformat-per-anetaresim-ne-be\/","title":{"rendered":"Fyle:  Mali i Zi duhet t&#8217;i zbatojn\u00eb reformat p\u00ebr an\u00ebtar\u00ebsim n\u00eb BE"},"content":{"rendered":"<p><strong>Fyle: BE-ja e ardhshme do t\u00eb jet\u00eb m\u00eb ndryshme se e tanishmja<\/strong><br \/>\n<a href=\"http:\/\/www.visit-ulcinj.com\/blog\/wp-content\/uploads\/2013\/01\/FYLE-PER-REFORMAT-NE-MAL-TE-ZI.jpg\"><img loading=\"lazy\" class=\"alignleft  wp-image-67885\" alt=\"FYLE PER REFORMAT NE MAL TE ZI\" src=\"http:\/\/www.visit-ulcinj.com\/blog\/wp-content\/uploads\/2013\/01\/FYLE-PER-REFORMAT-NE-MAL-TE-ZI.jpg\" width=\"508\" height=\"360\" \/><\/a><\/p>\n<p>Eurokomisionari p\u00ebr zgjerim, Shtefan Fyle sot para shefave t\u00eb diplomacive t\u00eb BE-s\u00eb deklaroi se vendet-kandidate do t&#8217;i bashkohen BE-s\u00eb e cila do t\u00eb organizohet m\u00eb ndryshe se e tanishmja.<\/p>\n<p>&#8220;Nga diskutimet t\u00eb cilat u b\u00ebn\u00eb sot shihet qart\u00eb se BE-ja, n\u00eb t\u00eb cil\u00ebn nj\u00eb dit\u00eb do t\u00eb hyjn\u00eb vendet t\u00eb cilat d\u00ebshirojn\u00eb t\u00eb inkuadrohen, do t\u00eb jet\u00eb m\u00eb ndryshme se BE-ja t\u00eb cil\u00ebn e njohim ne sot&#8221;, theksoi Fyle n\u00eb fjalimin e tij n\u00eb takimin joformal t\u00eb K\u00ebshillit ministror n\u00eb Dublin.<\/p>\n<p>Ai shtoi se n\u00eb Komision me t\u00eb madhe po punohet n\u00eb integrimin e an\u00ebtareve t\u00eb ardhshme me rregullimin e ri ekonomik t\u00eb BE-s\u00eb dhe e paralajm\u00ebroi Irland\u00ebn, e cila kryeson me K\u00ebshillin Evropian, se do t\u00eb jet\u00eb &#8220;duar plot\u00eb&#8221; n\u00eb lidhje me zgjerimin.<\/p>\n<p>Serbia dhe Maqedonia gjat\u00eb kryesimit irlandez, i cili zgjat deri m\u00eb 1 korrik, presin marrjen e dat\u00ebs p\u00ebr fillimin e negociatave, nd\u00ebrsa Mali i Zi shpreson p\u00ebr hapjen e kapitujve t\u00eb rinj n\u00eb negociatat p\u00ebr an\u00ebtar\u00ebsim n\u00eb BE.<\/p>\n<p>Fyle theksoi para ministrave se tani m\u00eb e r\u00ebnd\u00ebsishme \u00ebsht\u00eb t\u00eb ruhet tempoja n\u00eb procesin e zgjerimit, nd\u00ebrsa \u00e7el\u00ebsi i suksesit ndodhet n\u00eb vendet-kandidate t\u00eb cilat duhet t&#8217;i zbatojn\u00eb reformat e nevojshme.<\/p>\n<p>Yllpress<\/p>\n","protected":false},"excerpt":{"rendered":"<p>Fyle: BE-ja e ardhshme do t\u00eb jet\u00eb m\u00eb ndryshme se e tanishmja Eurokomisionari p\u00ebr zgjerim, Shtefan Fyle sot para shefave t\u00eb diplomacive t\u00eb BE-s\u00eb deklaroi se vendet-kandidate do t&#8217;i bashkohen BE-s\u00eb e cila do t\u00eb organizohet m\u00eb ndryshe se e tanishmja. &#8220;Nga diskutimet t\u00eb cilat u b\u00ebn\u00eb sot shihet qart\u00eb se BE-ja, n\u00eb t\u00eb cil\u00ebn [&hellip;]<\/p>\n","protected":false},"author":1,"featured_media":0,"comment_status":"open","ping_status":"closed","sticky":false,"template":"","format":"standard","meta":{"spay_email":"","jetpack_publicize_message":"","jetpack_is_tweetstorm":false,"jetpack_publicize_feature_enabled":true},"categories":[14],"tags":[21712],"jetpack_publicize_connections":[],"yoast_head":"<!-- This site is optimized with the Yoast SEO plugin v19.1 - https:\/\/yoast.com\/wordpress\/plugins\/seo\/ -->\n<title>Fyle: Mali i Zi duhet t&#039;i zbatojn\u00eb reformat p\u00ebr an\u00ebtar\u00ebsim n\u00eb BE - Lajme nga Ulqini<\/title>\n<meta name=\"description\" content=\"Fyle: BE-ja e ardhshme do t\u00eb jet\u00eb m\u00eb ndryshme se e tanishmja Eurokomisionari p\u00ebr zgjerim, Shtefan Fyle sot para shefave t\u00eb diplomacive t\u00eb BE-s\u00eb deklaroi\" \/>\n<meta name=\"robots\" content=\"index, follow, max-snippet:-1, max-image-preview:large, max-video-preview:-1\" \/>\n<link rel=\"canonical\" href=\"https:\/\/www.visit-ulcinj.com\/blog\/2013\/01\/23\/fyle-mali-i-zi-duhet-ti-zbatojne-reformat-per-anetaresim-ne-be\/\" \/>\n<meta property=\"og:locale\" content=\"en_US\" \/>\n<meta property=\"og:type\" content=\"article\" \/>\n<meta property=\"og:title\" content=\"Fyle: Mali i Zi duhet t&#039;i zbatojn\u00eb reformat p\u00ebr an\u00ebtar\u00ebsim n\u00eb BE - Lajme nga Ulqini\" \/>\n<meta property=\"og:description\" content=\"Fyle: BE-ja e ardhshme do t\u00eb jet\u00eb m\u00eb ndryshme se e tanishmja Eurokomisionari p\u00ebr zgjerim, Shtefan Fyle sot para shefave t\u00eb diplomacive t\u00eb BE-s\u00eb deklaroi\" \/>\n<meta property=\"og:url\" content=\"https:\/\/www.visit-ulcinj.com\/blog\/2013\/01\/23\/fyle-mali-i-zi-duhet-ti-zbatojne-reformat-per-anetaresim-ne-be\/\" \/>\n<meta property=\"og:site_name\" content=\"Lajme nga Ulqini\" \/>\n<meta property=\"article:published_time\" content=\"2013-01-23T22:34:38+00:00\" \/>\n<meta property=\"og:image\" content=\"http:\/\/www.visit-ulcinj.com\/blog\/wp-content\/uploads\/2013\/01\/FYLE-PER-REFORMAT-NE-MAL-TE-ZI.jpg\" \/>\n<meta name=\"twitter:label1\" content=\"Written by\" \/>\n\t<meta name=\"twitter:data1\" content=\"ulqini\" \/>\n\t<meta name=\"twitter:label2\" content=\"Est. reading time\" \/>\n\t<meta name=\"twitter:data2\" content=\"1 minute\" \/>\n<script type=\"application\/ld+json\" class=\"yoast-schema-graph\">{\"@context\":\"https:\/\/schema.org\",\"@graph\":[{\"@type\":\"WebSite\",\"@id\":\"https:\/\/www.visit-ulcinj.com\/blog\/#website\",\"url\":\"https:\/\/www.visit-ulcinj.com\/blog\/\",\"name\":\"Lajme nga Ulqini\",\"description\":\"Lajme,Vijesti,Ulqini,Ulqin,Crna Gora,Mali i Zi\",\"potentialAction\":[{\"@type\":\"SearchAction\",\"target\":{\"@type\":\"EntryPoint\",\"urlTemplate\":\"https:\/\/www.visit-ulcinj.com\/blog\/?s={search_term_string}\"},\"query-input\":\"required name=search_term_string\"}],\"inLanguage\":\"en-US\"},{\"@type\":\"ImageObject\",\"inLanguage\":\"en-US\",\"@id\":\"https:\/\/www.visit-ulcinj.com\/blog\/2013\/01\/23\/fyle-mali-i-zi-duhet-ti-zbatojne-reformat-per-anetaresim-ne-be\/#primaryimage\",\"url\":\"https:\/\/www.visit-ulcinj.com\/blog\/wp-content\/uploads\/2013\/01\/FYLE-PER-REFORMAT-NE-MAL-TE-ZI.jpg\",\"contentUrl\":\"https:\/\/www.visit-ulcinj.com\/blog\/wp-content\/uploads\/2013\/01\/FYLE-PER-REFORMAT-NE-MAL-TE-ZI.jpg\",\"width\":754,\"height\":537},{\"@type\":\"WebPage\",\"@id\":\"https:\/\/www.visit-ulcinj.com\/blog\/2013\/01\/23\/fyle-mali-i-zi-duhet-ti-zbatojne-reformat-per-anetaresim-ne-be\/#webpage\",\"url\":\"https:\/\/www.visit-ulcinj.com\/blog\/2013\/01\/23\/fyle-mali-i-zi-duhet-ti-zbatojne-reformat-per-anetaresim-ne-be\/\",\"name\":\"Fyle: Mali i Zi duhet t'i zbatojn\u00eb reformat p\u00ebr an\u00ebtar\u00ebsim n\u00eb BE - Lajme nga Ulqini\",\"isPartOf\":{\"@id\":\"https:\/\/www.visit-ulcinj.com\/blog\/#website\"},\"primaryImageOfPage\":{\"@id\":\"https:\/\/www.visit-ulcinj.com\/blog\/2013\/01\/23\/fyle-mali-i-zi-duhet-ti-zbatojne-reformat-per-anetaresim-ne-be\/#primaryimage\"},\"datePublished\":\"2013-01-23T22:34:38+00:00\",\"dateModified\":\"2013-01-23T22:34:38+00:00\",\"author\":{\"@id\":\"https:\/\/www.visit-ulcinj.com\/blog\/#\/schema\/person\/dcab619c614d3038751c63bc2aadc06d\"},\"description\":\"Fyle: BE-ja e ardhshme do t\u00eb jet\u00eb m\u00eb ndryshme se e tanishmja Eurokomisionari p\u00ebr zgjerim, Shtefan Fyle sot para shefave t\u00eb diplomacive t\u00eb BE-s\u00eb deklaroi\",\"breadcrumb\":{\"@id\":\"https:\/\/www.visit-ulcinj.com\/blog\/2013\/01\/23\/fyle-mali-i-zi-duhet-ti-zbatojne-reformat-per-anetaresim-ne-be\/#breadcrumb\"},\"inLanguage\":\"en-US\",\"potentialAction\":[{\"@type\":\"ReadAction\",\"target\":[\"https:\/\/www.visit-ulcinj.com\/blog\/2013\/01\/23\/fyle-mali-i-zi-duhet-ti-zbatojne-reformat-per-anetaresim-ne-be\/\"]}]},{\"@type\":\"BreadcrumbList\",\"@id\":\"https:\/\/www.visit-ulcinj.com\/blog\/2013\/01\/23\/fyle-mali-i-zi-duhet-ti-zbatojne-reformat-per-anetaresim-ne-be\/#breadcrumb\",\"itemListElement\":[{\"@type\":\"ListItem\",\"position\":1,\"name\":\"Fyle: Mali i Zi duhet t&#8217;i zbatojn\u00eb reformat p\u00ebr an\u00ebtar\u00ebsim n\u00eb BE\"}]},{\"@type\":\"Person\",\"@id\":\"https:\/\/www.visit-ulcinj.com\/blog\/#\/schema\/person\/dcab619c614d3038751c63bc2aadc06d\",\"name\":\"ulqini\",\"sameAs\":[\"http:\/\/www.visit-ulcinj.com\"],\"url\":\"https:\/\/www.visit-ulcinj.com\/blog\/author\/admin\/\"}]}<\/script>\n<!-- \/ Yoast SEO plugin. -->","yoast_head_json":{"title":"Fyle: Mali i Zi duhet t'i zbatojn\u00eb reformat p\u00ebr an\u00ebtar\u00ebsim n\u00eb BE - Lajme nga Ulqini","description":"Fyle: BE-ja e ardhshme do t\u00eb jet\u00eb m\u00eb ndryshme se e tanishmja Eurokomisionari p\u00ebr zgjerim, Shtefan Fyle sot para shefave t\u00eb diplomacive t\u00eb BE-s\u00eb deklaroi","robots":{"index":"index","follow":"follow","max-snippet":"max-snippet:-1","max-image-preview":"max-image-preview:large","max-video-preview":"max-video-preview:-1"},"canonical":"https:\/\/www.visit-ulcinj.com\/blog\/2013\/01\/23\/fyle-mali-i-zi-duhet-ti-zbatojne-reformat-per-anetaresim-ne-be\/","og_locale":"en_US","og_type":"article","og_title":"Fyle: Mali i Zi duhet t'i zbatojn\u00eb reformat p\u00ebr an\u00ebtar\u00ebsim n\u00eb BE - Lajme nga Ulqini","og_description":"Fyle: BE-ja e ardhshme do t\u00eb jet\u00eb m\u00eb ndryshme se e tanishmja Eurokomisionari p\u00ebr zgjerim, Shtefan Fyle sot para shefave t\u00eb diplomacive t\u00eb BE-s\u00eb deklaroi","og_url":"https:\/\/www.visit-ulcinj.com\/blog\/2013\/01\/23\/fyle-mali-i-zi-duhet-ti-zbatojne-reformat-per-anetaresim-ne-be\/","og_site_name":"Lajme nga Ulqini","article_published_time":"2013-01-23T22:34:38+00:00","og_image":[{"url":"http:\/\/www.visit-ulcinj.com\/blog\/wp-content\/uploads\/2013\/01\/FYLE-PER-REFORMAT-NE-MAL-TE-ZI.jpg"}],"twitter_misc":{"Written by":"ulqini","Est. reading time":"1 minute"},"schema":{"@context":"https:\/\/schema.org","@graph":[{"@type":"WebSite","@id":"https:\/\/www.visit-ulcinj.com\/blog\/#website","url":"https:\/\/www.visit-ulcinj.com\/blog\/","name":"Lajme nga Ulqini","description":"Lajme,Vijesti,Ulqini,Ulqin,Crna Gora,Mali i Zi","potentialAction":[{"@type":"SearchAction","target":{"@type":"EntryPoint","urlTemplate":"https:\/\/www.visit-ulcinj.com\/blog\/?s={search_term_string}"},"query-input":"required name=search_term_string"}],"inLanguage":"en-US"},{"@type":"ImageObject","inLanguage":"en-US","@id":"https:\/\/www.visit-ulcinj.com\/blog\/2013\/01\/23\/fyle-mali-i-zi-duhet-ti-zbatojne-reformat-per-anetaresim-ne-be\/#primaryimage","url":"https:\/\/www.visit-ulcinj.com\/blog\/wp-content\/uploads\/2013\/01\/FYLE-PER-REFORMAT-NE-MAL-TE-ZI.jpg","contentUrl":"https:\/\/www.visit-ulcinj.com\/blog\/wp-content\/uploads\/2013\/01\/FYLE-PER-REFORMAT-NE-MAL-TE-ZI.jpg","width":754,"height":537},{"@type":"WebPage","@id":"https:\/\/www.visit-ulcinj.com\/blog\/2013\/01\/23\/fyle-mali-i-zi-duhet-ti-zbatojne-reformat-per-anetaresim-ne-be\/#webpage","url":"https:\/\/www.visit-ulcinj.com\/blog\/2013\/01\/23\/fyle-mali-i-zi-duhet-ti-zbatojne-reformat-per-anetaresim-ne-be\/","name":"Fyle: Mali i Zi duhet t'i zbatojn\u00eb reformat p\u00ebr an\u00ebtar\u00ebsim n\u00eb BE - Lajme nga Ulqini","isPartOf":{"@id":"https:\/\/www.visit-ulcinj.com\/blog\/#website"},"primaryImageOfPage":{"@id":"https:\/\/www.visit-ulcinj.com\/blog\/2013\/01\/23\/fyle-mali-i-zi-duhet-ti-zbatojne-reformat-per-anetaresim-ne-be\/#primaryimage"},"datePublished":"2013-01-23T22:34:38+00:00","dateModified":"2013-01-23T22:34:38+00:00","author":{"@id":"https:\/\/www.visit-ulcinj.com\/blog\/#\/schema\/person\/dcab619c614d3038751c63bc2aadc06d"},"description":"Fyle: BE-ja e ardhshme do t\u00eb jet\u00eb m\u00eb ndryshme se e tanishmja Eurokomisionari p\u00ebr zgjerim, Shtefan Fyle sot para shefave t\u00eb diplomacive t\u00eb BE-s\u00eb deklaroi","breadcrumb":{"@id":"https:\/\/www.visit-ulcinj.com\/blog\/2013\/01\/23\/fyle-mali-i-zi-duhet-ti-zbatojne-reformat-per-anetaresim-ne-be\/#breadcrumb"},"inLanguage":"en-US","potentialAction":[{"@type":"ReadAction","target":["https:\/\/www.visit-ulcinj.com\/blog\/2013\/01\/23\/fyle-mali-i-zi-duhet-ti-zbatojne-reformat-per-anetaresim-ne-be\/"]}]},{"@type":"BreadcrumbList","@id":"https:\/\/www.visit-ulcinj.com\/blog\/2013\/01\/23\/fyle-mali-i-zi-duhet-ti-zbatojne-reformat-per-anetaresim-ne-be\/#breadcrumb","itemListElement":[{"@type":"ListItem","position":1,"name":"Fyle: Mali i Zi duhet t&#8217;i zbatojn\u00eb reformat p\u00ebr an\u00ebtar\u00ebsim n\u00eb BE"}]},{"@type":"Person","@id":"https:\/\/www.visit-ulcinj.com\/blog\/#\/schema\/person\/dcab619c614d3038751c63bc2aadc06d","name":"ulqini","sameAs":["http:\/\/www.visit-ulcinj.com"],"url":"https:\/\/www.visit-ulcinj.com\/blog\/author\/admin\/"}]}},"jetpack_featured_media_url":"","jetpack_sharing_enabled":true,"jetpack_shortlink":"https:\/\/wp.me\/pe6lTn-hEU","_links":{"self":[{"href":"https:\/\/www.visit-ulcinj.com\/blog\/wp-json\/wp\/v2\/posts\/67884"}],"collection":[{"href":"https:\/\/www.visit-ulcinj.com\/blog\/wp-json\/wp\/v2\/posts"}],"about":[{"href":"https:\/\/www.visit-ulcinj.com\/blog\/wp-json\/wp\/v2\/types\/post"}],"author":[{"embeddable":true,"href":"https:\/\/www.visit-ulcinj.com\/blog\/wp-json\/wp\/v2\/users\/1"}],"replies":[{"embeddable":true,"href":"https:\/\/www.visit-ulcinj.com\/blog\/wp-json\/wp\/v2\/comments?post=67884"}],"version-history":[{"count":1,"href":"https:\/\/www.visit-ulcinj.com\/blog\/wp-json\/wp\/v2\/posts\/67884\/revisions"}],"predecessor-version":[{"id":67886,"href":"https:\/\/www.visit-ulcinj.com\/blog\/wp-json\/wp\/v2\/posts\/67884\/revisions\/67886"}],"wp:attachment":[{"href":"https:\/\/www.visit-ulcinj.com\/blog\/wp-json\/wp\/v2\/media?parent=67884"}],"wp:term":[{"taxonomy":"category","embeddable":true,"href":"https:\/\/www.visit-ulcinj.com\/blog\/wp-json\/wp\/v2\/categories?post=67884"},{"taxonomy":"post_tag","embeddable":true,"href":"https:\/\/www.visit-ulcinj.com\/blog\/wp-json\/wp\/v2\/tags?post=67884"}],"curies":[{"name":"wp","href":"https:\/\/api.w.org\/{rel}","templated":true}]}}