{"id":6789,"date":"2008-12-04T16:27:03","date_gmt":"2008-12-04T15:27:03","guid":{"rendered":"http:\/\/www.visit-ulcinj.com\/blog\/?p=6789"},"modified":"2008-12-04T16:27:03","modified_gmt":"2008-12-04T15:27:03","slug":"forca-e-re-demokratikekumtese-per-media","status":"publish","type":"post","link":"https:\/\/www.visit-ulcinj.com\/blog\/2008\/12\/04\/forca-e-re-demokratikekumtese-per-media\/","title":{"rendered":"Forca e re demokratike:Kumtes\u00eb p\u00ebr Media"},"content":{"rendered":"<p><a href=\"http:\/\/www.visit-ulcinj.com\/blog\/wp-content\/uploads\/2008\/12\/forca-e-re.jpg\"><img loading=\"lazy\" class=\"alignleft size-medium wp-image-6790\" title=\"forca-e-re\" src=\"http:\/\/www.visit-ulcinj.com\/blog\/wp-content\/uploads\/2008\/12\/forca-e-re-300x212.jpg\" alt=\"\" width=\"300\" height=\"212\" srcset=\"https:\/\/www.visit-ulcinj.com\/blog\/wp-content\/uploads\/2008\/12\/forca-e-re-300x212.jpg 300w, https:\/\/www.visit-ulcinj.com\/blog\/wp-content\/uploads\/2008\/12\/forca-e-re.jpg 318w\" sizes=\"(max-width: 300px) 100vw, 300px\" \/><\/a><strong>Absurdet po p\u00ebrs\u00ebriten n\u00eb Ulqin. <\/strong><br \/>\nUlqin:Fyerjet, replikat jasht\u00eb teme dhe tonet shume t\u00eb r\u00ebnd\u00eb jan\u00eb\u00a0 metoda\u00a0 t\u00eb cilat pushteti lokal i p\u00ebrdor\u00eb me q\u00ebllim q\u00eb t\u00eb maskoj\u00eb \u00e7do diskutim konstruktiv p\u00ebr secil\u00ebn tem\u00eb t\u00eb rendit t\u00eb dit\u00ebs t\u00eb Kuvendit.<br \/>\nPushteti aktual prap\u00eb demonstron arroganc\u00eb dhe pap\u00ebrgjegj\u00ebsi\u00eb ndaj qytetar\u00ebve n\u00eb q\u00ebllimin t\u00eb disiplinimit t\u00eb Kryetarit t\u00eb Kuvendit.<br \/>\nArsyeja p\u00ebr k\u00ebt\u00eb \u00ebsht\u00eb sepse ai pranoi propozimin e Forc\u00ebs dhe vota e tij ishte vendimtare q\u00eb ato pika t\u00eb b\u00ebhen pjes\u00eb e rendit t\u00eb dit\u00ebs t\u00eb mbledhjes s\u00eb Kuvendit.<br \/>\nKoalicioni p\u00ebr Ulqinin Evropian q\u00ebllimisht mundohet q\u00eb ti a ul\u00eb autoritetin Kuvendit me at\u00eb q\u00eb nuk d\u00ebshiron t\u00eb marr\u00eb as edhe q\u00ebndrim rreth \u00e7\u00ebshtjes s\u00eb kthimit t\u00eb pronave\u00a0 gjithashtu me at\u00eb q\u00eb toleron arroganc\u00ebn e pushtetit ekzekutiv i cili nga korriku nuk ia dor\u00ebzon Kuvendit Raportin e realizimit t\u00eb Buxhetit p\u00ebr periudh\u00ebn e kaluar.<br \/>\nKan\u00eb t\u00eb drejt\u00eb qytetar\u00eb t\u00eb pyeten se interesat e kujt i mbrojn\u00eb k\u00ebshilltar\u00ebt e koalicionit p\u00ebr Ulqinin Evropian q\u00eb nuk ishin n\u00eb gjendje as q\u00eb t\u00eb lejojn\u00eb votimin p\u00ebr p\u00ebrfundime n\u00eb t\u00eb cilat k\u00ebrkohet q\u00eb Komisioni Regjional p\u00ebr kthimin\u00a0 e pronave ta njoftoj\u00eb Kuvendin e Ulqinit p\u00ebr pun\u00ebn e tij n\u00eb lidhje me k\u00ebrkesat e qytetar\u00ebve nga Komuna jon\u00eb. Q\u00eb absurditeti t\u00eb jet\u00eb edhe m\u00eb i madh nj\u00eb p\u00ebrfundim i till\u00eb \u00ebsht\u00eb propozuar n\u00eb diskutim nga k\u00ebshilltari i k\u00ebtij koalicioni.<br \/>\nArroganca e tyre nuk ka fund ku edhe k\u00ebrkojn\u00eb nga opozita q\u00eb ta p\u00ebrgatis\u00eb Raportin p\u00ebr Realizimin e Buxhetit t\u00eb Komun\u00ebs. Komuna jone fqinje Tivari n\u00eb m\u00ebnyr\u00eb transparente edhe n\u00eb web faqen e saj i ka publikuar t\u00eb gjith\u00eb raportet, ku edhe realizimin e buxhetit p\u00ebr n\u00ebnt\u00eb\u00a0 muajt e vitit 2008.<br \/>\nAjo \u00e7ka \u00ebsht\u00eb e pamundur p\u00ebr k\u00ebshilltar\u00ebt\u00a0 n\u00eb Ulqini, n\u00eb Komunat tjera \u00ebsht\u00eb e mund\u00ebsuar t\u00eb gjith\u00eb qytetar\u00ebve.<br \/>\nMendojm\u00eb q\u00eb kjo \u00ebsht\u00eb politik\u00eb p\u00ebr shkak t\u00eb papun\u00ebs s\u00eb vet ka p\u00ebr q\u00ebllim zvog\u00eblimin e\u00a0 ingjerencave t\u00eb vet\u00ebqeverisjes lokale n\u00eb vend qe k\u00ebto ingjerenca t\u00eb rriten.<br \/>\n<strong>Forca e re demokratike<br \/>\nSh\u00ebrbimi Informativ : Ulqin 04.12.2008<\/strong><\/p>\n","protected":false},"excerpt":{"rendered":"<p>Absurdet po p\u00ebrs\u00ebriten n\u00eb Ulqin. Ulqin:Fyerjet, replikat jasht\u00eb teme dhe tonet shume t\u00eb r\u00ebnd\u00eb jan\u00eb\u00a0 metoda\u00a0 t\u00eb cilat pushteti lokal i p\u00ebrdor\u00eb me q\u00ebllim q\u00eb t\u00eb maskoj\u00eb \u00e7do diskutim konstruktiv p\u00ebr secil\u00ebn tem\u00eb t\u00eb rendit t\u00eb dit\u00ebs t\u00eb Kuvendit. Pushteti aktual prap\u00eb demonstron arroganc\u00eb dhe pap\u00ebrgjegj\u00ebsi\u00eb ndaj qytetar\u00ebve n\u00eb q\u00ebllimin t\u00eb disiplinimit t\u00eb Kryetarit t\u00eb [&hellip;]<\/p>\n","protected":false},"author":1,"featured_media":0,"comment_status":"open","ping_status":"closed","sticky":false,"template":"","format":"standard","meta":{"spay_email":"","jetpack_publicize_message":"","jetpack_is_tweetstorm":false,"jetpack_publicize_feature_enabled":true},"categories":[6],"tags":[5148,672],"jetpack_publicize_connections":[],"yoast_head":"<!-- This site is optimized with the Yoast SEO plugin v19.1 - https:\/\/yoast.com\/wordpress\/plugins\/seo\/ -->\n<title>Forca e re demokratike:Kumtes\u00eb p\u00ebr Media - Lajme nga Ulqini<\/title>\n<meta name=\"description\" content=\"Absurdet po p\u00ebrs\u00ebriten n\u00eb Ulqin. Ulqin:Fyerjet, replikat jasht\u00eb teme dhe tonet shume t\u00eb r\u00ebnd\u00eb jan\u00eb\u00a0 metoda\u00a0 t\u00eb cilat pushteti lokal i p\u00ebrdor\u00eb me q\u00ebllim q\u00eb\" \/>\n<meta name=\"robots\" content=\"index, follow, max-snippet:-1, max-image-preview:large, max-video-preview:-1\" \/>\n<link rel=\"canonical\" href=\"https:\/\/www.visit-ulcinj.com\/blog\/2008\/12\/04\/forca-e-re-demokratikekumtese-per-media\/\" \/>\n<meta property=\"og:locale\" content=\"en_US\" \/>\n<meta property=\"og:type\" content=\"article\" \/>\n<meta property=\"og:title\" content=\"Forca e re demokratike:Kumtes\u00eb p\u00ebr Media - Lajme nga Ulqini\" \/>\n<meta property=\"og:description\" content=\"Absurdet po p\u00ebrs\u00ebriten n\u00eb Ulqin. Ulqin:Fyerjet, replikat jasht\u00eb teme dhe tonet shume t\u00eb r\u00ebnd\u00eb jan\u00eb\u00a0 metoda\u00a0 t\u00eb cilat pushteti lokal i p\u00ebrdor\u00eb me q\u00ebllim q\u00eb\" \/>\n<meta property=\"og:url\" content=\"https:\/\/www.visit-ulcinj.com\/blog\/2008\/12\/04\/forca-e-re-demokratikekumtese-per-media\/\" \/>\n<meta property=\"og:site_name\" content=\"Lajme nga Ulqini\" \/>\n<meta property=\"article:published_time\" content=\"2008-12-04T15:27:03+00:00\" \/>\n<meta property=\"og:image\" content=\"http:\/\/www.visit-ulcinj.com\/blog\/wp-content\/uploads\/2008\/12\/forca-e-re-300x212.jpg\" \/>\n<meta name=\"twitter:label1\" content=\"Written by\" \/>\n\t<meta name=\"twitter:data1\" content=\"ulqini\" \/>\n\t<meta name=\"twitter:label2\" content=\"Est. reading time\" \/>\n\t<meta name=\"twitter:data2\" content=\"2 minutes\" \/>\n<script type=\"application\/ld+json\" class=\"yoast-schema-graph\">{\"@context\":\"https:\/\/schema.org\",\"@graph\":[{\"@type\":\"WebSite\",\"@id\":\"https:\/\/www.visit-ulcinj.com\/blog\/#website\",\"url\":\"https:\/\/www.visit-ulcinj.com\/blog\/\",\"name\":\"Lajme nga Ulqini\",\"description\":\"Lajme,Vijesti,Ulqini,Ulqin,Crna Gora,Mali i Zi\",\"potentialAction\":[{\"@type\":\"SearchAction\",\"target\":{\"@type\":\"EntryPoint\",\"urlTemplate\":\"https:\/\/www.visit-ulcinj.com\/blog\/?s={search_term_string}\"},\"query-input\":\"required name=search_term_string\"}],\"inLanguage\":\"en-US\"},{\"@type\":\"ImageObject\",\"inLanguage\":\"en-US\",\"@id\":\"https:\/\/www.visit-ulcinj.com\/blog\/2008\/12\/04\/forca-e-re-demokratikekumtese-per-media\/#primaryimage\",\"url\":\"http:\/\/www.visit-ulcinj.com\/blog\/wp-content\/uploads\/2008\/12\/forca-e-re-300x212.jpg\",\"contentUrl\":\"http:\/\/www.visit-ulcinj.com\/blog\/wp-content\/uploads\/2008\/12\/forca-e-re-300x212.jpg\"},{\"@type\":\"WebPage\",\"@id\":\"https:\/\/www.visit-ulcinj.com\/blog\/2008\/12\/04\/forca-e-re-demokratikekumtese-per-media\/#webpage\",\"url\":\"https:\/\/www.visit-ulcinj.com\/blog\/2008\/12\/04\/forca-e-re-demokratikekumtese-per-media\/\",\"name\":\"Forca e re demokratike:Kumtes\u00eb p\u00ebr Media - Lajme nga Ulqini\",\"isPartOf\":{\"@id\":\"https:\/\/www.visit-ulcinj.com\/blog\/#website\"},\"primaryImageOfPage\":{\"@id\":\"https:\/\/www.visit-ulcinj.com\/blog\/2008\/12\/04\/forca-e-re-demokratikekumtese-per-media\/#primaryimage\"},\"datePublished\":\"2008-12-04T15:27:03+00:00\",\"dateModified\":\"2008-12-04T15:27:03+00:00\",\"author\":{\"@id\":\"https:\/\/www.visit-ulcinj.com\/blog\/#\/schema\/person\/dcab619c614d3038751c63bc2aadc06d\"},\"description\":\"Absurdet po p\u00ebrs\u00ebriten n\u00eb Ulqin. Ulqin:Fyerjet, replikat jasht\u00eb teme dhe tonet shume t\u00eb r\u00ebnd\u00eb jan\u00eb\u00a0 metoda\u00a0 t\u00eb cilat pushteti lokal i p\u00ebrdor\u00eb me q\u00ebllim q\u00eb\",\"breadcrumb\":{\"@id\":\"https:\/\/www.visit-ulcinj.com\/blog\/2008\/12\/04\/forca-e-re-demokratikekumtese-per-media\/#breadcrumb\"},\"inLanguage\":\"en-US\",\"potentialAction\":[{\"@type\":\"ReadAction\",\"target\":[\"https:\/\/www.visit-ulcinj.com\/blog\/2008\/12\/04\/forca-e-re-demokratikekumtese-per-media\/\"]}]},{\"@type\":\"BreadcrumbList\",\"@id\":\"https:\/\/www.visit-ulcinj.com\/blog\/2008\/12\/04\/forca-e-re-demokratikekumtese-per-media\/#breadcrumb\",\"itemListElement\":[{\"@type\":\"ListItem\",\"position\":1,\"name\":\"Forca e re demokratike:Kumtes\u00eb p\u00ebr Media\"}]},{\"@type\":\"Person\",\"@id\":\"https:\/\/www.visit-ulcinj.com\/blog\/#\/schema\/person\/dcab619c614d3038751c63bc2aadc06d\",\"name\":\"ulqini\",\"sameAs\":[\"http:\/\/www.visit-ulcinj.com\"],\"url\":\"https:\/\/www.visit-ulcinj.com\/blog\/author\/admin\/\"}]}<\/script>\n<!-- \/ Yoast SEO plugin. -->","yoast_head_json":{"title":"Forca e re demokratike:Kumtes\u00eb p\u00ebr Media - Lajme nga Ulqini","description":"Absurdet po p\u00ebrs\u00ebriten n\u00eb Ulqin. Ulqin:Fyerjet, replikat jasht\u00eb teme dhe tonet shume t\u00eb r\u00ebnd\u00eb jan\u00eb\u00a0 metoda\u00a0 t\u00eb cilat pushteti lokal i p\u00ebrdor\u00eb me q\u00ebllim q\u00eb","robots":{"index":"index","follow":"follow","max-snippet":"max-snippet:-1","max-image-preview":"max-image-preview:large","max-video-preview":"max-video-preview:-1"},"canonical":"https:\/\/www.visit-ulcinj.com\/blog\/2008\/12\/04\/forca-e-re-demokratikekumtese-per-media\/","og_locale":"en_US","og_type":"article","og_title":"Forca e re demokratike:Kumtes\u00eb p\u00ebr Media - Lajme nga Ulqini","og_description":"Absurdet po p\u00ebrs\u00ebriten n\u00eb Ulqin. Ulqin:Fyerjet, replikat jasht\u00eb teme dhe tonet shume t\u00eb r\u00ebnd\u00eb jan\u00eb\u00a0 metoda\u00a0 t\u00eb cilat pushteti lokal i p\u00ebrdor\u00eb me q\u00ebllim q\u00eb","og_url":"https:\/\/www.visit-ulcinj.com\/blog\/2008\/12\/04\/forca-e-re-demokratikekumtese-per-media\/","og_site_name":"Lajme nga Ulqini","article_published_time":"2008-12-04T15:27:03+00:00","og_image":[{"url":"http:\/\/www.visit-ulcinj.com\/blog\/wp-content\/uploads\/2008\/12\/forca-e-re-300x212.jpg"}],"twitter_misc":{"Written by":"ulqini","Est. reading time":"2 minutes"},"schema":{"@context":"https:\/\/schema.org","@graph":[{"@type":"WebSite","@id":"https:\/\/www.visit-ulcinj.com\/blog\/#website","url":"https:\/\/www.visit-ulcinj.com\/blog\/","name":"Lajme nga Ulqini","description":"Lajme,Vijesti,Ulqini,Ulqin,Crna Gora,Mali i Zi","potentialAction":[{"@type":"SearchAction","target":{"@type":"EntryPoint","urlTemplate":"https:\/\/www.visit-ulcinj.com\/blog\/?s={search_term_string}"},"query-input":"required name=search_term_string"}],"inLanguage":"en-US"},{"@type":"ImageObject","inLanguage":"en-US","@id":"https:\/\/www.visit-ulcinj.com\/blog\/2008\/12\/04\/forca-e-re-demokratikekumtese-per-media\/#primaryimage","url":"http:\/\/www.visit-ulcinj.com\/blog\/wp-content\/uploads\/2008\/12\/forca-e-re-300x212.jpg","contentUrl":"http:\/\/www.visit-ulcinj.com\/blog\/wp-content\/uploads\/2008\/12\/forca-e-re-300x212.jpg"},{"@type":"WebPage","@id":"https:\/\/www.visit-ulcinj.com\/blog\/2008\/12\/04\/forca-e-re-demokratikekumtese-per-media\/#webpage","url":"https:\/\/www.visit-ulcinj.com\/blog\/2008\/12\/04\/forca-e-re-demokratikekumtese-per-media\/","name":"Forca e re demokratike:Kumtes\u00eb p\u00ebr Media - Lajme nga Ulqini","isPartOf":{"@id":"https:\/\/www.visit-ulcinj.com\/blog\/#website"},"primaryImageOfPage":{"@id":"https:\/\/www.visit-ulcinj.com\/blog\/2008\/12\/04\/forca-e-re-demokratikekumtese-per-media\/#primaryimage"},"datePublished":"2008-12-04T15:27:03+00:00","dateModified":"2008-12-04T15:27:03+00:00","author":{"@id":"https:\/\/www.visit-ulcinj.com\/blog\/#\/schema\/person\/dcab619c614d3038751c63bc2aadc06d"},"description":"Absurdet po p\u00ebrs\u00ebriten n\u00eb Ulqin. Ulqin:Fyerjet, replikat jasht\u00eb teme dhe tonet shume t\u00eb r\u00ebnd\u00eb jan\u00eb\u00a0 metoda\u00a0 t\u00eb cilat pushteti lokal i p\u00ebrdor\u00eb me q\u00ebllim q\u00eb","breadcrumb":{"@id":"https:\/\/www.visit-ulcinj.com\/blog\/2008\/12\/04\/forca-e-re-demokratikekumtese-per-media\/#breadcrumb"},"inLanguage":"en-US","potentialAction":[{"@type":"ReadAction","target":["https:\/\/www.visit-ulcinj.com\/blog\/2008\/12\/04\/forca-e-re-demokratikekumtese-per-media\/"]}]},{"@type":"BreadcrumbList","@id":"https:\/\/www.visit-ulcinj.com\/blog\/2008\/12\/04\/forca-e-re-demokratikekumtese-per-media\/#breadcrumb","itemListElement":[{"@type":"ListItem","position":1,"name":"Forca e re demokratike:Kumtes\u00eb p\u00ebr Media"}]},{"@type":"Person","@id":"https:\/\/www.visit-ulcinj.com\/blog\/#\/schema\/person\/dcab619c614d3038751c63bc2aadc06d","name":"ulqini","sameAs":["http:\/\/www.visit-ulcinj.com"],"url":"https:\/\/www.visit-ulcinj.com\/blog\/author\/admin\/"}]}},"jetpack_featured_media_url":"","jetpack_sharing_enabled":true,"jetpack_shortlink":"https:\/\/wp.me\/pe6lTn-1Lv","_links":{"self":[{"href":"https:\/\/www.visit-ulcinj.com\/blog\/wp-json\/wp\/v2\/posts\/6789"}],"collection":[{"href":"https:\/\/www.visit-ulcinj.com\/blog\/wp-json\/wp\/v2\/posts"}],"about":[{"href":"https:\/\/www.visit-ulcinj.com\/blog\/wp-json\/wp\/v2\/types\/post"}],"author":[{"embeddable":true,"href":"https:\/\/www.visit-ulcinj.com\/blog\/wp-json\/wp\/v2\/users\/1"}],"replies":[{"embeddable":true,"href":"https:\/\/www.visit-ulcinj.com\/blog\/wp-json\/wp\/v2\/comments?post=6789"}],"version-history":[{"count":0,"href":"https:\/\/www.visit-ulcinj.com\/blog\/wp-json\/wp\/v2\/posts\/6789\/revisions"}],"wp:attachment":[{"href":"https:\/\/www.visit-ulcinj.com\/blog\/wp-json\/wp\/v2\/media?parent=6789"}],"wp:term":[{"taxonomy":"category","embeddable":true,"href":"https:\/\/www.visit-ulcinj.com\/blog\/wp-json\/wp\/v2\/categories?post=6789"},{"taxonomy":"post_tag","embeddable":true,"href":"https:\/\/www.visit-ulcinj.com\/blog\/wp-json\/wp\/v2\/tags?post=6789"}],"curies":[{"name":"wp","href":"https:\/\/api.w.org\/{rel}","templated":true}]}}