{"id":67897,"date":"2013-01-24T06:55:39","date_gmt":"2013-01-24T05:55:39","guid":{"rendered":"http:\/\/www.visit-ulcinj.com\/blog\/?p=67897"},"modified":"2013-01-24T09:36:41","modified_gmt":"2013-01-24T08:36:41","slug":"novi-katalog-to-ulcinja","status":"publish","type":"post","link":"https:\/\/www.visit-ulcinj.com\/blog\/2013\/01\/24\/novi-katalog-to-ulcinja\/","title":{"rendered":"Novi &#8220;Katalog&#8221; TO Ulcinja"},"content":{"rendered":"<p><strong>Novi &#8220;Katalog&#8221; TO Ulcinja. Katalog sam stavio pod znacima navoda, jer zaista neznam kako da ga nazovem. U svakom slu\u010daju, de\u0161ava se ne\u0161to novo u turisti\u010dkoj ponudi grada.<br \/>\n<a href=\"http:\/\/www.visit-ulcinj.com\/blog\/wp-content\/uploads\/2013\/01\/Novi-Katalog-TO-Ulcinja.jpg\"><img loading=\"lazy\" class=\"alignleft  wp-image-67898\" alt=\"Novi Katalog TO Ulcinja\" src=\"http:\/\/www.visit-ulcinj.com\/blog\/wp-content\/uploads\/2013\/01\/Novi-Katalog-TO-Ulcinja.jpg\" width=\"508\" height=\"600\" \/><\/a><br \/>\n<\/strong><\/p>\n<p>U gradu koji je toliko dugo van tokova one prave turisti\u010dke ponude, svaki novi korak na tom planu vrijedi pomenuti i pozdraviti, i zato bih i podsjetio na onu \u010duvenu re\u010denicu G.Galileja, &#8220;da se ipak okre\u0107e&#8221;&#8230;Mo\u017eda \u0107e i kod nas jednom po\u010deti da se ponovo &#8220;okre\u0107e&#8221; i zato mislim da je ovo veliki korak. Vjerujem da \u0107e &#8220;Katalog&#8221; uskoro biti \u0161tampan i na crnogorskom, albanskom i njema\u010dkom jeziku. Ja sam ga danas malo pogledao, fotografisao glavne stranice i zbog \u0161ire javnosti objavljujem na mojoj stranici fcb.Naravno, vjerujem da \u0107e mnogi na\u0107i i nedostatke, ali siguran sam da on ima mnogo vi\u0161e pozitivnih karakteristika i zbog toga treba podr\u017eati TO Ulcinja, koja se zaista potrudila da nakon dugo vremena na\u0161 grad dobije ne\u0161to koje vrijedi prezentirati svijetu. Za informaciju \u010ditaocima, ono malo hotelskog smje\u0161taja koje imamo je tu, kao i privatan smje\u0161taj. Restorani i ugostiteljski objekti su djelimi\u010dno zastuljeni. Tu su i prirodne ljepote, pla\u017ee, Valdanos i naravno dio kulturno istorijskih spomenika. Naravno, Stari grad je u centru na naslovnoj strani, kao magnet koji treba da privu\u010de poglede gostiju kojima je &#8220;Katalog&#8221; namijenjen. Stari grad je spomenik na\u0161e kulturne ba\u0161tine I kategorije, mjesto \u017eivljenja i kretanja hiljade gostiju iz zemlje i iz inostranstva, ali sumnjam da \u0107e se gosti odu\u0161eviti, kada vide koliko se u njega ula\u017ee i koliko Dr\u017eava i lokalna uprava o njemu brinu. Podsje\u0107am ih da se u njega mora ulagati kako bi se revitalizovao restaurirao, i na taj na\u010din bi se turisti\u010dka ponuda obogatila i bila dostupnija kvalitetnim gostima. Uostalom, na naslovnoj stranici izgleda lijepo i privla\u010dno, &#8220;Katalog&#8221; je ra\u0111en i \u0161tampan na finom papiru, sa lijepim kolor fotografijama i sa puno informacija. Meni li\u010dno nedostaje restoran &#8220;Antigona&#8221; koji van svake sumnje zaslu\u017euje da bude tu, tim vi\u0161e \u0161to se sa njegove prelijepe terase pru\u017ea neponovljiv pogled, na &#8220;Mali i Veliki Kr\u0161&#8221; od Limana, a da ne govorimo da se sa te terase vidi horizont i najljep\u0161i zalasci sunca na Jadranu. Vjerujem da je ovo jedan novi po\u010detak u turisti\u010dkoj ponudi na\u0161eg grada i da takve poku\u0161aje i ideje treba pozdraviti&#8230;<\/p>\n<p><strong>Ismet Karamanaga<\/strong><br \/>\n<iframe loading=\"lazy\" src=\"http:\/\/www.youtube.com\/embed\/hAyIf_y34eQ?rel=0\" height=\"360\" width=\"508\" allowfullscreen=\"\" frameborder=\"0\"><\/iframe><\/p>\n","protected":false},"excerpt":{"rendered":"<p>Novi &#8220;Katalog&#8221; TO Ulcinja. Katalog sam stavio pod znacima navoda, jer zaista neznam kako da ga nazovem. U svakom slu\u010daju, de\u0161ava se ne\u0161to novo u turisti\u010dkoj ponudi grada. U gradu koji je toliko dugo van tokova one prave turisti\u010dke ponude, svaki novi korak na tom planu vrijedi pomenuti i pozdraviti, i zato bih i podsjetio [&hellip;]<\/p>\n","protected":false},"author":1,"featured_media":0,"comment_status":"open","ping_status":"closed","sticky":false,"template":"","format":"standard","meta":{"spay_email":"","jetpack_publicize_message":"","jetpack_is_tweetstorm":false,"jetpack_publicize_feature_enabled":true},"categories":[8337],"tags":[12420,19],"jetpack_publicize_connections":[],"yoast_head":"<!-- This site is optimized with the Yoast SEO plugin v19.1 - https:\/\/yoast.com\/wordpress\/plugins\/seo\/ -->\n<title>Novi &quot;Katalog&quot; TO Ulcinja - Lajme nga Ulqini<\/title>\n<meta name=\"description\" content=\"Novi &quot;Katalog&quot; TO Ulcinja. Katalog sam stavio pod znacima navoda, jer zaista neznam kako da ga nazovem. U svakom slu\u010daju, de\u0161ava se ne\u0161to novo u\" \/>\n<meta name=\"robots\" content=\"index, follow, max-snippet:-1, max-image-preview:large, max-video-preview:-1\" \/>\n<link rel=\"canonical\" href=\"https:\/\/www.visit-ulcinj.com\/blog\/2013\/01\/24\/novi-katalog-to-ulcinja\/\" \/>\n<meta property=\"og:locale\" content=\"en_US\" \/>\n<meta property=\"og:type\" content=\"article\" \/>\n<meta property=\"og:title\" content=\"Novi &quot;Katalog&quot; TO Ulcinja - Lajme nga Ulqini\" \/>\n<meta property=\"og:description\" content=\"Novi &quot;Katalog&quot; TO Ulcinja. Katalog sam stavio pod znacima navoda, jer zaista neznam kako da ga nazovem. U svakom slu\u010daju, de\u0161ava se ne\u0161to novo u\" \/>\n<meta property=\"og:url\" content=\"https:\/\/www.visit-ulcinj.com\/blog\/2013\/01\/24\/novi-katalog-to-ulcinja\/\" \/>\n<meta property=\"og:site_name\" content=\"Lajme nga Ulqini\" \/>\n<meta property=\"article:published_time\" content=\"2013-01-24T05:55:39+00:00\" \/>\n<meta property=\"article:modified_time\" content=\"2013-01-24T08:36:41+00:00\" \/>\n<meta property=\"og:image\" content=\"http:\/\/www.visit-ulcinj.com\/blog\/wp-content\/uploads\/2013\/01\/Novi-Katalog-TO-Ulcinja.jpg\" \/>\n<meta name=\"twitter:label1\" content=\"Written by\" \/>\n\t<meta name=\"twitter:data1\" content=\"ulqini\" \/>\n\t<meta name=\"twitter:label2\" content=\"Est. reading time\" \/>\n\t<meta name=\"twitter:data2\" content=\"2 minutes\" \/>\n<script type=\"application\/ld+json\" class=\"yoast-schema-graph\">{\"@context\":\"https:\/\/schema.org\",\"@graph\":[{\"@type\":\"WebSite\",\"@id\":\"https:\/\/www.visit-ulcinj.com\/blog\/#website\",\"url\":\"https:\/\/www.visit-ulcinj.com\/blog\/\",\"name\":\"Lajme nga Ulqini\",\"description\":\"Lajme,Vijesti,Ulqini,Ulqin,Crna Gora,Mali i Zi\",\"potentialAction\":[{\"@type\":\"SearchAction\",\"target\":{\"@type\":\"EntryPoint\",\"urlTemplate\":\"https:\/\/www.visit-ulcinj.com\/blog\/?s={search_term_string}\"},\"query-input\":\"required name=search_term_string\"}],\"inLanguage\":\"en-US\"},{\"@type\":\"ImageObject\",\"inLanguage\":\"en-US\",\"@id\":\"https:\/\/www.visit-ulcinj.com\/blog\/2013\/01\/24\/novi-katalog-to-ulcinja\/#primaryimage\",\"url\":\"https:\/\/www.visit-ulcinj.com\/blog\/wp-content\/uploads\/2013\/01\/Novi-Katalog-TO-Ulcinja.jpg\",\"contentUrl\":\"https:\/\/www.visit-ulcinj.com\/blog\/wp-content\/uploads\/2013\/01\/Novi-Katalog-TO-Ulcinja.jpg\",\"width\":508,\"height\":702},{\"@type\":\"WebPage\",\"@id\":\"https:\/\/www.visit-ulcinj.com\/blog\/2013\/01\/24\/novi-katalog-to-ulcinja\/#webpage\",\"url\":\"https:\/\/www.visit-ulcinj.com\/blog\/2013\/01\/24\/novi-katalog-to-ulcinja\/\",\"name\":\"Novi \\\"Katalog\\\" TO Ulcinja - Lajme nga Ulqini\",\"isPartOf\":{\"@id\":\"https:\/\/www.visit-ulcinj.com\/blog\/#website\"},\"primaryImageOfPage\":{\"@id\":\"https:\/\/www.visit-ulcinj.com\/blog\/2013\/01\/24\/novi-katalog-to-ulcinja\/#primaryimage\"},\"datePublished\":\"2013-01-24T05:55:39+00:00\",\"dateModified\":\"2013-01-24T08:36:41+00:00\",\"author\":{\"@id\":\"https:\/\/www.visit-ulcinj.com\/blog\/#\/schema\/person\/dcab619c614d3038751c63bc2aadc06d\"},\"description\":\"Novi \\\"Katalog\\\" TO Ulcinja. Katalog sam stavio pod znacima navoda, jer zaista neznam kako da ga nazovem. U svakom slu\u010daju, de\u0161ava se ne\u0161to novo u\",\"breadcrumb\":{\"@id\":\"https:\/\/www.visit-ulcinj.com\/blog\/2013\/01\/24\/novi-katalog-to-ulcinja\/#breadcrumb\"},\"inLanguage\":\"en-US\",\"potentialAction\":[{\"@type\":\"ReadAction\",\"target\":[\"https:\/\/www.visit-ulcinj.com\/blog\/2013\/01\/24\/novi-katalog-to-ulcinja\/\"]}]},{\"@type\":\"BreadcrumbList\",\"@id\":\"https:\/\/www.visit-ulcinj.com\/blog\/2013\/01\/24\/novi-katalog-to-ulcinja\/#breadcrumb\",\"itemListElement\":[{\"@type\":\"ListItem\",\"position\":1,\"name\":\"Novi &#8220;Katalog&#8221; TO Ulcinja\"}]},{\"@type\":\"Person\",\"@id\":\"https:\/\/www.visit-ulcinj.com\/blog\/#\/schema\/person\/dcab619c614d3038751c63bc2aadc06d\",\"name\":\"ulqini\",\"sameAs\":[\"http:\/\/www.visit-ulcinj.com\"],\"url\":\"https:\/\/www.visit-ulcinj.com\/blog\/author\/admin\/\"}]}<\/script>\n<!-- \/ Yoast SEO plugin. -->","yoast_head_json":{"title":"Novi \"Katalog\" TO Ulcinja - Lajme nga Ulqini","description":"Novi \"Katalog\" TO Ulcinja. Katalog sam stavio pod znacima navoda, jer zaista neznam kako da ga nazovem. U svakom slu\u010daju, de\u0161ava se ne\u0161to novo u","robots":{"index":"index","follow":"follow","max-snippet":"max-snippet:-1","max-image-preview":"max-image-preview:large","max-video-preview":"max-video-preview:-1"},"canonical":"https:\/\/www.visit-ulcinj.com\/blog\/2013\/01\/24\/novi-katalog-to-ulcinja\/","og_locale":"en_US","og_type":"article","og_title":"Novi \"Katalog\" TO Ulcinja - Lajme nga Ulqini","og_description":"Novi \"Katalog\" TO Ulcinja. Katalog sam stavio pod znacima navoda, jer zaista neznam kako da ga nazovem. U svakom slu\u010daju, de\u0161ava se ne\u0161to novo u","og_url":"https:\/\/www.visit-ulcinj.com\/blog\/2013\/01\/24\/novi-katalog-to-ulcinja\/","og_site_name":"Lajme nga Ulqini","article_published_time":"2013-01-24T05:55:39+00:00","article_modified_time":"2013-01-24T08:36:41+00:00","og_image":[{"url":"http:\/\/www.visit-ulcinj.com\/blog\/wp-content\/uploads\/2013\/01\/Novi-Katalog-TO-Ulcinja.jpg"}],"twitter_misc":{"Written by":"ulqini","Est. reading time":"2 minutes"},"schema":{"@context":"https:\/\/schema.org","@graph":[{"@type":"WebSite","@id":"https:\/\/www.visit-ulcinj.com\/blog\/#website","url":"https:\/\/www.visit-ulcinj.com\/blog\/","name":"Lajme nga Ulqini","description":"Lajme,Vijesti,Ulqini,Ulqin,Crna Gora,Mali i Zi","potentialAction":[{"@type":"SearchAction","target":{"@type":"EntryPoint","urlTemplate":"https:\/\/www.visit-ulcinj.com\/blog\/?s={search_term_string}"},"query-input":"required name=search_term_string"}],"inLanguage":"en-US"},{"@type":"ImageObject","inLanguage":"en-US","@id":"https:\/\/www.visit-ulcinj.com\/blog\/2013\/01\/24\/novi-katalog-to-ulcinja\/#primaryimage","url":"https:\/\/www.visit-ulcinj.com\/blog\/wp-content\/uploads\/2013\/01\/Novi-Katalog-TO-Ulcinja.jpg","contentUrl":"https:\/\/www.visit-ulcinj.com\/blog\/wp-content\/uploads\/2013\/01\/Novi-Katalog-TO-Ulcinja.jpg","width":508,"height":702},{"@type":"WebPage","@id":"https:\/\/www.visit-ulcinj.com\/blog\/2013\/01\/24\/novi-katalog-to-ulcinja\/#webpage","url":"https:\/\/www.visit-ulcinj.com\/blog\/2013\/01\/24\/novi-katalog-to-ulcinja\/","name":"Novi \"Katalog\" TO Ulcinja - Lajme nga Ulqini","isPartOf":{"@id":"https:\/\/www.visit-ulcinj.com\/blog\/#website"},"primaryImageOfPage":{"@id":"https:\/\/www.visit-ulcinj.com\/blog\/2013\/01\/24\/novi-katalog-to-ulcinja\/#primaryimage"},"datePublished":"2013-01-24T05:55:39+00:00","dateModified":"2013-01-24T08:36:41+00:00","author":{"@id":"https:\/\/www.visit-ulcinj.com\/blog\/#\/schema\/person\/dcab619c614d3038751c63bc2aadc06d"},"description":"Novi \"Katalog\" TO Ulcinja. Katalog sam stavio pod znacima navoda, jer zaista neznam kako da ga nazovem. U svakom slu\u010daju, de\u0161ava se ne\u0161to novo u","breadcrumb":{"@id":"https:\/\/www.visit-ulcinj.com\/blog\/2013\/01\/24\/novi-katalog-to-ulcinja\/#breadcrumb"},"inLanguage":"en-US","potentialAction":[{"@type":"ReadAction","target":["https:\/\/www.visit-ulcinj.com\/blog\/2013\/01\/24\/novi-katalog-to-ulcinja\/"]}]},{"@type":"BreadcrumbList","@id":"https:\/\/www.visit-ulcinj.com\/blog\/2013\/01\/24\/novi-katalog-to-ulcinja\/#breadcrumb","itemListElement":[{"@type":"ListItem","position":1,"name":"Novi &#8220;Katalog&#8221; TO Ulcinja"}]},{"@type":"Person","@id":"https:\/\/www.visit-ulcinj.com\/blog\/#\/schema\/person\/dcab619c614d3038751c63bc2aadc06d","name":"ulqini","sameAs":["http:\/\/www.visit-ulcinj.com"],"url":"https:\/\/www.visit-ulcinj.com\/blog\/author\/admin\/"}]}},"jetpack_featured_media_url":"","jetpack_sharing_enabled":true,"jetpack_shortlink":"https:\/\/wp.me\/pe6lTn-hF7","_links":{"self":[{"href":"https:\/\/www.visit-ulcinj.com\/blog\/wp-json\/wp\/v2\/posts\/67897"}],"collection":[{"href":"https:\/\/www.visit-ulcinj.com\/blog\/wp-json\/wp\/v2\/posts"}],"about":[{"href":"https:\/\/www.visit-ulcinj.com\/blog\/wp-json\/wp\/v2\/types\/post"}],"author":[{"embeddable":true,"href":"https:\/\/www.visit-ulcinj.com\/blog\/wp-json\/wp\/v2\/users\/1"}],"replies":[{"embeddable":true,"href":"https:\/\/www.visit-ulcinj.com\/blog\/wp-json\/wp\/v2\/comments?post=67897"}],"version-history":[{"count":4,"href":"https:\/\/www.visit-ulcinj.com\/blog\/wp-json\/wp\/v2\/posts\/67897\/revisions"}],"predecessor-version":[{"id":67936,"href":"https:\/\/www.visit-ulcinj.com\/blog\/wp-json\/wp\/v2\/posts\/67897\/revisions\/67936"}],"wp:attachment":[{"href":"https:\/\/www.visit-ulcinj.com\/blog\/wp-json\/wp\/v2\/media?parent=67897"}],"wp:term":[{"taxonomy":"category","embeddable":true,"href":"https:\/\/www.visit-ulcinj.com\/blog\/wp-json\/wp\/v2\/categories?post=67897"},{"taxonomy":"post_tag","embeddable":true,"href":"https:\/\/www.visit-ulcinj.com\/blog\/wp-json\/wp\/v2\/tags?post=67897"}],"curies":[{"name":"wp","href":"https:\/\/api.w.org\/{rel}","templated":true}]}}