{"id":679,"date":"2008-02-27T17:35:02","date_gmt":"2008-02-27T22:35:02","guid":{"rendered":"http:\/\/www.visit-ulcinj.com\/blog\/2008\/02\/27\/ulqinville-albanaise-mythique\/"},"modified":"2008-07-02T13:17:19","modified_gmt":"2008-07-02T18:17:19","slug":"ulqinville-albanaise-mythique","status":"publish","type":"post","link":"https:\/\/www.visit-ulcinj.com\/blog\/2008\/02\/27\/ulqinville-albanaise-mythique\/","title":{"rendered":"Ulqin,ville albanaise mythique"},"content":{"rendered":"<p><a title=\"La vieille ville Ulqin\" rel=\"lightbox[pics679]\" href=\"http:\/\/www.visit-ulcinj.com\/blog\/wp-content\/uploads\/2008\/02\/la-vieille-ville-ulqin.jpg\"><img loading=\"lazy\" src=\"http:\/\/www.visit-ulcinj.com\/blog\/wp-content\/uploads\/2008\/02\/la-vieille-ville-ulqin.thumbnail.jpg\" alt=\"La vieille ville Ulqin\" width=\"200\" height=\"133\" align=\"left\" \/><\/a>La vieille ville dont la forteresse porte l&#8217;empreinte d&#8217;architecture v\u00e9nitienne. Pour commencer, <a title=\"ulcinj,ulqini,ulqin,montenegro\" href=\"http:\/\/www.visit-ulcinj.com\/gallery\/main.php\" target=\"_blank\">Ulqin<\/a> est une sorte de St-Tropez albanais. De nombreux Albanais c\u00e9l\u00e8bres et anonymes d&#8217;Albanie, Kosovo et Mac\u00e9doine y viennent passer leurs vacances. Mais l\u2019on trouve \u00e9galement des nombreux touristes venus de divers horizons (ex-Yougoslaves, Italiens, Allemands, Anglais, Fran\u00e7ais, Am\u00e9ricains\u2026). L&#8217;\u00e9t\u00e9, tous les soirs, <a title=\"ulcinj,ulqini,ulqin,montenegro\" href=\"http:\/\/www.visit-ulcinj.com\/gallery\/main.php\" target=\"_blank\">Ulqin<\/a> vibre sous la musique des chanteurs albanais venus de tous les coins albanophones qui animent les soir\u00e9es d&#8217;innombrables caf\u00e9s, restaurants, h\u00f4tels, nigth-clubs, discos et divers clubs de loisirs. Et l&#8217;on trouve m\u00eame des chanteurs mont\u00e9n\u00e9grins, bosniaques et serbes qui animent des soir\u00e9es \u00e0 Ulqin devant des publics m\u00eal\u00e9s. Au sud de la ville se trouve une longe plage de sable de 13 km, qui peut accueillir jusqu\u2019\u00e0 150 000 personnes. C\u2019est cette plage qui est la force touristique d\u2019Ulqin, sans oublier la forteresse de la vieille ville qui a vu passer de nombreux conqu\u00e9rants et envahisseurs.<\/p>\n<p>Pour l\u2019histoire, <a title=\"ulcinj,ulqini,ulqin,montenegro\" href=\"http:\/\/www.visit-ulcinj.com\/gallery\/main.php\" target=\"_blank\">Ulqin <\/a>fut habit\u00e9 \u00e0 l\u2019origine par la petite tribu des Ulciniens qui fut une branche de la grande tribu illyrienne des Lab\u00e9ates (Mont\u00e9n\u00e9gro + Albanie du Nord) dont faisait aussi partie les Scodriens (de Shkodra). Le lac de Shkodra portait d\u2019ailleurs \u00e0 l\u2019origine le nom de Lac Lab\u00e9ates. Chaque tribu illyrienne avait un symbole tot\u00e9mique (ou chamaniste) qui pouvait \u00eatre soit un animal, un arbre ou une plante, ou une cr\u00e9ature fantastique. Et la tribu illyrienne des Ulciniens avait pour embl\u00e8me tribal le loup. Pourquoi cet animal ? D\u00e9j\u00e0 le loup existe encore de nos jours dans la r\u00e9gion mais il est cantonn\u00e9 dans les montagnes pour se cacher de l\u2019homme, mais autrefois cet animal \u00e9tait tr\u00e8s nombreux dans le coin. Si bien que les Illyriens du coin ont pris le loup comme symbole de leur communaut\u00e9. En illyrien le loup se dit ULK. Ce qui a donn\u00e9 le nom de ULKINON,<a title=\"Ulkinon_ulqin\" rel=\"lightbox[pics-1204150524]\" href=\"http:\/\/www.visit-ulcinj.com\/blog\/wp-content\/uploads\/2008\/02\/ulkinon_ulqin.gif\"><img loading=\"lazy\" src=\"http:\/\/www.visit-ulcinj.com\/blog\/wp-content\/uploads\/2008\/02\/ulkinon_ulqin.thumbnail.gif\" alt=\"Ulkinon_ulqin\" width=\"117\" height=\"200\" align=\"right\" \/><\/a> c\u2019est-\u00e0-dire <a title=\"ulcinj,ulqini,ulqin,montenegro\" href=\"http:\/\/www.visit-ulcinj.com\/gallery\/main.php\" target=\"_blank\">Ulqin<\/a> en langue illyrienne. Et le ULK illyrien a donn\u00e9 en albanais le mot UJK = loup. Il y a 2500 ans environs, des colons grecs originaires de Colchide (le pays de la Toison d\u2019Or) ont trouv\u00e9 refuge apr\u00e8s leur long p\u00e9riple chez les Ulciniens. Et ensemble, Grecs et Illyriens fond\u00e8rent la cit\u00e9 de Ulkinon (en illyrien) ou Ulkos (en grec ancien). Le po\u00e8te Apollonios de Rhodes dans l\u2019un de ses po\u00e8mes (s\u00fbrement les Argonautiques) fait mention des Grecs de Colchide venus s\u2019installer chez les Illyriens d\u2019Ulkinon. Selon lui, une co\u00efncidence divine a fait venir les Grecs de Kolkhis \u00e0 Ulkos (Ulkinon). dont les toponymies se rapprochent. Avec le temps ces colons Grecs vont devenir Illyriens et partager un destin commun avec les autochtones locaux. Puis sont venus les Romains qui baptis\u00e8rent la cit\u00e9 Ulcinium (ou Olcinium selon les versions) en latin. Au d\u00e9but du moyen-\u00e2ge vers 1350 <a title=\"ulcinj,ulqini,ulqin,montenegro\" href=\"http:\/\/www.visit-ulcinj.com\/gallery\/main.php\" target=\"_blank\">Ulqin<\/a> est sous contr\u00f4le de la dynastie albanaise des Balshaj qui dominera pendant plusieurs g\u00e9n\u00e9rations une partie du Mont\u00e9n\u00e9gro et de l\u2019Albanie du nord. Et l\u2019embl\u00e8me f\u00e9odal de cette dynastie albanaise est le loup, qui d\u00e9rive bien-s\u00fbr de l\u2019embl\u00e8me des Illyriens d\u2019Ulqin depuis l\u2019antiquit\u00e9 :<br \/>\nEn 1420 les Turcs d\u00e9barquent en Albanie du nord, mais Ulqin et Shkodra r\u00e9sistent gr\u00e2ce au soutien de Venise qui a fait d\u00e9barquer son arm\u00e9e pour soutenir les derniers Albanais encore libres. M\u00eame les Mont\u00e9n\u00e9grins de la dynastie des Crnojevic (futurs fondateurs du Mont\u00e9n\u00e9gro) se battent aux c\u00f4t\u00e9s des V\u00e9nitiens et des Albanais repr\u00e9sent\u00e9s par les dynasties Balshaj et Kastrioti contre les Turcs. En 1468, Shkodra (qui se trouve \u00e0 40 km d\u2019Ulqin) tombe aux mains des Turcs malgr\u00e9 la r\u00e9sistance acharn\u00e9e des Albanais, Mont\u00e9n\u00e9grins et V\u00e9nitiens. En 1469 les Turcs poursuivent leurs offensives et chassent les Crnojevic hors de Zeta o\u00f9 ces derniers vont se r\u00e9fugier dans les montagnes de Cetinje pour fonder plus tard le Mont\u00e9n\u00e9gro. Les Turcs chassent m\u00eame les Balshaj de leurs derni\u00e8res possessions, mais \u00e9chouent devant <a title=\"ulcinj,ulqini,ulqin,montenegro\" href=\"http:\/\/www.visit-ulcinj.com\/gallery\/main.php\" target=\"_blank\">Ulqin<\/a> d\u00e9fendus par les V\u00e9nitiens. En 1470 <a title=\"ulcinj,ulqini,ulqin,montenegro\" href=\"http:\/\/www.visit-ulcinj.com\/gallery\/main.php\" target=\"_blank\">Ulqin<\/a>, devenue Dulcigno par la forte pr\u00e9sence v\u00e9nitienne, est la derni\u00e8re cit\u00e9 albanaise encore libre, pendant que toute l\u2019Albanie de l\u2019Epire \u00e0 Shkodra est tomb\u00e9e aux mains des Turcs. Les V\u00e9nitiens vont placer une garnison militaire permanente \u00e0 <a title=\"ulcinj,ulqini,ulqin,montenegro\" href=\"http:\/\/www.visit-ulcinj.com\/gallery\/main.php\" target=\"_blank\">Ulqin<\/a>, et vont m\u00eame nommer la c\u00f4te de Ulqin \u00e0 Kotor l\u2019Albanie v\u00e9nitienne, par opposition \u00e0 l\u2019Albanie ottomane. Mais les V\u00e9nitiens n\u2019arriveront jamais \u00e0 reprendre l\u2019Albanie occup\u00e9e aux Turcs, malgr\u00e9 leurs nombreuses tentatives. En 1536, le calabrais Giovanni Dionigi Galeni est kidnapp\u00e9 \u00e0 l\u2019\u00e2ge de 16 ans par le corsaire turc Barberousse au large de Naples. Convertit \u00e0 l\u2019islam sous le nom de Uludj Ali, l\u2019ex-calabrais devient corsaire turc \u00e0 son tour et c\u2019est lui qui bat les V\u00e9nitiens \u00e0 Dulcigno (Ulqin) en 1571 et qui donc s\u2019empare de la derni\u00e8re cit\u00e9 albanaise encore libre. Il a r\u00e9ussit l\u00e0 o\u00f9 les Turcs avaient \u00e9chou\u00e9s devant <a title=\"ulcinj,ulqini,ulqin,montenegro\" href=\"http:\/\/www.visit-ulcinj.com\/gallery\/main.php\" target=\"_blank\">Ulqin<\/a> depuis 1468. Donc en 1571 Ulqin, l\u2019ancien Dulcigno, est aux mains des Turcs ! D\u00e8s lors il n\u2019y a plus de r\u00e9gions albanaises libres puisque justement Ulqin symbolisait dans l\u2019histoire albanaise comme \u00e9tant la derni\u00e8re cit\u00e9 albanaise libre de l\u2019occupation turque. Donc d\u00e8s 1571 l\u2019empreinte v\u00e9nitienne, encore visible de nos jours dans la forteresse de la vieille ville, laisse sa place \u00e0 Ulqin au profit de l\u2019empreinte orientale. Mais concernant la p\u00e9riode de l\u2019occupation turque de <a title=\"ulcinj,ulqini,ulqin,montenegro\" href=\"http:\/\/www.visit-ulcinj.com\/gallery\/main.php\" target=\"_blank\">Ulqin<\/a>, il n\u2019y a rien \u00e0 dire vu que ces derniers n\u2019ont rien apport\u00e9 d\u2019int\u00e9ressant contrairement aux V\u00e9nitiens. En 1878, suite aux accord du Congr\u00e8s de Berlin, la Turquie donne Ulqin au royaume du Mont\u00e9n\u00e9gro, ce qui provoque la col\u00e8re de la Ligue de Prizren qui jusque l\u00e0 demandait une autonomie albanaise au sein de la Turquie mais avec la perte de <a title=\"ulcinj,ulqini,ulqin,montenegro\" href=\"http:\/\/www.visit-ulcinj.com\/gallery\/main.php\" target=\"_blank\">Ulqin<\/a> les Albanais de la Ligue vont prendre les armes contre les Turcs o\u00f9 il tiendront jusqu\u2019en 1881 avant d\u2019\u00eatre \u00e9cras\u00e9 dans le sang \u00e0 cette date. Donc le Mont\u00e9n\u00e9gro a du attendre 1880 pour s\u2019emparer de Ulqin, le temps que les Turcs \u00e9crasent la r\u00e9volte albanaise de Ulqin qui protestait contre les accords du Trait\u00e9 de Berlin, puis les Turcs \u00e9crase les autres insurg\u00e9s albanais au Kosovo et Mac\u00e9doine jusqu\u2019en 1881 qui protestaient eux aussi contre la remise par la Turquie de <a title=\"ulcinj,ulqini,ulqin,montenegro\" href=\"http:\/\/www.visit-ulcinj.com\/gallery\/main.php\" target=\"_blank\">Ulqin<\/a> au Mont\u00e9n\u00e9gro. C\u2019et justement le fait que la Turquie a vendu <a title=\"ulcinj,ulqini,ulqin,montenegro\" href=\"http:\/\/www.visit-ulcinj.com\/gallery\/main.php\" target=\"_blank\">Ulqin<\/a> derri\u00e8re le dos des Albanais au Congr\u00e8s de Berlin que \u00e0 partir de l\u00e0 les relation entre Albanais et Turcs se sont d\u00e9t\u00e9rior\u00e9s. La preuve en est qu\u2019en Kosovo et Mac\u00e9doine o\u00f9 ces regions \u00e9taient cosmopolites il y a encore de nos jours des Tucs, mais \u00e0l\u2019inverse lors de l\u2019ind\u00e9pendance de l\u2019Albanie en 1913 les Albanais ont proc\u00e9d\u00e9s \u00e0 un nettoyage ethnique anti-turc en repr\u00e9sailles de ce que la Turquie a vendu <a title=\"ulcinj,ulqini,ulqin,montenegro\" href=\"http:\/\/www.visit-ulcinj.com\/gallery\/main.php\" target=\"_blank\">Ulqin<\/a> 25 ans auparavant. Et je suis m\u00eame certains que si c\u2019\u00e9tait l\u2019Albanie qui avait pris le Kosovo et la Mac\u00e9doine en 1913 les Albanais auraient vid\u00e9s ces r\u00e9gions de toutes populations turques par simple vengeance parce que justement <a title=\"ulcinj,ulqini,ulqin,montenegro\" href=\"http:\/\/www.visit-ulcinj.com\/gallery\/main.php\" target=\"_blank\">Ulqin<\/a> repr\u00e9sente \u00e9norm\u00e9ment pour les Albanais.<\/p>\n<p>Voil\u00e0 pour la partie historique. A pr\u00e9sent quelques photos d\u2019<a title=\"ulcinj,ulqini,ulqin,montenegro\" href=\"http:\/\/www.visit-ulcinj.com\/gallery\/main.php\" target=\"_blank\">Ulqin (Ulcinj<\/a> en version internationale):<\/p>\n<!-- vimeo error: not a vimeo video -->\n","protected":false},"excerpt":{"rendered":"<p><img loading=\"lazy\" src=\"http:\/\/www.visit-ulcinj.com\/blog\/wp-content\/uploads\/2008\/02\/la-vieille-ville-ulqin.thumbnail.jpg\" alt=\"La vieille ville Ulqin\" align=\"left\" height=\"140\" width=\"140\" \/><\/p>\n","protected":false},"author":1,"featured_media":0,"comment_status":"open","ping_status":"closed","sticky":false,"template":"","format":"standard","meta":{"spay_email":"","jetpack_publicize_message":"","jetpack_is_tweetstorm":false,"jetpack_publicize_feature_enabled":true},"categories":[15],"tags":[1974,1982,811,1975,1919,1976,1981,1980,1075,1979,788,1972,1973,1327,792,1977,1978,19,200],"jetpack_publicize_connections":[],"yoast_head":"<!-- This site is optimized with the Yoast SEO plugin v19.1 - https:\/\/yoast.com\/wordpress\/plugins\/seo\/ -->\n<title>Ulqin,ville albanaise mythique - Lajme nga Ulqini<\/title>\n<meta name=\"robots\" content=\"index, follow, max-snippet:-1, max-image-preview:large, max-video-preview:-1\" \/>\n<link rel=\"canonical\" href=\"https:\/\/www.visit-ulcinj.com\/blog\/2008\/02\/27\/ulqinville-albanaise-mythique\/\" \/>\n<meta property=\"og:locale\" content=\"en_US\" \/>\n<meta property=\"og:type\" content=\"article\" \/>\n<meta property=\"og:title\" content=\"Ulqin,ville albanaise mythique - Lajme nga Ulqini\" \/>\n<meta property=\"og:url\" content=\"https:\/\/www.visit-ulcinj.com\/blog\/2008\/02\/27\/ulqinville-albanaise-mythique\/\" \/>\n<meta property=\"og:site_name\" content=\"Lajme nga Ulqini\" \/>\n<meta property=\"article:published_time\" content=\"2008-02-27T22:35:02+00:00\" \/>\n<meta property=\"article:modified_time\" content=\"2008-07-02T18:17:19+00:00\" \/>\n<meta property=\"og:image\" content=\"http:\/\/www.visit-ulcinj.com\/blog\/wp-content\/uploads\/2008\/02\/la-vieille-ville-ulqin.thumbnail.jpg\" \/>\n<meta name=\"twitter:label1\" content=\"Written by\" \/>\n\t<meta name=\"twitter:data1\" content=\"ulqini\" \/>\n\t<meta name=\"twitter:label2\" content=\"Est. reading time\" \/>\n\t<meta name=\"twitter:data2\" content=\"6 minutes\" \/>\n<script type=\"application\/ld+json\" class=\"yoast-schema-graph\">{\"@context\":\"https:\/\/schema.org\",\"@graph\":[{\"@type\":\"WebSite\",\"@id\":\"https:\/\/www.visit-ulcinj.com\/blog\/#website\",\"url\":\"https:\/\/www.visit-ulcinj.com\/blog\/\",\"name\":\"Lajme nga Ulqini\",\"description\":\"Lajme,Vijesti,Ulqini,Ulqin,Crna Gora,Mali i Zi\",\"potentialAction\":[{\"@type\":\"SearchAction\",\"target\":{\"@type\":\"EntryPoint\",\"urlTemplate\":\"https:\/\/www.visit-ulcinj.com\/blog\/?s={search_term_string}\"},\"query-input\":\"required name=search_term_string\"}],\"inLanguage\":\"en-US\"},{\"@type\":\"ImageObject\",\"inLanguage\":\"en-US\",\"@id\":\"https:\/\/www.visit-ulcinj.com\/blog\/2008\/02\/27\/ulqinville-albanaise-mythique\/#primaryimage\",\"url\":\"http:\/\/www.visit-ulcinj.com\/blog\/wp-content\/uploads\/2008\/02\/la-vieille-ville-ulqin.thumbnail.jpg\",\"contentUrl\":\"http:\/\/www.visit-ulcinj.com\/blog\/wp-content\/uploads\/2008\/02\/la-vieille-ville-ulqin.thumbnail.jpg\"},{\"@type\":\"WebPage\",\"@id\":\"https:\/\/www.visit-ulcinj.com\/blog\/2008\/02\/27\/ulqinville-albanaise-mythique\/#webpage\",\"url\":\"https:\/\/www.visit-ulcinj.com\/blog\/2008\/02\/27\/ulqinville-albanaise-mythique\/\",\"name\":\"Ulqin,ville albanaise mythique - Lajme nga Ulqini\",\"isPartOf\":{\"@id\":\"https:\/\/www.visit-ulcinj.com\/blog\/#website\"},\"primaryImageOfPage\":{\"@id\":\"https:\/\/www.visit-ulcinj.com\/blog\/2008\/02\/27\/ulqinville-albanaise-mythique\/#primaryimage\"},\"datePublished\":\"2008-02-27T22:35:02+00:00\",\"dateModified\":\"2008-07-02T18:17:19+00:00\",\"author\":{\"@id\":\"https:\/\/www.visit-ulcinj.com\/blog\/#\/schema\/person\/dcab619c614d3038751c63bc2aadc06d\"},\"breadcrumb\":{\"@id\":\"https:\/\/www.visit-ulcinj.com\/blog\/2008\/02\/27\/ulqinville-albanaise-mythique\/#breadcrumb\"},\"inLanguage\":\"en-US\",\"potentialAction\":[{\"@type\":\"ReadAction\",\"target\":[\"https:\/\/www.visit-ulcinj.com\/blog\/2008\/02\/27\/ulqinville-albanaise-mythique\/\"]}]},{\"@type\":\"BreadcrumbList\",\"@id\":\"https:\/\/www.visit-ulcinj.com\/blog\/2008\/02\/27\/ulqinville-albanaise-mythique\/#breadcrumb\",\"itemListElement\":[{\"@type\":\"ListItem\",\"position\":1,\"name\":\"Ulqin,ville albanaise mythique\"}]},{\"@type\":\"Person\",\"@id\":\"https:\/\/www.visit-ulcinj.com\/blog\/#\/schema\/person\/dcab619c614d3038751c63bc2aadc06d\",\"name\":\"ulqini\",\"sameAs\":[\"http:\/\/www.visit-ulcinj.com\"],\"url\":\"https:\/\/www.visit-ulcinj.com\/blog\/author\/admin\/\"}]}<\/script>\n<!-- \/ Yoast SEO plugin. -->","yoast_head_json":{"title":"Ulqin,ville albanaise mythique - Lajme nga Ulqini","robots":{"index":"index","follow":"follow","max-snippet":"max-snippet:-1","max-image-preview":"max-image-preview:large","max-video-preview":"max-video-preview:-1"},"canonical":"https:\/\/www.visit-ulcinj.com\/blog\/2008\/02\/27\/ulqinville-albanaise-mythique\/","og_locale":"en_US","og_type":"article","og_title":"Ulqin,ville albanaise mythique - Lajme nga Ulqini","og_url":"https:\/\/www.visit-ulcinj.com\/blog\/2008\/02\/27\/ulqinville-albanaise-mythique\/","og_site_name":"Lajme nga Ulqini","article_published_time":"2008-02-27T22:35:02+00:00","article_modified_time":"2008-07-02T18:17:19+00:00","og_image":[{"url":"http:\/\/www.visit-ulcinj.com\/blog\/wp-content\/uploads\/2008\/02\/la-vieille-ville-ulqin.thumbnail.jpg"}],"twitter_misc":{"Written by":"ulqini","Est. reading time":"6 minutes"},"schema":{"@context":"https:\/\/schema.org","@graph":[{"@type":"WebSite","@id":"https:\/\/www.visit-ulcinj.com\/blog\/#website","url":"https:\/\/www.visit-ulcinj.com\/blog\/","name":"Lajme nga Ulqini","description":"Lajme,Vijesti,Ulqini,Ulqin,Crna Gora,Mali i Zi","potentialAction":[{"@type":"SearchAction","target":{"@type":"EntryPoint","urlTemplate":"https:\/\/www.visit-ulcinj.com\/blog\/?s={search_term_string}"},"query-input":"required name=search_term_string"}],"inLanguage":"en-US"},{"@type":"ImageObject","inLanguage":"en-US","@id":"https:\/\/www.visit-ulcinj.com\/blog\/2008\/02\/27\/ulqinville-albanaise-mythique\/#primaryimage","url":"http:\/\/www.visit-ulcinj.com\/blog\/wp-content\/uploads\/2008\/02\/la-vieille-ville-ulqin.thumbnail.jpg","contentUrl":"http:\/\/www.visit-ulcinj.com\/blog\/wp-content\/uploads\/2008\/02\/la-vieille-ville-ulqin.thumbnail.jpg"},{"@type":"WebPage","@id":"https:\/\/www.visit-ulcinj.com\/blog\/2008\/02\/27\/ulqinville-albanaise-mythique\/#webpage","url":"https:\/\/www.visit-ulcinj.com\/blog\/2008\/02\/27\/ulqinville-albanaise-mythique\/","name":"Ulqin,ville albanaise mythique - Lajme nga Ulqini","isPartOf":{"@id":"https:\/\/www.visit-ulcinj.com\/blog\/#website"},"primaryImageOfPage":{"@id":"https:\/\/www.visit-ulcinj.com\/blog\/2008\/02\/27\/ulqinville-albanaise-mythique\/#primaryimage"},"datePublished":"2008-02-27T22:35:02+00:00","dateModified":"2008-07-02T18:17:19+00:00","author":{"@id":"https:\/\/www.visit-ulcinj.com\/blog\/#\/schema\/person\/dcab619c614d3038751c63bc2aadc06d"},"breadcrumb":{"@id":"https:\/\/www.visit-ulcinj.com\/blog\/2008\/02\/27\/ulqinville-albanaise-mythique\/#breadcrumb"},"inLanguage":"en-US","potentialAction":[{"@type":"ReadAction","target":["https:\/\/www.visit-ulcinj.com\/blog\/2008\/02\/27\/ulqinville-albanaise-mythique\/"]}]},{"@type":"BreadcrumbList","@id":"https:\/\/www.visit-ulcinj.com\/blog\/2008\/02\/27\/ulqinville-albanaise-mythique\/#breadcrumb","itemListElement":[{"@type":"ListItem","position":1,"name":"Ulqin,ville albanaise mythique"}]},{"@type":"Person","@id":"https:\/\/www.visit-ulcinj.com\/blog\/#\/schema\/person\/dcab619c614d3038751c63bc2aadc06d","name":"ulqini","sameAs":["http:\/\/www.visit-ulcinj.com"],"url":"https:\/\/www.visit-ulcinj.com\/blog\/author\/admin\/"}]}},"jetpack_featured_media_url":"","jetpack_sharing_enabled":true,"jetpack_shortlink":"https:\/\/wp.me\/pe6lTn-aX","_links":{"self":[{"href":"https:\/\/www.visit-ulcinj.com\/blog\/wp-json\/wp\/v2\/posts\/679"}],"collection":[{"href":"https:\/\/www.visit-ulcinj.com\/blog\/wp-json\/wp\/v2\/posts"}],"about":[{"href":"https:\/\/www.visit-ulcinj.com\/blog\/wp-json\/wp\/v2\/types\/post"}],"author":[{"embeddable":true,"href":"https:\/\/www.visit-ulcinj.com\/blog\/wp-json\/wp\/v2\/users\/1"}],"replies":[{"embeddable":true,"href":"https:\/\/www.visit-ulcinj.com\/blog\/wp-json\/wp\/v2\/comments?post=679"}],"version-history":[{"count":0,"href":"https:\/\/www.visit-ulcinj.com\/blog\/wp-json\/wp\/v2\/posts\/679\/revisions"}],"wp:attachment":[{"href":"https:\/\/www.visit-ulcinj.com\/blog\/wp-json\/wp\/v2\/media?parent=679"}],"wp:term":[{"taxonomy":"category","embeddable":true,"href":"https:\/\/www.visit-ulcinj.com\/blog\/wp-json\/wp\/v2\/categories?post=679"},{"taxonomy":"post_tag","embeddable":true,"href":"https:\/\/www.visit-ulcinj.com\/blog\/wp-json\/wp\/v2\/tags?post=679"}],"curies":[{"name":"wp","href":"https:\/\/api.w.org\/{rel}","templated":true}]}}