{"id":67907,"date":"2013-01-24T08:01:29","date_gmt":"2013-01-24T07:01:29","guid":{"rendered":"http:\/\/www.visit-ulcinj.com\/blog\/?p=67907"},"modified":"2013-01-24T08:01:29","modified_gmt":"2013-01-24T07:01:29","slug":"vildane-zeneli-fanse-e-elvana-gjates","status":"publish","type":"post","link":"https:\/\/www.visit-ulcinj.com\/blog\/2013\/01\/24\/vildane-zeneli-fanse-e-elvana-gjates\/","title":{"rendered":"Vildane Zeneli fanse e Elvana Gjat\u00ebs"},"content":{"rendered":"<p><strong>Vildane Zeneli ka zbuluar shijen e saj muzikore nga muzika shqiptare, dhe me plot krenari thot\u00eb se admiron Elvana Gjat\u00ebn.<\/strong><\/p>\n<p>N\u00eb nj\u00eb postim n\u00eb faqen zyrtare t\u00eb saj, modelja shqiptare ka treguar se kush \u00ebsht\u00eb k\u00ebng\u00ebtarja e preferuar shqiptare e saj.<\/p>\n<p>\u201cNjer\u00ebzit m\u00eb pyesin shpesh a nd\u00ebgjoj muzik\u00eb shqiptare, p\u00ebrgjigja ime \u00ebsht\u00eb po\u2026muzik\u00ebn e Elvana Gjat\u00ebs!!! Ajo \u00ebsht\u00eb e mrekullueshme\/artiste e v\u00ebrtet\u00eb!!\u201d, ka shkruar modelja n\u00eb faqen e saj zyrtare n\u00eb \u201cFacebook\u201d.<br \/>\n<a href=\"http:\/\/www.visit-ulcinj.com\/blog\/wp-content\/uploads\/2013\/01\/Vildane-Zeneli.jpg\"><img loading=\"lazy\" class=\"alignleft  wp-image-67908\" alt=\"Vildane Zeneli\" src=\"http:\/\/www.visit-ulcinj.com\/blog\/wp-content\/uploads\/2013\/01\/Vildane-Zeneli.jpg\" width=\"508\" height=\"360\" \/><\/a><\/p>\n<p>E p\u00eblqimit t\u00eb modeles, i\u2019u ka bashkangjitur edhe k\u00ebng\u00ebtari i cili po ka sukses mjaft t\u00eb madh dit\u00ebve t\u00eb fundit, dhe po cil\u00ebsohet si fenomen n\u00eb fush\u00ebn e muzik\u00ebs, G\u00ebzim Gashi.<\/p>\n<p>Gashi ka komentuar n\u00eb k\u00ebt\u00eb postim, duke th\u00ebn\u00eb se prej t\u00eb gjith\u00eb k\u00ebng\u00ebtar\u00ebve shqiptar\u00eb, Elvana \u00ebsht\u00eb m\u00eb e dashura p\u00ebr t\u00eb.<\/p>\n<p>Elvana aktualisht \u00ebsht\u00eb e angazhuar me albumin e saj m\u00eb t\u00eb ri, i cili po pritet me padurim nga fansat e saj. \/Telegrafi\/<\/p>\n<p><iframe loading=\"lazy\" width=\"508\" height=\"360\" src=\"http:\/\/www.youtube.com\/embed\/d-h_RJYe5VI?rel=0\" frameborder=\"0\" allowfullscreen><\/iframe><\/p>\n","protected":false},"excerpt":{"rendered":"<p>Vildane Zeneli ka zbuluar shijen e saj muzikore nga muzika shqiptare, dhe me plot krenari thot\u00eb se admiron Elvana Gjat\u00ebn. N\u00eb nj\u00eb postim n\u00eb faqen zyrtare t\u00eb saj, modelja shqiptare ka treguar se kush \u00ebsht\u00eb k\u00ebng\u00ebtarja e preferuar shqiptare e saj. \u201cNjer\u00ebzit m\u00eb pyesin shpesh a nd\u00ebgjoj muzik\u00eb shqiptare, p\u00ebrgjigja ime \u00ebsht\u00eb po\u2026muzik\u00ebn e Elvana [&hellip;]<\/p>\n","protected":false},"author":1,"featured_media":0,"comment_status":"open","ping_status":"closed","sticky":false,"template":"","format":"standard","meta":{"spay_email":"","jetpack_publicize_message":"","jetpack_is_tweetstorm":false,"jetpack_publicize_feature_enabled":true},"categories":[1],"tags":[19677,7760,19806,16036,19514,19511,19513,6693,4684,21171,19460],"jetpack_publicize_connections":[],"yoast_head":"<!-- This site is optimized with the Yoast SEO plugin v19.1 - https:\/\/yoast.com\/wordpress\/plugins\/seo\/ -->\n<title>Vildane Zeneli fanse e Elvana Gjat\u00ebs - Lajme nga Ulqini<\/title>\n<meta name=\"description\" content=\"Vildane Zeneli ka zbuluar shijen e saj muzikore nga muzika shqiptare, dhe me plot krenari thot\u00eb se admiron Elvana Gjat\u00ebn. N\u00eb nj\u00eb postim n\u00eb faqen zyrtare\" \/>\n<meta name=\"robots\" content=\"index, follow, max-snippet:-1, max-image-preview:large, max-video-preview:-1\" \/>\n<link rel=\"canonical\" href=\"https:\/\/www.visit-ulcinj.com\/blog\/2013\/01\/24\/vildane-zeneli-fanse-e-elvana-gjates\/\" \/>\n<meta property=\"og:locale\" content=\"en_US\" \/>\n<meta property=\"og:type\" content=\"article\" \/>\n<meta property=\"og:title\" content=\"Vildane Zeneli fanse e Elvana Gjat\u00ebs - Lajme nga Ulqini\" \/>\n<meta property=\"og:description\" content=\"Vildane Zeneli ka zbuluar shijen e saj muzikore nga muzika shqiptare, dhe me plot krenari thot\u00eb se admiron Elvana Gjat\u00ebn. N\u00eb nj\u00eb postim n\u00eb faqen zyrtare\" \/>\n<meta property=\"og:url\" content=\"https:\/\/www.visit-ulcinj.com\/blog\/2013\/01\/24\/vildane-zeneli-fanse-e-elvana-gjates\/\" \/>\n<meta property=\"og:site_name\" content=\"Lajme nga Ulqini\" \/>\n<meta property=\"article:published_time\" content=\"2013-01-24T07:01:29+00:00\" \/>\n<meta property=\"og:image\" content=\"http:\/\/www.visit-ulcinj.com\/blog\/wp-content\/uploads\/2013\/01\/Vildane-Zeneli.jpg\" \/>\n<meta name=\"twitter:label1\" content=\"Written by\" \/>\n\t<meta name=\"twitter:data1\" content=\"ulqini\" \/>\n\t<meta name=\"twitter:label2\" content=\"Est. reading time\" \/>\n\t<meta name=\"twitter:data2\" content=\"1 minute\" \/>\n<script type=\"application\/ld+json\" class=\"yoast-schema-graph\">{\"@context\":\"https:\/\/schema.org\",\"@graph\":[{\"@type\":\"WebSite\",\"@id\":\"https:\/\/www.visit-ulcinj.com\/blog\/#website\",\"url\":\"https:\/\/www.visit-ulcinj.com\/blog\/\",\"name\":\"Lajme nga Ulqini\",\"description\":\"Lajme,Vijesti,Ulqini,Ulqin,Crna Gora,Mali i Zi\",\"potentialAction\":[{\"@type\":\"SearchAction\",\"target\":{\"@type\":\"EntryPoint\",\"urlTemplate\":\"https:\/\/www.visit-ulcinj.com\/blog\/?s={search_term_string}\"},\"query-input\":\"required name=search_term_string\"}],\"inLanguage\":\"en-US\"},{\"@type\":\"ImageObject\",\"inLanguage\":\"en-US\",\"@id\":\"https:\/\/www.visit-ulcinj.com\/blog\/2013\/01\/24\/vildane-zeneli-fanse-e-elvana-gjates\/#primaryimage\",\"url\":\"http:\/\/www.visit-ulcinj.com\/blog\/wp-content\/uploads\/2013\/01\/Vildane-Zeneli.jpg\",\"contentUrl\":\"http:\/\/www.visit-ulcinj.com\/blog\/wp-content\/uploads\/2013\/01\/Vildane-Zeneli.jpg\"},{\"@type\":\"WebPage\",\"@id\":\"https:\/\/www.visit-ulcinj.com\/blog\/2013\/01\/24\/vildane-zeneli-fanse-e-elvana-gjates\/#webpage\",\"url\":\"https:\/\/www.visit-ulcinj.com\/blog\/2013\/01\/24\/vildane-zeneli-fanse-e-elvana-gjates\/\",\"name\":\"Vildane Zeneli fanse e Elvana Gjat\u00ebs - Lajme nga Ulqini\",\"isPartOf\":{\"@id\":\"https:\/\/www.visit-ulcinj.com\/blog\/#website\"},\"primaryImageOfPage\":{\"@id\":\"https:\/\/www.visit-ulcinj.com\/blog\/2013\/01\/24\/vildane-zeneli-fanse-e-elvana-gjates\/#primaryimage\"},\"datePublished\":\"2013-01-24T07:01:29+00:00\",\"dateModified\":\"2013-01-24T07:01:29+00:00\",\"author\":{\"@id\":\"https:\/\/www.visit-ulcinj.com\/blog\/#\/schema\/person\/dcab619c614d3038751c63bc2aadc06d\"},\"description\":\"Vildane Zeneli ka zbuluar shijen e saj muzikore nga muzika shqiptare, dhe me plot krenari thot\u00eb se admiron Elvana Gjat\u00ebn. N\u00eb nj\u00eb postim n\u00eb faqen zyrtare\",\"breadcrumb\":{\"@id\":\"https:\/\/www.visit-ulcinj.com\/blog\/2013\/01\/24\/vildane-zeneli-fanse-e-elvana-gjates\/#breadcrumb\"},\"inLanguage\":\"en-US\",\"potentialAction\":[{\"@type\":\"ReadAction\",\"target\":[\"https:\/\/www.visit-ulcinj.com\/blog\/2013\/01\/24\/vildane-zeneli-fanse-e-elvana-gjates\/\"]}]},{\"@type\":\"BreadcrumbList\",\"@id\":\"https:\/\/www.visit-ulcinj.com\/blog\/2013\/01\/24\/vildane-zeneli-fanse-e-elvana-gjates\/#breadcrumb\",\"itemListElement\":[{\"@type\":\"ListItem\",\"position\":1,\"name\":\"Vildane Zeneli fanse e Elvana Gjat\u00ebs\"}]},{\"@type\":\"Person\",\"@id\":\"https:\/\/www.visit-ulcinj.com\/blog\/#\/schema\/person\/dcab619c614d3038751c63bc2aadc06d\",\"name\":\"ulqini\",\"sameAs\":[\"http:\/\/www.visit-ulcinj.com\"],\"url\":\"https:\/\/www.visit-ulcinj.com\/blog\/author\/admin\/\"}]}<\/script>\n<!-- \/ Yoast SEO plugin. -->","yoast_head_json":{"title":"Vildane Zeneli fanse e Elvana Gjat\u00ebs - Lajme nga Ulqini","description":"Vildane Zeneli ka zbuluar shijen e saj muzikore nga muzika shqiptare, dhe me plot krenari thot\u00eb se admiron Elvana Gjat\u00ebn. N\u00eb nj\u00eb postim n\u00eb faqen zyrtare","robots":{"index":"index","follow":"follow","max-snippet":"max-snippet:-1","max-image-preview":"max-image-preview:large","max-video-preview":"max-video-preview:-1"},"canonical":"https:\/\/www.visit-ulcinj.com\/blog\/2013\/01\/24\/vildane-zeneli-fanse-e-elvana-gjates\/","og_locale":"en_US","og_type":"article","og_title":"Vildane Zeneli fanse e Elvana Gjat\u00ebs - Lajme nga Ulqini","og_description":"Vildane Zeneli ka zbuluar shijen e saj muzikore nga muzika shqiptare, dhe me plot krenari thot\u00eb se admiron Elvana Gjat\u00ebn. N\u00eb nj\u00eb postim n\u00eb faqen zyrtare","og_url":"https:\/\/www.visit-ulcinj.com\/blog\/2013\/01\/24\/vildane-zeneli-fanse-e-elvana-gjates\/","og_site_name":"Lajme nga Ulqini","article_published_time":"2013-01-24T07:01:29+00:00","og_image":[{"url":"http:\/\/www.visit-ulcinj.com\/blog\/wp-content\/uploads\/2013\/01\/Vildane-Zeneli.jpg"}],"twitter_misc":{"Written by":"ulqini","Est. reading time":"1 minute"},"schema":{"@context":"https:\/\/schema.org","@graph":[{"@type":"WebSite","@id":"https:\/\/www.visit-ulcinj.com\/blog\/#website","url":"https:\/\/www.visit-ulcinj.com\/blog\/","name":"Lajme nga Ulqini","description":"Lajme,Vijesti,Ulqini,Ulqin,Crna Gora,Mali i Zi","potentialAction":[{"@type":"SearchAction","target":{"@type":"EntryPoint","urlTemplate":"https:\/\/www.visit-ulcinj.com\/blog\/?s={search_term_string}"},"query-input":"required name=search_term_string"}],"inLanguage":"en-US"},{"@type":"ImageObject","inLanguage":"en-US","@id":"https:\/\/www.visit-ulcinj.com\/blog\/2013\/01\/24\/vildane-zeneli-fanse-e-elvana-gjates\/#primaryimage","url":"http:\/\/www.visit-ulcinj.com\/blog\/wp-content\/uploads\/2013\/01\/Vildane-Zeneli.jpg","contentUrl":"http:\/\/www.visit-ulcinj.com\/blog\/wp-content\/uploads\/2013\/01\/Vildane-Zeneli.jpg"},{"@type":"WebPage","@id":"https:\/\/www.visit-ulcinj.com\/blog\/2013\/01\/24\/vildane-zeneli-fanse-e-elvana-gjates\/#webpage","url":"https:\/\/www.visit-ulcinj.com\/blog\/2013\/01\/24\/vildane-zeneli-fanse-e-elvana-gjates\/","name":"Vildane Zeneli fanse e Elvana Gjat\u00ebs - Lajme nga Ulqini","isPartOf":{"@id":"https:\/\/www.visit-ulcinj.com\/blog\/#website"},"primaryImageOfPage":{"@id":"https:\/\/www.visit-ulcinj.com\/blog\/2013\/01\/24\/vildane-zeneli-fanse-e-elvana-gjates\/#primaryimage"},"datePublished":"2013-01-24T07:01:29+00:00","dateModified":"2013-01-24T07:01:29+00:00","author":{"@id":"https:\/\/www.visit-ulcinj.com\/blog\/#\/schema\/person\/dcab619c614d3038751c63bc2aadc06d"},"description":"Vildane Zeneli ka zbuluar shijen e saj muzikore nga muzika shqiptare, dhe me plot krenari thot\u00eb se admiron Elvana Gjat\u00ebn. N\u00eb nj\u00eb postim n\u00eb faqen zyrtare","breadcrumb":{"@id":"https:\/\/www.visit-ulcinj.com\/blog\/2013\/01\/24\/vildane-zeneli-fanse-e-elvana-gjates\/#breadcrumb"},"inLanguage":"en-US","potentialAction":[{"@type":"ReadAction","target":["https:\/\/www.visit-ulcinj.com\/blog\/2013\/01\/24\/vildane-zeneli-fanse-e-elvana-gjates\/"]}]},{"@type":"BreadcrumbList","@id":"https:\/\/www.visit-ulcinj.com\/blog\/2013\/01\/24\/vildane-zeneli-fanse-e-elvana-gjates\/#breadcrumb","itemListElement":[{"@type":"ListItem","position":1,"name":"Vildane Zeneli fanse e Elvana Gjat\u00ebs"}]},{"@type":"Person","@id":"https:\/\/www.visit-ulcinj.com\/blog\/#\/schema\/person\/dcab619c614d3038751c63bc2aadc06d","name":"ulqini","sameAs":["http:\/\/www.visit-ulcinj.com"],"url":"https:\/\/www.visit-ulcinj.com\/blog\/author\/admin\/"}]}},"jetpack_featured_media_url":"","jetpack_sharing_enabled":true,"jetpack_shortlink":"https:\/\/wp.me\/pe6lTn-hFh","_links":{"self":[{"href":"https:\/\/www.visit-ulcinj.com\/blog\/wp-json\/wp\/v2\/posts\/67907"}],"collection":[{"href":"https:\/\/www.visit-ulcinj.com\/blog\/wp-json\/wp\/v2\/posts"}],"about":[{"href":"https:\/\/www.visit-ulcinj.com\/blog\/wp-json\/wp\/v2\/types\/post"}],"author":[{"embeddable":true,"href":"https:\/\/www.visit-ulcinj.com\/blog\/wp-json\/wp\/v2\/users\/1"}],"replies":[{"embeddable":true,"href":"https:\/\/www.visit-ulcinj.com\/blog\/wp-json\/wp\/v2\/comments?post=67907"}],"version-history":[{"count":1,"href":"https:\/\/www.visit-ulcinj.com\/blog\/wp-json\/wp\/v2\/posts\/67907\/revisions"}],"predecessor-version":[{"id":67909,"href":"https:\/\/www.visit-ulcinj.com\/blog\/wp-json\/wp\/v2\/posts\/67907\/revisions\/67909"}],"wp:attachment":[{"href":"https:\/\/www.visit-ulcinj.com\/blog\/wp-json\/wp\/v2\/media?parent=67907"}],"wp:term":[{"taxonomy":"category","embeddable":true,"href":"https:\/\/www.visit-ulcinj.com\/blog\/wp-json\/wp\/v2\/categories?post=67907"},{"taxonomy":"post_tag","embeddable":true,"href":"https:\/\/www.visit-ulcinj.com\/blog\/wp-json\/wp\/v2\/tags?post=67907"}],"curies":[{"name":"wp","href":"https:\/\/api.w.org\/{rel}","templated":true}]}}