{"id":67910,"date":"2013-01-24T08:07:08","date_gmt":"2013-01-24T07:07:08","guid":{"rendered":"http:\/\/www.visit-ulcinj.com\/blog\/?p=67910"},"modified":"2013-01-24T08:07:08","modified_gmt":"2013-01-24T07:07:08","slug":"te-ka-lali-shpirt-e-silva-gunbardhit-kenga-hit-e-2013","status":"publish","type":"post","link":"https:\/\/www.visit-ulcinj.com\/blog\/2013\/01\/24\/te-ka-lali-shpirt-e-silva-gunbardhit-kenga-hit-e-2013\/","title":{"rendered":"\u201cTe ka lali shpirt\u201d e Silva Gunbardhit, kenga hit e 2013"},"content":{"rendered":"<p>\u201cTe ka lali shpirt\u201d \u00ebsht\u00eb k\u00ebnga m\u00eb e re e lansuar nga Silva Gunbardhi n\u00eb bashk\u00ebpunim me Mandin dhe Dafin.<\/p>\n<p>Nj\u00eb k\u00ebng\u00eb ritmike, me z\u00ebra t\u00eb shk\u00eblqyer dhe me pjes\u00eb \u2018alla rome\u2019, brenda tre dit\u00ebve t\u00eb publikimit n\u00eb YouTube ka marr\u00eb me shume se 800 mij\u00eb klikime.<\/p>\n<p><a href=\"http:\/\/www.visit-ulcinj.com\/blog\/wp-content\/uploads\/2013\/01\/silvagunbardhi.jpg\"><img loading=\"lazy\" class=\"alignleft  wp-image-67911\" alt=\"silvagunbardhi\" src=\"http:\/\/www.visit-ulcinj.com\/blog\/wp-content\/uploads\/2013\/01\/silvagunbardhi.jpg\" width=\"508\" height=\"300\" \/><\/a><\/p>\n<p>Duket sikur k\u00ebng\u00ebt me ritme dhe k\u00ebndime t\u00eb p\u00ebrziera jan\u00eb shum\u00eb aktuale te publiku shqiptar, prandaj edhe \u201cTe ka lali shpirt\u201d pritet te jet\u00eb hit i vertet i 2013-tes.<\/p>\n<p><iframe loading=\"lazy\" width=\"508\" height=\"360\" src=\"http:\/\/www.youtube.com\/embed\/t4-Xz_Lt2p4?rel=0\" frameborder=\"0\" allowfullscreen><\/iframe><\/p>\n<p><strong>Teksti i kenges:<\/strong><\/p>\n<p>(Mandi)<br \/>\nT\u00eb ka lali shpirt, t\u00eb ka lali xhan<br \/>\nt\u00eb ka lali zemer, o sa shum\u00eb te du<br \/>\nT\u00eb ka lali shpirt, t\u00eb ka lali xhan<br \/>\nt\u00eb ka lali zemer, o sa shum\u00eb te du<\/p>\n<p>(Silva)<br \/>\n\u201cHej, rri normale\u201d thua<br \/>\nzem\u00ebr jo nuk dua<br \/>\nmarr\u00ebzisht t\u00eb ndjej.<br \/>\nS\u2019je ve\u00e7 bota p\u00ebr mua<br \/>\nshum\u00eb m\u00eb shum\u00eb t\u00eb dua<br \/>\ns\u2019t\u00eb g\u00ebnjej kur them:<br \/>\n\u201cSe lali xhan-xhan,<br \/>\nlali xhan-xhan<br \/>\nlali xhan-xhan t\u00eb ka.<br \/>\nHej lali xhan-xhan,<br \/>\nlali xhan-xhan<br \/>\nlali xhan-xhan t\u00eb ka\u201d<\/p>\n<p>(Mandi)<br \/>\nT\u00eb ka lali shpirt, t\u00eb ka lali xhan (Ole! Ole!)<br \/>\nt\u00eb ka lali zemer, o sa shum\u00eb te du (La-la-la\u2026)<br \/>\nT\u00eb ka lali shpirt, t\u00eb ka lali xhan (Ole! Ole!)<br \/>\nt\u00eb ka lali zemer, o sa shum\u00eb te du (La-la-la\u2026)<\/p>\n<p>(Silva)<br \/>\n\u201cHej, rri normale\u201d thua<br \/>\nzem\u00ebr jo nuk dua<br \/>\nmarr\u00ebzisht t\u00eb ndjej.<br \/>\nS\u2019je ve\u00e7 bota p\u00ebr mua<br \/>\nshum\u00eb m\u00eb shum\u00eb t\u00eb dua<br \/>\ns\u2019t\u00eb g\u00ebnjej kur them:<br \/>\n\u201cSe lali xhan-xhan,<br \/>\nlali xhan-xhan<br \/>\nlali xhan-xhan t\u00eb ka.<br \/>\nHej lali xhan-xhan,<br \/>\nlali xhan-xhan<br \/>\nlali xhan-xhan t\u00eb ka\u201d<\/p>\n<p>(Dafi)<br \/>\nKomercial koh\u00ebt e fundit<br \/>\no bo Prishtina-Tirona<br \/>\npo evulon muzika po luhet sot<br \/>\nsi\u00e7 po ta don<br \/>\nRrepi po m\u2019bon sllogan<br \/>\nFast slow jet\u00ebn ta zgjat<br \/>\nYeah girl, un\u00eb ty po t\u2019pushtoj<br \/>\nme fjal\u00ebt m\u00eb t\u2019mira<br \/>\np\u00ebr vete po t\u2019boj. Se:<\/p>\n<p>(Mandi)<br \/>\nT\u00eb ka lali shpirt, t\u00eb ka lali xhan (Clap Your Hands)<br \/>\nt\u00eb ka lali zemer, o sa shum\u00eb te du (Ole! Ole!)<br \/>\nT\u00eb ka lali shpirt, t\u00eb ka lali xhan (La-la-la\u2026)<br \/>\nt\u00eb ka lali zemer, o sa shum\u00eb te du (La-la-la\u2026)<\/p>\n<p>Web:\u00a0<a href=\"http:\/\/www.teksteshqip.com\/silva-gunbardhi\/teksti_1896357#ixzz2ImLDsIzF\">http:\/\/www.teksteshqip.com\/silva-gunbardhi\/teksti_1896357#ixzz2ImLDsIzF<\/a><\/p>\n<p>Vipat.Info<\/p>\n","protected":false},"excerpt":{"rendered":"<p>\u201cTe ka lali shpirt\u201d \u00ebsht\u00eb k\u00ebnga m\u00eb e re e lansuar nga Silva Gunbardhi n\u00eb bashk\u00ebpunim me Mandin dhe Dafin. Nj\u00eb k\u00ebng\u00eb ritmike, me z\u00ebra t\u00eb shk\u00eblqyer dhe me pjes\u00eb \u2018alla rome\u2019, brenda tre dit\u00ebve t\u00eb publikimit n\u00eb YouTube ka marr\u00eb me shume se 800 mij\u00eb klikime. Duket sikur k\u00ebng\u00ebt me ritme dhe k\u00ebndime t\u00eb [&hellip;]<\/p>\n","protected":false},"author":1,"featured_media":0,"comment_status":"open","ping_status":"closed","sticky":false,"template":"","format":"standard","meta":{"spay_email":"","jetpack_publicize_message":"","jetpack_is_tweetstorm":false,"jetpack_publicize_feature_enabled":true},"categories":[1],"tags":[19677,19806,16036,19514,19511,21714,4684,19460],"jetpack_publicize_connections":[],"yoast_head":"<!-- This site is optimized with the Yoast SEO plugin v19.1 - https:\/\/yoast.com\/wordpress\/plugins\/seo\/ -->\n<title>\u201cTe ka lali shpirt\u201d e Silva Gunbardhit, kenga hit e 2013 - Lajme nga Ulqini<\/title>\n<meta name=\"description\" content=\"\u201cTe ka lali shpirt\u201d \u00ebsht\u00eb k\u00ebnga m\u00eb e re e lansuar nga Silva Gunbardhi n\u00eb bashk\u00ebpunim me Mandin dhe Dafin. Nj\u00eb k\u00ebng\u00eb ritmike, me z\u00ebra t\u00eb shk\u00eblqyer dhe me\" \/>\n<meta name=\"robots\" content=\"index, follow, max-snippet:-1, max-image-preview:large, max-video-preview:-1\" \/>\n<link rel=\"canonical\" href=\"https:\/\/www.visit-ulcinj.com\/blog\/2013\/01\/24\/te-ka-lali-shpirt-e-silva-gunbardhit-kenga-hit-e-2013\/\" \/>\n<meta property=\"og:locale\" content=\"en_US\" \/>\n<meta property=\"og:type\" content=\"article\" \/>\n<meta property=\"og:title\" content=\"\u201cTe ka lali shpirt\u201d e Silva Gunbardhit, kenga hit e 2013 - Lajme nga Ulqini\" \/>\n<meta property=\"og:description\" content=\"\u201cTe ka lali shpirt\u201d \u00ebsht\u00eb k\u00ebnga m\u00eb e re e lansuar nga Silva Gunbardhi n\u00eb bashk\u00ebpunim me Mandin dhe Dafin. Nj\u00eb k\u00ebng\u00eb ritmike, me z\u00ebra t\u00eb shk\u00eblqyer dhe me\" \/>\n<meta property=\"og:url\" content=\"https:\/\/www.visit-ulcinj.com\/blog\/2013\/01\/24\/te-ka-lali-shpirt-e-silva-gunbardhit-kenga-hit-e-2013\/\" \/>\n<meta property=\"og:site_name\" content=\"Lajme nga Ulqini\" \/>\n<meta property=\"article:published_time\" content=\"2013-01-24T07:07:08+00:00\" \/>\n<meta property=\"og:image\" content=\"http:\/\/www.visit-ulcinj.com\/blog\/wp-content\/uploads\/2013\/01\/silvagunbardhi.jpg\" \/>\n<meta name=\"twitter:label1\" content=\"Written by\" \/>\n\t<meta name=\"twitter:data1\" content=\"ulqini\" \/>\n\t<meta name=\"twitter:label2\" content=\"Est. reading time\" \/>\n\t<meta name=\"twitter:data2\" content=\"2 minutes\" \/>\n<script type=\"application\/ld+json\" class=\"yoast-schema-graph\">{\"@context\":\"https:\/\/schema.org\",\"@graph\":[{\"@type\":\"WebSite\",\"@id\":\"https:\/\/www.visit-ulcinj.com\/blog\/#website\",\"url\":\"https:\/\/www.visit-ulcinj.com\/blog\/\",\"name\":\"Lajme nga Ulqini\",\"description\":\"Lajme,Vijesti,Ulqini,Ulqin,Crna Gora,Mali i Zi\",\"potentialAction\":[{\"@type\":\"SearchAction\",\"target\":{\"@type\":\"EntryPoint\",\"urlTemplate\":\"https:\/\/www.visit-ulcinj.com\/blog\/?s={search_term_string}\"},\"query-input\":\"required name=search_term_string\"}],\"inLanguage\":\"en-US\"},{\"@type\":\"ImageObject\",\"inLanguage\":\"en-US\",\"@id\":\"https:\/\/www.visit-ulcinj.com\/blog\/2013\/01\/24\/te-ka-lali-shpirt-e-silva-gunbardhit-kenga-hit-e-2013\/#primaryimage\",\"url\":\"http:\/\/www.visit-ulcinj.com\/blog\/wp-content\/uploads\/2013\/01\/silvagunbardhi.jpg\",\"contentUrl\":\"http:\/\/www.visit-ulcinj.com\/blog\/wp-content\/uploads\/2013\/01\/silvagunbardhi.jpg\"},{\"@type\":\"WebPage\",\"@id\":\"https:\/\/www.visit-ulcinj.com\/blog\/2013\/01\/24\/te-ka-lali-shpirt-e-silva-gunbardhit-kenga-hit-e-2013\/#webpage\",\"url\":\"https:\/\/www.visit-ulcinj.com\/blog\/2013\/01\/24\/te-ka-lali-shpirt-e-silva-gunbardhit-kenga-hit-e-2013\/\",\"name\":\"\u201cTe ka lali shpirt\u201d e Silva Gunbardhit, kenga hit e 2013 - Lajme nga Ulqini\",\"isPartOf\":{\"@id\":\"https:\/\/www.visit-ulcinj.com\/blog\/#website\"},\"primaryImageOfPage\":{\"@id\":\"https:\/\/www.visit-ulcinj.com\/blog\/2013\/01\/24\/te-ka-lali-shpirt-e-silva-gunbardhit-kenga-hit-e-2013\/#primaryimage\"},\"datePublished\":\"2013-01-24T07:07:08+00:00\",\"dateModified\":\"2013-01-24T07:07:08+00:00\",\"author\":{\"@id\":\"https:\/\/www.visit-ulcinj.com\/blog\/#\/schema\/person\/dcab619c614d3038751c63bc2aadc06d\"},\"description\":\"\u201cTe ka lali shpirt\u201d \u00ebsht\u00eb k\u00ebnga m\u00eb e re e lansuar nga Silva Gunbardhi n\u00eb bashk\u00ebpunim me Mandin dhe Dafin. Nj\u00eb k\u00ebng\u00eb ritmike, me z\u00ebra t\u00eb shk\u00eblqyer dhe me\",\"breadcrumb\":{\"@id\":\"https:\/\/www.visit-ulcinj.com\/blog\/2013\/01\/24\/te-ka-lali-shpirt-e-silva-gunbardhit-kenga-hit-e-2013\/#breadcrumb\"},\"inLanguage\":\"en-US\",\"potentialAction\":[{\"@type\":\"ReadAction\",\"target\":[\"https:\/\/www.visit-ulcinj.com\/blog\/2013\/01\/24\/te-ka-lali-shpirt-e-silva-gunbardhit-kenga-hit-e-2013\/\"]}]},{\"@type\":\"BreadcrumbList\",\"@id\":\"https:\/\/www.visit-ulcinj.com\/blog\/2013\/01\/24\/te-ka-lali-shpirt-e-silva-gunbardhit-kenga-hit-e-2013\/#breadcrumb\",\"itemListElement\":[{\"@type\":\"ListItem\",\"position\":1,\"name\":\"\u201cTe ka lali shpirt\u201d e Silva Gunbardhit, kenga hit e 2013\"}]},{\"@type\":\"Person\",\"@id\":\"https:\/\/www.visit-ulcinj.com\/blog\/#\/schema\/person\/dcab619c614d3038751c63bc2aadc06d\",\"name\":\"ulqini\",\"sameAs\":[\"http:\/\/www.visit-ulcinj.com\"],\"url\":\"https:\/\/www.visit-ulcinj.com\/blog\/author\/admin\/\"}]}<\/script>\n<!-- \/ Yoast SEO plugin. -->","yoast_head_json":{"title":"\u201cTe ka lali shpirt\u201d e Silva Gunbardhit, kenga hit e 2013 - Lajme nga Ulqini","description":"\u201cTe ka lali shpirt\u201d \u00ebsht\u00eb k\u00ebnga m\u00eb e re e lansuar nga Silva Gunbardhi n\u00eb bashk\u00ebpunim me Mandin dhe Dafin. Nj\u00eb k\u00ebng\u00eb ritmike, me z\u00ebra t\u00eb shk\u00eblqyer dhe me","robots":{"index":"index","follow":"follow","max-snippet":"max-snippet:-1","max-image-preview":"max-image-preview:large","max-video-preview":"max-video-preview:-1"},"canonical":"https:\/\/www.visit-ulcinj.com\/blog\/2013\/01\/24\/te-ka-lali-shpirt-e-silva-gunbardhit-kenga-hit-e-2013\/","og_locale":"en_US","og_type":"article","og_title":"\u201cTe ka lali shpirt\u201d e Silva Gunbardhit, kenga hit e 2013 - Lajme nga Ulqini","og_description":"\u201cTe ka lali shpirt\u201d \u00ebsht\u00eb k\u00ebnga m\u00eb e re e lansuar nga Silva Gunbardhi n\u00eb bashk\u00ebpunim me Mandin dhe Dafin. Nj\u00eb k\u00ebng\u00eb ritmike, me z\u00ebra t\u00eb shk\u00eblqyer dhe me","og_url":"https:\/\/www.visit-ulcinj.com\/blog\/2013\/01\/24\/te-ka-lali-shpirt-e-silva-gunbardhit-kenga-hit-e-2013\/","og_site_name":"Lajme nga Ulqini","article_published_time":"2013-01-24T07:07:08+00:00","og_image":[{"url":"http:\/\/www.visit-ulcinj.com\/blog\/wp-content\/uploads\/2013\/01\/silvagunbardhi.jpg"}],"twitter_misc":{"Written by":"ulqini","Est. reading time":"2 minutes"},"schema":{"@context":"https:\/\/schema.org","@graph":[{"@type":"WebSite","@id":"https:\/\/www.visit-ulcinj.com\/blog\/#website","url":"https:\/\/www.visit-ulcinj.com\/blog\/","name":"Lajme nga Ulqini","description":"Lajme,Vijesti,Ulqini,Ulqin,Crna Gora,Mali i Zi","potentialAction":[{"@type":"SearchAction","target":{"@type":"EntryPoint","urlTemplate":"https:\/\/www.visit-ulcinj.com\/blog\/?s={search_term_string}"},"query-input":"required name=search_term_string"}],"inLanguage":"en-US"},{"@type":"ImageObject","inLanguage":"en-US","@id":"https:\/\/www.visit-ulcinj.com\/blog\/2013\/01\/24\/te-ka-lali-shpirt-e-silva-gunbardhit-kenga-hit-e-2013\/#primaryimage","url":"http:\/\/www.visit-ulcinj.com\/blog\/wp-content\/uploads\/2013\/01\/silvagunbardhi.jpg","contentUrl":"http:\/\/www.visit-ulcinj.com\/blog\/wp-content\/uploads\/2013\/01\/silvagunbardhi.jpg"},{"@type":"WebPage","@id":"https:\/\/www.visit-ulcinj.com\/blog\/2013\/01\/24\/te-ka-lali-shpirt-e-silva-gunbardhit-kenga-hit-e-2013\/#webpage","url":"https:\/\/www.visit-ulcinj.com\/blog\/2013\/01\/24\/te-ka-lali-shpirt-e-silva-gunbardhit-kenga-hit-e-2013\/","name":"\u201cTe ka lali shpirt\u201d e Silva Gunbardhit, kenga hit e 2013 - Lajme nga Ulqini","isPartOf":{"@id":"https:\/\/www.visit-ulcinj.com\/blog\/#website"},"primaryImageOfPage":{"@id":"https:\/\/www.visit-ulcinj.com\/blog\/2013\/01\/24\/te-ka-lali-shpirt-e-silva-gunbardhit-kenga-hit-e-2013\/#primaryimage"},"datePublished":"2013-01-24T07:07:08+00:00","dateModified":"2013-01-24T07:07:08+00:00","author":{"@id":"https:\/\/www.visit-ulcinj.com\/blog\/#\/schema\/person\/dcab619c614d3038751c63bc2aadc06d"},"description":"\u201cTe ka lali shpirt\u201d \u00ebsht\u00eb k\u00ebnga m\u00eb e re e lansuar nga Silva Gunbardhi n\u00eb bashk\u00ebpunim me Mandin dhe Dafin. Nj\u00eb k\u00ebng\u00eb ritmike, me z\u00ebra t\u00eb shk\u00eblqyer dhe me","breadcrumb":{"@id":"https:\/\/www.visit-ulcinj.com\/blog\/2013\/01\/24\/te-ka-lali-shpirt-e-silva-gunbardhit-kenga-hit-e-2013\/#breadcrumb"},"inLanguage":"en-US","potentialAction":[{"@type":"ReadAction","target":["https:\/\/www.visit-ulcinj.com\/blog\/2013\/01\/24\/te-ka-lali-shpirt-e-silva-gunbardhit-kenga-hit-e-2013\/"]}]},{"@type":"BreadcrumbList","@id":"https:\/\/www.visit-ulcinj.com\/blog\/2013\/01\/24\/te-ka-lali-shpirt-e-silva-gunbardhit-kenga-hit-e-2013\/#breadcrumb","itemListElement":[{"@type":"ListItem","position":1,"name":"\u201cTe ka lali shpirt\u201d e Silva Gunbardhit, kenga hit e 2013"}]},{"@type":"Person","@id":"https:\/\/www.visit-ulcinj.com\/blog\/#\/schema\/person\/dcab619c614d3038751c63bc2aadc06d","name":"ulqini","sameAs":["http:\/\/www.visit-ulcinj.com"],"url":"https:\/\/www.visit-ulcinj.com\/blog\/author\/admin\/"}]}},"jetpack_featured_media_url":"","jetpack_sharing_enabled":true,"jetpack_shortlink":"https:\/\/wp.me\/pe6lTn-hFk","_links":{"self":[{"href":"https:\/\/www.visit-ulcinj.com\/blog\/wp-json\/wp\/v2\/posts\/67910"}],"collection":[{"href":"https:\/\/www.visit-ulcinj.com\/blog\/wp-json\/wp\/v2\/posts"}],"about":[{"href":"https:\/\/www.visit-ulcinj.com\/blog\/wp-json\/wp\/v2\/types\/post"}],"author":[{"embeddable":true,"href":"https:\/\/www.visit-ulcinj.com\/blog\/wp-json\/wp\/v2\/users\/1"}],"replies":[{"embeddable":true,"href":"https:\/\/www.visit-ulcinj.com\/blog\/wp-json\/wp\/v2\/comments?post=67910"}],"version-history":[{"count":1,"href":"https:\/\/www.visit-ulcinj.com\/blog\/wp-json\/wp\/v2\/posts\/67910\/revisions"}],"predecessor-version":[{"id":67912,"href":"https:\/\/www.visit-ulcinj.com\/blog\/wp-json\/wp\/v2\/posts\/67910\/revisions\/67912"}],"wp:attachment":[{"href":"https:\/\/www.visit-ulcinj.com\/blog\/wp-json\/wp\/v2\/media?parent=67910"}],"wp:term":[{"taxonomy":"category","embeddable":true,"href":"https:\/\/www.visit-ulcinj.com\/blog\/wp-json\/wp\/v2\/categories?post=67910"},{"taxonomy":"post_tag","embeddable":true,"href":"https:\/\/www.visit-ulcinj.com\/blog\/wp-json\/wp\/v2\/tags?post=67910"}],"curies":[{"name":"wp","href":"https:\/\/api.w.org\/{rel}","templated":true}]}}