{"id":67919,"date":"2013-01-24T08:44:19","date_gmt":"2013-01-24T07:44:19","guid":{"rendered":"http:\/\/www.visit-ulcinj.com\/blog\/?p=67919"},"modified":"2013-01-24T08:45:52","modified_gmt":"2013-01-24T07:45:52","slug":"noizy-zbulon-jeten-e-tij-private-video","status":"publish","type":"post","link":"https:\/\/www.visit-ulcinj.com\/blog\/2013\/01\/24\/noizy-zbulon-jeten-e-tij-private-video\/","title":{"rendered":"Noizy zbulon jet\u00ebn e tij private &#8211; Video"},"content":{"rendered":"<p><strong>Noizy ka hapur dyert e sht\u00ebpis\u00eb s\u00eb tij p\u00ebr emicionin \u201cAll Access\u201d t\u00eb Shqip\u00ebris\u00eb, ku ka shpalosur jet\u00ebn e tij private si kurr\u00eb m\u00eb par\u00eb.<\/strong><\/p>\n<p>Reperi, rrall\u00eb her\u00eb \u00ebsht\u00eb paraqitur n\u00eb publik me lajme nga jeta e tij personale, por k\u00ebt\u00eb her\u00eb, fansat e tij kan\u00eb kuptuar t\u00eb gjith\u00eb jet\u00ebn e tij: ku fle, ku ushqehet e gjith\u00e7ka rreth Noizyt.<br \/>\n<a href=\"http:\/\/www.visit-ulcinj.com\/blog\/wp-content\/uploads\/2013\/01\/Noizy_PRIVAT.jpg\"><img loading=\"lazy\" class=\"alignleft  wp-image-67920\" alt=\"Noizy_PRIVAT\" src=\"http:\/\/www.visit-ulcinj.com\/blog\/wp-content\/uploads\/2013\/01\/Noizy_PRIVAT.jpg\" width=\"508\" height=\"600\" \/><\/a><\/p>\n<p>K\u00ebt\u00eb shpalosje ai e ka b\u00ebr\u00eb p\u00ebr emisionin \u201cAll Access\u201d, t\u00eb cil\u00ebt kan\u00eb xhiruar sht\u00ebpin\u00eb e tij, me t\u00eb gjitha detajet n\u00eb t\u00eb.<\/p>\n<p>Noizy nd\u00ebrkoh\u00eb ka paralajm\u00ebruar q\u00eb n\u00eb k\u00ebt\u00eb vit do t\u00eb sjell\u00eb shum\u00eb hite, e po ashtu edhe albumin e radh\u00ebs, n\u00eb t\u00eb cilin tashm\u00eb \u00ebsht\u00eb duke e punuar. \/Telegrafi\/<\/p>\n<p><iframe loading=\"lazy\" src=\"http:\/\/www.youtube.com\/embed\/tysvbKSJ8X8?rel=0\" height=\"360\" width=\"508\" allowfullscreen=\"\" frameborder=\"0\"><\/iframe><\/p>\n","protected":false},"excerpt":{"rendered":"<p>Noizy ka hapur dyert e sht\u00ebpis\u00eb s\u00eb tij p\u00ebr emicionin \u201cAll Access\u201d t\u00eb Shqip\u00ebris\u00eb, ku ka shpalosur jet\u00ebn e tij private si kurr\u00eb m\u00eb par\u00eb. Reperi, rrall\u00eb her\u00eb \u00ebsht\u00eb paraqitur n\u00eb publik me lajme nga jeta e tij personale, por k\u00ebt\u00eb her\u00eb, fansat e tij kan\u00eb kuptuar t\u00eb gjith\u00eb jet\u00ebn e tij: ku fle, ku [&hellip;]<\/p>\n","protected":false},"author":1,"featured_media":0,"comment_status":"open","ping_status":"closed","sticky":false,"template":"","format":"standard","meta":{"spay_email":"","jetpack_publicize_message":"","jetpack_is_tweetstorm":false,"jetpack_publicize_feature_enabled":true},"categories":[1],"tags":[19677,19806,16036,19514,19511,17191,19459,6693,4684,19460],"jetpack_publicize_connections":[],"yoast_head":"<!-- This site is optimized with the Yoast SEO plugin v19.1 - https:\/\/yoast.com\/wordpress\/plugins\/seo\/ -->\n<title>Noizy zbulon jet\u00ebn e tij private - Video - Lajme nga Ulqini<\/title>\n<meta name=\"description\" content=\"Noizy ka hapur dyert e sht\u00ebpis\u00eb s\u00eb tij p\u00ebr emicionin \u201cAll Access\u201d t\u00eb Shqip\u00ebris\u00eb, ku ka shpalosur jet\u00ebn e tij private si kurr\u00eb m\u00eb par\u00eb. Reperi, rrall\u00eb her\u00eb\" \/>\n<meta name=\"robots\" content=\"index, follow, max-snippet:-1, max-image-preview:large, max-video-preview:-1\" \/>\n<link rel=\"canonical\" href=\"https:\/\/www.visit-ulcinj.com\/blog\/2013\/01\/24\/noizy-zbulon-jeten-e-tij-private-video\/\" \/>\n<meta property=\"og:locale\" content=\"en_US\" \/>\n<meta property=\"og:type\" content=\"article\" \/>\n<meta property=\"og:title\" content=\"Noizy zbulon jet\u00ebn e tij private - Video - Lajme nga Ulqini\" \/>\n<meta property=\"og:description\" content=\"Noizy ka hapur dyert e sht\u00ebpis\u00eb s\u00eb tij p\u00ebr emicionin \u201cAll Access\u201d t\u00eb Shqip\u00ebris\u00eb, ku ka shpalosur jet\u00ebn e tij private si kurr\u00eb m\u00eb par\u00eb. Reperi, rrall\u00eb her\u00eb\" \/>\n<meta property=\"og:url\" content=\"https:\/\/www.visit-ulcinj.com\/blog\/2013\/01\/24\/noizy-zbulon-jeten-e-tij-private-video\/\" \/>\n<meta property=\"og:site_name\" content=\"Lajme nga Ulqini\" \/>\n<meta property=\"article:published_time\" content=\"2013-01-24T07:44:19+00:00\" \/>\n<meta property=\"article:modified_time\" content=\"2013-01-24T07:45:52+00:00\" \/>\n<meta property=\"og:image\" content=\"http:\/\/www.visit-ulcinj.com\/blog\/wp-content\/uploads\/2013\/01\/Noizy_PRIVAT.jpg\" \/>\n<meta name=\"twitter:label1\" content=\"Written by\" \/>\n\t<meta name=\"twitter:data1\" content=\"ulqini\" \/>\n\t<meta name=\"twitter:label2\" content=\"Est. reading time\" \/>\n\t<meta name=\"twitter:data2\" content=\"1 minute\" \/>\n<script type=\"application\/ld+json\" class=\"yoast-schema-graph\">{\"@context\":\"https:\/\/schema.org\",\"@graph\":[{\"@type\":\"WebSite\",\"@id\":\"https:\/\/www.visit-ulcinj.com\/blog\/#website\",\"url\":\"https:\/\/www.visit-ulcinj.com\/blog\/\",\"name\":\"Lajme nga Ulqini\",\"description\":\"Lajme,Vijesti,Ulqini,Ulqin,Crna Gora,Mali i Zi\",\"potentialAction\":[{\"@type\":\"SearchAction\",\"target\":{\"@type\":\"EntryPoint\",\"urlTemplate\":\"https:\/\/www.visit-ulcinj.com\/blog\/?s={search_term_string}\"},\"query-input\":\"required name=search_term_string\"}],\"inLanguage\":\"en-US\"},{\"@type\":\"ImageObject\",\"inLanguage\":\"en-US\",\"@id\":\"https:\/\/www.visit-ulcinj.com\/blog\/2013\/01\/24\/noizy-zbulon-jeten-e-tij-private-video\/#primaryimage\",\"url\":\"http:\/\/www.visit-ulcinj.com\/blog\/wp-content\/uploads\/2013\/01\/Noizy_PRIVAT.jpg\",\"contentUrl\":\"http:\/\/www.visit-ulcinj.com\/blog\/wp-content\/uploads\/2013\/01\/Noizy_PRIVAT.jpg\"},{\"@type\":\"WebPage\",\"@id\":\"https:\/\/www.visit-ulcinj.com\/blog\/2013\/01\/24\/noizy-zbulon-jeten-e-tij-private-video\/#webpage\",\"url\":\"https:\/\/www.visit-ulcinj.com\/blog\/2013\/01\/24\/noizy-zbulon-jeten-e-tij-private-video\/\",\"name\":\"Noizy zbulon jet\u00ebn e tij private - Video - Lajme nga Ulqini\",\"isPartOf\":{\"@id\":\"https:\/\/www.visit-ulcinj.com\/blog\/#website\"},\"primaryImageOfPage\":{\"@id\":\"https:\/\/www.visit-ulcinj.com\/blog\/2013\/01\/24\/noizy-zbulon-jeten-e-tij-private-video\/#primaryimage\"},\"datePublished\":\"2013-01-24T07:44:19+00:00\",\"dateModified\":\"2013-01-24T07:45:52+00:00\",\"author\":{\"@id\":\"https:\/\/www.visit-ulcinj.com\/blog\/#\/schema\/person\/dcab619c614d3038751c63bc2aadc06d\"},\"description\":\"Noizy ka hapur dyert e sht\u00ebpis\u00eb s\u00eb tij p\u00ebr emicionin \u201cAll Access\u201d t\u00eb Shqip\u00ebris\u00eb, ku ka shpalosur jet\u00ebn e tij private si kurr\u00eb m\u00eb par\u00eb. Reperi, rrall\u00eb her\u00eb\",\"breadcrumb\":{\"@id\":\"https:\/\/www.visit-ulcinj.com\/blog\/2013\/01\/24\/noizy-zbulon-jeten-e-tij-private-video\/#breadcrumb\"},\"inLanguage\":\"en-US\",\"potentialAction\":[{\"@type\":\"ReadAction\",\"target\":[\"https:\/\/www.visit-ulcinj.com\/blog\/2013\/01\/24\/noizy-zbulon-jeten-e-tij-private-video\/\"]}]},{\"@type\":\"BreadcrumbList\",\"@id\":\"https:\/\/www.visit-ulcinj.com\/blog\/2013\/01\/24\/noizy-zbulon-jeten-e-tij-private-video\/#breadcrumb\",\"itemListElement\":[{\"@type\":\"ListItem\",\"position\":1,\"name\":\"Noizy zbulon jet\u00ebn e tij private &#8211; Video\"}]},{\"@type\":\"Person\",\"@id\":\"https:\/\/www.visit-ulcinj.com\/blog\/#\/schema\/person\/dcab619c614d3038751c63bc2aadc06d\",\"name\":\"ulqini\",\"sameAs\":[\"http:\/\/www.visit-ulcinj.com\"],\"url\":\"https:\/\/www.visit-ulcinj.com\/blog\/author\/admin\/\"}]}<\/script>\n<!-- \/ Yoast SEO plugin. -->","yoast_head_json":{"title":"Noizy zbulon jet\u00ebn e tij private - Video - Lajme nga Ulqini","description":"Noizy ka hapur dyert e sht\u00ebpis\u00eb s\u00eb tij p\u00ebr emicionin \u201cAll Access\u201d t\u00eb Shqip\u00ebris\u00eb, ku ka shpalosur jet\u00ebn e tij private si kurr\u00eb m\u00eb par\u00eb. Reperi, rrall\u00eb her\u00eb","robots":{"index":"index","follow":"follow","max-snippet":"max-snippet:-1","max-image-preview":"max-image-preview:large","max-video-preview":"max-video-preview:-1"},"canonical":"https:\/\/www.visit-ulcinj.com\/blog\/2013\/01\/24\/noizy-zbulon-jeten-e-tij-private-video\/","og_locale":"en_US","og_type":"article","og_title":"Noizy zbulon jet\u00ebn e tij private - Video - Lajme nga Ulqini","og_description":"Noizy ka hapur dyert e sht\u00ebpis\u00eb s\u00eb tij p\u00ebr emicionin \u201cAll Access\u201d t\u00eb Shqip\u00ebris\u00eb, ku ka shpalosur jet\u00ebn e tij private si kurr\u00eb m\u00eb par\u00eb. Reperi, rrall\u00eb her\u00eb","og_url":"https:\/\/www.visit-ulcinj.com\/blog\/2013\/01\/24\/noizy-zbulon-jeten-e-tij-private-video\/","og_site_name":"Lajme nga Ulqini","article_published_time":"2013-01-24T07:44:19+00:00","article_modified_time":"2013-01-24T07:45:52+00:00","og_image":[{"url":"http:\/\/www.visit-ulcinj.com\/blog\/wp-content\/uploads\/2013\/01\/Noizy_PRIVAT.jpg"}],"twitter_misc":{"Written by":"ulqini","Est. reading time":"1 minute"},"schema":{"@context":"https:\/\/schema.org","@graph":[{"@type":"WebSite","@id":"https:\/\/www.visit-ulcinj.com\/blog\/#website","url":"https:\/\/www.visit-ulcinj.com\/blog\/","name":"Lajme nga Ulqini","description":"Lajme,Vijesti,Ulqini,Ulqin,Crna Gora,Mali i Zi","potentialAction":[{"@type":"SearchAction","target":{"@type":"EntryPoint","urlTemplate":"https:\/\/www.visit-ulcinj.com\/blog\/?s={search_term_string}"},"query-input":"required name=search_term_string"}],"inLanguage":"en-US"},{"@type":"ImageObject","inLanguage":"en-US","@id":"https:\/\/www.visit-ulcinj.com\/blog\/2013\/01\/24\/noizy-zbulon-jeten-e-tij-private-video\/#primaryimage","url":"http:\/\/www.visit-ulcinj.com\/blog\/wp-content\/uploads\/2013\/01\/Noizy_PRIVAT.jpg","contentUrl":"http:\/\/www.visit-ulcinj.com\/blog\/wp-content\/uploads\/2013\/01\/Noizy_PRIVAT.jpg"},{"@type":"WebPage","@id":"https:\/\/www.visit-ulcinj.com\/blog\/2013\/01\/24\/noizy-zbulon-jeten-e-tij-private-video\/#webpage","url":"https:\/\/www.visit-ulcinj.com\/blog\/2013\/01\/24\/noizy-zbulon-jeten-e-tij-private-video\/","name":"Noizy zbulon jet\u00ebn e tij private - Video - Lajme nga Ulqini","isPartOf":{"@id":"https:\/\/www.visit-ulcinj.com\/blog\/#website"},"primaryImageOfPage":{"@id":"https:\/\/www.visit-ulcinj.com\/blog\/2013\/01\/24\/noizy-zbulon-jeten-e-tij-private-video\/#primaryimage"},"datePublished":"2013-01-24T07:44:19+00:00","dateModified":"2013-01-24T07:45:52+00:00","author":{"@id":"https:\/\/www.visit-ulcinj.com\/blog\/#\/schema\/person\/dcab619c614d3038751c63bc2aadc06d"},"description":"Noizy ka hapur dyert e sht\u00ebpis\u00eb s\u00eb tij p\u00ebr emicionin \u201cAll Access\u201d t\u00eb Shqip\u00ebris\u00eb, ku ka shpalosur jet\u00ebn e tij private si kurr\u00eb m\u00eb par\u00eb. Reperi, rrall\u00eb her\u00eb","breadcrumb":{"@id":"https:\/\/www.visit-ulcinj.com\/blog\/2013\/01\/24\/noizy-zbulon-jeten-e-tij-private-video\/#breadcrumb"},"inLanguage":"en-US","potentialAction":[{"@type":"ReadAction","target":["https:\/\/www.visit-ulcinj.com\/blog\/2013\/01\/24\/noizy-zbulon-jeten-e-tij-private-video\/"]}]},{"@type":"BreadcrumbList","@id":"https:\/\/www.visit-ulcinj.com\/blog\/2013\/01\/24\/noizy-zbulon-jeten-e-tij-private-video\/#breadcrumb","itemListElement":[{"@type":"ListItem","position":1,"name":"Noizy zbulon jet\u00ebn e tij private &#8211; Video"}]},{"@type":"Person","@id":"https:\/\/www.visit-ulcinj.com\/blog\/#\/schema\/person\/dcab619c614d3038751c63bc2aadc06d","name":"ulqini","sameAs":["http:\/\/www.visit-ulcinj.com"],"url":"https:\/\/www.visit-ulcinj.com\/blog\/author\/admin\/"}]}},"jetpack_featured_media_url":"","jetpack_sharing_enabled":true,"jetpack_shortlink":"https:\/\/wp.me\/pe6lTn-hFt","_links":{"self":[{"href":"https:\/\/www.visit-ulcinj.com\/blog\/wp-json\/wp\/v2\/posts\/67919"}],"collection":[{"href":"https:\/\/www.visit-ulcinj.com\/blog\/wp-json\/wp\/v2\/posts"}],"about":[{"href":"https:\/\/www.visit-ulcinj.com\/blog\/wp-json\/wp\/v2\/types\/post"}],"author":[{"embeddable":true,"href":"https:\/\/www.visit-ulcinj.com\/blog\/wp-json\/wp\/v2\/users\/1"}],"replies":[{"embeddable":true,"href":"https:\/\/www.visit-ulcinj.com\/blog\/wp-json\/wp\/v2\/comments?post=67919"}],"version-history":[{"count":2,"href":"https:\/\/www.visit-ulcinj.com\/blog\/wp-json\/wp\/v2\/posts\/67919\/revisions"}],"predecessor-version":[{"id":67922,"href":"https:\/\/www.visit-ulcinj.com\/blog\/wp-json\/wp\/v2\/posts\/67919\/revisions\/67922"}],"wp:attachment":[{"href":"https:\/\/www.visit-ulcinj.com\/blog\/wp-json\/wp\/v2\/media?parent=67919"}],"wp:term":[{"taxonomy":"category","embeddable":true,"href":"https:\/\/www.visit-ulcinj.com\/blog\/wp-json\/wp\/v2\/categories?post=67919"},{"taxonomy":"post_tag","embeddable":true,"href":"https:\/\/www.visit-ulcinj.com\/blog\/wp-json\/wp\/v2\/tags?post=67919"}],"curies":[{"name":"wp","href":"https:\/\/api.w.org\/{rel}","templated":true}]}}