{"id":6792,"date":"2008-12-04T16:41:30","date_gmt":"2008-12-04T15:41:30","guid":{"rendered":"http:\/\/www.visit-ulcinj.com\/blog\/?p=6792"},"modified":"2008-12-04T16:41:30","modified_gmt":"2008-12-04T15:41:30","slug":"kumtese-per-media-per-ndertimin-e-arkave-nga-betoni-ne-bulevarin-skenderbeu","status":"publish","type":"post","link":"https:\/\/www.visit-ulcinj.com\/blog\/2008\/12\/04\/kumtese-per-media-per-ndertimin-e-arkave-nga-betoni-ne-bulevarin-skenderbeu\/","title":{"rendered":"Kumtes\u00eb p\u00ebr Media , p\u00ebr nd\u00ebrtimin e arkave nga betoni n\u00eb Bulevarin Skenderbeu"},"content":{"rendered":"<p><a href=\"http:\/\/www.visit-ulcinj.com\/blog\/wp-content\/uploads\/2008\/12\/hajdinaga_numanoviq_nimani.jpg\"><img loading=\"lazy\" class=\"alignleft size-medium wp-image-6771\" title=\"hajdinaga_numanoviq_nimani\" src=\"http:\/\/www.visit-ulcinj.com\/blog\/wp-content\/uploads\/2008\/12\/hajdinaga_numanoviq_nimani-300x225.jpg\" alt=\"\" width=\"300\" height=\"225\" srcset=\"https:\/\/www.visit-ulcinj.com\/blog\/wp-content\/uploads\/2008\/12\/hajdinaga_numanoviq_nimani-300x225.jpg 300w, https:\/\/www.visit-ulcinj.com\/blog\/wp-content\/uploads\/2008\/12\/hajdinaga_numanoviq_nimani.jpg 600w\" sizes=\"(max-width: 300px) 100vw, 300px\" \/><\/a>Kryetari aktual dhe ish-kryetari i Komun\u00ebs, Hajdinaga dhe Nimani, ministrat, te cil\u00ebt p\u00ebr 6 vite e gjysm\u00eb, apo rreth 2500 dit\u00eb, nuk pat\u00ebn sukses q\u00eb\u00a0 p\u00ebr mandatet e tyre t\u00eb aprovojn\u00eb as edhe nj\u00eb plan urbanistik p\u00ebr territorin e Komun\u00ebs se Ulqinit, dhe n\u00eb mandatet e t\u00eb cil\u00ebve Ulqinin e ka p\u00ebrfshir\u00eb nj\u00eb nd\u00ebrtim i tmerrsh\u00ebm total pa plane,\u00a0 p\u00ebrs\u00ebri premtojn\u00eb q\u00eb viti i ardhsh\u00ebm do t\u00eb jet\u00eb viti i bumit t\u00eb investimeve. Por edhe qytetar\u00ebt e din\u00eb q\u00eb 2009.-ta \u00ebsht\u00eb vit zgjedhor.<br \/>\nDuke shfryt\u00ebzuar vizit\u00ebn e ministrit pa portfel Numanoviq, kryetarit t\u00eb Komisionit p\u00ebr fatkeq\u00ebsi elementare, Hajdinaga dhe Nimani p\u00ebrs\u00ebri plasojn\u00eb mashtrimet e veta parazgjedhore mbi investimet n\u00eb komun\u00ebn e Ulqinit. Sikurse mos t\u00eb b\u00ebhet fjal\u00eb p\u00ebr 50,000 euro qytetar\u00ebt edhe do ti besonin p\u00ebr k\u00ebto investime. P\u00ebrkujtojm\u00eb q\u00eb kjo \u00ebsht\u00eb p\u00ebraf\u00ebrsisht vlera q\u00eb Komuna e Tivarit i ka dh\u00ebn\u00eb falas Ulqinit p\u00ebr nd\u00ebrtimin e arkave nga betoni n\u00eb Bulevarin Skenderbeu. I fal\u00ebnderojm\u00eb Komun\u00ebs s\u00eb Tivarit n\u00eb ndihm\u00eb edhe pse p\u00ebr k\u00ebto arka nuk kemi pas nevoj\u00eb dhe pyetemi cil\u00ebt jan\u00eb shkaqet q\u00eb kan\u00eb ndihmuar.<br \/>\n2008.-ta do t\u00eb mbahet mend edhe me dhurata t\u00eb ndryshme dhe k\u00ebto Auto ambulanca p\u00ebr Sht\u00ebpin\u00eb e sh\u00ebndetit dhe pastruesi i p\u00ebrdorur p\u00ebr nd\u00ebrmarrje komunale gj\u00eb q\u00eb kryetari,\u00a0 n\u00eb prononcimin me rastin e dy vjetorit t\u00eb marrjes s\u00eb funksionit, i num\u00ebron n\u00eb sukseset e veta.<br \/>\nShpresojm\u00eb q\u00eb viti i ardhsh\u00ebm do t\u00eb jet\u00eb m\u00eb i suksessh\u00ebm por kemi 2500 arsye p\u00ebr dyshime.<br \/>\n<strong>Sh\u00ebrbimi informativ i Forc\u00ebs<br \/>\nForca e re demokratike<\/strong><\/p>\n\n\t\t<style type=\"text\/css\">\n\t\t\t#gallery-1 {\n\t\t\t\tmargin: auto;\n\t\t\t}\n\t\t\t#gallery-1 .gallery-item {\n\t\t\t\tfloat: left;\n\t\t\t\tmargin-top: 10px;\n\t\t\t\ttext-align: center;\n\t\t\t\twidth: 33%;\n\t\t\t}\n\t\t\t#gallery-1 img {\n\t\t\t\tborder: 2px solid #cfcfcf;\n\t\t\t}\n\t\t\t#gallery-1 .gallery-caption {\n\t\t\t\tmargin-left: 0;\n\t\t\t}\n\t\t\t\/* see gallery_shortcode() in wp-includes\/media.php *\/\n\t\t<\/style>\n\t\t<div id='gallery-1' class='gallery galleryid-6792 gallery-columns-3 gallery-size-thumbnail'><dl class='gallery-item'>\n\t\t\t<dt class='gallery-icon landscape'>\n\t\t\t\t<a href='https:\/\/www.visit-ulcinj.com\/blog\/2008\/12\/04\/kumtese-per-media-per-ndertimin-e-arkave-nga-betoni-ne-bulevarin-skenderbeu\/betonimi-i-sandukeve-ne-bulevarin-skenderbeg-ulqin\/'><img width=\"150\" height=\"150\" src=\"https:\/\/www.visit-ulcinj.com\/blog\/wp-content\/uploads\/2008\/12\/betonimi-i-sandukeve-ne-bulevarin-skenderbeg-ulqin-150x150.jpg\" class=\"attachment-thumbnail size-thumbnail\" alt=\"\" loading=\"lazy\" \/><\/a>\n\t\t\t<\/dt><\/dl><dl class='gallery-item'>\n\t\t\t<dt class='gallery-icon landscape'>\n\t\t\t\t<a href='https:\/\/www.visit-ulcinj.com\/blog\/2008\/12\/04\/kumtese-per-media-per-ndertimin-e-arkave-nga-betoni-ne-bulevarin-skenderbeu\/betonimi-i-sandukeve-ne-bulevarin-skenderbeg-ulqin21\/'><img width=\"150\" height=\"150\" src=\"https:\/\/www.visit-ulcinj.com\/blog\/wp-content\/uploads\/2008\/12\/betonimi-i-sandukeve-ne-bulevarin-skenderbeg-ulqin21-150x150.jpg\" class=\"attachment-thumbnail size-thumbnail\" alt=\"\" loading=\"lazy\" \/><\/a>\n\t\t\t<\/dt><\/dl><dl class='gallery-item'>\n\t\t\t<dt class='gallery-icon landscape'>\n\t\t\t\t<a href='https:\/\/www.visit-ulcinj.com\/blog\/2008\/12\/04\/kumtese-per-media-per-ndertimin-e-arkave-nga-betoni-ne-bulevarin-skenderbeu\/betonimi-i-sandukeve-ne-bulevarin-skenderbeg-ulqin-11\/'><img width=\"150\" height=\"150\" src=\"https:\/\/www.visit-ulcinj.com\/blog\/wp-content\/uploads\/2008\/12\/betonimi-i-sandukeve-ne-bulevarin-skenderbeg-ulqin-11-150x150.jpg\" class=\"attachment-thumbnail size-thumbnail\" alt=\"\" loading=\"lazy\" \/><\/a>\n\t\t\t<\/dt><\/dl><br style=\"clear: both\" \/>\n\t\t<\/div>\n\n<dl class=\"gallery-item\">\n<dt class=\"gallery-icon\"> <\/dt>\n<\/dl>\n<dl class=\"gallery-item\" style=\"width: 160px;\">\n<dt class=\"gallery-icon\"> <\/dt>\n<\/dl>\n<dl class=\"gallery-item\" style=\"width: 160px;\">\n<dt class=\"gallery-icon\"> <\/dt>\n<\/dl>\n<dl class=\"gallery-item\">\n<dt class=\"gallery-icon\"> <\/dt>\n<\/dl>\n","protected":false},"excerpt":{"rendered":"<p>Kryetari aktual dhe ish-kryetari i Komun\u00ebs, Hajdinaga dhe Nimani, ministrat, te cil\u00ebt p\u00ebr 6 vite e gjysm\u00eb, apo rreth 2500 dit\u00eb, nuk pat\u00ebn sukses q\u00eb\u00a0 p\u00ebr mandatet e tyre t\u00eb aprovojn\u00eb as edhe nj\u00eb plan urbanistik p\u00ebr territorin e Komun\u00ebs se Ulqinit, dhe n\u00eb mandatet e t\u00eb cil\u00ebve Ulqinin e ka p\u00ebrfshir\u00eb nj\u00eb nd\u00ebrtim i [&hellip;]<\/p>\n","protected":false},"author":1,"featured_media":0,"comment_status":"open","ping_status":"closed","sticky":false,"template":"","format":"standard","meta":{"spay_email":"","jetpack_publicize_message":"","jetpack_is_tweetstorm":false,"jetpack_publicize_feature_enabled":true},"categories":[11],"tags":[874,5148],"jetpack_publicize_connections":[],"yoast_head":"<!-- This site is optimized with the Yoast SEO plugin v19.1 - https:\/\/yoast.com\/wordpress\/plugins\/seo\/ -->\n<title>Kumtes\u00eb p\u00ebr Media , p\u00ebr nd\u00ebrtimin e arkave nga betoni n\u00eb Bulevarin Skenderbeu - Lajme nga Ulqini<\/title>\n<meta name=\"description\" content=\"Kryetari aktual dhe ish-kryetari i Komun\u00ebs, Hajdinaga dhe Nimani, ministrat, te cil\u00ebt p\u00ebr 6 vite e gjysm\u00eb, apo rreth 2500 dit\u00eb, nuk pat\u00ebn sukses q\u00eb\u00a0 p\u00ebr\" \/>\n<meta name=\"robots\" content=\"index, follow, max-snippet:-1, max-image-preview:large, max-video-preview:-1\" \/>\n<link rel=\"canonical\" href=\"https:\/\/www.visit-ulcinj.com\/blog\/2008\/12\/04\/kumtese-per-media-per-ndertimin-e-arkave-nga-betoni-ne-bulevarin-skenderbeu\/\" \/>\n<meta property=\"og:locale\" content=\"en_US\" \/>\n<meta property=\"og:type\" content=\"article\" \/>\n<meta property=\"og:title\" content=\"Kumtes\u00eb p\u00ebr Media , p\u00ebr nd\u00ebrtimin e arkave nga betoni n\u00eb Bulevarin Skenderbeu - Lajme nga Ulqini\" \/>\n<meta property=\"og:description\" content=\"Kryetari aktual dhe ish-kryetari i Komun\u00ebs, Hajdinaga dhe Nimani, ministrat, te cil\u00ebt p\u00ebr 6 vite e gjysm\u00eb, apo rreth 2500 dit\u00eb, nuk pat\u00ebn sukses q\u00eb\u00a0 p\u00ebr\" \/>\n<meta property=\"og:url\" content=\"https:\/\/www.visit-ulcinj.com\/blog\/2008\/12\/04\/kumtese-per-media-per-ndertimin-e-arkave-nga-betoni-ne-bulevarin-skenderbeu\/\" \/>\n<meta property=\"og:site_name\" content=\"Lajme nga Ulqini\" \/>\n<meta property=\"article:published_time\" content=\"2008-12-04T15:41:30+00:00\" \/>\n<meta property=\"og:image\" content=\"https:\/\/www.visit-ulcinj.com\/blog\/wp-content\/uploads\/2008\/12\/betonimi-i-sandukeve-ne-bulevarin-skenderbeg-ulqin-150x150.jpg\" \/>\n<meta name=\"twitter:label1\" content=\"Written by\" \/>\n\t<meta name=\"twitter:data1\" content=\"ulqini\" \/>\n\t<meta name=\"twitter:label2\" content=\"Est. reading time\" \/>\n\t<meta name=\"twitter:data2\" content=\"1 minute\" \/>\n<script type=\"application\/ld+json\" class=\"yoast-schema-graph\">{\"@context\":\"https:\/\/schema.org\",\"@graph\":[{\"@type\":\"WebSite\",\"@id\":\"https:\/\/www.visit-ulcinj.com\/blog\/#website\",\"url\":\"https:\/\/www.visit-ulcinj.com\/blog\/\",\"name\":\"Lajme nga Ulqini\",\"description\":\"Lajme,Vijesti,Ulqini,Ulqin,Crna Gora,Mali i Zi\",\"potentialAction\":[{\"@type\":\"SearchAction\",\"target\":{\"@type\":\"EntryPoint\",\"urlTemplate\":\"https:\/\/www.visit-ulcinj.com\/blog\/?s={search_term_string}\"},\"query-input\":\"required name=search_term_string\"}],\"inLanguage\":\"en-US\"},{\"@type\":\"ImageObject\",\"inLanguage\":\"en-US\",\"@id\":\"https:\/\/www.visit-ulcinj.com\/blog\/2008\/12\/04\/kumtese-per-media-per-ndertimin-e-arkave-nga-betoni-ne-bulevarin-skenderbeu\/#primaryimage\",\"url\":\"http:\/\/www.visit-ulcinj.com\/blog\/wp-content\/uploads\/2008\/12\/hajdinaga_numanoviq_nimani-300x225.jpg\",\"contentUrl\":\"http:\/\/www.visit-ulcinj.com\/blog\/wp-content\/uploads\/2008\/12\/hajdinaga_numanoviq_nimani-300x225.jpg\"},{\"@type\":\"WebPage\",\"@id\":\"https:\/\/www.visit-ulcinj.com\/blog\/2008\/12\/04\/kumtese-per-media-per-ndertimin-e-arkave-nga-betoni-ne-bulevarin-skenderbeu\/#webpage\",\"url\":\"https:\/\/www.visit-ulcinj.com\/blog\/2008\/12\/04\/kumtese-per-media-per-ndertimin-e-arkave-nga-betoni-ne-bulevarin-skenderbeu\/\",\"name\":\"Kumtes\u00eb p\u00ebr Media , p\u00ebr nd\u00ebrtimin e arkave nga betoni n\u00eb Bulevarin Skenderbeu - Lajme nga Ulqini\",\"isPartOf\":{\"@id\":\"https:\/\/www.visit-ulcinj.com\/blog\/#website\"},\"primaryImageOfPage\":{\"@id\":\"https:\/\/www.visit-ulcinj.com\/blog\/2008\/12\/04\/kumtese-per-media-per-ndertimin-e-arkave-nga-betoni-ne-bulevarin-skenderbeu\/#primaryimage\"},\"datePublished\":\"2008-12-04T15:41:30+00:00\",\"dateModified\":\"2008-12-04T15:41:30+00:00\",\"author\":{\"@id\":\"https:\/\/www.visit-ulcinj.com\/blog\/#\/schema\/person\/dcab619c614d3038751c63bc2aadc06d\"},\"description\":\"Kryetari aktual dhe ish-kryetari i Komun\u00ebs, Hajdinaga dhe Nimani, ministrat, te cil\u00ebt p\u00ebr 6 vite e gjysm\u00eb, apo rreth 2500 dit\u00eb, nuk pat\u00ebn sukses q\u00eb\u00a0 p\u00ebr\",\"breadcrumb\":{\"@id\":\"https:\/\/www.visit-ulcinj.com\/blog\/2008\/12\/04\/kumtese-per-media-per-ndertimin-e-arkave-nga-betoni-ne-bulevarin-skenderbeu\/#breadcrumb\"},\"inLanguage\":\"en-US\",\"potentialAction\":[{\"@type\":\"ReadAction\",\"target\":[\"https:\/\/www.visit-ulcinj.com\/blog\/2008\/12\/04\/kumtese-per-media-per-ndertimin-e-arkave-nga-betoni-ne-bulevarin-skenderbeu\/\"]}]},{\"@type\":\"BreadcrumbList\",\"@id\":\"https:\/\/www.visit-ulcinj.com\/blog\/2008\/12\/04\/kumtese-per-media-per-ndertimin-e-arkave-nga-betoni-ne-bulevarin-skenderbeu\/#breadcrumb\",\"itemListElement\":[{\"@type\":\"ListItem\",\"position\":1,\"name\":\"Kumtes\u00eb p\u00ebr Media , p\u00ebr nd\u00ebrtimin e arkave nga betoni n\u00eb Bulevarin Skenderbeu\"}]},{\"@type\":\"Person\",\"@id\":\"https:\/\/www.visit-ulcinj.com\/blog\/#\/schema\/person\/dcab619c614d3038751c63bc2aadc06d\",\"name\":\"ulqini\",\"sameAs\":[\"http:\/\/www.visit-ulcinj.com\"],\"url\":\"https:\/\/www.visit-ulcinj.com\/blog\/author\/admin\/\"}]}<\/script>\n<!-- \/ Yoast SEO plugin. -->","yoast_head_json":{"title":"Kumtes\u00eb p\u00ebr Media , p\u00ebr nd\u00ebrtimin e arkave nga betoni n\u00eb Bulevarin Skenderbeu - Lajme nga Ulqini","description":"Kryetari aktual dhe ish-kryetari i Komun\u00ebs, Hajdinaga dhe Nimani, ministrat, te cil\u00ebt p\u00ebr 6 vite e gjysm\u00eb, apo rreth 2500 dit\u00eb, nuk pat\u00ebn sukses q\u00eb\u00a0 p\u00ebr","robots":{"index":"index","follow":"follow","max-snippet":"max-snippet:-1","max-image-preview":"max-image-preview:large","max-video-preview":"max-video-preview:-1"},"canonical":"https:\/\/www.visit-ulcinj.com\/blog\/2008\/12\/04\/kumtese-per-media-per-ndertimin-e-arkave-nga-betoni-ne-bulevarin-skenderbeu\/","og_locale":"en_US","og_type":"article","og_title":"Kumtes\u00eb p\u00ebr Media , p\u00ebr nd\u00ebrtimin e arkave nga betoni n\u00eb Bulevarin Skenderbeu - Lajme nga Ulqini","og_description":"Kryetari aktual dhe ish-kryetari i Komun\u00ebs, Hajdinaga dhe Nimani, ministrat, te cil\u00ebt p\u00ebr 6 vite e gjysm\u00eb, apo rreth 2500 dit\u00eb, nuk pat\u00ebn sukses q\u00eb\u00a0 p\u00ebr","og_url":"https:\/\/www.visit-ulcinj.com\/blog\/2008\/12\/04\/kumtese-per-media-per-ndertimin-e-arkave-nga-betoni-ne-bulevarin-skenderbeu\/","og_site_name":"Lajme nga Ulqini","article_published_time":"2008-12-04T15:41:30+00:00","og_image":[{"url":"https:\/\/www.visit-ulcinj.com\/blog\/wp-content\/uploads\/2008\/12\/betonimi-i-sandukeve-ne-bulevarin-skenderbeg-ulqin-150x150.jpg"}],"twitter_misc":{"Written by":"ulqini","Est. reading time":"1 minute"},"schema":{"@context":"https:\/\/schema.org","@graph":[{"@type":"WebSite","@id":"https:\/\/www.visit-ulcinj.com\/blog\/#website","url":"https:\/\/www.visit-ulcinj.com\/blog\/","name":"Lajme nga Ulqini","description":"Lajme,Vijesti,Ulqini,Ulqin,Crna Gora,Mali i Zi","potentialAction":[{"@type":"SearchAction","target":{"@type":"EntryPoint","urlTemplate":"https:\/\/www.visit-ulcinj.com\/blog\/?s={search_term_string}"},"query-input":"required name=search_term_string"}],"inLanguage":"en-US"},{"@type":"ImageObject","inLanguage":"en-US","@id":"https:\/\/www.visit-ulcinj.com\/blog\/2008\/12\/04\/kumtese-per-media-per-ndertimin-e-arkave-nga-betoni-ne-bulevarin-skenderbeu\/#primaryimage","url":"http:\/\/www.visit-ulcinj.com\/blog\/wp-content\/uploads\/2008\/12\/hajdinaga_numanoviq_nimani-300x225.jpg","contentUrl":"http:\/\/www.visit-ulcinj.com\/blog\/wp-content\/uploads\/2008\/12\/hajdinaga_numanoviq_nimani-300x225.jpg"},{"@type":"WebPage","@id":"https:\/\/www.visit-ulcinj.com\/blog\/2008\/12\/04\/kumtese-per-media-per-ndertimin-e-arkave-nga-betoni-ne-bulevarin-skenderbeu\/#webpage","url":"https:\/\/www.visit-ulcinj.com\/blog\/2008\/12\/04\/kumtese-per-media-per-ndertimin-e-arkave-nga-betoni-ne-bulevarin-skenderbeu\/","name":"Kumtes\u00eb p\u00ebr Media , p\u00ebr nd\u00ebrtimin e arkave nga betoni n\u00eb Bulevarin Skenderbeu - Lajme nga Ulqini","isPartOf":{"@id":"https:\/\/www.visit-ulcinj.com\/blog\/#website"},"primaryImageOfPage":{"@id":"https:\/\/www.visit-ulcinj.com\/blog\/2008\/12\/04\/kumtese-per-media-per-ndertimin-e-arkave-nga-betoni-ne-bulevarin-skenderbeu\/#primaryimage"},"datePublished":"2008-12-04T15:41:30+00:00","dateModified":"2008-12-04T15:41:30+00:00","author":{"@id":"https:\/\/www.visit-ulcinj.com\/blog\/#\/schema\/person\/dcab619c614d3038751c63bc2aadc06d"},"description":"Kryetari aktual dhe ish-kryetari i Komun\u00ebs, Hajdinaga dhe Nimani, ministrat, te cil\u00ebt p\u00ebr 6 vite e gjysm\u00eb, apo rreth 2500 dit\u00eb, nuk pat\u00ebn sukses q\u00eb\u00a0 p\u00ebr","breadcrumb":{"@id":"https:\/\/www.visit-ulcinj.com\/blog\/2008\/12\/04\/kumtese-per-media-per-ndertimin-e-arkave-nga-betoni-ne-bulevarin-skenderbeu\/#breadcrumb"},"inLanguage":"en-US","potentialAction":[{"@type":"ReadAction","target":["https:\/\/www.visit-ulcinj.com\/blog\/2008\/12\/04\/kumtese-per-media-per-ndertimin-e-arkave-nga-betoni-ne-bulevarin-skenderbeu\/"]}]},{"@type":"BreadcrumbList","@id":"https:\/\/www.visit-ulcinj.com\/blog\/2008\/12\/04\/kumtese-per-media-per-ndertimin-e-arkave-nga-betoni-ne-bulevarin-skenderbeu\/#breadcrumb","itemListElement":[{"@type":"ListItem","position":1,"name":"Kumtes\u00eb p\u00ebr Media , p\u00ebr nd\u00ebrtimin e arkave nga betoni n\u00eb Bulevarin Skenderbeu"}]},{"@type":"Person","@id":"https:\/\/www.visit-ulcinj.com\/blog\/#\/schema\/person\/dcab619c614d3038751c63bc2aadc06d","name":"ulqini","sameAs":["http:\/\/www.visit-ulcinj.com"],"url":"https:\/\/www.visit-ulcinj.com\/blog\/author\/admin\/"}]}},"jetpack_featured_media_url":"","jetpack_sharing_enabled":true,"jetpack_shortlink":"https:\/\/wp.me\/pe6lTn-1Ly","_links":{"self":[{"href":"https:\/\/www.visit-ulcinj.com\/blog\/wp-json\/wp\/v2\/posts\/6792"}],"collection":[{"href":"https:\/\/www.visit-ulcinj.com\/blog\/wp-json\/wp\/v2\/posts"}],"about":[{"href":"https:\/\/www.visit-ulcinj.com\/blog\/wp-json\/wp\/v2\/types\/post"}],"author":[{"embeddable":true,"href":"https:\/\/www.visit-ulcinj.com\/blog\/wp-json\/wp\/v2\/users\/1"}],"replies":[{"embeddable":true,"href":"https:\/\/www.visit-ulcinj.com\/blog\/wp-json\/wp\/v2\/comments?post=6792"}],"version-history":[{"count":0,"href":"https:\/\/www.visit-ulcinj.com\/blog\/wp-json\/wp\/v2\/posts\/6792\/revisions"}],"wp:attachment":[{"href":"https:\/\/www.visit-ulcinj.com\/blog\/wp-json\/wp\/v2\/media?parent=6792"}],"wp:term":[{"taxonomy":"category","embeddable":true,"href":"https:\/\/www.visit-ulcinj.com\/blog\/wp-json\/wp\/v2\/categories?post=6792"},{"taxonomy":"post_tag","embeddable":true,"href":"https:\/\/www.visit-ulcinj.com\/blog\/wp-json\/wp\/v2\/tags?post=6792"}],"curies":[{"name":"wp","href":"https:\/\/api.w.org\/{rel}","templated":true}]}}