{"id":67927,"date":"2013-01-24T09:34:04","date_gmt":"2013-01-24T08:34:04","guid":{"rendered":"http:\/\/www.visit-ulcinj.com\/blog\/?p=67927"},"modified":"2013-01-24T09:35:01","modified_gmt":"2013-01-24T08:35:01","slug":"tragom-projekta-putevi-kontinuiteta-svac-proslost-dobija-nove-dimenzije","status":"publish","type":"post","link":"https:\/\/www.visit-ulcinj.com\/blog\/2013\/01\/24\/tragom-projekta-putevi-kontinuiteta-svac-proslost-dobija-nove-dimenzije\/","title":{"rendered":"Tragom projekta \u201ePutevi kontinuiteta\u201d: Sva\u010d &#8211; Pro\u0161lost dobija nove dimenzije"},"content":{"rendered":"<div id=\"attachment_67928\" style=\"width: 518px\" class=\"wp-caption alignleft\"><a href=\"http:\/\/www.visit-ulcinj.com\/blog\/wp-content\/uploads\/2013\/01\/Arheolozi-Svac_Putevi-kontinuiteta.jpg\"><img aria-describedby=\"caption-attachment-67928\" loading=\"lazy\" class=\" wp-image-67928\" alt=\"Arheolozi Svac_Putevi kontinuiteta\" src=\"http:\/\/www.visit-ulcinj.com\/blog\/wp-content\/uploads\/2013\/01\/Arheolozi-Svac_Putevi-kontinuiteta.jpg\" width=\"508\" height=\"360\" \/><\/a><p id=\"caption-attachment-67928\" class=\"wp-caption-text\">Foto: Pobjeda<\/p><\/div>\n<p>Istra\u017eivanja na srednjevjekovnom gradu Sva\u010du, koji se nalazi na oko 20 kilometara sjeveroisto\u010dno od Ulcinja, izme\u0111u \u0160askog jezera na jugu i plodne ravnice na sjeveru, trajala su 70 dana. Ra\u0111ena su na podru\u010dju Podgra\u0111a usredsre\u0111eno na tri dijela, krajnjem isto\u010dnom dijelu Podgra\u0111a, zapadnom dijelu koji se nalazi zapadno od ulice koja vodi prema Gornjem gradu i sjeverni dio koji je podignut na stijeni. Tokom istra\u017eivanja otkriveno je vi\u0161e arhitektonskih objekata kao i velika koli\u010dina pokretnih arheolo\u0161kih nalaza koji se datuju od VI do XII vijeka. Istra\u017eivanja su dokazala da je Sva\u010d bio veoma zna\u010dajna lokacija u periodu od VI do XIII vijeka i ukazuju na veoma bogat arheolo\u0161ki sloj ranog srednjeg vijeka, sa izuzetnom arhitekturom i pokretnim nalazima.\u00a0 Na \u010delu tima koji je realizovao pro\u0161logodi\u0161nju kampanju bio je arheolog Mladen Zagar\u010danin.<\/p>\n<p>&#8211; Najzna\u010dajniji nalaz ovogodi\u0161nje kampanje je ostatak manastira iz perioda od 9.do 11. vijeka (napravljen na ostacima neke gra\u0111evine iz 6. vijeka), koji je uni\u0161ten u mongolskom napadu 1242. a mo\u017eda i prije. Ru\u0161evine nekada impozantne kapije- zvonika (ili kule), sa sve\u010danim ulazom, svjedo\u010de o, do sada nepoznatom, manastirskom kompleksu koji se nalazio u zapadnom dijelu Podgra\u0111a\u00a0 \u2013 ka\u017ee Zagar\u010danin.<\/p>\n<p>Prema preliminarnim nalazima ta gra\u0111evina je imala preko 15 metara visine. Sada je o\u010duvana i do visine od dva metara. Prostirala se prema jugozapadnom dijelu Pogra\u0111a, a od zidova konaka i ostalih prostorija o\u010duvalo se veoma malo, jer je materijal upotrijebljen za izgradnju objekata nakon nasilnog stradanja \u2013 ka\u017ee Zagar\u010danin.<\/p>\n<p>Najve\u0107e iznena\u0111enje za arheologe na Sva\u010du bili su dokazi o postojanju \u201enovog\u201c naselja koje se formira na velikoj povr\u0161ini sa isto\u010dne i zapadne strane.<\/p>\n<p>&#8211; Ovo stani\u0161te je svakako do sada bilo potpuno neopa\u017eeno, i pravo je \u010dudo \u0161to dosada niko nije obratio pa\u017enju na arhitekturu ovih objekata. Naime, radi se o kompleksu utvr\u0111enja i zgrada koje su nikle negdje nakon 13 vijeka, a koje svjedo\u010de o nekoj za sada nepoznatoj populaciji, koja ima svjstvenu graditeljsku koncepciju, druga\u010diju od one zate\u010dene u Podgra\u0111u ili one koja je do kasnog srednjeg vijeka postojala (i jo\u0161 postoji) u Gornjem gradu i prema jezeru \u2013 ka\u017ee Zagar\u010danin.<br \/>\n<a href=\"http:\/\/www.visit-ulcinj.com\/blog\/wp-content\/uploads\/2013\/01\/Arheolozi-Svac_Putevi-kontinuiteta.1.jpg\"><img loading=\"lazy\" class=\"alignleft  wp-image-67929\" alt=\"Arheolozi Svac_Putevi kontinuiteta.1\" src=\"http:\/\/www.visit-ulcinj.com\/blog\/wp-content\/uploads\/2013\/01\/Arheolozi-Svac_Putevi-kontinuiteta.1.jpg\" width=\"508\" height=\"300\" \/><\/a><\/p>\n<p>Zidovi su ra\u0111eni od velikih gromada odlomljenog kamenja. Spajani su izuzetno znala\u010dki. Utvr\u0111eno je nekoliko destina ku\u0107i\u0161ta, manji trgovi koji se obrazuju oko crkvi, terasasti platoi ogra\u0111eni velikim uredno pore\u0111anim stijenama, \u010ditav defanzivni sistem koji je branio grad sa istoka, pa onda jo\u0161 jedan koji je naselje branio sa zapada, veliki palisadni zid\u2026<\/p>\n<p>&#8211; Na prostoru Crne Gore nije evidentirano ni\u0161ta sli\u010dno, makar u istra\u017eenim cjelinama. Da li su ovo naseljenici nakon mongolskog napada ili se radi o poznijem stani\u0161tu, te\u0161ko je re\u0107i. U svakom slu\u010daju, iako ku\u0107i\u0161ta imaju ruralan izgled kao i sam tip zgrada ra\u0111enih bez upotrebe maltera, radi se o izuzetno organizovanoj etni\u010dkoj grupi koja dolazi u napu\u0161tene djelove grada ali koristi svoj mudus vivere. Isklju\u010dujemo mogu\u0107nost da ovo pripada praistorijskoj epohi, a zato postoji sijaset dokaza. Nije nemogu\u0107e da je na\u010din \u201ehelenisti\u010dkog graditeljstva\u201c uticao na graditeljski koncept, ali svakako je da ove ku\u0107e nastaju u srednjem vijeku \u2013 zaklju\u010dio je Zagar\u010danin.<\/p>\n<p><strong>Nastavak<\/strong><\/p>\n<p>Ove godine arheolo\u0161ka istra\u017eivanja bi\u0107e nastavljena na lokalitetima koji su tretirani istra\u017eivanjima u 2012. a dali su o\u010dekivane rezultate: Crvenoj stijeni, sjevernoj nekropoli anti\u010dke Duklje i srednjevjekovnom gradu Sva\u010du.<br \/>\n<a href=\"http:\/\/www.visit-ulcinj.com\/blog\/wp-content\/uploads\/2013\/01\/Arheolozi-Svac_Putevi-kontinuiteta.2.jpg\"><img loading=\"lazy\" class=\"alignleft  wp-image-67930\" alt=\"Arheolozi Svac_Putevi kontinuiteta.2\" src=\"http:\/\/www.visit-ulcinj.com\/blog\/wp-content\/uploads\/2013\/01\/Arheolozi-Svac_Putevi-kontinuiteta.2.jpg\" width=\"508\" height=\"296\" \/><\/a><\/p>\n<p>&#8211; Posebna pa\u017enja bi\u0107e posve\u0107ena izradi konzervatorskih projekata i primjeni konzervatorskih mjera na svim lokalitetima sa arhitektonskim ostacima, posebno na Sva\u010du na kome imamo na desetine ostataka objekata koji nijesu konzervatorski tretirani. U cilju bolje valorizacije ovog izuzetno zna\u010dajnog kulturnog dobra, planirane su i druge aktivnosti poput me\u0111unarodne ljetnje \u0161kole arheologije, konzervacije i arhitekture, izrada studije izvodljivosti sa biznis planom, priprema aplikacije za IPA fondove i sli\u010dno \u2013 ka\u017ee Lidija Ljesar.<br \/>\n<a href=\"http:\/\/www.visit-ulcinj.com\/blog\/wp-content\/uploads\/2013\/01\/Arheolozi-Svac_Putevi-kontinuiteta.3.jpg\"><img loading=\"lazy\" class=\"alignleft  wp-image-67931\" alt=\"Arheolozi Svac_Putevi kontinuiteta.3\" src=\"http:\/\/www.visit-ulcinj.com\/blog\/wp-content\/uploads\/2013\/01\/Arheolozi-Svac_Putevi-kontinuiteta.3.jpg\" width=\"508\" height=\"300\" \/><\/a><\/p>\n<p>Prvi put, ove godine bi\u0107e arheolo\u0161ki istra\u017eivan i lokalitet \u0110uteza. Na tom mejstu\u00a0 postoje ostaci fortifikacije iz IV \u2013 II vijeka prije nove ere i ranovizantijskom fazom, \u0161to je veoma va\u017ean aspekt u razumjevanju Dukljanske episkopije do po\u010detka VII vijeka. I na podru\u010dju op\u0161tine Danilovgrad registrovan je veliki broj tumula, naro\u010dito na prostoru sela Frutak. O\u010dekuje se da \u0107e istra\u017eivanja praistorijskih tumula u 2013. godini, dati za rezultat pokretne arheolo\u0161ke nalaze praistorije od eneolita do dolaska Rimljana.<\/p>\n<p><strong>Na tragu Kosari<\/strong><\/p>\n<p>U sklopu projekta \u201ePutevi kontinuiteta\u201c arheolozi su se pro\u0161le godine na\u0161li na ostacima Manastira Pre\u010dista Krajinska, koji se nalazi na oko 35 kilometara od Virpazara, u Ostrosu, na krajnjem jugozapadnom dijelu Skadarskog jezera, Tokom kampanje koja je trajala 30 dana istra\u017eivana je neposrednoj okolini manastirskog kompleksa, na ju\u017enoj strani, gdje se pretpostavljalo da se nalazi mona\u0161ko groblje. Tim arheologa na \u010dijem je \u010delu bila Vilma Kova\u010devi\u0107\u00a0 poku\u0161avao je otkriti temelja Crkve Svete Marije iz 11. vijeka i legendarni Kosarin grob. Prona\u0111eni su osteolo\u0161i ostaci, \u010dije datovanje \u0107e biti utvr\u0111eno nakon sprovedenih antropolo\u0161kih analiza.<\/p>\n<p><a href=\"http:\/\/www.visit-ulcinj.com\/blog\/wp-content\/uploads\/2013\/01\/Precista-Krajinska-u-Ostros.jpg\"><img loading=\"lazy\" class=\"alignleft  wp-image-67932\" alt=\"Precista-Krajinska-u Ostros\" src=\"http:\/\/www.visit-ulcinj.com\/blog\/wp-content\/uploads\/2013\/01\/Precista-Krajinska-u-Ostros.jpg\" width=\"508\" height=\"300\" \/><\/a><\/p>\n<p><strong>Iskustva i potencijali<\/strong><\/p>\n<p>Uva\u017eavaju\u0107i \u010dinjenicu da je prva godina svih ve\u0107ih vi\u0161egodi\u0161njih projekata presudna za njegovu odr\u017eivost u budu\u0107nosti i pokazatelje da su u ve\u0107em dijelu Projekta dobijeni o\u010dekivani rezultati, u sektoru za kulturnu ba\u0161tinu Ministarstva kulture ne skrivaju zadovoljstvo.<\/p>\n<p>&#8211; Saradnja Ministarstva kulture i Narodnog muzeja Crne Gore sa drugim institucijama, op\u0161tinama i vasnicma posjeda na kojima se nalaze arheolo\u0161ki lokaliteti bila je jako dobra. Analiziraju\u0107i i sumiraju\u0107i sveukupno tok realizacije pojedina\u010dnih istra\u017eivanja, pro\u0161logodi\u0161nja iskustva \u0107e biti usmjeravaju\u0107a i svakako od pomo\u0107i da u narednoj godini uspje\u0161nije valorizujujemo potencijale, ali i blagovremeno prepoznamo prijetnje i rizike u inplementaciji Projekta &#8211;\u00a0 ka\u017ee pomo\u0107nica ministra kulture za kulturnu ba\u0161tinu Lidija Ljesar.<\/p>\n<p><strong>Detaljni izvje\u0161taji i konzervatorski tretman<\/strong><\/p>\n<p>U sektoru za kulturnu ba\u0161tinu Ministarstva kulture Crne Gore nagla\u0161avaju da \u0107e veliku pa\u017enju kompletiranju dokumentacije sa detaljnim izvje\u0161tajima i konzervatorskom tretmanu arheolo\u0161kih lokaliteta i arheolo\u0161kih nalaza tokom i nakon zav\u0161enih terenskih radova.<\/p>\n<p>-Na to nas obavezuju stru\u010dni principi i normativni standardi jer smo, nerijetko, bili svjedoci da su nakon zavr\u0161etka arheolo\u0161kih istra\u017eivanja, lokaliteti napu\u0161tani nedovoljno stru\u010dno za\u0161ti\u0107eni, arheolo\u0161ki materijal deponovan bez sprovo\u0111enja svih drugih radnji u cilju njihove za\u0161tite, a dokumentacija nikada kompletirana \u2013 istakle je Lidija Ljesar.<\/p>\n<p><a href=\"http:\/\/www.pobjeda.me\/2013\/01\/20\/tragom-projekta-putevi-kontinuiteta-proslost-dobija-nove-dimenzije\/\" target=\"_blank\"><strong>Izvor: POBJEDA<\/strong><\/p>\n<p><\/a><\/p>\n","protected":false},"excerpt":{"rendered":"<p>Istra\u017eivanja na srednjevjekovnom gradu Sva\u010du, koji se nalazi na oko 20 kilometara sjeveroisto\u010dno od Ulcinja, izme\u0111u \u0160askog jezera na jugu i plodne ravnice na sjeveru, trajala su 70 dana. Ra\u0111ena su na podru\u010dju Podgra\u0111a usredsre\u0111eno na tri dijela, krajnjem isto\u010dnom dijelu Podgra\u0111a, zapadnom dijelu koji se nalazi zapadno od ulice koja vodi prema Gornjem gradu [&hellip;]<\/p>\n","protected":false},"author":1,"featured_media":0,"comment_status":"open","ping_status":"closed","sticky":false,"template":"","format":"standard","meta":{"spay_email":"","jetpack_publicize_message":"","jetpack_is_tweetstorm":false,"jetpack_publicize_feature_enabled":true},"categories":[6950],"tags":[21716,2081],"jetpack_publicize_connections":[],"yoast_head":"<!-- This site is optimized with the Yoast SEO plugin v19.1 - https:\/\/yoast.com\/wordpress\/plugins\/seo\/ -->\n<title>Tragom projekta \u201ePutevi kontinuiteta\u201d: Sva\u010d - Pro\u0161lost dobija nove dimenzije - Lajme nga Ulqini<\/title>\n<meta name=\"description\" content=\"Istra\u017eivanja na srednjevjekovnom gradu Sva\u010du, koji se nalazi na oko 20 kilometara sjeveroisto\u010dno od Ulcinja, izme\u0111u \u0160askog jezera na jugu i plodne ravnice\" \/>\n<meta name=\"robots\" content=\"index, follow, max-snippet:-1, max-image-preview:large, max-video-preview:-1\" \/>\n<link rel=\"canonical\" href=\"https:\/\/www.visit-ulcinj.com\/blog\/2013\/01\/24\/tragom-projekta-putevi-kontinuiteta-svac-proslost-dobija-nove-dimenzije\/\" \/>\n<meta property=\"og:locale\" content=\"en_US\" \/>\n<meta property=\"og:type\" content=\"article\" \/>\n<meta property=\"og:title\" content=\"Tragom projekta \u201ePutevi kontinuiteta\u201d: Sva\u010d - Pro\u0161lost dobija nove dimenzije - Lajme nga Ulqini\" \/>\n<meta property=\"og:description\" content=\"Istra\u017eivanja na srednjevjekovnom gradu Sva\u010du, koji se nalazi na oko 20 kilometara sjeveroisto\u010dno od Ulcinja, izme\u0111u \u0160askog jezera na jugu i plodne ravnice\" \/>\n<meta property=\"og:url\" content=\"https:\/\/www.visit-ulcinj.com\/blog\/2013\/01\/24\/tragom-projekta-putevi-kontinuiteta-svac-proslost-dobija-nove-dimenzije\/\" \/>\n<meta property=\"og:site_name\" content=\"Lajme nga Ulqini\" \/>\n<meta property=\"article:published_time\" content=\"2013-01-24T08:34:04+00:00\" \/>\n<meta property=\"article:modified_time\" content=\"2013-01-24T08:35:01+00:00\" \/>\n<meta property=\"og:image\" content=\"http:\/\/www.visit-ulcinj.com\/blog\/wp-content\/uploads\/2013\/01\/Arheolozi-Svac_Putevi-kontinuiteta.jpg\" \/>\n<meta name=\"twitter:label1\" content=\"Written by\" \/>\n\t<meta name=\"twitter:data1\" content=\"ulqini\" \/>\n\t<meta name=\"twitter:label2\" content=\"Est. reading time\" \/>\n\t<meta name=\"twitter:data2\" content=\"6 minutes\" \/>\n<script type=\"application\/ld+json\" class=\"yoast-schema-graph\">{\"@context\":\"https:\/\/schema.org\",\"@graph\":[{\"@type\":\"WebSite\",\"@id\":\"https:\/\/www.visit-ulcinj.com\/blog\/#website\",\"url\":\"https:\/\/www.visit-ulcinj.com\/blog\/\",\"name\":\"Lajme nga Ulqini\",\"description\":\"Lajme,Vijesti,Ulqini,Ulqin,Crna Gora,Mali i Zi\",\"potentialAction\":[{\"@type\":\"SearchAction\",\"target\":{\"@type\":\"EntryPoint\",\"urlTemplate\":\"https:\/\/www.visit-ulcinj.com\/blog\/?s={search_term_string}\"},\"query-input\":\"required name=search_term_string\"}],\"inLanguage\":\"en-US\"},{\"@type\":\"ImageObject\",\"inLanguage\":\"en-US\",\"@id\":\"https:\/\/www.visit-ulcinj.com\/blog\/2013\/01\/24\/tragom-projekta-putevi-kontinuiteta-svac-proslost-dobija-nove-dimenzije\/#primaryimage\",\"url\":\"https:\/\/www.visit-ulcinj.com\/blog\/wp-content\/uploads\/2013\/01\/Arheolozi-Svac_Putevi-kontinuiteta.jpg\",\"contentUrl\":\"https:\/\/www.visit-ulcinj.com\/blog\/wp-content\/uploads\/2013\/01\/Arheolozi-Svac_Putevi-kontinuiteta.jpg\",\"width\":640,\"height\":480},{\"@type\":\"WebPage\",\"@id\":\"https:\/\/www.visit-ulcinj.com\/blog\/2013\/01\/24\/tragom-projekta-putevi-kontinuiteta-svac-proslost-dobija-nove-dimenzije\/#webpage\",\"url\":\"https:\/\/www.visit-ulcinj.com\/blog\/2013\/01\/24\/tragom-projekta-putevi-kontinuiteta-svac-proslost-dobija-nove-dimenzije\/\",\"name\":\"Tragom projekta \u201ePutevi kontinuiteta\u201d: Sva\u010d - Pro\u0161lost dobija nove dimenzije - Lajme nga Ulqini\",\"isPartOf\":{\"@id\":\"https:\/\/www.visit-ulcinj.com\/blog\/#website\"},\"primaryImageOfPage\":{\"@id\":\"https:\/\/www.visit-ulcinj.com\/blog\/2013\/01\/24\/tragom-projekta-putevi-kontinuiteta-svac-proslost-dobija-nove-dimenzije\/#primaryimage\"},\"datePublished\":\"2013-01-24T08:34:04+00:00\",\"dateModified\":\"2013-01-24T08:35:01+00:00\",\"author\":{\"@id\":\"https:\/\/www.visit-ulcinj.com\/blog\/#\/schema\/person\/dcab619c614d3038751c63bc2aadc06d\"},\"description\":\"Istra\u017eivanja na srednjevjekovnom gradu Sva\u010du, koji se nalazi na oko 20 kilometara sjeveroisto\u010dno od Ulcinja, izme\u0111u \u0160askog jezera na jugu i plodne ravnice\",\"breadcrumb\":{\"@id\":\"https:\/\/www.visit-ulcinj.com\/blog\/2013\/01\/24\/tragom-projekta-putevi-kontinuiteta-svac-proslost-dobija-nove-dimenzije\/#breadcrumb\"},\"inLanguage\":\"en-US\",\"potentialAction\":[{\"@type\":\"ReadAction\",\"target\":[\"https:\/\/www.visit-ulcinj.com\/blog\/2013\/01\/24\/tragom-projekta-putevi-kontinuiteta-svac-proslost-dobija-nove-dimenzije\/\"]}]},{\"@type\":\"BreadcrumbList\",\"@id\":\"https:\/\/www.visit-ulcinj.com\/blog\/2013\/01\/24\/tragom-projekta-putevi-kontinuiteta-svac-proslost-dobija-nove-dimenzije\/#breadcrumb\",\"itemListElement\":[{\"@type\":\"ListItem\",\"position\":1,\"name\":\"Tragom projekta \u201ePutevi kontinuiteta\u201d: Sva\u010d &#8211; Pro\u0161lost dobija nove dimenzije\"}]},{\"@type\":\"Person\",\"@id\":\"https:\/\/www.visit-ulcinj.com\/blog\/#\/schema\/person\/dcab619c614d3038751c63bc2aadc06d\",\"name\":\"ulqini\",\"sameAs\":[\"http:\/\/www.visit-ulcinj.com\"],\"url\":\"https:\/\/www.visit-ulcinj.com\/blog\/author\/admin\/\"}]}<\/script>\n<!-- \/ Yoast SEO plugin. -->","yoast_head_json":{"title":"Tragom projekta \u201ePutevi kontinuiteta\u201d: Sva\u010d - Pro\u0161lost dobija nove dimenzije - Lajme nga Ulqini","description":"Istra\u017eivanja na srednjevjekovnom gradu Sva\u010du, koji se nalazi na oko 20 kilometara sjeveroisto\u010dno od Ulcinja, izme\u0111u \u0160askog jezera na jugu i plodne ravnice","robots":{"index":"index","follow":"follow","max-snippet":"max-snippet:-1","max-image-preview":"max-image-preview:large","max-video-preview":"max-video-preview:-1"},"canonical":"https:\/\/www.visit-ulcinj.com\/blog\/2013\/01\/24\/tragom-projekta-putevi-kontinuiteta-svac-proslost-dobija-nove-dimenzije\/","og_locale":"en_US","og_type":"article","og_title":"Tragom projekta \u201ePutevi kontinuiteta\u201d: Sva\u010d - Pro\u0161lost dobija nove dimenzije - Lajme nga Ulqini","og_description":"Istra\u017eivanja na srednjevjekovnom gradu Sva\u010du, koji se nalazi na oko 20 kilometara sjeveroisto\u010dno od Ulcinja, izme\u0111u \u0160askog jezera na jugu i plodne ravnice","og_url":"https:\/\/www.visit-ulcinj.com\/blog\/2013\/01\/24\/tragom-projekta-putevi-kontinuiteta-svac-proslost-dobija-nove-dimenzije\/","og_site_name":"Lajme nga Ulqini","article_published_time":"2013-01-24T08:34:04+00:00","article_modified_time":"2013-01-24T08:35:01+00:00","og_image":[{"url":"http:\/\/www.visit-ulcinj.com\/blog\/wp-content\/uploads\/2013\/01\/Arheolozi-Svac_Putevi-kontinuiteta.jpg"}],"twitter_misc":{"Written by":"ulqini","Est. reading time":"6 minutes"},"schema":{"@context":"https:\/\/schema.org","@graph":[{"@type":"WebSite","@id":"https:\/\/www.visit-ulcinj.com\/blog\/#website","url":"https:\/\/www.visit-ulcinj.com\/blog\/","name":"Lajme nga Ulqini","description":"Lajme,Vijesti,Ulqini,Ulqin,Crna Gora,Mali i Zi","potentialAction":[{"@type":"SearchAction","target":{"@type":"EntryPoint","urlTemplate":"https:\/\/www.visit-ulcinj.com\/blog\/?s={search_term_string}"},"query-input":"required name=search_term_string"}],"inLanguage":"en-US"},{"@type":"ImageObject","inLanguage":"en-US","@id":"https:\/\/www.visit-ulcinj.com\/blog\/2013\/01\/24\/tragom-projekta-putevi-kontinuiteta-svac-proslost-dobija-nove-dimenzije\/#primaryimage","url":"https:\/\/www.visit-ulcinj.com\/blog\/wp-content\/uploads\/2013\/01\/Arheolozi-Svac_Putevi-kontinuiteta.jpg","contentUrl":"https:\/\/www.visit-ulcinj.com\/blog\/wp-content\/uploads\/2013\/01\/Arheolozi-Svac_Putevi-kontinuiteta.jpg","width":640,"height":480},{"@type":"WebPage","@id":"https:\/\/www.visit-ulcinj.com\/blog\/2013\/01\/24\/tragom-projekta-putevi-kontinuiteta-svac-proslost-dobija-nove-dimenzije\/#webpage","url":"https:\/\/www.visit-ulcinj.com\/blog\/2013\/01\/24\/tragom-projekta-putevi-kontinuiteta-svac-proslost-dobija-nove-dimenzije\/","name":"Tragom projekta \u201ePutevi kontinuiteta\u201d: Sva\u010d - Pro\u0161lost dobija nove dimenzije - Lajme nga Ulqini","isPartOf":{"@id":"https:\/\/www.visit-ulcinj.com\/blog\/#website"},"primaryImageOfPage":{"@id":"https:\/\/www.visit-ulcinj.com\/blog\/2013\/01\/24\/tragom-projekta-putevi-kontinuiteta-svac-proslost-dobija-nove-dimenzije\/#primaryimage"},"datePublished":"2013-01-24T08:34:04+00:00","dateModified":"2013-01-24T08:35:01+00:00","author":{"@id":"https:\/\/www.visit-ulcinj.com\/blog\/#\/schema\/person\/dcab619c614d3038751c63bc2aadc06d"},"description":"Istra\u017eivanja na srednjevjekovnom gradu Sva\u010du, koji se nalazi na oko 20 kilometara sjeveroisto\u010dno od Ulcinja, izme\u0111u \u0160askog jezera na jugu i plodne ravnice","breadcrumb":{"@id":"https:\/\/www.visit-ulcinj.com\/blog\/2013\/01\/24\/tragom-projekta-putevi-kontinuiteta-svac-proslost-dobija-nove-dimenzije\/#breadcrumb"},"inLanguage":"en-US","potentialAction":[{"@type":"ReadAction","target":["https:\/\/www.visit-ulcinj.com\/blog\/2013\/01\/24\/tragom-projekta-putevi-kontinuiteta-svac-proslost-dobija-nove-dimenzije\/"]}]},{"@type":"BreadcrumbList","@id":"https:\/\/www.visit-ulcinj.com\/blog\/2013\/01\/24\/tragom-projekta-putevi-kontinuiteta-svac-proslost-dobija-nove-dimenzije\/#breadcrumb","itemListElement":[{"@type":"ListItem","position":1,"name":"Tragom projekta \u201ePutevi kontinuiteta\u201d: Sva\u010d &#8211; Pro\u0161lost dobija nove dimenzije"}]},{"@type":"Person","@id":"https:\/\/www.visit-ulcinj.com\/blog\/#\/schema\/person\/dcab619c614d3038751c63bc2aadc06d","name":"ulqini","sameAs":["http:\/\/www.visit-ulcinj.com"],"url":"https:\/\/www.visit-ulcinj.com\/blog\/author\/admin\/"}]}},"jetpack_featured_media_url":"","jetpack_sharing_enabled":true,"jetpack_shortlink":"https:\/\/wp.me\/pe6lTn-hFB","_links":{"self":[{"href":"https:\/\/www.visit-ulcinj.com\/blog\/wp-json\/wp\/v2\/posts\/67927"}],"collection":[{"href":"https:\/\/www.visit-ulcinj.com\/blog\/wp-json\/wp\/v2\/posts"}],"about":[{"href":"https:\/\/www.visit-ulcinj.com\/blog\/wp-json\/wp\/v2\/types\/post"}],"author":[{"embeddable":true,"href":"https:\/\/www.visit-ulcinj.com\/blog\/wp-json\/wp\/v2\/users\/1"}],"replies":[{"embeddable":true,"href":"https:\/\/www.visit-ulcinj.com\/blog\/wp-json\/wp\/v2\/comments?post=67927"}],"version-history":[{"count":2,"href":"https:\/\/www.visit-ulcinj.com\/blog\/wp-json\/wp\/v2\/posts\/67927\/revisions"}],"predecessor-version":[{"id":67934,"href":"https:\/\/www.visit-ulcinj.com\/blog\/wp-json\/wp\/v2\/posts\/67927\/revisions\/67934"}],"wp:attachment":[{"href":"https:\/\/www.visit-ulcinj.com\/blog\/wp-json\/wp\/v2\/media?parent=67927"}],"wp:term":[{"taxonomy":"category","embeddable":true,"href":"https:\/\/www.visit-ulcinj.com\/blog\/wp-json\/wp\/v2\/categories?post=67927"},{"taxonomy":"post_tag","embeddable":true,"href":"https:\/\/www.visit-ulcinj.com\/blog\/wp-json\/wp\/v2\/tags?post=67927"}],"curies":[{"name":"wp","href":"https:\/\/api.w.org\/{rel}","templated":true}]}}