{"id":67951,"date":"2013-01-24T15:09:41","date_gmt":"2013-01-24T14:09:41","guid":{"rendered":"http:\/\/www.visit-ulcinj.com\/blog\/?p=67951"},"modified":"2013-01-24T15:09:41","modified_gmt":"2013-01-24T14:09:41","slug":"ministar-predrag-boskovic-boravio-u-radnoj-posjeti-opstini-ulcinj","status":"publish","type":"post","link":"https:\/\/www.visit-ulcinj.com\/blog\/2013\/01\/24\/ministar-predrag-boskovic-boravio-u-radnoj-posjeti-opstini-ulcinj\/","title":{"rendered":"Ministar Predrag Bo\u0161kovi\u0107, boravio u radnoj posjeti Op\u0161tini Ulcinj"},"content":{"rendered":"<p><strong><a href=\"http:\/\/www.visit-ulcinj.com\/blog\/wp-content\/uploads\/2013\/01\/Nazif-Cungu_Ministar-Predrag-Boskovic_Ulcinj.2.jpg\"><img loading=\"lazy\" class=\"alignleft  wp-image-67952\" alt=\"Nazif Cungu_Ministar Predrag Boskovic_Ulcinj.2\" src=\"http:\/\/www.visit-ulcinj.com\/blog\/wp-content\/uploads\/2013\/01\/Nazif-Cungu_Ministar-Predrag-Boskovic_Ulcinj.2.jpg\" width=\"508\" height=\"360\" \/><\/a>Ministar rada i socijalnog staranja Predrag Bo\u0161kovi\u0107, boravio u radnoj posjeti Op\u0161tini Ulcinj<\/strong><\/p>\n<p>Dana 23.01.2013.godine Ministar rada i socijalnog staranja Predrag Bo\u0161kovi\u0107, je boravio u radnoj posjeti Op\u0161tini Ulcinj. Tokom ove posjete najvi\u0161e je bilo rije\u010di o socijalnim problemima i zapo\u0161ljavanju stanovni\u0161tva Op\u0161tine Ulcinj gdje je nazna\u010deno da prioritet trebaju imati crnogorski dr\u017eavljani i da treba podsticati obrazovanje kadrova, koji nedostaju na\u0161oj Op\u0161tini. Pomenut je projekat socijalnih kartona i Ministar je jo\u0161 jednom stavio do znanja da ima namjeru da istraje u tom projektu koji treba da se zavr\u0161i do 2014.godine.<\/p>\n<p><a href=\"http:\/\/www.visit-ulcinj.com\/blog\/wp-content\/uploads\/2013\/01\/Nazif-Cungu_Ministar-Predrag-Boskovic_Ulcinj.1.jpg\"><img loading=\"lazy\" class=\"alignleft  wp-image-67953\" alt=\"Nazif Cungu_Ministar Predrag Boskovic_Ulcinj.1\" src=\"http:\/\/www.visit-ulcinj.com\/blog\/wp-content\/uploads\/2013\/01\/Nazif-Cungu_Ministar-Predrag-Boskovic_Ulcinj.1.jpg\" width=\"508\" height=\"300\" \/><\/a><\/p>\n<p>Dnevni centar \u201eSirena&#8221; i Centar za socijalni rad za op\u0161tine Bar i Ulcinj \u2013 Podru\u010dno odjeljenje Ulcinj su veoma va\u017ene ustanove kojima treba dati veliki zna\u010daj, a posebno je naveo, da je va\u017eno da Dnevni centar \u201eSirena&#8221; funkcioni\u0161e. Kao primjer naveo je model Dnevnog centra Pljevlja \u201eZra\u010dak Nade&#8221;, gdje je izuzetno zadovoljan uslovima u kojem djeca borave i unapreduju i predlo\u017eio da novi direktor na\u0161eg Dnevnog centra treba u \u0161to kra\u0107em roku posjetiti navedenu ustanovu, kako bi prikupio iskustva.<br \/>\nPredsjednik Op\u0161tine Ulcinj je pri\u010dao o razlozima nezaposlenosti koji je aktuelan u ovoj Op\u0161tini, navode\u0107i da kapaciteti hotela nijesu vi\u0161e kao nekada, kada je bilo upotrebljivih 6000 le\u017eaja, a sada ih ima manje od 3.000 le\u017eaja, da posebno treba posvetiti pa\u017enju socijalnim slu\u010dajevima, jer kako je naveo i Lokalna samouprava nije primila platu zadnjih 4 mjeseca, a javne ustanove i vi\u0161e od toga, te se uz podr\u0161ku Ministarstva i Vlade Crne Gore, treba na\u0107i neko rje\u0161enje, kako bi se prevazi\u0161la ova kriza.<br \/>\n<a href=\"http:\/\/www.visit-ulcinj.com\/blog\/wp-content\/uploads\/2013\/01\/Nazif-Cungu_Ministar-Predrag-Boskovic_Ulcinj.jpg\"><img loading=\"lazy\" class=\"alignleft  wp-image-67954\" alt=\"Nazif Cungu_Ministar Predrag Boskovic_Ulcinj\" src=\"http:\/\/www.visit-ulcinj.com\/blog\/wp-content\/uploads\/2013\/01\/Nazif-Cungu_Ministar-Predrag-Boskovic_Ulcinj.jpg\" width=\"508\" height=\"300\" \/><\/a><\/p>\n<p>Predsjednik je naveo da pored svega ulcinjani ne gube nadu i da \u017eeljno is\u010dekuju turisti\u010dku sezonu, jer ako ne i bolje, bi\u0107e makar na nivodu pro\u0161le godine, a time \u0107e se obezbijediti i dodatna radna mjesta i prihodi za Op\u0161tinu Ulcinj. Takodje, Predsjednik je naveo da je zadovoljan dosada\u0161njim uspjehom Dnevnog centra \u201eSirena&#8221; i da o\u010dekuje da \u0107e novoizabrani direktor imati podr\u0161ku Ministarstva i da \u0107e ta ustanova pokriti \u0161to ve\u0107i broj djece, koja imaju posebne potrebe. Dalje, je naveo da je veoma va\u017eno da se \u0161to prije u na\u0161oj Op\u0161tini otvori posebno odjeljenje za djecu sa specijalnim obrazovnim potrebama, da ovo pitanje spada u nadle\u017enost drugog Ministarstva, ali da je svaka pomo\u0107 i podr\u0161ka Ministarstva rada i socijalnog staranja dobrodo\u0161la.<br \/>\nMinistar Bo\u0161kovi\u0107 je zajedno sa predsjednikom Op\u0161tine Ulcinj posjetio prostorije Dnevnog centra \u201eSirena&#8221; i Centra za socijalni rad za op\u0161tine Bar i Ulcinj \u2013 Podru\u010dno odjeljenje Ulcinj.<\/p>\n<p><strong>Op\u0161tina Ulcinj \/ Komuna e Ulqinit<\/strong><br \/>\nTel: +382 30 412 050<br \/>\nFax: +382 30 412 413<br \/>\nAdresa: Bul. Skenderbeu bb, 85360 Ulcinj, MNE<\/p>\n","protected":false},"excerpt":{"rendered":"<p>Ministar rada i socijalnog staranja Predrag Bo\u0161kovi\u0107, boravio u radnoj posjeti Op\u0161tini Ulcinj Dana 23.01.2013.godine Ministar rada i socijalnog staranja Predrag Bo\u0161kovi\u0107, je boravio u radnoj posjeti Op\u0161tini Ulcinj. Tokom ove posjete najvi\u0161e je bilo rije\u010di o socijalnim problemima i zapo\u0161ljavanju stanovni\u0161tva Op\u0161tine Ulcinj gdje je nazna\u010deno da prioritet trebaju imati crnogorski dr\u017eavljani i da [&hellip;]<\/p>\n","protected":false},"author":1,"featured_media":0,"comment_status":"open","ping_status":"closed","sticky":false,"template":"","format":"standard","meta":{"spay_email":"","jetpack_publicize_message":"","jetpack_is_tweetstorm":false,"jetpack_publicize_feature_enabled":true},"categories":[8337],"tags":[118,264],"jetpack_publicize_connections":[],"yoast_head":"<!-- This site is optimized with the Yoast SEO plugin v19.1 - https:\/\/yoast.com\/wordpress\/plugins\/seo\/ -->\n<title>Ministar Predrag Bo\u0161kovi\u0107, boravio u radnoj posjeti Op\u0161tini Ulcinj - Lajme nga Ulqini<\/title>\n<meta name=\"description\" content=\"Ministar rada i socijalnog staranja Predrag Bo\u0161kovi\u0107, boravio u radnoj posjeti Op\u0161tini Ulcinj Dana 23.01.2013.godine Ministar rada i socijalnog staranja\" \/>\n<meta name=\"robots\" content=\"index, follow, max-snippet:-1, max-image-preview:large, max-video-preview:-1\" \/>\n<link rel=\"canonical\" href=\"https:\/\/www.visit-ulcinj.com\/blog\/2013\/01\/24\/ministar-predrag-boskovic-boravio-u-radnoj-posjeti-opstini-ulcinj\/\" \/>\n<meta property=\"og:locale\" content=\"en_US\" \/>\n<meta property=\"og:type\" content=\"article\" \/>\n<meta property=\"og:title\" content=\"Ministar Predrag Bo\u0161kovi\u0107, boravio u radnoj posjeti Op\u0161tini Ulcinj - Lajme nga Ulqini\" \/>\n<meta property=\"og:description\" content=\"Ministar rada i socijalnog staranja Predrag Bo\u0161kovi\u0107, boravio u radnoj posjeti Op\u0161tini Ulcinj Dana 23.01.2013.godine Ministar rada i socijalnog staranja\" \/>\n<meta property=\"og:url\" content=\"https:\/\/www.visit-ulcinj.com\/blog\/2013\/01\/24\/ministar-predrag-boskovic-boravio-u-radnoj-posjeti-opstini-ulcinj\/\" \/>\n<meta property=\"og:site_name\" content=\"Lajme nga Ulqini\" \/>\n<meta property=\"article:published_time\" content=\"2013-01-24T14:09:41+00:00\" \/>\n<meta property=\"og:image\" content=\"http:\/\/www.visit-ulcinj.com\/blog\/wp-content\/uploads\/2013\/01\/Nazif-Cungu_Ministar-Predrag-Boskovic_Ulcinj.2.jpg\" \/>\n<meta name=\"twitter:label1\" content=\"Written by\" \/>\n\t<meta name=\"twitter:data1\" content=\"ulqini\" \/>\n\t<meta name=\"twitter:label2\" content=\"Est. reading time\" \/>\n\t<meta name=\"twitter:data2\" content=\"2 minutes\" \/>\n<script type=\"application\/ld+json\" class=\"yoast-schema-graph\">{\"@context\":\"https:\/\/schema.org\",\"@graph\":[{\"@type\":\"WebSite\",\"@id\":\"https:\/\/www.visit-ulcinj.com\/blog\/#website\",\"url\":\"https:\/\/www.visit-ulcinj.com\/blog\/\",\"name\":\"Lajme nga Ulqini\",\"description\":\"Lajme,Vijesti,Ulqini,Ulqin,Crna Gora,Mali i Zi\",\"potentialAction\":[{\"@type\":\"SearchAction\",\"target\":{\"@type\":\"EntryPoint\",\"urlTemplate\":\"https:\/\/www.visit-ulcinj.com\/blog\/?s={search_term_string}\"},\"query-input\":\"required name=search_term_string\"}],\"inLanguage\":\"en-US\"},{\"@type\":\"ImageObject\",\"inLanguage\":\"en-US\",\"@id\":\"https:\/\/www.visit-ulcinj.com\/blog\/2013\/01\/24\/ministar-predrag-boskovic-boravio-u-radnoj-posjeti-opstini-ulcinj\/#primaryimage\",\"url\":\"https:\/\/www.visit-ulcinj.com\/blog\/wp-content\/uploads\/2013\/01\/Nazif-Cungu_Ministar-Predrag-Boskovic_Ulcinj.2.jpg\",\"contentUrl\":\"https:\/\/www.visit-ulcinj.com\/blog\/wp-content\/uploads\/2013\/01\/Nazif-Cungu_Ministar-Predrag-Boskovic_Ulcinj.2.jpg\",\"width\":640,\"height\":424},{\"@type\":\"WebPage\",\"@id\":\"https:\/\/www.visit-ulcinj.com\/blog\/2013\/01\/24\/ministar-predrag-boskovic-boravio-u-radnoj-posjeti-opstini-ulcinj\/#webpage\",\"url\":\"https:\/\/www.visit-ulcinj.com\/blog\/2013\/01\/24\/ministar-predrag-boskovic-boravio-u-radnoj-posjeti-opstini-ulcinj\/\",\"name\":\"Ministar Predrag Bo\u0161kovi\u0107, boravio u radnoj posjeti Op\u0161tini Ulcinj - Lajme nga Ulqini\",\"isPartOf\":{\"@id\":\"https:\/\/www.visit-ulcinj.com\/blog\/#website\"},\"primaryImageOfPage\":{\"@id\":\"https:\/\/www.visit-ulcinj.com\/blog\/2013\/01\/24\/ministar-predrag-boskovic-boravio-u-radnoj-posjeti-opstini-ulcinj\/#primaryimage\"},\"datePublished\":\"2013-01-24T14:09:41+00:00\",\"dateModified\":\"2013-01-24T14:09:41+00:00\",\"author\":{\"@id\":\"https:\/\/www.visit-ulcinj.com\/blog\/#\/schema\/person\/dcab619c614d3038751c63bc2aadc06d\"},\"description\":\"Ministar rada i socijalnog staranja Predrag Bo\u0161kovi\u0107, boravio u radnoj posjeti Op\u0161tini Ulcinj Dana 23.01.2013.godine Ministar rada i socijalnog staranja\",\"breadcrumb\":{\"@id\":\"https:\/\/www.visit-ulcinj.com\/blog\/2013\/01\/24\/ministar-predrag-boskovic-boravio-u-radnoj-posjeti-opstini-ulcinj\/#breadcrumb\"},\"inLanguage\":\"en-US\",\"potentialAction\":[{\"@type\":\"ReadAction\",\"target\":[\"https:\/\/www.visit-ulcinj.com\/blog\/2013\/01\/24\/ministar-predrag-boskovic-boravio-u-radnoj-posjeti-opstini-ulcinj\/\"]}]},{\"@type\":\"BreadcrumbList\",\"@id\":\"https:\/\/www.visit-ulcinj.com\/blog\/2013\/01\/24\/ministar-predrag-boskovic-boravio-u-radnoj-posjeti-opstini-ulcinj\/#breadcrumb\",\"itemListElement\":[{\"@type\":\"ListItem\",\"position\":1,\"name\":\"Ministar Predrag Bo\u0161kovi\u0107, boravio u radnoj posjeti Op\u0161tini Ulcinj\"}]},{\"@type\":\"Person\",\"@id\":\"https:\/\/www.visit-ulcinj.com\/blog\/#\/schema\/person\/dcab619c614d3038751c63bc2aadc06d\",\"name\":\"ulqini\",\"sameAs\":[\"http:\/\/www.visit-ulcinj.com\"],\"url\":\"https:\/\/www.visit-ulcinj.com\/blog\/author\/admin\/\"}]}<\/script>\n<!-- \/ Yoast SEO plugin. -->","yoast_head_json":{"title":"Ministar Predrag Bo\u0161kovi\u0107, boravio u radnoj posjeti Op\u0161tini Ulcinj - Lajme nga Ulqini","description":"Ministar rada i socijalnog staranja Predrag Bo\u0161kovi\u0107, boravio u radnoj posjeti Op\u0161tini Ulcinj Dana 23.01.2013.godine Ministar rada i socijalnog staranja","robots":{"index":"index","follow":"follow","max-snippet":"max-snippet:-1","max-image-preview":"max-image-preview:large","max-video-preview":"max-video-preview:-1"},"canonical":"https:\/\/www.visit-ulcinj.com\/blog\/2013\/01\/24\/ministar-predrag-boskovic-boravio-u-radnoj-posjeti-opstini-ulcinj\/","og_locale":"en_US","og_type":"article","og_title":"Ministar Predrag Bo\u0161kovi\u0107, boravio u radnoj posjeti Op\u0161tini Ulcinj - Lajme nga Ulqini","og_description":"Ministar rada i socijalnog staranja Predrag Bo\u0161kovi\u0107, boravio u radnoj posjeti Op\u0161tini Ulcinj Dana 23.01.2013.godine Ministar rada i socijalnog staranja","og_url":"https:\/\/www.visit-ulcinj.com\/blog\/2013\/01\/24\/ministar-predrag-boskovic-boravio-u-radnoj-posjeti-opstini-ulcinj\/","og_site_name":"Lajme nga Ulqini","article_published_time":"2013-01-24T14:09:41+00:00","og_image":[{"url":"http:\/\/www.visit-ulcinj.com\/blog\/wp-content\/uploads\/2013\/01\/Nazif-Cungu_Ministar-Predrag-Boskovic_Ulcinj.2.jpg"}],"twitter_misc":{"Written by":"ulqini","Est. reading time":"2 minutes"},"schema":{"@context":"https:\/\/schema.org","@graph":[{"@type":"WebSite","@id":"https:\/\/www.visit-ulcinj.com\/blog\/#website","url":"https:\/\/www.visit-ulcinj.com\/blog\/","name":"Lajme nga Ulqini","description":"Lajme,Vijesti,Ulqini,Ulqin,Crna Gora,Mali i Zi","potentialAction":[{"@type":"SearchAction","target":{"@type":"EntryPoint","urlTemplate":"https:\/\/www.visit-ulcinj.com\/blog\/?s={search_term_string}"},"query-input":"required name=search_term_string"}],"inLanguage":"en-US"},{"@type":"ImageObject","inLanguage":"en-US","@id":"https:\/\/www.visit-ulcinj.com\/blog\/2013\/01\/24\/ministar-predrag-boskovic-boravio-u-radnoj-posjeti-opstini-ulcinj\/#primaryimage","url":"https:\/\/www.visit-ulcinj.com\/blog\/wp-content\/uploads\/2013\/01\/Nazif-Cungu_Ministar-Predrag-Boskovic_Ulcinj.2.jpg","contentUrl":"https:\/\/www.visit-ulcinj.com\/blog\/wp-content\/uploads\/2013\/01\/Nazif-Cungu_Ministar-Predrag-Boskovic_Ulcinj.2.jpg","width":640,"height":424},{"@type":"WebPage","@id":"https:\/\/www.visit-ulcinj.com\/blog\/2013\/01\/24\/ministar-predrag-boskovic-boravio-u-radnoj-posjeti-opstini-ulcinj\/#webpage","url":"https:\/\/www.visit-ulcinj.com\/blog\/2013\/01\/24\/ministar-predrag-boskovic-boravio-u-radnoj-posjeti-opstini-ulcinj\/","name":"Ministar Predrag Bo\u0161kovi\u0107, boravio u radnoj posjeti Op\u0161tini Ulcinj - Lajme nga Ulqini","isPartOf":{"@id":"https:\/\/www.visit-ulcinj.com\/blog\/#website"},"primaryImageOfPage":{"@id":"https:\/\/www.visit-ulcinj.com\/blog\/2013\/01\/24\/ministar-predrag-boskovic-boravio-u-radnoj-posjeti-opstini-ulcinj\/#primaryimage"},"datePublished":"2013-01-24T14:09:41+00:00","dateModified":"2013-01-24T14:09:41+00:00","author":{"@id":"https:\/\/www.visit-ulcinj.com\/blog\/#\/schema\/person\/dcab619c614d3038751c63bc2aadc06d"},"description":"Ministar rada i socijalnog staranja Predrag Bo\u0161kovi\u0107, boravio u radnoj posjeti Op\u0161tini Ulcinj Dana 23.01.2013.godine Ministar rada i socijalnog staranja","breadcrumb":{"@id":"https:\/\/www.visit-ulcinj.com\/blog\/2013\/01\/24\/ministar-predrag-boskovic-boravio-u-radnoj-posjeti-opstini-ulcinj\/#breadcrumb"},"inLanguage":"en-US","potentialAction":[{"@type":"ReadAction","target":["https:\/\/www.visit-ulcinj.com\/blog\/2013\/01\/24\/ministar-predrag-boskovic-boravio-u-radnoj-posjeti-opstini-ulcinj\/"]}]},{"@type":"BreadcrumbList","@id":"https:\/\/www.visit-ulcinj.com\/blog\/2013\/01\/24\/ministar-predrag-boskovic-boravio-u-radnoj-posjeti-opstini-ulcinj\/#breadcrumb","itemListElement":[{"@type":"ListItem","position":1,"name":"Ministar Predrag Bo\u0161kovi\u0107, boravio u radnoj posjeti Op\u0161tini Ulcinj"}]},{"@type":"Person","@id":"https:\/\/www.visit-ulcinj.com\/blog\/#\/schema\/person\/dcab619c614d3038751c63bc2aadc06d","name":"ulqini","sameAs":["http:\/\/www.visit-ulcinj.com"],"url":"https:\/\/www.visit-ulcinj.com\/blog\/author\/admin\/"}]}},"jetpack_featured_media_url":"","jetpack_sharing_enabled":true,"jetpack_shortlink":"https:\/\/wp.me\/pe6lTn-hFZ","_links":{"self":[{"href":"https:\/\/www.visit-ulcinj.com\/blog\/wp-json\/wp\/v2\/posts\/67951"}],"collection":[{"href":"https:\/\/www.visit-ulcinj.com\/blog\/wp-json\/wp\/v2\/posts"}],"about":[{"href":"https:\/\/www.visit-ulcinj.com\/blog\/wp-json\/wp\/v2\/types\/post"}],"author":[{"embeddable":true,"href":"https:\/\/www.visit-ulcinj.com\/blog\/wp-json\/wp\/v2\/users\/1"}],"replies":[{"embeddable":true,"href":"https:\/\/www.visit-ulcinj.com\/blog\/wp-json\/wp\/v2\/comments?post=67951"}],"version-history":[{"count":1,"href":"https:\/\/www.visit-ulcinj.com\/blog\/wp-json\/wp\/v2\/posts\/67951\/revisions"}],"predecessor-version":[{"id":67955,"href":"https:\/\/www.visit-ulcinj.com\/blog\/wp-json\/wp\/v2\/posts\/67951\/revisions\/67955"}],"wp:attachment":[{"href":"https:\/\/www.visit-ulcinj.com\/blog\/wp-json\/wp\/v2\/media?parent=67951"}],"wp:term":[{"taxonomy":"category","embeddable":true,"href":"https:\/\/www.visit-ulcinj.com\/blog\/wp-json\/wp\/v2\/categories?post=67951"},{"taxonomy":"post_tag","embeddable":true,"href":"https:\/\/www.visit-ulcinj.com\/blog\/wp-json\/wp\/v2\/tags?post=67951"}],"curies":[{"name":"wp","href":"https:\/\/api.w.org\/{rel}","templated":true}]}}