{"id":67956,"date":"2013-01-24T15:53:20","date_gmt":"2013-01-24T14:53:20","guid":{"rendered":"http:\/\/www.visit-ulcinj.com\/blog\/?p=67956"},"modified":"2013-01-25T21:57:04","modified_gmt":"2013-01-25T20:57:04","slug":"permbytje-nga-reshjet-e-dendura-ne-shtoje-te-ulqinit-foto","status":"publish","type":"post","link":"https:\/\/www.visit-ulcinj.com\/blog\/2013\/01\/24\/permbytje-nga-reshjet-e-dendura-ne-shtoje-te-ulqinit-foto\/","title":{"rendered":"P\u00ebrmbytje nga reshjet e dendura ne Shtoj\u00eb t\u00eb Ulqinit + Foto"},"content":{"rendered":"<p><a href=\"http:\/\/www.visit-ulcinj.com\/blog\/wp-content\/uploads\/2013\/01\/Permbytje-ne-Shtoje-te-Ulqinit.9.jpg\"><img loading=\"lazy\" class=\"alignleft  wp-image-67957\" alt=\"Permbytje ne Shtoje te Ulqinit.9\" src=\"http:\/\/www.visit-ulcinj.com\/blog\/wp-content\/uploads\/2013\/01\/Permbytje-ne-Shtoje-te-Ulqinit.9.jpg\" width=\"508\" height=\"360\" \/><\/a>Situate hidroologjike n\u00eb komun\u00ebn e Ulqinit ende nuk ka dalur nga kontrolla, madje n\u00eb muajt\u00eb e fundit nuk kishte p\u00ebrmbytje t\u00eb k\u00ebsaj p\u00ebrmase n\u00eb rrug\u00ebt dhe lagjen Shtoj\u00eb\u00a0 te Ulqinit.Kan\u00eb mjaftuar vet\u00ebm disa or\u00eb shi, q\u00eb livadet e shtojit t\u00eb grumbullohet kjo sasi e dendur uji. Gjat\u00eb mesdites s\u00eb sotme, rrug\u00ebt dhe livadet e lagjes Shtoj\u00eb jan\u00eb p\u00ebrmbytur nga uj\u00ebrat e shiut, duke e v\u00ebshtir\u00ebsuar s\u00eb tep\u00ebrmi kalimin e qytetar\u00ebve dhe t\u00eb automjeteve n\u00eb keto zona.<\/p>\n<p><a href=\"http:\/\/www.visit-ulcinj.com\/blog\/wp-content\/uploads\/2013\/01\/Permbytje-ne-Shtoje-te-Ulqinit.6.jpg\"><img loading=\"lazy\" class=\"alignleft  wp-image-67958\" alt=\"Permbytje ne Shtoje te Ulqinit.6\" src=\"http:\/\/www.visit-ulcinj.com\/blog\/wp-content\/uploads\/2013\/01\/Permbytje-ne-Shtoje-te-Ulqinit.6.jpg\" width=\"508\" height=\"300\" \/><\/a><br \/>\nNdersa bllokimi i kanalit t\u00eb Bratices ka sjell edhe permbytjen e te dyja kraheve te rruges,ku pastrimi i ketyre te fundit duket se ka kohe qe nuk eshte bere.<\/p>\n<p>Nga t\u00eb dh\u00ebnat q\u00eb i kemi nga terreni situata sa vjen e v\u00ebshtirsohet,dhe niveli i ujit \u00e7do or\u00eb \u00ebsht\u00eb n\u00eb rritje,si\u00e7 pahet situata aktuale e fotografiave t\u00eb marrura n\u00eb or\u00ebn 15h00 n\u00eb faqen e Facebookut &#8221; Don Gabriel Grabanica&#8221;,ku mundeni ti shikoni dhe t\u00eb bindeni ju vet\u00eb.<\/p>\n<p><a href=\"http:\/\/www.visit-ulcinj.com\/blog\/wp-content\/uploads\/2013\/01\/Permbytje-ne-Shtoje-te-Ulqinit.jpg\"><img loading=\"lazy\" class=\"alignleft  wp-image-67960\" alt=\"Permbytje ne Shtoje te Ulqinit\" src=\"http:\/\/www.visit-ulcinj.com\/blog\/wp-content\/uploads\/2013\/01\/Permbytje-ne-Shtoje-te-Ulqinit.jpg\" width=\"508\" height=\"300\" \/><\/a><\/p>\n<p>Fshatrat m\u00eb t\u00eb rrezikuar n\u00eb rast\u00eb t\u00eb p\u00ebrmbytjes s\u00eb lumit Buna jan\u00eb : \u00a0Fraskanjeli, Lisna Bore, \u00a0Shtore, Re\u00e7i, Sh\u00ebn Gjergji, Sh\u00ebnkotolli, Shtoji \u00a0dhe pjes\u00eb s\u00eb poshtme t\u00eb Sukobin\u00ebs. Ekipet e sherbimit t\u00eb brojtjes dhe shpetimit kan intervenu ne disa shtepija dhe jan\u00eb n\u00eb gjendje gatishm\u00ebrie \u00a0dhe n\u00eb kontakt t\u00eb vazhduesh\u00ebm n\u00eb banor\u00ebt e fshatrave n\u00eb fjal\u00eb.<\/p>\n<p>Nd\u00ebrkoh\u00eb organet kompetente shtet\u00ebrore dhe komunale kan\u00eb nd\u00ebrmarr\u00eb t\u00eb gjitha masat e duhura p\u00ebr zvog\u00eblimin e pasojave nga p\u00ebrmbytjet n\u00eb komun\u00ebn e Ulqinit.<\/p>\n<p><a href=\"https:\/\/www.facebook.com\/media\/set\/?set=a.10200449900636672.2202239.1431341925&amp;type=1\" target=\"_blank\"><strong>Foto nga &#8220;DON&#8221; Gabriel Grabanica Facebook<\/strong><\/a><br \/>\n\n\t\t<style type=\"text\/css\">\n\t\t\t#gallery-1 {\n\t\t\t\tmargin: auto;\n\t\t\t}\n\t\t\t#gallery-1 .gallery-item {\n\t\t\t\tfloat: left;\n\t\t\t\tmargin-top: 10px;\n\t\t\t\ttext-align: center;\n\t\t\t\twidth: 33%;\n\t\t\t}\n\t\t\t#gallery-1 img {\n\t\t\t\tborder: 2px solid #cfcfcf;\n\t\t\t}\n\t\t\t#gallery-1 .gallery-caption {\n\t\t\t\tmargin-left: 0;\n\t\t\t}\n\t\t\t\/* see gallery_shortcode() in wp-includes\/media.php *\/\n\t\t<\/style>\n\t\t<div id='gallery-1' class='gallery galleryid-67956 gallery-columns-3 gallery-size-thumbnail'><dl class='gallery-item'>\n\t\t\t<dt class='gallery-icon landscape'>\n\t\t\t\t<a href='https:\/\/www.visit-ulcinj.com\/blog\/2013\/01\/24\/permbytje-nga-reshjet-e-dendura-ne-shtoje-te-ulqinit-foto\/permbytje-ne-shtoje-te-ulqinit-10\/'><img width=\"150\" height=\"150\" src=\"https:\/\/www.visit-ulcinj.com\/blog\/wp-content\/uploads\/2013\/01\/Permbytje-ne-Shtoje-te-Ulqinit.10-150x150.jpg\" class=\"attachment-thumbnail size-thumbnail\" alt=\"\" loading=\"lazy\" \/><\/a>\n\t\t\t<\/dt><\/dl><dl class='gallery-item'>\n\t\t\t<dt class='gallery-icon landscape'>\n\t\t\t\t<a href='https:\/\/www.visit-ulcinj.com\/blog\/2013\/01\/24\/permbytje-nga-reshjet-e-dendura-ne-shtoje-te-ulqinit-foto\/permbytje-ne-shtoje-te-ulqinit-5\/'><img width=\"150\" height=\"150\" src=\"https:\/\/www.visit-ulcinj.com\/blog\/wp-content\/uploads\/2013\/01\/Permbytje-ne-Shtoje-te-Ulqinit.5-150x150.jpg\" class=\"attachment-thumbnail size-thumbnail\" alt=\"\" loading=\"lazy\" \/><\/a>\n\t\t\t<\/dt><\/dl><dl class='gallery-item'>\n\t\t\t<dt class='gallery-icon landscape'>\n\t\t\t\t<a href='https:\/\/www.visit-ulcinj.com\/blog\/2013\/01\/24\/permbytje-nga-reshjet-e-dendura-ne-shtoje-te-ulqinit-foto\/permbytje-ne-shtoje-te-ulqinit-2\/'><img width=\"150\" height=\"150\" src=\"https:\/\/www.visit-ulcinj.com\/blog\/wp-content\/uploads\/2013\/01\/Permbytje-ne-Shtoje-te-Ulqinit.2-150x150.jpg\" class=\"attachment-thumbnail size-thumbnail\" alt=\"\" loading=\"lazy\" \/><\/a>\n\t\t\t<\/dt><\/dl><br style=\"clear: both\" \/><dl class='gallery-item'>\n\t\t\t<dt class='gallery-icon landscape'>\n\t\t\t\t<a href='https:\/\/www.visit-ulcinj.com\/blog\/2013\/01\/24\/permbytje-nga-reshjet-e-dendura-ne-shtoje-te-ulqinit-foto\/permbytje-ne-shtoje-te-ulqinit-1\/'><img width=\"150\" height=\"150\" src=\"https:\/\/www.visit-ulcinj.com\/blog\/wp-content\/uploads\/2013\/01\/Permbytje-ne-Shtoje-te-Ulqinit.1-150x150.jpg\" class=\"attachment-thumbnail size-thumbnail\" alt=\"\" loading=\"lazy\" \/><\/a>\n\t\t\t<\/dt><\/dl><dl class='gallery-item'>\n\t\t\t<dt class='gallery-icon landscape'>\n\t\t\t\t<a href='https:\/\/www.visit-ulcinj.com\/blog\/2013\/01\/24\/permbytje-nga-reshjet-e-dendura-ne-shtoje-te-ulqinit-foto\/permbytje-ne-shtoje-te-ulqinit-4\/'><img width=\"150\" height=\"150\" src=\"https:\/\/www.visit-ulcinj.com\/blog\/wp-content\/uploads\/2013\/01\/Permbytje-ne-Shtoje-te-Ulqinit.4-150x150.jpg\" class=\"attachment-thumbnail size-thumbnail\" alt=\"\" loading=\"lazy\" \/><\/a>\n\t\t\t<\/dt><\/dl><dl class='gallery-item'>\n\t\t\t<dt class='gallery-icon landscape'>\n\t\t\t\t<a href='https:\/\/www.visit-ulcinj.com\/blog\/2013\/01\/24\/permbytje-nga-reshjet-e-dendura-ne-shtoje-te-ulqinit-foto\/permbytje-ne-shtoje-te-ulqinit-8\/'><img width=\"150\" height=\"150\" src=\"https:\/\/www.visit-ulcinj.com\/blog\/wp-content\/uploads\/2013\/01\/Permbytje-ne-Shtoje-te-Ulqinit.8-150x150.jpg\" class=\"attachment-thumbnail size-thumbnail\" alt=\"\" loading=\"lazy\" \/><\/a>\n\t\t\t<\/dt><\/dl><br style=\"clear: both\" \/><dl class='gallery-item'>\n\t\t\t<dt class='gallery-icon landscape'>\n\t\t\t\t<a href='https:\/\/www.visit-ulcinj.com\/blog\/2013\/01\/24\/permbytje-nga-reshjet-e-dendura-ne-shtoje-te-ulqinit-foto\/permbytje-ne-shtoje-te-ulqinit-7\/'><img width=\"150\" height=\"150\" src=\"https:\/\/www.visit-ulcinj.com\/blog\/wp-content\/uploads\/2013\/01\/Permbytje-ne-Shtoje-te-Ulqinit.7-150x150.jpg\" class=\"attachment-thumbnail size-thumbnail\" alt=\"\" loading=\"lazy\" \/><\/a>\n\t\t\t<\/dt><\/dl><dl class='gallery-item'>\n\t\t\t<dt class='gallery-icon landscape'>\n\t\t\t\t<a href='https:\/\/www.visit-ulcinj.com\/blog\/2013\/01\/24\/permbytje-nga-reshjet-e-dendura-ne-shtoje-te-ulqinit-foto\/permbytje-ne-shtoje-te-ulqinit-3\/'><img width=\"150\" height=\"150\" src=\"https:\/\/www.visit-ulcinj.com\/blog\/wp-content\/uploads\/2013\/01\/Permbytje-ne-Shtoje-te-Ulqinit.3-150x150.jpg\" class=\"attachment-thumbnail size-thumbnail\" alt=\"\" loading=\"lazy\" \/><\/a>\n\t\t\t<\/dt><\/dl><dl class='gallery-item'>\n\t\t\t<dt class='gallery-icon landscape'>\n\t\t\t\t<a href='https:\/\/www.visit-ulcinj.com\/blog\/2013\/01\/24\/permbytje-nga-reshjet-e-dendura-ne-shtoje-te-ulqinit-foto\/permbytje-ne-shtoje-te-ulqinit\/'><img width=\"150\" height=\"150\" src=\"https:\/\/www.visit-ulcinj.com\/blog\/wp-content\/uploads\/2013\/01\/Permbytje-ne-Shtoje-te-Ulqinit-150x150.jpg\" class=\"attachment-thumbnail size-thumbnail\" alt=\"\" loading=\"lazy\" \/><\/a>\n\t\t\t<\/dt><\/dl><br style=\"clear: both\" \/><dl class='gallery-item'>\n\t\t\t<dt class='gallery-icon landscape'>\n\t\t\t\t<a href='https:\/\/www.visit-ulcinj.com\/blog\/2013\/01\/24\/permbytje-nga-reshjet-e-dendura-ne-shtoje-te-ulqinit-foto\/permbytje-ne-shtoje-te-ulqinit-6\/'><img width=\"150\" height=\"150\" src=\"https:\/\/www.visit-ulcinj.com\/blog\/wp-content\/uploads\/2013\/01\/Permbytje-ne-Shtoje-te-Ulqinit.6-150x150.jpg\" class=\"attachment-thumbnail size-thumbnail\" alt=\"\" loading=\"lazy\" \/><\/a>\n\t\t\t<\/dt><\/dl><dl class='gallery-item'>\n\t\t\t<dt class='gallery-icon landscape'>\n\t\t\t\t<a href='https:\/\/www.visit-ulcinj.com\/blog\/2013\/01\/24\/permbytje-nga-reshjet-e-dendura-ne-shtoje-te-ulqinit-foto\/permbytje-ne-shtoje-te-ulqinit-9\/'><img width=\"150\" height=\"150\" src=\"https:\/\/www.visit-ulcinj.com\/blog\/wp-content\/uploads\/2013\/01\/Permbytje-ne-Shtoje-te-Ulqinit.9-150x150.jpg\" class=\"attachment-thumbnail size-thumbnail\" alt=\"\" loading=\"lazy\" \/><\/a>\n\t\t\t<\/dt><\/dl><dl class='gallery-item'>\n\t\t\t<dt class='gallery-icon landscape'>\n\t\t\t\t<a href='https:\/\/www.visit-ulcinj.com\/blog\/2013\/01\/24\/permbytje-nga-reshjet-e-dendura-ne-shtoje-te-ulqinit-foto\/permbytje-ne-shtoje-te-ulqinit-11\/'><img width=\"150\" height=\"150\" src=\"https:\/\/www.visit-ulcinj.com\/blog\/wp-content\/uploads\/2013\/01\/Permbytje-ne-Shtoje-te-Ulqinit.11-150x150.jpg\" class=\"attachment-thumbnail size-thumbnail\" alt=\"\" loading=\"lazy\" \/><\/a>\n\t\t\t<\/dt><\/dl><br style=\"clear: both\" \/>\n\t\t<\/div>\n<\/p>\n","protected":false},"excerpt":{"rendered":"<p>Situate hidroologjike n\u00eb komun\u00ebn e Ulqinit ende nuk ka dalur nga kontrolla, madje n\u00eb muajt\u00eb e fundit nuk kishte p\u00ebrmbytje t\u00eb k\u00ebsaj p\u00ebrmase n\u00eb rrug\u00ebt dhe lagjen Shtoj\u00eb\u00a0 te Ulqinit.Kan\u00eb mjaftuar vet\u00ebm disa or\u00eb shi, q\u00eb livadet e shtojit t\u00eb grumbullohet kjo sasi e dendur uji. Gjat\u00eb mesdites s\u00eb sotme, rrug\u00ebt dhe livadet e lagjes [&hellip;]<\/p>\n","protected":false},"author":1,"featured_media":0,"comment_status":"open","ping_status":"closed","sticky":false,"template":"","format":"standard","meta":{"spay_email":"","jetpack_publicize_message":"","jetpack_is_tweetstorm":false,"jetpack_publicize_feature_enabled":true},"categories":[1,14],"tags":[21717,11609,21509,21512,21521,212,21522,17828,21239,17834,3382,21237,18370,17811,21523,21242,20884,7930,17831,18362,14353,17808,14354,12340,17840,17839,17468,8161,18363,21524,21221,21525,21222,18532,17835,21240,17814,17810,17816,2326,17071,2319,21246,10400,17807,21526,21253,21468,21469,19517,3516,14652,17837,2322,17827,18023,21219,21416,8470,21244,21494,2338,21238,21527,21248,14358,21528,222,2321,17802,17812,17803,2323,3584,17820,1499,21236,21250,21529,17825,21530,17817,21531,17805,21252,3169,305,21251,840,17823,2325,17832,3506,17818,214,21231,3993,5913,17680,2327,14362,21532,14363,18371,21493,21230,21241,21513,21533,3507,730,21471,21249,17800,498,3500,21421,21534,21228,21255,115,14364,21234,18694,21254,21535,21536,21223,21418,21537,17799,21538,3327,21226,17841,3944,17826,15213,18236,3512,17806,21539,18399,11648,18289,21233,21540,17838,499,21541,95,2331,21542,21543,2348,21427,17813,21544,17804,21545,15141,347,21546,19495,17836,14366,21547,21510,2332,3875,79,17073,18294,612,318,118,18368,18369,21417,21257,21258,1653,21420,21426,21419,21548,2304,21261,2360,21232,1909,21549,21550,21551,16430,21243,21224,14367,500,21552,21553,21235,13393,2354,5380,21554,17801,2306,2334,2335,21470,18360,21227,3577,17822,14368,14369,21555,208,21225,21492,17824,14370,4244,21247,18291,16228,21556,21259,2083,3231,14371,21220,41,3617,5040,3582,2350,3722,21260,2310,14372,17844,17821,2312,21557,5589,18372,21256,17830,17077,18295,14375,17833,17829,899,21245,20894,2337,3797,3583,1655,21558,21559,21229,21560,200,18,10421,17819,21561,21562,2339,4243,16445,3333,17809,21563,2340,4265,14376],"jetpack_publicize_connections":[],"yoast_head":"<!-- This site is optimized with the Yoast SEO plugin v19.1 - https:\/\/yoast.com\/wordpress\/plugins\/seo\/ -->\n<title>P\u00ebrmbytje nga reshjet e dendura ne Shtoj\u00eb t\u00eb Ulqinit + Foto - Lajme nga Ulqini<\/title>\n<meta name=\"description\" content=\"Situate hidroologjike n\u00eb komun\u00ebn e Ulqinit ende nuk ka dalur nga kontrolla, madje n\u00eb muajt\u00eb e fundit nuk kishte p\u00ebrmbytje t\u00eb k\u00ebsaj p\u00ebrmase n\u00eb rrug\u00ebt dhe\" \/>\n<meta name=\"robots\" content=\"index, follow, max-snippet:-1, max-image-preview:large, max-video-preview:-1\" \/>\n<link rel=\"canonical\" href=\"https:\/\/www.visit-ulcinj.com\/blog\/2013\/01\/24\/permbytje-nga-reshjet-e-dendura-ne-shtoje-te-ulqinit-foto\/\" \/>\n<meta property=\"og:locale\" content=\"en_US\" \/>\n<meta property=\"og:type\" content=\"article\" \/>\n<meta property=\"og:title\" content=\"P\u00ebrmbytje nga reshjet e dendura ne Shtoj\u00eb t\u00eb Ulqinit + Foto - Lajme nga Ulqini\" \/>\n<meta property=\"og:description\" content=\"Situate hidroologjike n\u00eb komun\u00ebn e Ulqinit ende nuk ka dalur nga kontrolla, madje n\u00eb muajt\u00eb e fundit nuk kishte p\u00ebrmbytje t\u00eb k\u00ebsaj p\u00ebrmase n\u00eb rrug\u00ebt dhe\" \/>\n<meta property=\"og:url\" content=\"https:\/\/www.visit-ulcinj.com\/blog\/2013\/01\/24\/permbytje-nga-reshjet-e-dendura-ne-shtoje-te-ulqinit-foto\/\" \/>\n<meta property=\"og:site_name\" content=\"Lajme nga Ulqini\" \/>\n<meta property=\"article:published_time\" content=\"2013-01-24T14:53:20+00:00\" \/>\n<meta property=\"article:modified_time\" content=\"2013-01-25T20:57:04+00:00\" \/>\n<meta property=\"og:image\" content=\"https:\/\/www.visit-ulcinj.com\/blog\/wp-content\/uploads\/2013\/01\/Permbytje-ne-Shtoje-te-Ulqinit.10-150x150.jpg\" \/>\n<meta name=\"twitter:label1\" content=\"Written by\" \/>\n\t<meta name=\"twitter:data1\" content=\"ulqini\" \/>\n\t<meta name=\"twitter:label2\" content=\"Est. reading time\" \/>\n\t<meta name=\"twitter:data2\" content=\"1 minute\" \/>\n<script type=\"application\/ld+json\" class=\"yoast-schema-graph\">{\"@context\":\"https:\/\/schema.org\",\"@graph\":[{\"@type\":\"WebSite\",\"@id\":\"https:\/\/www.visit-ulcinj.com\/blog\/#website\",\"url\":\"https:\/\/www.visit-ulcinj.com\/blog\/\",\"name\":\"Lajme nga Ulqini\",\"description\":\"Lajme,Vijesti,Ulqini,Ulqin,Crna Gora,Mali i Zi\",\"potentialAction\":[{\"@type\":\"SearchAction\",\"target\":{\"@type\":\"EntryPoint\",\"urlTemplate\":\"https:\/\/www.visit-ulcinj.com\/blog\/?s={search_term_string}\"},\"query-input\":\"required name=search_term_string\"}],\"inLanguage\":\"en-US\"},{\"@type\":\"ImageObject\",\"inLanguage\":\"en-US\",\"@id\":\"https:\/\/www.visit-ulcinj.com\/blog\/2013\/01\/24\/permbytje-nga-reshjet-e-dendura-ne-shtoje-te-ulqinit-foto\/#primaryimage\",\"url\":\"https:\/\/www.visit-ulcinj.com\/blog\/wp-content\/uploads\/2013\/01\/Permbytje-ne-Shtoje-te-Ulqinit.9.jpg\",\"contentUrl\":\"https:\/\/www.visit-ulcinj.com\/blog\/wp-content\/uploads\/2013\/01\/Permbytje-ne-Shtoje-te-Ulqinit.9.jpg\",\"width\":960,\"height\":720},{\"@type\":\"WebPage\",\"@id\":\"https:\/\/www.visit-ulcinj.com\/blog\/2013\/01\/24\/permbytje-nga-reshjet-e-dendura-ne-shtoje-te-ulqinit-foto\/#webpage\",\"url\":\"https:\/\/www.visit-ulcinj.com\/blog\/2013\/01\/24\/permbytje-nga-reshjet-e-dendura-ne-shtoje-te-ulqinit-foto\/\",\"name\":\"P\u00ebrmbytje nga reshjet e dendura ne Shtoj\u00eb t\u00eb Ulqinit + Foto - Lajme nga Ulqini\",\"isPartOf\":{\"@id\":\"https:\/\/www.visit-ulcinj.com\/blog\/#website\"},\"primaryImageOfPage\":{\"@id\":\"https:\/\/www.visit-ulcinj.com\/blog\/2013\/01\/24\/permbytje-nga-reshjet-e-dendura-ne-shtoje-te-ulqinit-foto\/#primaryimage\"},\"datePublished\":\"2013-01-24T14:53:20+00:00\",\"dateModified\":\"2013-01-25T20:57:04+00:00\",\"author\":{\"@id\":\"https:\/\/www.visit-ulcinj.com\/blog\/#\/schema\/person\/dcab619c614d3038751c63bc2aadc06d\"},\"description\":\"Situate hidroologjike n\u00eb komun\u00ebn e Ulqinit ende nuk ka dalur nga kontrolla, madje n\u00eb muajt\u00eb e fundit nuk kishte p\u00ebrmbytje t\u00eb k\u00ebsaj p\u00ebrmase n\u00eb rrug\u00ebt dhe\",\"breadcrumb\":{\"@id\":\"https:\/\/www.visit-ulcinj.com\/blog\/2013\/01\/24\/permbytje-nga-reshjet-e-dendura-ne-shtoje-te-ulqinit-foto\/#breadcrumb\"},\"inLanguage\":\"en-US\",\"potentialAction\":[{\"@type\":\"ReadAction\",\"target\":[\"https:\/\/www.visit-ulcinj.com\/blog\/2013\/01\/24\/permbytje-nga-reshjet-e-dendura-ne-shtoje-te-ulqinit-foto\/\"]}]},{\"@type\":\"BreadcrumbList\",\"@id\":\"https:\/\/www.visit-ulcinj.com\/blog\/2013\/01\/24\/permbytje-nga-reshjet-e-dendura-ne-shtoje-te-ulqinit-foto\/#breadcrumb\",\"itemListElement\":[{\"@type\":\"ListItem\",\"position\":1,\"name\":\"P\u00ebrmbytje nga reshjet e dendura ne Shtoj\u00eb t\u00eb Ulqinit + Foto\"}]},{\"@type\":\"Person\",\"@id\":\"https:\/\/www.visit-ulcinj.com\/blog\/#\/schema\/person\/dcab619c614d3038751c63bc2aadc06d\",\"name\":\"ulqini\",\"sameAs\":[\"http:\/\/www.visit-ulcinj.com\"],\"url\":\"https:\/\/www.visit-ulcinj.com\/blog\/author\/admin\/\"}]}<\/script>\n<!-- \/ Yoast SEO plugin. -->","yoast_head_json":{"title":"P\u00ebrmbytje nga reshjet e dendura ne Shtoj\u00eb t\u00eb Ulqinit + Foto - Lajme nga Ulqini","description":"Situate hidroologjike n\u00eb komun\u00ebn e Ulqinit ende nuk ka dalur nga kontrolla, madje n\u00eb muajt\u00eb e fundit nuk kishte p\u00ebrmbytje t\u00eb k\u00ebsaj p\u00ebrmase n\u00eb rrug\u00ebt dhe","robots":{"index":"index","follow":"follow","max-snippet":"max-snippet:-1","max-image-preview":"max-image-preview:large","max-video-preview":"max-video-preview:-1"},"canonical":"https:\/\/www.visit-ulcinj.com\/blog\/2013\/01\/24\/permbytje-nga-reshjet-e-dendura-ne-shtoje-te-ulqinit-foto\/","og_locale":"en_US","og_type":"article","og_title":"P\u00ebrmbytje nga reshjet e dendura ne Shtoj\u00eb t\u00eb Ulqinit + Foto - Lajme nga Ulqini","og_description":"Situate hidroologjike n\u00eb komun\u00ebn e Ulqinit ende nuk ka dalur nga kontrolla, madje n\u00eb muajt\u00eb e fundit nuk kishte p\u00ebrmbytje t\u00eb k\u00ebsaj p\u00ebrmase n\u00eb rrug\u00ebt dhe","og_url":"https:\/\/www.visit-ulcinj.com\/blog\/2013\/01\/24\/permbytje-nga-reshjet-e-dendura-ne-shtoje-te-ulqinit-foto\/","og_site_name":"Lajme nga Ulqini","article_published_time":"2013-01-24T14:53:20+00:00","article_modified_time":"2013-01-25T20:57:04+00:00","og_image":[{"url":"https:\/\/www.visit-ulcinj.com\/blog\/wp-content\/uploads\/2013\/01\/Permbytje-ne-Shtoje-te-Ulqinit.10-150x150.jpg"}],"twitter_misc":{"Written by":"ulqini","Est. reading time":"1 minute"},"schema":{"@context":"https:\/\/schema.org","@graph":[{"@type":"WebSite","@id":"https:\/\/www.visit-ulcinj.com\/blog\/#website","url":"https:\/\/www.visit-ulcinj.com\/blog\/","name":"Lajme nga Ulqini","description":"Lajme,Vijesti,Ulqini,Ulqin,Crna Gora,Mali i Zi","potentialAction":[{"@type":"SearchAction","target":{"@type":"EntryPoint","urlTemplate":"https:\/\/www.visit-ulcinj.com\/blog\/?s={search_term_string}"},"query-input":"required name=search_term_string"}],"inLanguage":"en-US"},{"@type":"ImageObject","inLanguage":"en-US","@id":"https:\/\/www.visit-ulcinj.com\/blog\/2013\/01\/24\/permbytje-nga-reshjet-e-dendura-ne-shtoje-te-ulqinit-foto\/#primaryimage","url":"https:\/\/www.visit-ulcinj.com\/blog\/wp-content\/uploads\/2013\/01\/Permbytje-ne-Shtoje-te-Ulqinit.9.jpg","contentUrl":"https:\/\/www.visit-ulcinj.com\/blog\/wp-content\/uploads\/2013\/01\/Permbytje-ne-Shtoje-te-Ulqinit.9.jpg","width":960,"height":720},{"@type":"WebPage","@id":"https:\/\/www.visit-ulcinj.com\/blog\/2013\/01\/24\/permbytje-nga-reshjet-e-dendura-ne-shtoje-te-ulqinit-foto\/#webpage","url":"https:\/\/www.visit-ulcinj.com\/blog\/2013\/01\/24\/permbytje-nga-reshjet-e-dendura-ne-shtoje-te-ulqinit-foto\/","name":"P\u00ebrmbytje nga reshjet e dendura ne Shtoj\u00eb t\u00eb Ulqinit + Foto - Lajme nga Ulqini","isPartOf":{"@id":"https:\/\/www.visit-ulcinj.com\/blog\/#website"},"primaryImageOfPage":{"@id":"https:\/\/www.visit-ulcinj.com\/blog\/2013\/01\/24\/permbytje-nga-reshjet-e-dendura-ne-shtoje-te-ulqinit-foto\/#primaryimage"},"datePublished":"2013-01-24T14:53:20+00:00","dateModified":"2013-01-25T20:57:04+00:00","author":{"@id":"https:\/\/www.visit-ulcinj.com\/blog\/#\/schema\/person\/dcab619c614d3038751c63bc2aadc06d"},"description":"Situate hidroologjike n\u00eb komun\u00ebn e Ulqinit ende nuk ka dalur nga kontrolla, madje n\u00eb muajt\u00eb e fundit nuk kishte p\u00ebrmbytje t\u00eb k\u00ebsaj p\u00ebrmase n\u00eb rrug\u00ebt dhe","breadcrumb":{"@id":"https:\/\/www.visit-ulcinj.com\/blog\/2013\/01\/24\/permbytje-nga-reshjet-e-dendura-ne-shtoje-te-ulqinit-foto\/#breadcrumb"},"inLanguage":"en-US","potentialAction":[{"@type":"ReadAction","target":["https:\/\/www.visit-ulcinj.com\/blog\/2013\/01\/24\/permbytje-nga-reshjet-e-dendura-ne-shtoje-te-ulqinit-foto\/"]}]},{"@type":"BreadcrumbList","@id":"https:\/\/www.visit-ulcinj.com\/blog\/2013\/01\/24\/permbytje-nga-reshjet-e-dendura-ne-shtoje-te-ulqinit-foto\/#breadcrumb","itemListElement":[{"@type":"ListItem","position":1,"name":"P\u00ebrmbytje nga reshjet e dendura ne Shtoj\u00eb t\u00eb Ulqinit + Foto"}]},{"@type":"Person","@id":"https:\/\/www.visit-ulcinj.com\/blog\/#\/schema\/person\/dcab619c614d3038751c63bc2aadc06d","name":"ulqini","sameAs":["http:\/\/www.visit-ulcinj.com"],"url":"https:\/\/www.visit-ulcinj.com\/blog\/author\/admin\/"}]}},"jetpack_featured_media_url":"","jetpack_sharing_enabled":true,"jetpack_shortlink":"https:\/\/wp.me\/pe6lTn-hG4","_links":{"self":[{"href":"https:\/\/www.visit-ulcinj.com\/blog\/wp-json\/wp\/v2\/posts\/67956"}],"collection":[{"href":"https:\/\/www.visit-ulcinj.com\/blog\/wp-json\/wp\/v2\/posts"}],"about":[{"href":"https:\/\/www.visit-ulcinj.com\/blog\/wp-json\/wp\/v2\/types\/post"}],"author":[{"embeddable":true,"href":"https:\/\/www.visit-ulcinj.com\/blog\/wp-json\/wp\/v2\/users\/1"}],"replies":[{"embeddable":true,"href":"https:\/\/www.visit-ulcinj.com\/blog\/wp-json\/wp\/v2\/comments?post=67956"}],"version-history":[{"count":2,"href":"https:\/\/www.visit-ulcinj.com\/blog\/wp-json\/wp\/v2\/posts\/67956\/revisions"}],"predecessor-version":[{"id":68079,"href":"https:\/\/www.visit-ulcinj.com\/blog\/wp-json\/wp\/v2\/posts\/67956\/revisions\/68079"}],"wp:attachment":[{"href":"https:\/\/www.visit-ulcinj.com\/blog\/wp-json\/wp\/v2\/media?parent=67956"}],"wp:term":[{"taxonomy":"category","embeddable":true,"href":"https:\/\/www.visit-ulcinj.com\/blog\/wp-json\/wp\/v2\/categories?post=67956"},{"taxonomy":"post_tag","embeddable":true,"href":"https:\/\/www.visit-ulcinj.com\/blog\/wp-json\/wp\/v2\/tags?post=67956"}],"curies":[{"name":"wp","href":"https:\/\/api.w.org\/{rel}","templated":true}]}}