{"id":67977,"date":"2013-01-24T17:20:31","date_gmt":"2013-01-24T16:20:31","guid":{"rendered":"http:\/\/www.visit-ulcinj.com\/blog\/?p=67977"},"modified":"2013-01-24T17:23:18","modified_gmt":"2013-01-24T16:23:18","slug":"rita-ora-ska-koncert-ne-prishtine-per-17-shkurt","status":"publish","type":"post","link":"https:\/\/www.visit-ulcinj.com\/blog\/2013\/01\/24\/rita-ora-ska-koncert-ne-prishtine-per-17-shkurt\/","title":{"rendered":"Rita Ora ska koncert ne Prishtine per 17 shkurt"},"content":{"rendered":"<p>Videoklipi i k\u00ebng\u00ebs \u201cShine Ya Light\u201d, t\u00eb cilin ylli bot\u00ebror i muzik\u00ebs, Rita Ora, e xhiroi n\u00eb Prishtin\u00eb, nis me lajmin q\u00eb jep djaloshi: \u201cRita po vjen, Rita po vjen\u201d. Por ajo nuk do t\u00eb vij\u00eb n\u00eb Prishtin\u00eb. S\u00eb paku jo me nj\u00eb koncert n\u00eb pes\u00ebvjetorin e pest\u00eb t\u00eb pavar\u00ebsis\u00eb s\u00eb Kosov\u00ebs, p\u00ebr t\u00eb cilin ia kan\u00eb b\u00ebr\u00eb ftes\u00ebn institucionet kosovare.<br \/>\n<a href=\"http:\/\/www.visit-ulcinj.com\/blog\/wp-content\/uploads\/2013\/01\/Rita-Ora.jpg\"><img loading=\"lazy\" class=\"alignleft  wp-image-67978\" alt=\"Rita Ora\" src=\"http:\/\/www.visit-ulcinj.com\/blog\/wp-content\/uploads\/2013\/01\/Rita-Ora.jpg\" width=\"508\" height=\"356\" \/><\/a><\/p>\n<p>Rita Ora nuk mund t\u2019i p\u00ebrgjigjet k\u00ebrkes\u00ebs s\u00eb qeveris\u00eb s\u00eb Kosov\u00ebs p\u00ebr shkak t\u00eb turneut t\u00eb saj dhe angazhimeve tjera.<\/p>\n<p>Ministri i Kultur\u00ebs, Memli Krasniqi \u2013 i cili i prin K\u00ebshillit Organizativ t\u00eb aktiviteteve festive t\u00eb jubileut \u2013 ka dh\u00ebn\u00eb lajmin. Ai ka th\u00ebn\u00eb p\u00ebr Koh\u00ebn Ditore se Rita Ora nuk do t\u00eb jet\u00eb n\u00eb Prishtin\u00eb, p\u00ebr shkak t\u00eb angazhimeve t\u00eb saj.<\/p>\n<p>\u201cP\u00ebr shkak t\u00eb turneut t\u00eb saj si dhe angazhimeve tjera, Rita Ora ka pasur t\u00eb pamundur q\u00eb t\u00eb jet\u00eb n\u00eb Prishtin\u00eb\u201d, ka th\u00ebn\u00eb Krasniqi.<br \/>\n\u201cAjo nuk do t\u00eb ket\u00eb koncert p\u00ebr 17 shkurt\u201d, ka shtuar ai.<\/p>\n<p>Por ministri ka premtuar se Rita do t\u00eb mbaj koncert n\u00eb Prishtine brenda k\u00ebtij viti.<\/p>\n<p>K\u00ebng\u00ebtarja shqiptare me ftes\u00eb t\u00eb kryeministrit Berisha, kishte performuar n\u00eb nj\u00eb koncert madh\u00ebshtor n\u00eb Tiran\u00eb me rastin e 100 vjetorit t\u00eb Pavar\u00ebsis\u00eb.\/Indeksonline\/<\/p>\n<p><iframe loading=\"lazy\" width=\"508\" height=\"360\" src=\"http:\/\/www.youtube.com\/embed\/DH182aLsVig?rel=0\" frameborder=\"0\" allowfullscreen><\/iframe><\/p>\n","protected":false},"excerpt":{"rendered":"<p>Videoklipi i k\u00ebng\u00ebs \u201cShine Ya Light\u201d, t\u00eb cilin ylli bot\u00ebror i muzik\u00ebs, Rita Ora, e xhiroi n\u00eb Prishtin\u00eb, nis me lajmin q\u00eb jep djaloshi: \u201cRita po vjen, Rita po vjen\u201d. Por ajo nuk do t\u00eb vij\u00eb n\u00eb Prishtin\u00eb. S\u00eb paku jo me nj\u00eb koncert n\u00eb pes\u00ebvjetorin e pest\u00eb t\u00eb pavar\u00ebsis\u00eb s\u00eb Kosov\u00ebs, p\u00ebr t\u00eb cilin [&hellip;]<\/p>\n","protected":false},"author":1,"featured_media":0,"comment_status":"open","ping_status":"closed","sticky":false,"template":"","format":"standard","meta":{"spay_email":"","jetpack_publicize_message":"","jetpack_is_tweetstorm":false,"jetpack_publicize_feature_enabled":true},"categories":[1],"tags":[13349,21718],"jetpack_publicize_connections":[],"yoast_head":"<!-- This site is optimized with the Yoast SEO plugin v19.1 - https:\/\/yoast.com\/wordpress\/plugins\/seo\/ -->\n<title>Rita Ora ska koncert ne Prishtine per 17 shkurt - Lajme nga Ulqini<\/title>\n<meta name=\"description\" content=\"Videoklipi i k\u00ebng\u00ebs \u201cShine Ya Light\u201d, t\u00eb cilin ylli bot\u00ebror i muzik\u00ebs, Rita Ora, e xhiroi n\u00eb Prishtin\u00eb, nis me lajmin q\u00eb jep djaloshi: \u201cRita po vjen, Rita\" \/>\n<meta name=\"robots\" content=\"index, follow, max-snippet:-1, max-image-preview:large, max-video-preview:-1\" \/>\n<link rel=\"canonical\" href=\"https:\/\/www.visit-ulcinj.com\/blog\/2013\/01\/24\/rita-ora-ska-koncert-ne-prishtine-per-17-shkurt\/\" \/>\n<meta property=\"og:locale\" content=\"en_US\" \/>\n<meta property=\"og:type\" content=\"article\" \/>\n<meta property=\"og:title\" content=\"Rita Ora ska koncert ne Prishtine per 17 shkurt - Lajme nga Ulqini\" \/>\n<meta property=\"og:description\" content=\"Videoklipi i k\u00ebng\u00ebs \u201cShine Ya Light\u201d, t\u00eb cilin ylli bot\u00ebror i muzik\u00ebs, Rita Ora, e xhiroi n\u00eb Prishtin\u00eb, nis me lajmin q\u00eb jep djaloshi: \u201cRita po vjen, Rita\" \/>\n<meta property=\"og:url\" content=\"https:\/\/www.visit-ulcinj.com\/blog\/2013\/01\/24\/rita-ora-ska-koncert-ne-prishtine-per-17-shkurt\/\" \/>\n<meta property=\"og:site_name\" content=\"Lajme nga Ulqini\" \/>\n<meta property=\"article:published_time\" content=\"2013-01-24T16:20:31+00:00\" \/>\n<meta property=\"article:modified_time\" content=\"2013-01-24T16:23:18+00:00\" \/>\n<meta property=\"og:image\" content=\"http:\/\/www.visit-ulcinj.com\/blog\/wp-content\/uploads\/2013\/01\/Rita-Ora.jpg\" \/>\n<meta name=\"twitter:label1\" content=\"Written by\" \/>\n\t<meta name=\"twitter:data1\" content=\"ulqini\" \/>\n\t<meta name=\"twitter:label2\" content=\"Est. reading time\" \/>\n\t<meta name=\"twitter:data2\" content=\"1 minute\" \/>\n<script type=\"application\/ld+json\" class=\"yoast-schema-graph\">{\"@context\":\"https:\/\/schema.org\",\"@graph\":[{\"@type\":\"WebSite\",\"@id\":\"https:\/\/www.visit-ulcinj.com\/blog\/#website\",\"url\":\"https:\/\/www.visit-ulcinj.com\/blog\/\",\"name\":\"Lajme nga Ulqini\",\"description\":\"Lajme,Vijesti,Ulqini,Ulqin,Crna Gora,Mali i Zi\",\"potentialAction\":[{\"@type\":\"SearchAction\",\"target\":{\"@type\":\"EntryPoint\",\"urlTemplate\":\"https:\/\/www.visit-ulcinj.com\/blog\/?s={search_term_string}\"},\"query-input\":\"required name=search_term_string\"}],\"inLanguage\":\"en-US\"},{\"@type\":\"ImageObject\",\"inLanguage\":\"en-US\",\"@id\":\"https:\/\/www.visit-ulcinj.com\/blog\/2013\/01\/24\/rita-ora-ska-koncert-ne-prishtine-per-17-shkurt\/#primaryimage\",\"url\":\"http:\/\/www.visit-ulcinj.com\/blog\/wp-content\/uploads\/2013\/01\/Rita-Ora.jpg\",\"contentUrl\":\"http:\/\/www.visit-ulcinj.com\/blog\/wp-content\/uploads\/2013\/01\/Rita-Ora.jpg\"},{\"@type\":\"WebPage\",\"@id\":\"https:\/\/www.visit-ulcinj.com\/blog\/2013\/01\/24\/rita-ora-ska-koncert-ne-prishtine-per-17-shkurt\/#webpage\",\"url\":\"https:\/\/www.visit-ulcinj.com\/blog\/2013\/01\/24\/rita-ora-ska-koncert-ne-prishtine-per-17-shkurt\/\",\"name\":\"Rita Ora ska koncert ne Prishtine per 17 shkurt - Lajme nga Ulqini\",\"isPartOf\":{\"@id\":\"https:\/\/www.visit-ulcinj.com\/blog\/#website\"},\"primaryImageOfPage\":{\"@id\":\"https:\/\/www.visit-ulcinj.com\/blog\/2013\/01\/24\/rita-ora-ska-koncert-ne-prishtine-per-17-shkurt\/#primaryimage\"},\"datePublished\":\"2013-01-24T16:20:31+00:00\",\"dateModified\":\"2013-01-24T16:23:18+00:00\",\"author\":{\"@id\":\"https:\/\/www.visit-ulcinj.com\/blog\/#\/schema\/person\/dcab619c614d3038751c63bc2aadc06d\"},\"description\":\"Videoklipi i k\u00ebng\u00ebs \u201cShine Ya Light\u201d, t\u00eb cilin ylli bot\u00ebror i muzik\u00ebs, Rita Ora, e xhiroi n\u00eb Prishtin\u00eb, nis me lajmin q\u00eb jep djaloshi: \u201cRita po vjen, Rita\",\"breadcrumb\":{\"@id\":\"https:\/\/www.visit-ulcinj.com\/blog\/2013\/01\/24\/rita-ora-ska-koncert-ne-prishtine-per-17-shkurt\/#breadcrumb\"},\"inLanguage\":\"en-US\",\"potentialAction\":[{\"@type\":\"ReadAction\",\"target\":[\"https:\/\/www.visit-ulcinj.com\/blog\/2013\/01\/24\/rita-ora-ska-koncert-ne-prishtine-per-17-shkurt\/\"]}]},{\"@type\":\"BreadcrumbList\",\"@id\":\"https:\/\/www.visit-ulcinj.com\/blog\/2013\/01\/24\/rita-ora-ska-koncert-ne-prishtine-per-17-shkurt\/#breadcrumb\",\"itemListElement\":[{\"@type\":\"ListItem\",\"position\":1,\"name\":\"Rita Ora ska koncert ne Prishtine per 17 shkurt\"}]},{\"@type\":\"Person\",\"@id\":\"https:\/\/www.visit-ulcinj.com\/blog\/#\/schema\/person\/dcab619c614d3038751c63bc2aadc06d\",\"name\":\"ulqini\",\"sameAs\":[\"http:\/\/www.visit-ulcinj.com\"],\"url\":\"https:\/\/www.visit-ulcinj.com\/blog\/author\/admin\/\"}]}<\/script>\n<!-- \/ Yoast SEO plugin. -->","yoast_head_json":{"title":"Rita Ora ska koncert ne Prishtine per 17 shkurt - Lajme nga Ulqini","description":"Videoklipi i k\u00ebng\u00ebs \u201cShine Ya Light\u201d, t\u00eb cilin ylli bot\u00ebror i muzik\u00ebs, Rita Ora, e xhiroi n\u00eb Prishtin\u00eb, nis me lajmin q\u00eb jep djaloshi: \u201cRita po vjen, Rita","robots":{"index":"index","follow":"follow","max-snippet":"max-snippet:-1","max-image-preview":"max-image-preview:large","max-video-preview":"max-video-preview:-1"},"canonical":"https:\/\/www.visit-ulcinj.com\/blog\/2013\/01\/24\/rita-ora-ska-koncert-ne-prishtine-per-17-shkurt\/","og_locale":"en_US","og_type":"article","og_title":"Rita Ora ska koncert ne Prishtine per 17 shkurt - Lajme nga Ulqini","og_description":"Videoklipi i k\u00ebng\u00ebs \u201cShine Ya Light\u201d, t\u00eb cilin ylli bot\u00ebror i muzik\u00ebs, Rita Ora, e xhiroi n\u00eb Prishtin\u00eb, nis me lajmin q\u00eb jep djaloshi: \u201cRita po vjen, Rita","og_url":"https:\/\/www.visit-ulcinj.com\/blog\/2013\/01\/24\/rita-ora-ska-koncert-ne-prishtine-per-17-shkurt\/","og_site_name":"Lajme nga Ulqini","article_published_time":"2013-01-24T16:20:31+00:00","article_modified_time":"2013-01-24T16:23:18+00:00","og_image":[{"url":"http:\/\/www.visit-ulcinj.com\/blog\/wp-content\/uploads\/2013\/01\/Rita-Ora.jpg"}],"twitter_misc":{"Written by":"ulqini","Est. reading time":"1 minute"},"schema":{"@context":"https:\/\/schema.org","@graph":[{"@type":"WebSite","@id":"https:\/\/www.visit-ulcinj.com\/blog\/#website","url":"https:\/\/www.visit-ulcinj.com\/blog\/","name":"Lajme nga Ulqini","description":"Lajme,Vijesti,Ulqini,Ulqin,Crna Gora,Mali i Zi","potentialAction":[{"@type":"SearchAction","target":{"@type":"EntryPoint","urlTemplate":"https:\/\/www.visit-ulcinj.com\/blog\/?s={search_term_string}"},"query-input":"required name=search_term_string"}],"inLanguage":"en-US"},{"@type":"ImageObject","inLanguage":"en-US","@id":"https:\/\/www.visit-ulcinj.com\/blog\/2013\/01\/24\/rita-ora-ska-koncert-ne-prishtine-per-17-shkurt\/#primaryimage","url":"http:\/\/www.visit-ulcinj.com\/blog\/wp-content\/uploads\/2013\/01\/Rita-Ora.jpg","contentUrl":"http:\/\/www.visit-ulcinj.com\/blog\/wp-content\/uploads\/2013\/01\/Rita-Ora.jpg"},{"@type":"WebPage","@id":"https:\/\/www.visit-ulcinj.com\/blog\/2013\/01\/24\/rita-ora-ska-koncert-ne-prishtine-per-17-shkurt\/#webpage","url":"https:\/\/www.visit-ulcinj.com\/blog\/2013\/01\/24\/rita-ora-ska-koncert-ne-prishtine-per-17-shkurt\/","name":"Rita Ora ska koncert ne Prishtine per 17 shkurt - Lajme nga Ulqini","isPartOf":{"@id":"https:\/\/www.visit-ulcinj.com\/blog\/#website"},"primaryImageOfPage":{"@id":"https:\/\/www.visit-ulcinj.com\/blog\/2013\/01\/24\/rita-ora-ska-koncert-ne-prishtine-per-17-shkurt\/#primaryimage"},"datePublished":"2013-01-24T16:20:31+00:00","dateModified":"2013-01-24T16:23:18+00:00","author":{"@id":"https:\/\/www.visit-ulcinj.com\/blog\/#\/schema\/person\/dcab619c614d3038751c63bc2aadc06d"},"description":"Videoklipi i k\u00ebng\u00ebs \u201cShine Ya Light\u201d, t\u00eb cilin ylli bot\u00ebror i muzik\u00ebs, Rita Ora, e xhiroi n\u00eb Prishtin\u00eb, nis me lajmin q\u00eb jep djaloshi: \u201cRita po vjen, Rita","breadcrumb":{"@id":"https:\/\/www.visit-ulcinj.com\/blog\/2013\/01\/24\/rita-ora-ska-koncert-ne-prishtine-per-17-shkurt\/#breadcrumb"},"inLanguage":"en-US","potentialAction":[{"@type":"ReadAction","target":["https:\/\/www.visit-ulcinj.com\/blog\/2013\/01\/24\/rita-ora-ska-koncert-ne-prishtine-per-17-shkurt\/"]}]},{"@type":"BreadcrumbList","@id":"https:\/\/www.visit-ulcinj.com\/blog\/2013\/01\/24\/rita-ora-ska-koncert-ne-prishtine-per-17-shkurt\/#breadcrumb","itemListElement":[{"@type":"ListItem","position":1,"name":"Rita Ora ska koncert ne Prishtine per 17 shkurt"}]},{"@type":"Person","@id":"https:\/\/www.visit-ulcinj.com\/blog\/#\/schema\/person\/dcab619c614d3038751c63bc2aadc06d","name":"ulqini","sameAs":["http:\/\/www.visit-ulcinj.com"],"url":"https:\/\/www.visit-ulcinj.com\/blog\/author\/admin\/"}]}},"jetpack_featured_media_url":"","jetpack_sharing_enabled":true,"jetpack_shortlink":"https:\/\/wp.me\/pe6lTn-hGp","_links":{"self":[{"href":"https:\/\/www.visit-ulcinj.com\/blog\/wp-json\/wp\/v2\/posts\/67977"}],"collection":[{"href":"https:\/\/www.visit-ulcinj.com\/blog\/wp-json\/wp\/v2\/posts"}],"about":[{"href":"https:\/\/www.visit-ulcinj.com\/blog\/wp-json\/wp\/v2\/types\/post"}],"author":[{"embeddable":true,"href":"https:\/\/www.visit-ulcinj.com\/blog\/wp-json\/wp\/v2\/users\/1"}],"replies":[{"embeddable":true,"href":"https:\/\/www.visit-ulcinj.com\/blog\/wp-json\/wp\/v2\/comments?post=67977"}],"version-history":[{"count":2,"href":"https:\/\/www.visit-ulcinj.com\/blog\/wp-json\/wp\/v2\/posts\/67977\/revisions"}],"predecessor-version":[{"id":67980,"href":"https:\/\/www.visit-ulcinj.com\/blog\/wp-json\/wp\/v2\/posts\/67977\/revisions\/67980"}],"wp:attachment":[{"href":"https:\/\/www.visit-ulcinj.com\/blog\/wp-json\/wp\/v2\/media?parent=67977"}],"wp:term":[{"taxonomy":"category","embeddable":true,"href":"https:\/\/www.visit-ulcinj.com\/blog\/wp-json\/wp\/v2\/categories?post=67977"},{"taxonomy":"post_tag","embeddable":true,"href":"https:\/\/www.visit-ulcinj.com\/blog\/wp-json\/wp\/v2\/tags?post=67977"}],"curies":[{"name":"wp","href":"https:\/\/api.w.org\/{rel}","templated":true}]}}