{"id":67993,"date":"2013-01-24T18:36:21","date_gmt":"2013-01-24T17:36:21","guid":{"rendered":"http:\/\/www.visit-ulcinj.com\/blog\/?p=67993"},"modified":"2013-01-25T21:57:36","modified_gmt":"2013-01-25T20:57:36","slug":"ne-bregun-e-lumit-buna-kapen-rreth-15-ton-lende-narkotike-canabis-sativa-foto","status":"publish","type":"post","link":"https:\/\/www.visit-ulcinj.com\/blog\/2013\/01\/24\/ne-bregun-e-lumit-buna-kapen-rreth-15-ton-lende-narkotike-canabis-sativa-foto\/","title":{"rendered":"N\u00eb bregun e lumit Buna kapen rreth 1,5 ton l\u00ebnd\u00eb narkotike canabis sativa + Foto"},"content":{"rendered":"<p><a href=\"http:\/\/www.visit-ulcinj.com\/blog\/wp-content\/uploads\/2013\/01\/kapen-rreth-15-ton-lende-narkotike-ne-bregun-e-lumit-BUNA.jpg\"><img loading=\"lazy\" class=\"alignleft  wp-image-67994\" alt=\"kapen rreth 1,5 ton lende narkotike ne bregun e lumit BUNA\" src=\"http:\/\/www.visit-ulcinj.com\/blog\/wp-content\/uploads\/2013\/01\/kapen-rreth-15-ton-lende-narkotike-ne-bregun-e-lumit-BUNA.jpg\" width=\"508\" height=\"327\" \/><\/a>M\u00ebngjesi i sot\u00ebm ka nisur m\u00eb nj\u00eb aksion n\u00eb\u00a0transportimin e l\u00ebnd\u00ebve narkotike nga Shqip\u00ebria drejt vendeve fqinje, nd\u00ebrsa \u00ebsht\u00eb b\u00ebr\u00eb arrestimi i pes\u00eb shqiptar\u00ebve nga policia greke.\u00a0Droga kishte destinacion Greqin\u00eb dhe Malin e Zi.<br \/>\nRreth 1.5 ton\u00eb l\u00ebnd\u00eb narkotike \u00ebsht\u00eb kapur m\u00ebngjesin e s\u00eb enjtes n\u00eb gryk\u00ebderdhjen e Bun\u00ebs n\u00eb af\u00ebrsi t\u00eb fshatit Pulaj n\u00eb Velipoj\u00eb t\u00eb Shkodr\u00ebs. Droga e paketuar \u00ebsht\u00eb gjendur n\u00eb breg pran\u00eb pyllit, nd\u00ebrsa aty pran\u00eb \u00ebsht\u00eb gjetur dhe nj\u00eb gomone 15 m e gjat\u00eb me dy motor\u00eb t\u00eb fuqish\u00ebm.<br \/>\n<a href=\"http:\/\/www.visit-ulcinj.com\/blog\/wp-content\/uploads\/2013\/01\/kapen-rreth-15-ton-lende-narkotike-ne-bregun-e-lumit-BUNA_GOMONA.jpg\"><img loading=\"lazy\" class=\"alignleft  wp-image-67995\" alt=\"kapen rreth 1,5 ton lende narkotike ne bregun e lumit BUNA_GOMONA\" src=\"http:\/\/www.visit-ulcinj.com\/blog\/wp-content\/uploads\/2013\/01\/kapen-rreth-15-ton-lende-narkotike-ne-bregun-e-lumit-BUNA_GOMONA.jpg\" width=\"508\" height=\"300\" \/><\/a><\/p>\n<p>Droga mendohet se \u00ebsht\u00eb sjell\u00eb aty me nj\u00eb kamion tip Ifa pasi gjurm\u00eb t\u00eb gomave t\u00eb k\u00ebtij mjeti jan\u00eb gjetur pran\u00eb vendit ku u gjet droga. Vet\u00ebm pak metra m\u00eb tej, n\u00eb uj\u00eb \u00ebsht\u00eb gjetur dhe gomonia me motor\u00eb. Sipas policis\u00eb, sasia e madhe e drog\u00ebs \u00ebsht\u00eb sjell\u00eb me makin\u00eb dhe aty e kan\u00eb shkarkuar nd\u00ebrsa do vendosej n\u00eb gomone me destinacion t\u00eb mundsh\u00ebm Italin\u00eb. Fillimisht u mendua se detinacioni i saj ka qen\u00eb Mali i Zi, por nisur nga vendi ku \u00ebsht\u00eb gjetur dhe gjurm\u00ebt e konstatuara,mendohet se me gomone l\u00ebnda narkotike do shkonte drejt Italis\u00eb. Policia e cila ka patur informacion se n\u00eb nj\u00eb prej k\u00ebtyre dit\u00ebve nj\u00eb sasi e madhe droge do dilte n\u00eb k\u00ebt\u00eb drejtim ka intensifikuar kontrollet.<br \/>\n<a href=\"http:\/\/www.visit-ulcinj.com\/blog\/wp-content\/uploads\/2013\/01\/kapen-rreth-15-ton-lende-narkotike-ne-bregun-e-lumit-BUNA_PATROLLA.jpg\"><img loading=\"lazy\" class=\"alignleft  wp-image-67996\" alt=\"kapen rreth 1,5 ton lende narkotike ne bregun e lumit BUNA_PATROLLA\" src=\"http:\/\/www.visit-ulcinj.com\/blog\/wp-content\/uploads\/2013\/01\/kapen-rreth-15-ton-lende-narkotike-ne-bregun-e-lumit-BUNA_PATROLLA.jpg\" width=\"508\" height=\"300\" \/><\/a><\/p>\n<p>Sipas policis\u00eb gomonia drejtohej nga dy persona me doreza n\u00eb duar t\u00eb cil\u00ebt jan\u00eb larguar duke e l\u00ebn\u00eb mjetin n\u00eb breg pa mundur t\u00eb identifikohen apo ndalohen nga policia. Po k\u00ebshtu kan\u00eb mundur t\u00eb largohen dhe personat q\u00eb po b\u00ebnin transportimin e l\u00ebnd\u00ebs narkotike nga mjeti n\u00eb gomone .Sasia e l\u00ebnd\u00ebs narkotike t\u00eb sekuestruar \u00ebsht\u00eb rreth 1.5 ton por ajo akoma nuk \u00ebsht\u00eb peshuar p\u00ebr t\u00eb par\u00eb pesh\u00ebn e sakt\u00eb t\u00eb saj. Sipas policis\u00eb kjo sasi e madhe l\u00ebnde narkotike dhe m\u00ebnyra se si trafikant\u00ebt kan\u00eb vepruar, tregon se b\u00ebhet fjal\u00eb p\u00ebr nj\u00eb rrjet trafikant\u00ebsh p\u00ebr zbulimin e t\u00eb cilit po punohet.<\/p>\n<p><strong>\/Shekulli Online\/P\u00ebrgatiti:\u00a0<\/strong><strong>\/Anila Dushi\/\u00a0<\/strong><strong>E.Sh\/<\/strong><\/p>\n<p>&nbsp;<\/p>\n","protected":false},"excerpt":{"rendered":"<p>M\u00ebngjesi i sot\u00ebm ka nisur m\u00eb nj\u00eb aksion n\u00eb\u00a0transportimin e l\u00ebnd\u00ebve narkotike nga Shqip\u00ebria drejt vendeve fqinje, nd\u00ebrsa \u00ebsht\u00eb b\u00ebr\u00eb arrestimi i pes\u00eb shqiptar\u00ebve nga policia greke.\u00a0Droga kishte destinacion Greqin\u00eb dhe Malin e Zi. Rreth 1.5 ton\u00eb l\u00ebnd\u00eb narkotike \u00ebsht\u00eb kapur m\u00ebngjesin e s\u00eb enjtes n\u00eb gryk\u00ebderdhjen e Bun\u00ebs n\u00eb af\u00ebrsi t\u00eb fshatit Pulaj n\u00eb [&hellip;]<\/p>\n","protected":false},"author":1,"featured_media":0,"comment_status":"open","ping_status":"closed","sticky":false,"template":"","format":"standard","meta":{"spay_email":"","jetpack_publicize_message":"","jetpack_is_tweetstorm":false,"jetpack_publicize_feature_enabled":true},"categories":[6950],"tags":[21720,21721,16717,21719,11648,15183],"jetpack_publicize_connections":[],"yoast_head":"<!-- This site is optimized with the Yoast SEO plugin v19.1 - https:\/\/yoast.com\/wordpress\/plugins\/seo\/ -->\n<title>N\u00eb bregun e lumit Buna kapen rreth 1,5 ton l\u00ebnd\u00eb narkotike canabis sativa + Foto - Lajme nga Ulqini<\/title>\n<meta name=\"description\" content=\"M\u00ebngjesi i sot\u00ebm ka nisur m\u00eb nj\u00eb aksion n\u00eb\u00a0transportimin e l\u00ebnd\u00ebve narkotike nga Shqip\u00ebria drejt vendeve fqinje, nd\u00ebrsa \u00ebsht\u00eb b\u00ebr\u00eb arrestimi i pes\u00eb\" \/>\n<meta name=\"robots\" content=\"index, follow, max-snippet:-1, max-image-preview:large, max-video-preview:-1\" \/>\n<link rel=\"canonical\" href=\"https:\/\/www.visit-ulcinj.com\/blog\/2013\/01\/24\/ne-bregun-e-lumit-buna-kapen-rreth-15-ton-lende-narkotike-canabis-sativa-foto\/\" \/>\n<meta property=\"og:locale\" content=\"en_US\" \/>\n<meta property=\"og:type\" content=\"article\" \/>\n<meta property=\"og:title\" content=\"N\u00eb bregun e lumit Buna kapen rreth 1,5 ton l\u00ebnd\u00eb narkotike canabis sativa + Foto - Lajme nga Ulqini\" \/>\n<meta property=\"og:description\" content=\"M\u00ebngjesi i sot\u00ebm ka nisur m\u00eb nj\u00eb aksion n\u00eb\u00a0transportimin e l\u00ebnd\u00ebve narkotike nga Shqip\u00ebria drejt vendeve fqinje, nd\u00ebrsa \u00ebsht\u00eb b\u00ebr\u00eb arrestimi i pes\u00eb\" \/>\n<meta property=\"og:url\" content=\"https:\/\/www.visit-ulcinj.com\/blog\/2013\/01\/24\/ne-bregun-e-lumit-buna-kapen-rreth-15-ton-lende-narkotike-canabis-sativa-foto\/\" \/>\n<meta property=\"og:site_name\" content=\"Lajme nga Ulqini\" \/>\n<meta property=\"article:published_time\" content=\"2013-01-24T17:36:21+00:00\" \/>\n<meta property=\"article:modified_time\" content=\"2013-01-25T20:57:36+00:00\" \/>\n<meta property=\"og:image\" content=\"http:\/\/www.visit-ulcinj.com\/blog\/wp-content\/uploads\/2013\/01\/kapen-rreth-15-ton-lende-narkotike-ne-bregun-e-lumit-BUNA.jpg\" \/>\n<meta name=\"twitter:label1\" content=\"Written by\" \/>\n\t<meta name=\"twitter:data1\" content=\"ulqini\" \/>\n\t<meta name=\"twitter:label2\" content=\"Est. reading time\" \/>\n\t<meta name=\"twitter:data2\" content=\"2 minutes\" \/>\n<script type=\"application\/ld+json\" class=\"yoast-schema-graph\">{\"@context\":\"https:\/\/schema.org\",\"@graph\":[{\"@type\":\"WebSite\",\"@id\":\"https:\/\/www.visit-ulcinj.com\/blog\/#website\",\"url\":\"https:\/\/www.visit-ulcinj.com\/blog\/\",\"name\":\"Lajme nga Ulqini\",\"description\":\"Lajme,Vijesti,Ulqini,Ulqin,Crna Gora,Mali i Zi\",\"potentialAction\":[{\"@type\":\"SearchAction\",\"target\":{\"@type\":\"EntryPoint\",\"urlTemplate\":\"https:\/\/www.visit-ulcinj.com\/blog\/?s={search_term_string}\"},\"query-input\":\"required name=search_term_string\"}],\"inLanguage\":\"en-US\"},{\"@type\":\"ImageObject\",\"inLanguage\":\"en-US\",\"@id\":\"https:\/\/www.visit-ulcinj.com\/blog\/2013\/01\/24\/ne-bregun-e-lumit-buna-kapen-rreth-15-ton-lende-narkotike-canabis-sativa-foto\/#primaryimage\",\"url\":\"https:\/\/www.visit-ulcinj.com\/blog\/wp-content\/uploads\/2013\/01\/kapen-rreth-15-ton-lende-narkotike-ne-bregun-e-lumit-BUNA.jpg\",\"contentUrl\":\"https:\/\/www.visit-ulcinj.com\/blog\/wp-content\/uploads\/2013\/01\/kapen-rreth-15-ton-lende-narkotike-ne-bregun-e-lumit-BUNA.jpg\",\"width\":580,\"height\":327},{\"@type\":\"WebPage\",\"@id\":\"https:\/\/www.visit-ulcinj.com\/blog\/2013\/01\/24\/ne-bregun-e-lumit-buna-kapen-rreth-15-ton-lende-narkotike-canabis-sativa-foto\/#webpage\",\"url\":\"https:\/\/www.visit-ulcinj.com\/blog\/2013\/01\/24\/ne-bregun-e-lumit-buna-kapen-rreth-15-ton-lende-narkotike-canabis-sativa-foto\/\",\"name\":\"N\u00eb bregun e lumit Buna kapen rreth 1,5 ton l\u00ebnd\u00eb narkotike canabis sativa + Foto - Lajme nga Ulqini\",\"isPartOf\":{\"@id\":\"https:\/\/www.visit-ulcinj.com\/blog\/#website\"},\"primaryImageOfPage\":{\"@id\":\"https:\/\/www.visit-ulcinj.com\/blog\/2013\/01\/24\/ne-bregun-e-lumit-buna-kapen-rreth-15-ton-lende-narkotike-canabis-sativa-foto\/#primaryimage\"},\"datePublished\":\"2013-01-24T17:36:21+00:00\",\"dateModified\":\"2013-01-25T20:57:36+00:00\",\"author\":{\"@id\":\"https:\/\/www.visit-ulcinj.com\/blog\/#\/schema\/person\/dcab619c614d3038751c63bc2aadc06d\"},\"description\":\"M\u00ebngjesi i sot\u00ebm ka nisur m\u00eb nj\u00eb aksion n\u00eb\u00a0transportimin e l\u00ebnd\u00ebve narkotike nga Shqip\u00ebria drejt vendeve fqinje, nd\u00ebrsa \u00ebsht\u00eb b\u00ebr\u00eb arrestimi i pes\u00eb\",\"breadcrumb\":{\"@id\":\"https:\/\/www.visit-ulcinj.com\/blog\/2013\/01\/24\/ne-bregun-e-lumit-buna-kapen-rreth-15-ton-lende-narkotike-canabis-sativa-foto\/#breadcrumb\"},\"inLanguage\":\"en-US\",\"potentialAction\":[{\"@type\":\"ReadAction\",\"target\":[\"https:\/\/www.visit-ulcinj.com\/blog\/2013\/01\/24\/ne-bregun-e-lumit-buna-kapen-rreth-15-ton-lende-narkotike-canabis-sativa-foto\/\"]}]},{\"@type\":\"BreadcrumbList\",\"@id\":\"https:\/\/www.visit-ulcinj.com\/blog\/2013\/01\/24\/ne-bregun-e-lumit-buna-kapen-rreth-15-ton-lende-narkotike-canabis-sativa-foto\/#breadcrumb\",\"itemListElement\":[{\"@type\":\"ListItem\",\"position\":1,\"name\":\"N\u00eb bregun e lumit Buna kapen rreth 1,5 ton l\u00ebnd\u00eb narkotike canabis sativa + Foto\"}]},{\"@type\":\"Person\",\"@id\":\"https:\/\/www.visit-ulcinj.com\/blog\/#\/schema\/person\/dcab619c614d3038751c63bc2aadc06d\",\"name\":\"ulqini\",\"sameAs\":[\"http:\/\/www.visit-ulcinj.com\"],\"url\":\"https:\/\/www.visit-ulcinj.com\/blog\/author\/admin\/\"}]}<\/script>\n<!-- \/ Yoast SEO plugin. -->","yoast_head_json":{"title":"N\u00eb bregun e lumit Buna kapen rreth 1,5 ton l\u00ebnd\u00eb narkotike canabis sativa + Foto - Lajme nga Ulqini","description":"M\u00ebngjesi i sot\u00ebm ka nisur m\u00eb nj\u00eb aksion n\u00eb\u00a0transportimin e l\u00ebnd\u00ebve narkotike nga Shqip\u00ebria drejt vendeve fqinje, nd\u00ebrsa \u00ebsht\u00eb b\u00ebr\u00eb arrestimi i pes\u00eb","robots":{"index":"index","follow":"follow","max-snippet":"max-snippet:-1","max-image-preview":"max-image-preview:large","max-video-preview":"max-video-preview:-1"},"canonical":"https:\/\/www.visit-ulcinj.com\/blog\/2013\/01\/24\/ne-bregun-e-lumit-buna-kapen-rreth-15-ton-lende-narkotike-canabis-sativa-foto\/","og_locale":"en_US","og_type":"article","og_title":"N\u00eb bregun e lumit Buna kapen rreth 1,5 ton l\u00ebnd\u00eb narkotike canabis sativa + Foto - Lajme nga Ulqini","og_description":"M\u00ebngjesi i sot\u00ebm ka nisur m\u00eb nj\u00eb aksion n\u00eb\u00a0transportimin e l\u00ebnd\u00ebve narkotike nga Shqip\u00ebria drejt vendeve fqinje, nd\u00ebrsa \u00ebsht\u00eb b\u00ebr\u00eb arrestimi i pes\u00eb","og_url":"https:\/\/www.visit-ulcinj.com\/blog\/2013\/01\/24\/ne-bregun-e-lumit-buna-kapen-rreth-15-ton-lende-narkotike-canabis-sativa-foto\/","og_site_name":"Lajme nga Ulqini","article_published_time":"2013-01-24T17:36:21+00:00","article_modified_time":"2013-01-25T20:57:36+00:00","og_image":[{"url":"http:\/\/www.visit-ulcinj.com\/blog\/wp-content\/uploads\/2013\/01\/kapen-rreth-15-ton-lende-narkotike-ne-bregun-e-lumit-BUNA.jpg"}],"twitter_misc":{"Written by":"ulqini","Est. reading time":"2 minutes"},"schema":{"@context":"https:\/\/schema.org","@graph":[{"@type":"WebSite","@id":"https:\/\/www.visit-ulcinj.com\/blog\/#website","url":"https:\/\/www.visit-ulcinj.com\/blog\/","name":"Lajme nga Ulqini","description":"Lajme,Vijesti,Ulqini,Ulqin,Crna Gora,Mali i Zi","potentialAction":[{"@type":"SearchAction","target":{"@type":"EntryPoint","urlTemplate":"https:\/\/www.visit-ulcinj.com\/blog\/?s={search_term_string}"},"query-input":"required name=search_term_string"}],"inLanguage":"en-US"},{"@type":"ImageObject","inLanguage":"en-US","@id":"https:\/\/www.visit-ulcinj.com\/blog\/2013\/01\/24\/ne-bregun-e-lumit-buna-kapen-rreth-15-ton-lende-narkotike-canabis-sativa-foto\/#primaryimage","url":"https:\/\/www.visit-ulcinj.com\/blog\/wp-content\/uploads\/2013\/01\/kapen-rreth-15-ton-lende-narkotike-ne-bregun-e-lumit-BUNA.jpg","contentUrl":"https:\/\/www.visit-ulcinj.com\/blog\/wp-content\/uploads\/2013\/01\/kapen-rreth-15-ton-lende-narkotike-ne-bregun-e-lumit-BUNA.jpg","width":580,"height":327},{"@type":"WebPage","@id":"https:\/\/www.visit-ulcinj.com\/blog\/2013\/01\/24\/ne-bregun-e-lumit-buna-kapen-rreth-15-ton-lende-narkotike-canabis-sativa-foto\/#webpage","url":"https:\/\/www.visit-ulcinj.com\/blog\/2013\/01\/24\/ne-bregun-e-lumit-buna-kapen-rreth-15-ton-lende-narkotike-canabis-sativa-foto\/","name":"N\u00eb bregun e lumit Buna kapen rreth 1,5 ton l\u00ebnd\u00eb narkotike canabis sativa + Foto - Lajme nga Ulqini","isPartOf":{"@id":"https:\/\/www.visit-ulcinj.com\/blog\/#website"},"primaryImageOfPage":{"@id":"https:\/\/www.visit-ulcinj.com\/blog\/2013\/01\/24\/ne-bregun-e-lumit-buna-kapen-rreth-15-ton-lende-narkotike-canabis-sativa-foto\/#primaryimage"},"datePublished":"2013-01-24T17:36:21+00:00","dateModified":"2013-01-25T20:57:36+00:00","author":{"@id":"https:\/\/www.visit-ulcinj.com\/blog\/#\/schema\/person\/dcab619c614d3038751c63bc2aadc06d"},"description":"M\u00ebngjesi i sot\u00ebm ka nisur m\u00eb nj\u00eb aksion n\u00eb\u00a0transportimin e l\u00ebnd\u00ebve narkotike nga Shqip\u00ebria drejt vendeve fqinje, nd\u00ebrsa \u00ebsht\u00eb b\u00ebr\u00eb arrestimi i pes\u00eb","breadcrumb":{"@id":"https:\/\/www.visit-ulcinj.com\/blog\/2013\/01\/24\/ne-bregun-e-lumit-buna-kapen-rreth-15-ton-lende-narkotike-canabis-sativa-foto\/#breadcrumb"},"inLanguage":"en-US","potentialAction":[{"@type":"ReadAction","target":["https:\/\/www.visit-ulcinj.com\/blog\/2013\/01\/24\/ne-bregun-e-lumit-buna-kapen-rreth-15-ton-lende-narkotike-canabis-sativa-foto\/"]}]},{"@type":"BreadcrumbList","@id":"https:\/\/www.visit-ulcinj.com\/blog\/2013\/01\/24\/ne-bregun-e-lumit-buna-kapen-rreth-15-ton-lende-narkotike-canabis-sativa-foto\/#breadcrumb","itemListElement":[{"@type":"ListItem","position":1,"name":"N\u00eb bregun e lumit Buna kapen rreth 1,5 ton l\u00ebnd\u00eb narkotike canabis sativa + Foto"}]},{"@type":"Person","@id":"https:\/\/www.visit-ulcinj.com\/blog\/#\/schema\/person\/dcab619c614d3038751c63bc2aadc06d","name":"ulqini","sameAs":["http:\/\/www.visit-ulcinj.com"],"url":"https:\/\/www.visit-ulcinj.com\/blog\/author\/admin\/"}]}},"jetpack_featured_media_url":"","jetpack_sharing_enabled":true,"jetpack_shortlink":"https:\/\/wp.me\/pe6lTn-hGF","_links":{"self":[{"href":"https:\/\/www.visit-ulcinj.com\/blog\/wp-json\/wp\/v2\/posts\/67993"}],"collection":[{"href":"https:\/\/www.visit-ulcinj.com\/blog\/wp-json\/wp\/v2\/posts"}],"about":[{"href":"https:\/\/www.visit-ulcinj.com\/blog\/wp-json\/wp\/v2\/types\/post"}],"author":[{"embeddable":true,"href":"https:\/\/www.visit-ulcinj.com\/blog\/wp-json\/wp\/v2\/users\/1"}],"replies":[{"embeddable":true,"href":"https:\/\/www.visit-ulcinj.com\/blog\/wp-json\/wp\/v2\/comments?post=67993"}],"version-history":[{"count":2,"href":"https:\/\/www.visit-ulcinj.com\/blog\/wp-json\/wp\/v2\/posts\/67993\/revisions"}],"predecessor-version":[{"id":68080,"href":"https:\/\/www.visit-ulcinj.com\/blog\/wp-json\/wp\/v2\/posts\/67993\/revisions\/68080"}],"wp:attachment":[{"href":"https:\/\/www.visit-ulcinj.com\/blog\/wp-json\/wp\/v2\/media?parent=67993"}],"wp:term":[{"taxonomy":"category","embeddable":true,"href":"https:\/\/www.visit-ulcinj.com\/blog\/wp-json\/wp\/v2\/categories?post=67993"},{"taxonomy":"post_tag","embeddable":true,"href":"https:\/\/www.visit-ulcinj.com\/blog\/wp-json\/wp\/v2\/tags?post=67993"}],"curies":[{"name":"wp","href":"https:\/\/api.w.org\/{rel}","templated":true}]}}