{"id":67998,"date":"2013-01-24T19:07:40","date_gmt":"2013-01-24T18:07:40","guid":{"rendered":"http:\/\/www.visit-ulcinj.com\/blog\/?p=67998"},"modified":"2013-01-24T19:14:17","modified_gmt":"2013-01-24T18:14:17","slug":"reshjet-rrisin-nivelin-e-bunes","status":"publish","type":"post","link":"https:\/\/www.visit-ulcinj.com\/blog\/2013\/01\/24\/reshjet-rrisin-nivelin-e-bunes\/","title":{"rendered":"Reshjet rrisin nivelin e Bun\u00ebs"},"content":{"rendered":"<p><a href=\"http:\/\/www.visit-ulcinj.com\/blog\/wp-content\/uploads\/2013\/01\/4-km-argjinatur-e-ndertuar-nga-Qeveria-shqiptare-ne-Lumin-Buna.jpg\"><img loading=\"lazy\" class=\"alignleft  wp-image-67999\" alt=\"4 km argjinatur e ndertuar nga Qeveria shqiptare ne Lumin Buna\" src=\"http:\/\/www.visit-ulcinj.com\/blog\/wp-content\/uploads\/2013\/01\/4-km-argjinatur-e-ndertuar-nga-Qeveria-shqiptare-ne-Lumin-Buna.jpg\" width=\"508\" height=\"360\" \/><\/a>Reshjet e shiut kan\u00eb rritur ndjesh\u00ebm uj\u00ebrat n\u00eb lumin Buna.<br \/>\nZona e Daj\u00e7it, e cila dy vite m\u00eb par\u00eb u godit m\u00eb s\u00eb shumti nga p\u00ebrmbytjet duket se \u00ebsht\u00eb jasht\u00eb rrezikut p\u00ebr p\u00ebrs\u00ebritjen e nj\u00eb situate t\u00eb till\u00eb.<br \/>\nInvestimet e b\u00ebra n\u00eb argjinatura n\u00eb zon\u00ebn e Daj\u00e7it japin siguri p\u00ebr zon\u00ebn, por Buna n\u00eb disa segmente ka g\u00ebrryer dhe po i afrohet argjinatur\u00ebs, raporton abc news.<br \/>\nP\u00ebr k\u00ebt\u00eb q\u00ebllim jan\u00eb hapur kanale t\u00eb dyta dhe t\u00eb treta t\u00eb zon\u00ebs, p\u00ebr t\u2019i larguar rrezikun tokave bujq\u00ebsore.<\/p>\n<p>Niveli i uj\u00ebrave n\u00eb Lumin Buna \u00ebsht\u00eb n\u00eb kuot\u00ebn normale t\u00eb tij. Kjo edhe p\u00ebr shkak t\u00eb that\u00ebsir\u00ebs q\u00eb mbizot\u00ebroi vitin e shkuar.<br \/>\nJan\u00eb gjithsej 14 km argjinatur\u00eb e nd\u00ebrtuar nga Qeveria shqiptare, e cila sh\u00ebrben p\u00ebr mbrojtjen e zon\u00ebs nga p\u00ebrmbytjet dhe v\u00ebrshimet e lumit Buna.<\/p>\n<p><strong>Koha net<\/strong><\/p>\n","protected":false},"excerpt":{"rendered":"<p>Reshjet e shiut kan\u00eb rritur ndjesh\u00ebm uj\u00ebrat n\u00eb lumin Buna. Zona e Daj\u00e7it, e cila dy vite m\u00eb par\u00eb u godit m\u00eb s\u00eb shumti nga p\u00ebrmbytjet duket se \u00ebsht\u00eb jasht\u00eb rrezikut p\u00ebr p\u00ebrs\u00ebritjen e nj\u00eb situate t\u00eb till\u00eb. Investimet e b\u00ebra n\u00eb argjinatura n\u00eb zon\u00ebn e Daj\u00e7it japin siguri p\u00ebr zon\u00ebn, por Buna n\u00eb disa [&hellip;]<\/p>\n","protected":false},"author":1,"featured_media":0,"comment_status":"open","ping_status":"closed","sticky":false,"template":"","format":"standard","meta":{"spay_email":"","jetpack_publicize_message":"","jetpack_is_tweetstorm":false,"jetpack_publicize_feature_enabled":true},"categories":[12],"tags":[11648,16430],"jetpack_publicize_connections":[],"yoast_head":"<!-- This site is optimized with the Yoast SEO plugin v19.1 - https:\/\/yoast.com\/wordpress\/plugins\/seo\/ -->\n<title>Reshjet rrisin nivelin e Bun\u00ebs - Lajme nga Ulqini<\/title>\n<meta name=\"description\" content=\"Reshjet e shiut kan\u00eb rritur ndjesh\u00ebm uj\u00ebrat n\u00eb lumin Buna. Zona e Daj\u00e7it, e cila dy vite m\u00eb par\u00eb u godit m\u00eb s\u00eb shumti nga p\u00ebrmbytjet duket se \u00ebsht\u00eb jasht\u00eb\" \/>\n<meta name=\"robots\" content=\"index, follow, max-snippet:-1, max-image-preview:large, max-video-preview:-1\" \/>\n<link rel=\"canonical\" href=\"https:\/\/www.visit-ulcinj.com\/blog\/2013\/01\/24\/reshjet-rrisin-nivelin-e-bunes\/\" \/>\n<meta property=\"og:locale\" content=\"en_US\" \/>\n<meta property=\"og:type\" content=\"article\" \/>\n<meta property=\"og:title\" content=\"Reshjet rrisin nivelin e Bun\u00ebs - Lajme nga Ulqini\" \/>\n<meta property=\"og:description\" content=\"Reshjet e shiut kan\u00eb rritur ndjesh\u00ebm uj\u00ebrat n\u00eb lumin Buna. Zona e Daj\u00e7it, e cila dy vite m\u00eb par\u00eb u godit m\u00eb s\u00eb shumti nga p\u00ebrmbytjet duket se \u00ebsht\u00eb jasht\u00eb\" \/>\n<meta property=\"og:url\" content=\"https:\/\/www.visit-ulcinj.com\/blog\/2013\/01\/24\/reshjet-rrisin-nivelin-e-bunes\/\" \/>\n<meta property=\"og:site_name\" content=\"Lajme nga Ulqini\" \/>\n<meta property=\"article:published_time\" content=\"2013-01-24T18:07:40+00:00\" \/>\n<meta property=\"article:modified_time\" content=\"2013-01-24T18:14:17+00:00\" \/>\n<meta property=\"og:image\" content=\"http:\/\/www.visit-ulcinj.com\/blog\/wp-content\/uploads\/2013\/01\/4-km-argjinatur-e-ndertuar-nga-Qeveria-shqiptare-ne-Lumin-Buna.jpg\" \/>\n<meta name=\"twitter:label1\" content=\"Written by\" \/>\n\t<meta name=\"twitter:data1\" content=\"ulqini\" \/>\n\t<meta name=\"twitter:label2\" content=\"Est. reading time\" \/>\n\t<meta name=\"twitter:data2\" content=\"1 minute\" \/>\n<script type=\"application\/ld+json\" class=\"yoast-schema-graph\">{\"@context\":\"https:\/\/schema.org\",\"@graph\":[{\"@type\":\"WebSite\",\"@id\":\"https:\/\/www.visit-ulcinj.com\/blog\/#website\",\"url\":\"https:\/\/www.visit-ulcinj.com\/blog\/\",\"name\":\"Lajme nga Ulqini\",\"description\":\"Lajme,Vijesti,Ulqini,Ulqin,Crna Gora,Mali i Zi\",\"potentialAction\":[{\"@type\":\"SearchAction\",\"target\":{\"@type\":\"EntryPoint\",\"urlTemplate\":\"https:\/\/www.visit-ulcinj.com\/blog\/?s={search_term_string}\"},\"query-input\":\"required name=search_term_string\"}],\"inLanguage\":\"en-US\"},{\"@type\":\"ImageObject\",\"inLanguage\":\"en-US\",\"@id\":\"https:\/\/www.visit-ulcinj.com\/blog\/2013\/01\/24\/reshjet-rrisin-nivelin-e-bunes\/#primaryimage\",\"url\":\"https:\/\/www.visit-ulcinj.com\/blog\/wp-content\/uploads\/2013\/01\/4-km-argjinatur-e-ndertuar-nga-Qeveria-shqiptare-ne-Lumin-Buna.jpg\",\"contentUrl\":\"https:\/\/www.visit-ulcinj.com\/blog\/wp-content\/uploads\/2013\/01\/4-km-argjinatur-e-ndertuar-nga-Qeveria-shqiptare-ne-Lumin-Buna.jpg\",\"width\":1111,\"height\":833},{\"@type\":\"WebPage\",\"@id\":\"https:\/\/www.visit-ulcinj.com\/blog\/2013\/01\/24\/reshjet-rrisin-nivelin-e-bunes\/#webpage\",\"url\":\"https:\/\/www.visit-ulcinj.com\/blog\/2013\/01\/24\/reshjet-rrisin-nivelin-e-bunes\/\",\"name\":\"Reshjet rrisin nivelin e Bun\u00ebs - Lajme nga Ulqini\",\"isPartOf\":{\"@id\":\"https:\/\/www.visit-ulcinj.com\/blog\/#website\"},\"primaryImageOfPage\":{\"@id\":\"https:\/\/www.visit-ulcinj.com\/blog\/2013\/01\/24\/reshjet-rrisin-nivelin-e-bunes\/#primaryimage\"},\"datePublished\":\"2013-01-24T18:07:40+00:00\",\"dateModified\":\"2013-01-24T18:14:17+00:00\",\"author\":{\"@id\":\"https:\/\/www.visit-ulcinj.com\/blog\/#\/schema\/person\/dcab619c614d3038751c63bc2aadc06d\"},\"description\":\"Reshjet e shiut kan\u00eb rritur ndjesh\u00ebm uj\u00ebrat n\u00eb lumin Buna. Zona e Daj\u00e7it, e cila dy vite m\u00eb par\u00eb u godit m\u00eb s\u00eb shumti nga p\u00ebrmbytjet duket se \u00ebsht\u00eb jasht\u00eb\",\"breadcrumb\":{\"@id\":\"https:\/\/www.visit-ulcinj.com\/blog\/2013\/01\/24\/reshjet-rrisin-nivelin-e-bunes\/#breadcrumb\"},\"inLanguage\":\"en-US\",\"potentialAction\":[{\"@type\":\"ReadAction\",\"target\":[\"https:\/\/www.visit-ulcinj.com\/blog\/2013\/01\/24\/reshjet-rrisin-nivelin-e-bunes\/\"]}]},{\"@type\":\"BreadcrumbList\",\"@id\":\"https:\/\/www.visit-ulcinj.com\/blog\/2013\/01\/24\/reshjet-rrisin-nivelin-e-bunes\/#breadcrumb\",\"itemListElement\":[{\"@type\":\"ListItem\",\"position\":1,\"name\":\"Reshjet rrisin nivelin e Bun\u00ebs\"}]},{\"@type\":\"Person\",\"@id\":\"https:\/\/www.visit-ulcinj.com\/blog\/#\/schema\/person\/dcab619c614d3038751c63bc2aadc06d\",\"name\":\"ulqini\",\"sameAs\":[\"http:\/\/www.visit-ulcinj.com\"],\"url\":\"https:\/\/www.visit-ulcinj.com\/blog\/author\/admin\/\"}]}<\/script>\n<!-- \/ Yoast SEO plugin. -->","yoast_head_json":{"title":"Reshjet rrisin nivelin e Bun\u00ebs - Lajme nga Ulqini","description":"Reshjet e shiut kan\u00eb rritur ndjesh\u00ebm uj\u00ebrat n\u00eb lumin Buna. Zona e Daj\u00e7it, e cila dy vite m\u00eb par\u00eb u godit m\u00eb s\u00eb shumti nga p\u00ebrmbytjet duket se \u00ebsht\u00eb jasht\u00eb","robots":{"index":"index","follow":"follow","max-snippet":"max-snippet:-1","max-image-preview":"max-image-preview:large","max-video-preview":"max-video-preview:-1"},"canonical":"https:\/\/www.visit-ulcinj.com\/blog\/2013\/01\/24\/reshjet-rrisin-nivelin-e-bunes\/","og_locale":"en_US","og_type":"article","og_title":"Reshjet rrisin nivelin e Bun\u00ebs - Lajme nga Ulqini","og_description":"Reshjet e shiut kan\u00eb rritur ndjesh\u00ebm uj\u00ebrat n\u00eb lumin Buna. Zona e Daj\u00e7it, e cila dy vite m\u00eb par\u00eb u godit m\u00eb s\u00eb shumti nga p\u00ebrmbytjet duket se \u00ebsht\u00eb jasht\u00eb","og_url":"https:\/\/www.visit-ulcinj.com\/blog\/2013\/01\/24\/reshjet-rrisin-nivelin-e-bunes\/","og_site_name":"Lajme nga Ulqini","article_published_time":"2013-01-24T18:07:40+00:00","article_modified_time":"2013-01-24T18:14:17+00:00","og_image":[{"url":"http:\/\/www.visit-ulcinj.com\/blog\/wp-content\/uploads\/2013\/01\/4-km-argjinatur-e-ndertuar-nga-Qeveria-shqiptare-ne-Lumin-Buna.jpg"}],"twitter_misc":{"Written by":"ulqini","Est. reading time":"1 minute"},"schema":{"@context":"https:\/\/schema.org","@graph":[{"@type":"WebSite","@id":"https:\/\/www.visit-ulcinj.com\/blog\/#website","url":"https:\/\/www.visit-ulcinj.com\/blog\/","name":"Lajme nga Ulqini","description":"Lajme,Vijesti,Ulqini,Ulqin,Crna Gora,Mali i Zi","potentialAction":[{"@type":"SearchAction","target":{"@type":"EntryPoint","urlTemplate":"https:\/\/www.visit-ulcinj.com\/blog\/?s={search_term_string}"},"query-input":"required name=search_term_string"}],"inLanguage":"en-US"},{"@type":"ImageObject","inLanguage":"en-US","@id":"https:\/\/www.visit-ulcinj.com\/blog\/2013\/01\/24\/reshjet-rrisin-nivelin-e-bunes\/#primaryimage","url":"https:\/\/www.visit-ulcinj.com\/blog\/wp-content\/uploads\/2013\/01\/4-km-argjinatur-e-ndertuar-nga-Qeveria-shqiptare-ne-Lumin-Buna.jpg","contentUrl":"https:\/\/www.visit-ulcinj.com\/blog\/wp-content\/uploads\/2013\/01\/4-km-argjinatur-e-ndertuar-nga-Qeveria-shqiptare-ne-Lumin-Buna.jpg","width":1111,"height":833},{"@type":"WebPage","@id":"https:\/\/www.visit-ulcinj.com\/blog\/2013\/01\/24\/reshjet-rrisin-nivelin-e-bunes\/#webpage","url":"https:\/\/www.visit-ulcinj.com\/blog\/2013\/01\/24\/reshjet-rrisin-nivelin-e-bunes\/","name":"Reshjet rrisin nivelin e Bun\u00ebs - Lajme nga Ulqini","isPartOf":{"@id":"https:\/\/www.visit-ulcinj.com\/blog\/#website"},"primaryImageOfPage":{"@id":"https:\/\/www.visit-ulcinj.com\/blog\/2013\/01\/24\/reshjet-rrisin-nivelin-e-bunes\/#primaryimage"},"datePublished":"2013-01-24T18:07:40+00:00","dateModified":"2013-01-24T18:14:17+00:00","author":{"@id":"https:\/\/www.visit-ulcinj.com\/blog\/#\/schema\/person\/dcab619c614d3038751c63bc2aadc06d"},"description":"Reshjet e shiut kan\u00eb rritur ndjesh\u00ebm uj\u00ebrat n\u00eb lumin Buna. Zona e Daj\u00e7it, e cila dy vite m\u00eb par\u00eb u godit m\u00eb s\u00eb shumti nga p\u00ebrmbytjet duket se \u00ebsht\u00eb jasht\u00eb","breadcrumb":{"@id":"https:\/\/www.visit-ulcinj.com\/blog\/2013\/01\/24\/reshjet-rrisin-nivelin-e-bunes\/#breadcrumb"},"inLanguage":"en-US","potentialAction":[{"@type":"ReadAction","target":["https:\/\/www.visit-ulcinj.com\/blog\/2013\/01\/24\/reshjet-rrisin-nivelin-e-bunes\/"]}]},{"@type":"BreadcrumbList","@id":"https:\/\/www.visit-ulcinj.com\/blog\/2013\/01\/24\/reshjet-rrisin-nivelin-e-bunes\/#breadcrumb","itemListElement":[{"@type":"ListItem","position":1,"name":"Reshjet rrisin nivelin e Bun\u00ebs"}]},{"@type":"Person","@id":"https:\/\/www.visit-ulcinj.com\/blog\/#\/schema\/person\/dcab619c614d3038751c63bc2aadc06d","name":"ulqini","sameAs":["http:\/\/www.visit-ulcinj.com"],"url":"https:\/\/www.visit-ulcinj.com\/blog\/author\/admin\/"}]}},"jetpack_featured_media_url":"","jetpack_sharing_enabled":true,"jetpack_shortlink":"https:\/\/wp.me\/pe6lTn-hGK","_links":{"self":[{"href":"https:\/\/www.visit-ulcinj.com\/blog\/wp-json\/wp\/v2\/posts\/67998"}],"collection":[{"href":"https:\/\/www.visit-ulcinj.com\/blog\/wp-json\/wp\/v2\/posts"}],"about":[{"href":"https:\/\/www.visit-ulcinj.com\/blog\/wp-json\/wp\/v2\/types\/post"}],"author":[{"embeddable":true,"href":"https:\/\/www.visit-ulcinj.com\/blog\/wp-json\/wp\/v2\/users\/1"}],"replies":[{"embeddable":true,"href":"https:\/\/www.visit-ulcinj.com\/blog\/wp-json\/wp\/v2\/comments?post=67998"}],"version-history":[{"count":3,"href":"https:\/\/www.visit-ulcinj.com\/blog\/wp-json\/wp\/v2\/posts\/67998\/revisions"}],"predecessor-version":[{"id":68001,"href":"https:\/\/www.visit-ulcinj.com\/blog\/wp-json\/wp\/v2\/posts\/67998\/revisions\/68001"}],"wp:attachment":[{"href":"https:\/\/www.visit-ulcinj.com\/blog\/wp-json\/wp\/v2\/media?parent=67998"}],"wp:term":[{"taxonomy":"category","embeddable":true,"href":"https:\/\/www.visit-ulcinj.com\/blog\/wp-json\/wp\/v2\/categories?post=67998"},{"taxonomy":"post_tag","embeddable":true,"href":"https:\/\/www.visit-ulcinj.com\/blog\/wp-json\/wp\/v2\/tags?post=67998"}],"curies":[{"name":"wp","href":"https:\/\/api.w.org\/{rel}","templated":true}]}}